{"id":45189,"date":"2020-02-25T19:25:28","date_gmt":"2020-02-26T01:25:28","guid":{"rendered":"http:\/\/www.grieta.org.mx\/?p=45189"},"modified":"2020-02-26T19:33:20","modified_gmt":"2020-02-27T01:33:20","slug":"colectivos-contra-tarifazo-exigen-eliminacion-de-denuncias-tras-hechos-del-13-de-febrero-estado-de-mexico","status":"publish","type":"post","link":"https:\/\/www.grieta.org.mx\/index.php\/2020\/02\/25\/colectivos-contra-tarifazo-exigen-eliminacion-de-denuncias-tras-hechos-del-13-de-febrero-estado-de-mexico\/","title":{"rendered":"Colectivos contra &#8220;tarifazo&#8221; exigen eliminaci\u00f3n de denuncias tras hechos del 13 de febrero (Estado de M\u00e9xico)"},"content":{"rendered":"<p><img loading=\"lazy\" decoding=\"async\" data-attachment-id=\"45191\" data-permalink=\"https:\/\/www.grieta.org.mx\/index.php\/2020\/02\/25\/colectivos-contra-tarifazo-exigen-eliminacion-de-denuncias-tras-hechos-del-13-de-febrero-estado-de-mexico\/colectivos-contra-tarifazo-exigen-eliminacion-de-denuncias-tras-hechos-del-13-de-febrero-edomex-feb\/\" data-orig-file=\"https:\/\/www.grieta.org.mx\/wp-content\/uploads\/2020\/02\/Colectivos-contra-tarifazo-exigen-eliminaci\u00f3n-de-denuncias-tras-hechos-del-13-de-febrero-edomex-feb.jpg\" data-orig-size=\"768,479\" data-comments-opened=\"0\" data-image-meta=\"{&quot;aperture&quot;:&quot;0&quot;,&quot;credit&quot;:&quot;&quot;,&quot;camera&quot;:&quot;&quot;,&quot;caption&quot;:&quot;&quot;,&quot;created_timestamp&quot;:&quot;0&quot;,&quot;copyright&quot;:&quot;&quot;,&quot;focal_length&quot;:&quot;0&quot;,&quot;iso&quot;:&quot;0&quot;,&quot;shutter_speed&quot;:&quot;0&quot;,&quot;title&quot;:&quot;&quot;,&quot;orientation&quot;:&quot;0&quot;}\" data-image-title=\"Colectivos contra tarifazo exigen eliminaci\u00f3n de denuncias tras hechos del 13 de febrero edomex feb\" data-image-description=\"\" data-image-caption=\"\" data-medium-file=\"https:\/\/www.grieta.org.mx\/wp-content\/uploads\/2020\/02\/Colectivos-contra-tarifazo-exigen-eliminaci\u00f3n-de-denuncias-tras-hechos-del-13-de-febrero-edomex-feb-300x187.jpg\" data-large-file=\"https:\/\/www.grieta.org.mx\/wp-content\/uploads\/2020\/02\/Colectivos-contra-tarifazo-exigen-eliminaci\u00f3n-de-denuncias-tras-hechos-del-13-de-febrero-edomex-feb.jpg\" class=\"aligncenter  wp-image-45191\" src=\"http:\/\/www.grieta.org.mx\/wp-content\/uploads\/2020\/02\/Colectivos-contra-tarifazo-exigen-eliminaci\u00f3n-de-denuncias-tras-hechos-del-13-de-febrero-edomex-feb.jpg\" alt=\"\" width=\"649\" height=\"405\" srcset=\"https:\/\/www.grieta.org.mx\/wp-content\/uploads\/2020\/02\/Colectivos-contra-tarifazo-exigen-eliminaci\u00f3n-de-denuncias-tras-hechos-del-13-de-febrero-edomex-feb.jpg 768w, https:\/\/www.grieta.org.mx\/wp-content\/uploads\/2020\/02\/Colectivos-contra-tarifazo-exigen-eliminaci\u00f3n-de-denuncias-tras-hechos-del-13-de-febrero-edomex-feb-300x187.jpg 300w\" sizes=\"auto, (max-width: 649px) 100vw, 649px\" \/>}<br \/>\nFoto: Luis Camacho \/ El Sol de Toluca<\/p>\n<p>Filiberto Ramos \/ El Sol de Toluca<\/p>\n<blockquote><p>El exhorto fue entregado por escrito a la representaci\u00f3n jur\u00eddica del Poder Legislativo y firmado por diversos colectivos en contra del alza en la tarifa<\/p><\/blockquote>\n<p>Colectivos en contra del aumento a la tarifa del transporte p\u00fablico en el Estado de M\u00e9xico, acudieron a la Legislatura local para entregar por escrito un exhorto y exigir a los diputados que se retire la denuncia penal en contra del movimiento interpuesta por da\u00f1os al inmueble hist\u00f3rico causado durante la protesta realizada el pasado 13 de febrero.<\/p>\n<p>En conferencia de prensa frente al recinto legislativo, los integrantes del Frente Estatal contra el Tarifazo informaron que existen siete denuncias penales en contra de j\u00f3venes que habr\u00edan participado en las pintas hechas a la fachada de la C\u00e1mara.<\/p>\n<p>&#8220;Las denuncias que se hacen son por da\u00f1os al patrimonio, al edificio, ayer lo dijo el fiscal (Alejandro G\u00f3mez S\u00e1nchez, pero a\u00fan no hemos sido notificados, pero nos parece que esto es criminalizar el movimiento&#8221;, coment\u00f3 Salus Fuentes, integrante del Frente Estatal contra el Tarifazo.<\/p>\n<p>Los j\u00f3venes dieron a conocer que la Fiscal\u00eda General de Justicia del estado y la Legislatura local, vial su \u00e1rea jur\u00eddica ventilaron al diario Reforma una lista de siete estudiantes con nombres y apellidos, lo cual fue publicado por el rotativo, violentando la presunci\u00f3n de inocencia y haciendo p\u00fablico datos personales.<\/p>\n<p>&#8220;Queremos que la Legislatura se desista en las denuncias que dicen que existen, de lo contrario estar\u00edan criminalizando nuestra protesta&#8221;, agreg\u00f3 Alejandro Guadarrama.<\/p>\n<p>El documento fue firmado de forma personal por 44 activistas, estudiantes, ciudadanos y acad\u00e9micos, as\u00ed como 59 asociaciones civiles, colectivos y frentes sociales.<\/p>\n<p><a href=\"https:\/\/www.elsoldetoluca.com.mx\/local\/colectivos-contra-tarifazo-exigen-eliminacion-de-denuncias-tras-hechos-del-13-de-febrero-4887833.html\" target=\"_blank\" rel=\"noopener noreferrer\">https:\/\/www.elsoldetoluca.com.mx\/local\/colectivos-contra-tarifazo-exigen-eliminacion-de-denuncias-tras-hechos-del-13-de-febrero-4887833.html<\/a><\/p>\n","protected":false},"excerpt":{"rendered":"<p>} Foto: Luis Camacho \/ El Sol de Toluca Filiberto Ramos \/ El Sol de Toluca El exhorto fue entregado por escrito a la representaci\u00f3n jur\u00eddica del Poder Legislativo y &hellip; <a href=\"https:\/\/www.grieta.org.mx\/index.php\/2020\/02\/25\/colectivos-contra-tarifazo-exigen-eliminacion-de-denuncias-tras-hechos-del-13-de-febrero-estado-de-mexico\/\" class=\"more-link\">Leer m\u00e1s<\/a><\/p>\n","protected":false},"author":2,"featured_media":45191,"comment_status":"closed","ping_status":"closed","sticky":false,"template":"","format":"standard","meta":{"ngg_post_thumbnail":0,"_jetpack_newsletter_access":"","_jetpack_dont_email_post_to_subs":false,"_jetpack_newsletter_tier_id":0,"_jetpack_memberships_contains_paywalled_content":false,"_jetpack_memberships_contains_paid_content":false,"footnotes":""},"categories":[80,16,2996,1729,3035,2],"tags":[1068,2782,130],"class_list":["post-45189","post","type-post","status-publish","format-standard","has-post-thumbnail","hentry","category-cintillo","category-estado-de-mexico","category-incremento-del-costo-de-la-vida-en-el-estado-de-mexico","category-lucha-y-resistencia-del-pueblo-en-el-estado-de-mexico","category-movilizaciones-y-protestas-de-habitantes-en-el-estado-de-mexico","category-noticias-nacionales","tag-incremento-en-el-costo-de-la-vida","tag-protestas-contra-alza-de-tarifas-de-transporte-publico","tag-represion","entry"],"jetpack_featured_media_url":"https:\/\/www.grieta.org.mx\/wp-content\/uploads\/2020\/02\/Colectivos-contra-tarifazo-exigen-eliminaci\u00f3n-de-denuncias-tras-hechos-del-13-de-febrero-edomex-feb.jpg","jetpack_sharing_enabled":true,"jetpack_shortlink":"https:\/\/wp.me\/p7ZJR4-bKR","jetpack_likes_enabled":false,"jetpack-related-posts":[{"id":42832,"url":"https:\/\/www.grieta.org.mx\/index.php\/2020\/01\/03\/realizan-foro-estatal-en-contra-del-tarifazo-al-transporte-publico-estado-de-mexico\/","url_meta":{"origin":45189,"position":0},"title":"Realizan Foro Estatal en contra del tarifazo al transporte p\u00fablico (Estado de M\u00e9xico)","author":"grieta","date":"3 enero, 2020","format":false,"excerpt":"Foto: Luis Rodr\u00edguez \/ El Sol de Toluca Adriana Garc\u00eda \/ El Sol de Toluca Piden a la ciudadan\u00eda unirse a la movilizaci\u00f3n del 9 de enero Diversos colectivos del Estado de M\u00e9xico llevaron a cabo el Foro estatal contra el tarifazo al transporte p\u00fablico de dos pesos al pasaje\u2026","rel":"","context":"En &quot;CINTILLO&quot;","block_context":{"text":"CINTILLO","link":"https:\/\/www.grieta.org.mx\/index.php\/category\/cintillo\/"},"img":{"alt_text":"","src":"https:\/\/i0.wp.com\/www.grieta.org.mx\/wp-content\/uploads\/2020\/01\/Realizan-Foro-Estatal-en-contra-del-tarifazo-al-transporte-p%C3%BAblico-edomex-ene.jpg?resize=350%2C200&ssl=1","width":350,"height":200,"srcset":"https:\/\/i0.wp.com\/www.grieta.org.mx\/wp-content\/uploads\/2020\/01\/Realizan-Foro-Estatal-en-contra-del-tarifazo-al-transporte-p%C3%BAblico-edomex-ene.jpg?resize=350%2C200&ssl=1 1x, https:\/\/i0.wp.com\/www.grieta.org.mx\/wp-content\/uploads\/2020\/01\/Realizan-Foro-Estatal-en-contra-del-tarifazo-al-transporte-p%C3%BAblico-edomex-ene.jpg?resize=525%2C300&ssl=1 1.5x, https:\/\/i0.wp.com\/www.grieta.org.mx\/wp-content\/uploads\/2020\/01\/Realizan-Foro-Estatal-en-contra-del-tarifazo-al-transporte-p%C3%BAblico-edomex-ene.jpg?resize=700%2C400&ssl=1 2x"},"classes":[]},{"id":42818,"url":"https:\/\/www.grieta.org.mx\/index.php\/2020\/01\/07\/tapizan-toluca-con-volantes-que-piden-resistencia-al-aumento-de-pasaje-estado-de-mexico\/","url_meta":{"origin":45189,"position":1},"title":"Tapizan Toluca con volantes que piden resistencia al aumento de pasaje (Estado de M\u00e9xico)","author":"grieta","date":"7 enero, 2020","format":false,"excerpt":"Gerardo Hern\u00e1ndez \/ Quadrat\u00edn EdoMex \u00a0 TOLUCA, Edomex, 7 de enero de 2020.- La resistencia en contra del alza al pasaje en el Estado de M\u00e9xico contin\u00faa, donde ya no s\u00f3lo es trav\u00e9s de las redes sociales, sino con volanteo y carteles que se convoca a una megamarcha. En este\u2026","rel":"","context":"En &quot;CINTILLO&quot;","block_context":{"text":"CINTILLO","link":"https:\/\/www.grieta.org.mx\/index.php\/category\/cintillo\/"},"img":{"alt_text":"","src":"https:\/\/i0.wp.com\/www.grieta.org.mx\/wp-content\/uploads\/2020\/01\/Tapizan-Toluca-con-volantes-que-piden-resistencia-al-aumento-de-pasaje-edomex-ene.jpeg?resize=350%2C200&ssl=1","width":350,"height":200,"srcset":"https:\/\/i0.wp.com\/www.grieta.org.mx\/wp-content\/uploads\/2020\/01\/Tapizan-Toluca-con-volantes-que-piden-resistencia-al-aumento-de-pasaje-edomex-ene.jpeg?resize=350%2C200&ssl=1 1x, https:\/\/i0.wp.com\/www.grieta.org.mx\/wp-content\/uploads\/2020\/01\/Tapizan-Toluca-con-volantes-que-piden-resistencia-al-aumento-de-pasaje-edomex-ene.jpeg?resize=525%2C300&ssl=1 1.5x, https:\/\/i0.wp.com\/www.grieta.org.mx\/wp-content\/uploads\/2020\/01\/Tapizan-Toluca-con-volantes-que-piden-resistencia-al-aumento-de-pasaje-edomex-ene.jpeg?resize=700%2C400&ssl=1 2x, https:\/\/i0.wp.com\/www.grieta.org.mx\/wp-content\/uploads\/2020\/01\/Tapizan-Toluca-con-volantes-que-piden-resistencia-al-aumento-de-pasaje-edomex-ene.jpeg?resize=1050%2C600&ssl=1 3x"},"classes":[]},{"id":43076,"url":"https:\/\/www.grieta.org.mx\/index.php\/2020\/01\/10\/protestas-contra-alza-a-transporte-afectan-a-edomex\/","url_meta":{"origin":45189,"position":2},"title":"Protestas contra alza a transporte afectan a Edomex","author":"grieta","date":"10 enero, 2020","format":false,"excerpt":"Foto: Jorge Alvarado. El Universal Claudia Gonz\u00e1lez y Rebeca Jim\u00e9nez \/ El Universal Marchas paralizan tr\u00e1nsito en ciudad de Toluca; gobierno analizar\u00e1 tarifa especial a estudiantes Toluca, M\u00e9x.\u2014 La movilizaci\u00f3n de colectivos, estudiantes de la UNAM, UAEM\u00e9x, IPN, FES Cuautitl\u00e1n y ciudadanos contra el tarifazo en el Estado de M\u00e9xico\u2026","rel":"","context":"En &quot;Abuso policiaco y tortura en el Estado de M\u00e9xico&quot;","block_context":{"text":"Abuso policiaco y tortura en el Estado de M\u00e9xico","link":"https:\/\/www.grieta.org.mx\/index.php\/category\/noticias-nacionales\/estado-de-mexico\/abuso-policiaco-y-tortura-en-el-estado-de-mexico\/"},"img":{"alt_text":"","src":"https:\/\/i0.wp.com\/www.grieta.org.mx\/wp-content\/uploads\/2020\/01\/Protestas-contra-alza-a-transporte-afectan-a-Edomex-ene.jpg?resize=350%2C200","width":350,"height":200},"classes":[]},{"id":43670,"url":"https:\/\/www.grieta.org.mx\/index.php\/2020\/01\/26\/pasajeros-alistan-iii-jornada-contra-el-tarifazo-en-el-edomex\/","url_meta":{"origin":45189,"position":3},"title":"Pasajeros alistan III Jornada contra el &#8220;tarifazo&#8221; en el Edomex","author":"grieta","date":"26 enero, 2020","format":false,"excerpt":"Foto: Luis Camacho \/ El sol de Toluca Manuel Cosme \/ El Sol de M\u00e9xico Integran un frente amplio y toman distancia de partidos Pasajeros del Estado de M\u00e9xico alistan, para el 13 de febrero, la tercera Jornada Estatal de Lucha contra el \"tarifazo\", que se empezar\u00eda a aplicar el\u2026","rel":"","context":"En &quot;CINTILLO&quot;","block_context":{"text":"CINTILLO","link":"https:\/\/www.grieta.org.mx\/index.php\/category\/cintillo\/"},"img":{"alt_text":"","src":"https:\/\/i0.wp.com\/www.grieta.org.mx\/wp-content\/uploads\/2020\/01\/Pasajeros-alistan-III-Jornada-contra-el-tarifazo-en-el-Edomex-ene.jpg?resize=350%2C200","width":350,"height":200},"classes":[]},{"id":43292,"url":"https:\/\/www.grieta.org.mx\/index.php\/2020\/01\/17\/abajo-el-alza-a-mi-madre-no-le-alcanza-repudian-tarifazo-estado-de-mexico\/","url_meta":{"origin":45189,"position":4},"title":"\u00a1Abajo, el alza, a mi madre no le alcanza!, repudian Tarifazo (Estado de M\u00e9xico)","author":"grieta","date":"17 enero, 2020","format":false,"excerpt":"Mary Delgado \/ theObserver Segunda Marcha contra el aumento del 20% al transporte; pulveriza el incremento a los salarios m\u00ednimos, advierten Docenas de estudiantes e integrantes de diversos colectivos, se lanzaron por segunda ocasi\u00f3n a la calle, para demandar la cancelaci\u00f3n del llamado \u201ctarifazo\u201d en el Estado de M\u00e9xico y\u2026","rel":"","context":"En &quot;CINTILLO&quot;","block_context":{"text":"CINTILLO","link":"https:\/\/www.grieta.org.mx\/index.php\/category\/cintillo\/"},"img":{"alt_text":"","src":"https:\/\/i0.wp.com\/www.grieta.org.mx\/wp-content\/uploads\/2020\/01\/Abajo-el-alza-a-mi-madre-no-le-alcanza-repudian-Tarifazo-edomex-ene.jpeg?resize=350%2C200&ssl=1","width":350,"height":200,"srcset":"https:\/\/i0.wp.com\/www.grieta.org.mx\/wp-content\/uploads\/2020\/01\/Abajo-el-alza-a-mi-madre-no-le-alcanza-repudian-Tarifazo-edomex-ene.jpeg?resize=350%2C200&ssl=1 1x, https:\/\/i0.wp.com\/www.grieta.org.mx\/wp-content\/uploads\/2020\/01\/Abajo-el-alza-a-mi-madre-no-le-alcanza-repudian-Tarifazo-edomex-ene.jpeg?resize=525%2C300&ssl=1 1.5x, https:\/\/i0.wp.com\/www.grieta.org.mx\/wp-content\/uploads\/2020\/01\/Abajo-el-alza-a-mi-madre-no-le-alcanza-repudian-Tarifazo-edomex-ene.jpeg?resize=700%2C400&ssl=1 2x, https:\/\/i0.wp.com\/www.grieta.org.mx\/wp-content\/uploads\/2020\/01\/Abajo-el-alza-a-mi-madre-no-le-alcanza-repudian-Tarifazo-edomex-ene.jpeg?resize=1050%2C600&ssl=1 3x"},"classes":[]},{"id":42901,"url":"https:\/\/www.grieta.org.mx\/index.php\/2020\/01\/09\/policias-repliegan-a-golpes-manifestacion-contra-aumento-de-pasaje-estado-de-mexico\/","url_meta":{"origin":45189,"position":5},"title":"Polic\u00edas repliegan a golpes manifestaci\u00f3n contra aumento de pasaje (Estado de M\u00e9xico)","author":"grieta","date":"9 enero, 2020","format":false,"excerpt":"Chilango Este jueves se realiz\u00f3 una manifestaci\u00f3n contra el aumento a la tarifa de transporte p\u00fablico del Edomex La tarde de este jueves 9 de enero se realiz\u00f3 una marcha contra aumento de pasaje en el Estado de M\u00e9xico, en la cual participaron estudiantes de distintas escuelas de la Universidad\u2026","rel":"","context":"En &quot;Abuso policiaco y tortura en el Estado de M\u00e9xico&quot;","block_context":{"text":"Abuso policiaco y tortura en el Estado de M\u00e9xico","link":"https:\/\/www.grieta.org.mx\/index.php\/category\/noticias-nacionales\/estado-de-mexico\/abuso-policiaco-y-tortura-en-el-estado-de-mexico\/"},"img":{"alt_text":"","src":"https:\/\/i0.wp.com\/www.grieta.org.mx\/wp-content\/uploads\/2020\/01\/Polic%C3%ADas-repliegan-a-golpes-manifestaci%C3%B3n-contra-aumento-de-pasaje-edomex-ener.jpg?resize=350%2C200","width":350,"height":200},"classes":[]}],"_links":{"self":[{"href":"https:\/\/www.grieta.org.mx\/index.php\/wp-json\/wp\/v2\/posts\/45189","targetHints":{"allow":["GET"]}}],"collection":[{"href":"https:\/\/www.grieta.org.mx\/index.php\/wp-json\/wp\/v2\/posts"}],"about":[{"href":"https:\/\/www.grieta.org.mx\/index.php\/wp-json\/wp\/v2\/types\/post"}],"author":[{"embeddable":true,"href":"https:\/\/www.grieta.org.mx\/index.php\/wp-json\/wp\/v2\/users\/2"}],"replies":[{"embeddable":true,"href":"https:\/\/www.grieta.org.mx\/index.php\/wp-json\/wp\/v2\/comments?post=45189"}],"version-history":[{"count":1,"href":"https:\/\/www.grieta.org.mx\/index.php\/wp-json\/wp\/v2\/posts\/45189\/revisions"}],"predecessor-version":[{"id":45194,"href":"https:\/\/www.grieta.org.mx\/index.php\/wp-json\/wp\/v2\/posts\/45189\/revisions\/45194"}],"wp:featuredmedia":[{"embeddable":true,"href":"https:\/\/www.grieta.org.mx\/index.php\/wp-json\/wp\/v2\/media\/45191"}],"wp:attachment":[{"href":"https:\/\/www.grieta.org.mx\/index.php\/wp-json\/wp\/v2\/media?parent=45189"}],"wp:term":[{"taxonomy":"category","embeddable":true,"href":"https:\/\/www.grieta.org.mx\/index.php\/wp-json\/wp\/v2\/categories?post=45189"},{"taxonomy":"post_tag","embeddable":true,"href":"https:\/\/www.grieta.org.mx\/index.php\/wp-json\/wp\/v2\/tags?post=45189"}],"curies":[{"name":"wp","href":"https:\/\/api.w.org\/{rel}","templated":true}]}}