{"id":45170,"date":"2020-02-26T01:36:03","date_gmt":"2020-02-26T07:36:03","guid":{"rendered":"http:\/\/www.grieta.org.mx\/?p=45170"},"modified":"2020-02-26T01:36:03","modified_gmt":"2020-02-26T07:36:03","slug":"realizan-paro-indefinido-normalistas-de-huajuapan-oaxaca","status":"publish","type":"post","link":"https:\/\/www.grieta.org.mx\/index.php\/2020\/02\/26\/realizan-paro-indefinido-normalistas-de-huajuapan-oaxaca\/","title":{"rendered":"Realizan paro indefinido normalistas de Huajuapan (Oaxaca)"},"content":{"rendered":"<p>Notocias \/ Lesli Aguilar.<\/p>\n<p><img loading=\"lazy\" decoding=\"async\" data-attachment-id=\"45171\" data-permalink=\"https:\/\/www.grieta.org.mx\/index.php\/2020\/02\/26\/realizan-paro-indefinido-normalistas-de-huajuapan-oaxaca\/copia_de_segunda_13\/\" data-orig-file=\"https:\/\/www.grieta.org.mx\/wp-content\/uploads\/2020\/02\/copia_de_segunda_13.jpg\" data-orig-size=\"1144,645\" data-comments-opened=\"0\" data-image-meta=\"{&quot;aperture&quot;:&quot;0&quot;,&quot;credit&quot;:&quot;&quot;,&quot;camera&quot;:&quot;&quot;,&quot;caption&quot;:&quot;&quot;,&quot;created_timestamp&quot;:&quot;0&quot;,&quot;copyright&quot;:&quot;&quot;,&quot;focal_length&quot;:&quot;0&quot;,&quot;iso&quot;:&quot;0&quot;,&quot;shutter_speed&quot;:&quot;0&quot;,&quot;title&quot;:&quot;&quot;,&quot;orientation&quot;:&quot;0&quot;}\" data-image-title=\"copia_de_segunda_13\" data-image-description=\"\" data-image-caption=\"\" data-medium-file=\"https:\/\/www.grieta.org.mx\/wp-content\/uploads\/2020\/02\/copia_de_segunda_13-300x169.jpg\" data-large-file=\"https:\/\/www.grieta.org.mx\/wp-content\/uploads\/2020\/02\/copia_de_segunda_13-1024x577.jpg\" class=\"aligncenter wp-image-45171\" src=\"http:\/\/www.grieta.org.mx\/wp-content\/uploads\/2020\/02\/copia_de_segunda_13.jpg\" alt=\"\" width=\"800\" height=\"451\" srcset=\"https:\/\/www.grieta.org.mx\/wp-content\/uploads\/2020\/02\/copia_de_segunda_13.jpg 1144w, https:\/\/www.grieta.org.mx\/wp-content\/uploads\/2020\/02\/copia_de_segunda_13-300x169.jpg 300w, https:\/\/www.grieta.org.mx\/wp-content\/uploads\/2020\/02\/copia_de_segunda_13-768x433.jpg 768w, https:\/\/www.grieta.org.mx\/wp-content\/uploads\/2020\/02\/copia_de_segunda_13-1024x577.jpg 1024w, https:\/\/www.grieta.org.mx\/wp-content\/uploads\/2020\/02\/copia_de_segunda_13-887x500.jpg 887w\" sizes=\"auto, (max-width: 800px) 100vw, 800px\" \/><\/p>\n<p>Huajuapan de Le\u00f3n, Oaxaca.- Con la colocaci\u00f3n de banderas rojinegras, alumnos de la Escuela Normal Experimental de Huajuapan se declararon en paro de manera indefinida, para exigir al gobierno del estado mejoras en la malla curricular y detenci\u00f3n de los jefes policiales, quienes participaron en el desalojo de los padres de los 43 normalistas en la gira por el sureste del pa\u00eds, en Chiapas.<\/p>\n<p>En este sentido, desde las siete de la ma\u00f1ana del lunes, los estudiantes de la Normal de Huajuapan colocaron varias lonas y una bandera rojinegra en la entrada, en donde exigen al gobierno de Oaxaca y federal una mesa de di\u00e1logo para poder discutir un pliego petitorio.<\/p>\n<p>En la regi\u00f3n Mixteca, las Normales de Huajuapan, Tamazul\u00e1pam y Teposcolula se declararon en paro indefinido; en el caso de Huajuapan, son m\u00e1s de 100 escolares quienes permanecen adentro de la instituci\u00f3n educativa, con la finalidad de recibir instrucciones del Consejo Estudiantil.<\/p>\n<p>Uno de los alumnos mencion\u00f3 que este lunes, la dirigencia estudiantil inici\u00f3 una asamblea permanente para poder establecer su jornada de lucha y poder tener una soluci\u00f3n a sus demandas.<\/p>\n<p>Otra de las demandas que poseen los estudiantes es la entrega y validaci\u00f3n de la matr\u00edcula 2019 y 2023, por lo que se espera que este conflicto pueda ser resuelto antes del viernes y que los alumnos levanten el paro que han iniciado desde este lunes.<\/p>\n<p>El mismo estudiante indic\u00f3 que este paro de actividades se desarrolla a nivel estado, por lo que las decisiones ser\u00e1n tomadas y respaldadas por el Centro Regional de Educaci\u00f3n Normal de Oaxaca (CRENO).<\/p>\n<p>Cabe hacer referencia que este fin de semana, 17 escuelas de las Normales Rurales de M\u00e9xico participaron en las actividades de la Federaci\u00f3n de Estudiantes Campesinos Socialistas de M\u00e9xico (FECSM) en la Normal Rural Vanguardia de Tamazul\u00e1pam, en donde se reactivaron los principio del Normalismo en materia acad\u00e9mica, pol\u00edtico y cultural.<\/p>\n<p>Adem\u00e1s, detallaron que se analiza el fin que tendr\u00e1 el Normalismo del pa\u00eds, a partir de los planes y nuevas mallas curriculares que ha colocado el gobierno federal en este plan escolar.<\/p>\n<p><a href=\"https:\/\/www.nvinoticias.com\/nota\/138977\/realizan-paro-indefinido-normalistas-de-huajuapan\" target=\"_blank\" rel=\"noopener noreferrer\">https:\/\/www.nvinoticias.com\/nota\/138977\/realizan-paro-indefinido-normalistas-de-huajuapan<\/a><\/p>\n","protected":false},"excerpt":{"rendered":"<p>Notocias \/ Lesli Aguilar. Huajuapan de Le\u00f3n, Oaxaca.- Con la colocaci\u00f3n de banderas rojinegras, alumnos de la Escuela Normal Experimental de Huajuapan se declararon en paro de manera indefinida, para &hellip; <a href=\"https:\/\/www.grieta.org.mx\/index.php\/2020\/02\/26\/realizan-paro-indefinido-normalistas-de-huajuapan-oaxaca\/\" class=\"more-link\">Leer m\u00e1s<\/a><\/p>\n","protected":false},"author":2,"featured_media":45171,"comment_status":"closed","ping_status":"closed","sticky":false,"template":"","format":"standard","meta":{"ngg_post_thumbnail":0,"_jetpack_newsletter_access":"","_jetpack_dont_email_post_to_subs":false,"_jetpack_newsletter_tier_id":0,"_jetpack_memberships_contains_paywalled_content":false,"_jetpack_memberships_contains_paid_content":false,"footnotes":""},"categories":[80,2439,2,25,2909],"tags":[],"class_list":["post-45170","post","type-post","status-publish","format-standard","has-post-thumbnail","hentry","category-cintillo","category-crisis-de-la-educacion-publica-en-oaxaca","category-noticias-nacionales","category-oaxaca","category-resistencias-y-rebeldias-en-oaxaca","entry"],"jetpack_featured_media_url":"https:\/\/www.grieta.org.mx\/wp-content\/uploads\/2020\/02\/copia_de_segunda_13.jpg","jetpack_sharing_enabled":true,"jetpack_shortlink":"https:\/\/wp.me\/p7ZJR4-bKy","jetpack_likes_enabled":false,"jetpack-related-posts":[{"id":59646,"url":"https:\/\/www.grieta.org.mx\/index.php\/2021\/05\/24\/normalistas-de-huajuapan-exigen-al-gobierno-liberacion-de-dos-normalistas-detenidos-por-policias-oaxaca\/","url_meta":{"origin":45170,"position":0},"title":"Normalistas de Huajuapan exigen al gobierno liberaci\u00f3n de dos normalistas detenidos por polic\u00edas (Oaxaca)","author":"grieta","date":"24 mayo, 2021","format":false,"excerpt":"Noticias \/ Lesli Aguilar. HUAJUAPAN DE LE\u00d3N, Oaxaca.- Integrantes de la Normal Experimental de Huajuapan exigieron al gobierno de Oaxaca la liberaci\u00f3n de dos estudiantes de esta escuela, quienes presuntamente fueron detenidos por polic\u00edas estatales el 21 de mayo pasado, en la ciudad de Oaxaca. Los estudiantes de la Normal\u2026","rel":"","context":"En &quot;CINTILLO&quot;","block_context":{"text":"CINTILLO","link":"https:\/\/www.grieta.org.mx\/index.php\/category\/cintillo\/"},"img":{"alt_text":"","src":"https:\/\/i0.wp.com\/www.grieta.org.mx\/wp-content\/uploads\/2021\/06\/a.jpg?resize=350%2C200&ssl=1","width":350,"height":200,"srcset":"https:\/\/i0.wp.com\/www.grieta.org.mx\/wp-content\/uploads\/2021\/06\/a.jpg?resize=350%2C200&ssl=1 1x, https:\/\/i0.wp.com\/www.grieta.org.mx\/wp-content\/uploads\/2021\/06\/a.jpg?resize=525%2C300&ssl=1 1.5x, https:\/\/i0.wp.com\/www.grieta.org.mx\/wp-content\/uploads\/2021\/06\/a.jpg?resize=700%2C400&ssl=1 2x, https:\/\/i0.wp.com\/www.grieta.org.mx\/wp-content\/uploads\/2021\/06\/a.jpg?resize=1050%2C600&ssl=1 3x"},"classes":[]},{"id":1946,"url":"https:\/\/www.grieta.org.mx\/index.php\/2015\/12\/11\/alumnos-toman-tres-normales-en-la-mixteca\/","url_meta":{"origin":45170,"position":1},"title":"Alumnos toman tres Normales en la Mixteca","author":"grieta","date":"11 diciembre, 2015","format":false,"excerpt":"Lesli Aguilar, Huajuapan de Le\u00f3n, Oaxaca.- M\u00e1s de 600 alumnos de la regi\u00f3n Mixteca tomaron las Escuelas Normales, para exigir al Instituto Estatal de Educaci\u00f3n P\u00fablica de Oaxaca (IEEPO) la asignaci\u00f3n de plazas de manera autom\u00e1tica, sin presentar ninguna evaluaci\u00f3n y violar la Reforma Educativa en Oaxaca. Desde este jueves,\u2026","rel":"","context":"En &quot;CINTILLO&quot;","block_context":{"text":"CINTILLO","link":"https:\/\/www.grieta.org.mx\/index.php\/category\/cintillo\/"},"img":{"alt_text":"","src":"https:\/\/i0.wp.com\/www.grieta.org.mx\/wp-content\/uploads\/2018\/03\/14524434_1106112876131411_958039263622046936_o.jpg?resize=350%2C200&ssl=1","width":350,"height":200,"srcset":"https:\/\/i0.wp.com\/www.grieta.org.mx\/wp-content\/uploads\/2018\/03\/14524434_1106112876131411_958039263622046936_o.jpg?resize=350%2C200&ssl=1 1x, https:\/\/i0.wp.com\/www.grieta.org.mx\/wp-content\/uploads\/2018\/03\/14524434_1106112876131411_958039263622046936_o.jpg?resize=525%2C300&ssl=1 1.5x, https:\/\/i0.wp.com\/www.grieta.org.mx\/wp-content\/uploads\/2018\/03\/14524434_1106112876131411_958039263622046936_o.jpg?resize=700%2C400&ssl=1 2x"},"classes":[]},{"id":30110,"url":"https:\/\/www.grieta.org.mx\/index.php\/2019\/02\/26\/marchan-para-exigir-alto-a-la-violencia-en-huajuapan-oaxaca\/","url_meta":{"origin":45170,"position":2},"title":"Marchan para exigir alto a la violencia en Huajuapan, Oaxaca","author":"grieta","date":"26 febrero, 2019","format":false,"excerpt":"Noticias. Lesli Aguilar, Muchas mujeres marcharon para exigir seguridad en Huajuapan. Huajuapan de Le\u00f3n, Oaxaca.- En el marco del D\u00eda Naranja, trabajadoras del ayuntamiento de Huajuapan marcharon para exigir alto a la violencia contra las mujeres y ni\u00f1as en esta regi\u00f3n Mixteca y que las autoridades reaccionen ante este tipo\u2026","rel":"","context":"En &quot;CINTILLO&quot;","block_context":{"text":"CINTILLO","link":"https:\/\/www.grieta.org.mx\/index.php\/category\/cintillo\/"},"img":{"alt_text":"","src":"https:\/\/i0.wp.com\/www.grieta.org.mx\/wp-content\/uploads\/2019\/03\/image_34_296.jpg?resize=350%2C200&ssl=1","width":350,"height":200,"srcset":"https:\/\/i0.wp.com\/www.grieta.org.mx\/wp-content\/uploads\/2019\/03\/image_34_296.jpg?resize=350%2C200&ssl=1 1x, https:\/\/i0.wp.com\/www.grieta.org.mx\/wp-content\/uploads\/2019\/03\/image_34_296.jpg?resize=525%2C300&ssl=1 1.5x, https:\/\/i0.wp.com\/www.grieta.org.mx\/wp-content\/uploads\/2019\/03\/image_34_296.jpg?resize=700%2C400&ssl=1 2x, https:\/\/i0.wp.com\/www.grieta.org.mx\/wp-content\/uploads\/2019\/03\/image_34_296.jpg?resize=1050%2C600&ssl=1 3x"},"classes":[]},{"id":29611,"url":"https:\/\/www.grieta.org.mx\/index.php\/2019\/02\/23\/toman-oficinas-de-cfe-en-huajuapan-oaxaca\/","url_meta":{"origin":45170,"position":3},"title":"Toman oficinas de CFE en Huajuapan (Oaxaca)","author":"grieta","date":"23 febrero, 2019","format":false,"excerpt":"Noticias. Lesli Aguilar, ANUNCIAN BLOQUEO CARRETERO Las oficinas de CFE estuvieron cerradas por varias horas este viernes. Huajuapan de Le\u00f3n, Oaxaca.- Integrantes del Movimiento Agrario Ind\u00edgena Zapatista (MAIZ) tomaron las oficinas de la Comisi\u00f3n Federal de Electricidad (CFE) para exigir justicia por la muerte de Samir Flores Soberanes, quien fuera\u2026","rel":"","context":"En &quot;CINTILLO&quot;","block_context":{"text":"CINTILLO","link":"https:\/\/www.grieta.org.mx\/index.php\/category\/cintillo\/"},"img":{"alt_text":"","src":"https:\/\/i0.wp.com\/www.grieta.org.mx\/wp-content\/uploads\/2019\/02\/image_22.jpg?resize=350%2C200&ssl=1","width":350,"height":200,"srcset":"https:\/\/i0.wp.com\/www.grieta.org.mx\/wp-content\/uploads\/2019\/02\/image_22.jpg?resize=350%2C200&ssl=1 1x, https:\/\/i0.wp.com\/www.grieta.org.mx\/wp-content\/uploads\/2019\/02\/image_22.jpg?resize=525%2C300&ssl=1 1.5x, https:\/\/i0.wp.com\/www.grieta.org.mx\/wp-content\/uploads\/2019\/02\/image_22.jpg?resize=700%2C400&ssl=1 2x, https:\/\/i0.wp.com\/www.grieta.org.mx\/wp-content\/uploads\/2019\/02\/image_22.jpg?resize=1050%2C600&ssl=1 3x"},"classes":[]},{"id":26676,"url":"https:\/\/www.grieta.org.mx\/index.php\/2018\/09\/18\/trece-polleros-fueron-detenidos-con-122-indocumentados-en-huajuapan-oaxaca\/","url_meta":{"origin":45170,"position":4},"title":"Trece polleros fueron detenidos con 122 indocumentados en Huajuapan, Oaxaca","author":"grieta","date":"18 septiembre, 2018","format":false,"excerpt":"Noticias. Sa\u00fal Salazar, Huajuapan de Le\u00f3n, Oaxaca.- M\u00e1s de cien indocumentados centroamericanos fueron rescatados por polic\u00edas estatales y Ej\u00e9rcito Mexicano. Durante el operativo fueron aseguradas trece polleros. Los indocumentados viajaban en un cami\u00f3n. El primer veh\u00edculo fue interceptado alrededor de las 19:00 horas, a la altura de la agencia El\u2026","rel":"","context":"En &quot;CINTILLO&quot;","block_context":{"text":"CINTILLO","link":"https:\/\/www.grieta.org.mx\/index.php\/category\/cintillo\/"},"img":{"alt_text":"","src":"https:\/\/i0.wp.com\/www.grieta.org.mx\/wp-content\/uploads\/2018\/09\/image_11_316.jpg?resize=350%2C200&ssl=1","width":350,"height":200,"srcset":"https:\/\/i0.wp.com\/www.grieta.org.mx\/wp-content\/uploads\/2018\/09\/image_11_316.jpg?resize=350%2C200&ssl=1 1x, https:\/\/i0.wp.com\/www.grieta.org.mx\/wp-content\/uploads\/2018\/09\/image_11_316.jpg?resize=525%2C300&ssl=1 1.5x, https:\/\/i0.wp.com\/www.grieta.org.mx\/wp-content\/uploads\/2018\/09\/image_11_316.jpg?resize=700%2C400&ssl=1 2x, https:\/\/i0.wp.com\/www.grieta.org.mx\/wp-content\/uploads\/2018\/09\/image_11_316.jpg?resize=1050%2C600&ssl=1 3x"},"classes":[]},{"id":49871,"url":"https:\/\/www.grieta.org.mx\/index.php\/2020\/05\/26\/ya-son-ocho-casos-positivos-de-covid-19-en-el-issste-no-24-en-huajuapan-oaxaca\/","url_meta":{"origin":45170,"position":5},"title":"Ya son ocho casos positivos de COVID-19 en el ISSSTE No. 24 en Huajuapan (Oaxaca)","author":"grieta","date":"26 mayo, 2020","format":false,"excerpt":"Noticias \/ Leslie Aguilar. HUAJUAPAN DE LE\u00d3N, Oaxaca.- Al vivir Huajuapan los peores momentos de la pandemia, la Jurisdicci\u00f3n Sanitaria 05 en la Mixteca ha notificado que son ocho los trabajadores de la salud que han dado positivo a COVID-19 en el ISSSTE 24 en Huajuapan. En este sentido, el\u2026","rel":"","context":"En &quot;CINTILLO&quot;","block_context":{"text":"CINTILLO","link":"https:\/\/www.grieta.org.mx\/index.php\/category\/cintillo\/"},"img":{"alt_text":"","src":"https:\/\/i0.wp.com\/www.grieta.org.mx\/wp-content\/uploads\/2018\/03\/14524434_1106112876131411_958039263622046936_o.jpg?resize=350%2C200&ssl=1","width":350,"height":200,"srcset":"https:\/\/i0.wp.com\/www.grieta.org.mx\/wp-content\/uploads\/2018\/03\/14524434_1106112876131411_958039263622046936_o.jpg?resize=350%2C200&ssl=1 1x, https:\/\/i0.wp.com\/www.grieta.org.mx\/wp-content\/uploads\/2018\/03\/14524434_1106112876131411_958039263622046936_o.jpg?resize=525%2C300&ssl=1 1.5x, https:\/\/i0.wp.com\/www.grieta.org.mx\/wp-content\/uploads\/2018\/03\/14524434_1106112876131411_958039263622046936_o.jpg?resize=700%2C400&ssl=1 2x"},"classes":[]}],"_links":{"self":[{"href":"https:\/\/www.grieta.org.mx\/index.php\/wp-json\/wp\/v2\/posts\/45170","targetHints":{"allow":["GET"]}}],"collection":[{"href":"https:\/\/www.grieta.org.mx\/index.php\/wp-json\/wp\/v2\/posts"}],"about":[{"href":"https:\/\/www.grieta.org.mx\/index.php\/wp-json\/wp\/v2\/types\/post"}],"author":[{"embeddable":true,"href":"https:\/\/www.grieta.org.mx\/index.php\/wp-json\/wp\/v2\/users\/2"}],"replies":[{"embeddable":true,"href":"https:\/\/www.grieta.org.mx\/index.php\/wp-json\/wp\/v2\/comments?post=45170"}],"version-history":[{"count":1,"href":"https:\/\/www.grieta.org.mx\/index.php\/wp-json\/wp\/v2\/posts\/45170\/revisions"}],"predecessor-version":[{"id":45172,"href":"https:\/\/www.grieta.org.mx\/index.php\/wp-json\/wp\/v2\/posts\/45170\/revisions\/45172"}],"wp:featuredmedia":[{"embeddable":true,"href":"https:\/\/www.grieta.org.mx\/index.php\/wp-json\/wp\/v2\/media\/45171"}],"wp:attachment":[{"href":"https:\/\/www.grieta.org.mx\/index.php\/wp-json\/wp\/v2\/media?parent=45170"}],"wp:term":[{"taxonomy":"category","embeddable":true,"href":"https:\/\/www.grieta.org.mx\/index.php\/wp-json\/wp\/v2\/categories?post=45170"},{"taxonomy":"post_tag","embeddable":true,"href":"https:\/\/www.grieta.org.mx\/index.php\/wp-json\/wp\/v2\/tags?post=45170"}],"curies":[{"name":"wp","href":"https:\/\/api.w.org\/{rel}","templated":true}]}}