{"id":45108,"date":"2020-02-21T14:05:10","date_gmt":"2020-02-21T20:05:10","guid":{"rendered":"http:\/\/www.grieta.org.mx\/?p=45108"},"modified":"2020-02-25T14:12:33","modified_gmt":"2020-02-25T20:12:33","slug":"radio-xalli-10-anos-de-la-primera-concesion-para-radio-comunitaria-en-puebla","status":"publish","type":"post","link":"https:\/\/www.grieta.org.mx\/index.php\/2020\/02\/21\/radio-xalli-10-anos-de-la-primera-concesion-para-radio-comunitaria-en-puebla\/","title":{"rendered":"Radio Xalli, 10 a\u00f1os de la primera concesi\u00f3n para radio comunitaria en Puebla"},"content":{"rendered":"<p><a href=\"http:\/\/www.grieta.org.mx\/wp-content\/uploads\/2020\/02\/Radio-Xalli-3.jpg\"><img loading=\"lazy\" decoding=\"async\" data-attachment-id=\"45110\" data-permalink=\"https:\/\/www.grieta.org.mx\/index.php\/2020\/02\/21\/radio-xalli-10-anos-de-la-primera-concesion-para-radio-comunitaria-en-puebla\/radio-xalli-3\/\" data-orig-file=\"https:\/\/www.grieta.org.mx\/wp-content\/uploads\/2020\/02\/Radio-Xalli-3.jpg\" data-orig-size=\"900,549\" data-comments-opened=\"0\" data-image-meta=\"{&quot;aperture&quot;:&quot;0&quot;,&quot;credit&quot;:&quot;&quot;,&quot;camera&quot;:&quot;&quot;,&quot;caption&quot;:&quot;&quot;,&quot;created_timestamp&quot;:&quot;0&quot;,&quot;copyright&quot;:&quot;&quot;,&quot;focal_length&quot;:&quot;0&quot;,&quot;iso&quot;:&quot;0&quot;,&quot;shutter_speed&quot;:&quot;0&quot;,&quot;title&quot;:&quot;&quot;,&quot;orientation&quot;:&quot;0&quot;}\" data-image-title=\"Radio-Xalli-3\" data-image-description=\"\" data-image-caption=\"\" data-medium-file=\"https:\/\/www.grieta.org.mx\/wp-content\/uploads\/2020\/02\/Radio-Xalli-3-300x183.jpg\" data-large-file=\"https:\/\/www.grieta.org.mx\/wp-content\/uploads\/2020\/02\/Radio-Xalli-3.jpg\" class=\"aligncenter wp-image-45110\" src=\"http:\/\/www.grieta.org.mx\/wp-content\/uploads\/2020\/02\/Radio-Xalli-3.jpg\" alt=\"\" width=\"800\" height=\"488\" srcset=\"https:\/\/www.grieta.org.mx\/wp-content\/uploads\/2020\/02\/Radio-Xalli-3.jpg 900w, https:\/\/www.grieta.org.mx\/wp-content\/uploads\/2020\/02\/Radio-Xalli-3-300x183.jpg 300w, https:\/\/www.grieta.org.mx\/wp-content\/uploads\/2020\/02\/Radio-Xalli-3-768x468.jpg 768w, https:\/\/www.grieta.org.mx\/wp-content\/uploads\/2020\/02\/Radio-Xalli-3-820x500.jpg 820w\" sizes=\"auto, (max-width: 800px) 100vw, 800px\" \/><\/a><\/p>\n<p>Texto Cristian Escobar \/ Lado B<br \/>\nFotos: Martina Zoldos \/ Lado B<\/p>\n<p>PUEBLA.- En 1992, con un microtransmisor constru\u00eddo por \u00e9l mismo, con materiales improvisados y un altavoz para hacer transmitir su voz, Hilario Cruz realiz\u00f3 la primera transmisi\u00f3n de una radio comunitaria en territorio poblano. En ese entonces carec\u00eda de nombre, pero m\u00e1s tarde se conocer\u00eda como Radio Xalli.<\/p>\n<p>Aquella vez, cuenta Hilario, la transmisi\u00f3n fue escuchada por apenas 10 personas de la comunidad a la que pertenece, San Miguel Xaltepec. Es una localidad ubicada en los l\u00edmites de los municipios de Palmar de Bravo y Quecholac.<\/p>\n<figure id=\"attachment_45109\" aria-describedby=\"caption-attachment-45109\" style=\"width: 800px\" class=\"wp-caption aligncenter\"><a href=\"http:\/\/www.grieta.org.mx\/wp-content\/uploads\/2020\/02\/Radio-Xalli-2.jpeg\"><img loading=\"lazy\" decoding=\"async\" data-attachment-id=\"45109\" data-permalink=\"https:\/\/www.grieta.org.mx\/index.php\/2020\/02\/21\/radio-xalli-10-anos-de-la-primera-concesion-para-radio-comunitaria-en-puebla\/radio-xalli-2\/\" data-orig-file=\"https:\/\/www.grieta.org.mx\/wp-content\/uploads\/2020\/02\/Radio-Xalli-2.jpeg\" data-orig-size=\"900,621\" data-comments-opened=\"0\" data-image-meta=\"{&quot;aperture&quot;:&quot;0&quot;,&quot;credit&quot;:&quot;&quot;,&quot;camera&quot;:&quot;&quot;,&quot;caption&quot;:&quot;&quot;,&quot;created_timestamp&quot;:&quot;0&quot;,&quot;copyright&quot;:&quot;&quot;,&quot;focal_length&quot;:&quot;0&quot;,&quot;iso&quot;:&quot;0&quot;,&quot;shutter_speed&quot;:&quot;0&quot;,&quot;title&quot;:&quot;&quot;,&quot;orientation&quot;:&quot;0&quot;}\" data-image-title=\"Radio-Xalli-2\" data-image-description=\"\" data-image-caption=\"&lt;p&gt;Foto: Cortes\u00eda&lt;\/p&gt;\n\" data-medium-file=\"https:\/\/www.grieta.org.mx\/wp-content\/uploads\/2020\/02\/Radio-Xalli-2-300x207.jpeg\" data-large-file=\"https:\/\/www.grieta.org.mx\/wp-content\/uploads\/2020\/02\/Radio-Xalli-2.jpeg\" class=\"wp-image-45109\" src=\"http:\/\/www.grieta.org.mx\/wp-content\/uploads\/2020\/02\/Radio-Xalli-2.jpeg\" alt=\"\" width=\"800\" height=\"552\" srcset=\"https:\/\/www.grieta.org.mx\/wp-content\/uploads\/2020\/02\/Radio-Xalli-2.jpeg 900w, https:\/\/www.grieta.org.mx\/wp-content\/uploads\/2020\/02\/Radio-Xalli-2-300x207.jpeg 300w, https:\/\/www.grieta.org.mx\/wp-content\/uploads\/2020\/02\/Radio-Xalli-2-768x530.jpeg 768w, https:\/\/www.grieta.org.mx\/wp-content\/uploads\/2020\/02\/Radio-Xalli-2-725x500.jpeg 725w\" sizes=\"auto, (max-width: 800px) 100vw, 800px\" \/><\/a><figcaption id=\"caption-attachment-45109\" class=\"wp-caption-text\">Foto: Cortes\u00eda<\/figcaption><\/figure>\n<p>A 10 a\u00f1os de haber logrado su concesi\u00f3n, Radio Xalli se ha mantenido en el gusto de la comunidad de San Miguel. Han conseguido generar una audiencia importante dentro y fuera del pa\u00eds, mediante plataformas de transmisi\u00f3n en vivo en Facebook y Youtube.<\/p>\n<p>Dentro de la rep\u00fablica sus transmisiones han llegado a Guerrero, Oaxaca, Veracruz, Tabasco y Chiapas. Fuera del pa\u00eds es escuchado en diferentes lugares de Estados Unidos: California, Ohio, Denver, Nevada, Colorado, Nueva York y Florida. Ah\u00ed radican paisanos de la comunidad de San Miguel, quienes encuentran en Radio Xalli un medio para estar conectados a la distancia con su hogar y estar al tanto de los pormenores de familiares y amigos.<br \/>\nLa historia<\/p>\n<p>Radio Xalli, relata Hilario en entrevista para LADO B, nace de sus inquietudes por hacer visible los intereses y problem\u00e1ticas de su comunidad. Todo este tiempo ha habido opacidad por parte de los gobiernos locales y estatales por solucionar los problemas de salud, seguridad y educaci\u00f3n de la comunidad. Recientemente se han visto afectados por la problem\u00e1tica del crimen organizado.<\/p>\n<p>Aunque no cuenta precisamente con una formaci\u00f3n period\u00edstica desde la academia, Hilario comenz\u00f3 su carrera en los medios de comunicaci\u00f3n como reportero en una radio comercial; no obstante, despu\u00e9s de varias cr\u00edticas hacia su estilo cr\u00edtico y lenguaje directo, seg\u00fan relata \u00e9l mismo, termin\u00f3 siendo v\u00edctima de censura.<\/p>\n<p>A ra\u00edz de estos acontecimientos, Hilario decidi\u00f3 crear un espacio donde la comunidad pudiera comunicarse sin ning\u00fan tipo de restricci\u00f3n. Cont\u00f3 con el apoyo de innumerables personas, como los alumnos y maestros de la Universidad Nacional Aut\u00f3noma de M\u00e9xico (UNAM), y miembros de la Caravana de Caravanas \u2013creada a partir del levantamiento zapatista de 1994 y que llevaba apoyo y v\u00edveres para las personas desplazadas\u2013.<\/p>\n<p>Los miembros de la caravana instaron a que Hilario asistiera a una reuni\u00f3n de radios comunitarias que se celebr\u00f3 en la Ciudad de M\u00e9xico. Lo apoyaron con material como transmisores profesionales y lo instruyeron en la puesta en marcha del proyecto.<\/p>\n<p>A lo largo de este tiempo, tambi\u00e9n han tenido que afrontar m\u00faltiples intentos por parte de radios comerciales para cancelar sus transmisiones. Esto mediante amenazas y un cerco medi\u00e1tico por otras radios en la zona, para que su se\u00f1al fuera opacada. No obstante la gente de la comunidad ha mostrado cada vez m\u00e1s su apoyo. Prestan espacios (casas y locales) as\u00ed como donando equipo para que continuaran con sus transmisiones.<\/p>\n<p>As\u00ed fueron surcando obst\u00e1culos. El 19 de febrero de 2010 de manera conjunta con estudiantes de la UAM Xochimilco, Radio Xalli se constituy\u00f3 como asociaci\u00f3n civil. Y consiguieron la concesi\u00f3n para transmitir de manera legal.<\/p>\n<p>Actualmente la radio se enfoca en temas de salud, como nutrici\u00f3n, prevenci\u00f3n de embarazo, c\u00e1ncer, difusi\u00f3n de temas de derechos humanos y equidad de g\u00e9nero. Brinda un espacio para la denuncia ciudadana y abre espacios para el desarrollo art\u00edstico cultural de ni\u00f1os y j\u00f3venes de la comunidad de San Miguel.<\/p>\n<p><strong>Celebraci\u00f3n de los 10 a\u00f1os<\/strong><\/p>\n<p>Para celebrar el aniversario de los 10 a\u00f1os del otorgamiento de su concesi\u00f3n, la radio ha planeado ciertas actividades: danzas a cargo de ni\u00f1os de nivel primarias y de la Casa de la Cultura -espacio proporcionado por los integrantes de la radio-, as\u00ed como la presentaci\u00f3n grupal de poemas elaborados por los ni\u00f1os de la biblioteca radial: Imagina y Crea.<\/p>\n<p>Posteriormente, el jueves 20 de febrero, se realizar\u00e1 un Foro sobre Radios Comunitarias y Defensa del Territorio, con las participaci\u00f3n de la Radio de Zautla y Radio Cuatrum de Coapan; tambi\u00e9n se contar\u00e1 con la presencia de periodistas, como Sergio Mastretta e igualmente de defensores de territorio y derechos humanos como Mart\u00edn Barrios.<br \/>\nPlanes a futuro<\/p>\n<p>Para Hilario Cruz la historia de Radio Xalli ha sido una historia de aprendizaje, por ello es importante seguir plante\u00e1ndose metas que los ayuden a seguir creciendo, tanto de manera t\u00e9cnica como en la propuesta de sus contenidos.<\/p>\n<p>Entre los prop\u00f3sitos a futuro, Radio Xalli busca obtener la cobertura de los 1000 Watts, abrir espacio a la diversidad de voces y pensamientos por parte de la comunidad, as\u00ed como incentivar la creatividad en los contenidos. Adem\u00e1s buscan conseguir la participaci\u00f3n activa de la comunidad. \u201cNuestra principal meta es lograr que la comunidad se haga escuchar a s\u00ed misma; es decir, que no tengamos que mirarla solamente como fuente de informaci\u00f3n, sino como sujeto de transformaci\u00f3n\u201d, sentenci\u00f3 Hilario.<\/p>\n<p><a href=\"https:\/\/piedepagina.mx\/radio-xalli-10-anos-de-la-primera-concesion-para-radio-comunitaria-en-puebla\/\">https:\/\/piedepagina.mx\/radio-xalli-10-anos-de-la-primera-concesion-para-radio-comunitaria-en-puebla\/<\/a><\/p>\n","protected":false},"excerpt":{"rendered":"<p>Texto Cristian Escobar \/ Lado B Fotos: Martina Zoldos \/ Lado B PUEBLA.- En 1992, con un microtransmisor constru\u00eddo por \u00e9l mismo, con materiales improvisados y un altavoz para hacer &hellip; <a href=\"https:\/\/www.grieta.org.mx\/index.php\/2020\/02\/21\/radio-xalli-10-anos-de-la-primera-concesion-para-radio-comunitaria-en-puebla\/\" class=\"more-link\">Leer m\u00e1s<\/a><\/p>\n","protected":false},"author":1,"featured_media":45110,"comment_status":"closed","ping_status":"closed","sticky":false,"template":"","format":"standard","meta":{"ngg_post_thumbnail":0,"_jetpack_newsletter_access":"","_jetpack_dont_email_post_to_subs":false,"_jetpack_newsletter_tier_id":0,"_jetpack_memberships_contains_paywalled_content":false,"_jetpack_memberships_contains_paid_content":false,"footnotes":""},"categories":[80,2,26,3119],"tags":[2175,563],"class_list":["post-45108","post","type-post","status-publish","format-standard","has-post-thumbnail","hentry","category-cintillo","category-noticias-nacionales","category-puebla","category-radios-comunitarias-en-puebla","tag-ataque-a-radios-comunitarias","tag-radios-comunitarias","entry"],"jetpack_featured_media_url":"https:\/\/www.grieta.org.mx\/wp-content\/uploads\/2020\/02\/Radio-Xalli-3.jpg","jetpack_sharing_enabled":true,"jetpack_shortlink":"https:\/\/wp.me\/p7ZJR4-bJy","jetpack_likes_enabled":false,"jetpack-related-posts":[{"id":45910,"url":"https:\/\/www.grieta.org.mx\/index.php\/2015\/06\/03\/pobladores-tratan-de-restablecer-radio-comunitaria-en-zacatepec-puebla\/","url_meta":{"origin":45108,"position":0},"title":"Pobladores tratan de restablecer radio comunitaria en Zacatepec (Puebla)","author":"Admin","date":"3 junio, 2015","format":false,"excerpt":"H\u00e9ctor Tenorio \/ Diario CAmbio Alrededor de la 13:00 horas de este martes se llev\u00f3 acabo la asamblea en la comunidad de Santa Mar\u00eda Zacatepec en la cual se tocaron los temas de la reactivaci\u00f3n de la radio comunitaria, en donde asistieron la regidora de gobernaci\u00f3n Selene Agua y el\u2026","rel":"","context":"En &quot;Puebla&quot;","block_context":{"text":"Puebla","link":"https:\/\/www.grieta.org.mx\/index.php\/category\/noticias-nacionales\/puebla\/"},"img":{"alt_text":"","src":"https:\/\/i0.wp.com\/www.grieta.org.mx\/wp-content\/uploads\/2020\/03\/08591b49a0cd2403c3a6dd15ade7af60_L.jpg?resize=350%2C200&ssl=1","width":350,"height":200,"srcset":"https:\/\/i0.wp.com\/www.grieta.org.mx\/wp-content\/uploads\/2020\/03\/08591b49a0cd2403c3a6dd15ade7af60_L.jpg?resize=350%2C200&ssl=1 1x, https:\/\/i0.wp.com\/www.grieta.org.mx\/wp-content\/uploads\/2020\/03\/08591b49a0cd2403c3a6dd15ade7af60_L.jpg?resize=525%2C300&ssl=1 1.5x, https:\/\/i0.wp.com\/www.grieta.org.mx\/wp-content\/uploads\/2020\/03\/08591b49a0cd2403c3a6dd15ade7af60_L.jpg?resize=700%2C400&ssl=1 2x"},"classes":[]},{"id":45899,"url":"https:\/\/www.grieta.org.mx\/index.php\/2019\/11\/21\/amenazan-a-radio-de-zacatepec-por-difundir-conflicto-ambiental-puebla\/","url_meta":{"origin":45108,"position":1},"title":"Amenazan a radio de Zacatepec por difundir conflicto ambiental (Puebla)","author":"Admin","date":"21 noviembre, 2019","format":false,"excerpt":"Laura Ruiz \/ e- consulta El conflicto por el desag\u00fce de la zona industrial de Huejotzingo, en el municipio de Juan C. Bonilla, dej\u00f3 ya amenazas y da\u00f1os a quienes forman parte de la radio comunitaria de Santa Mar\u00eda Zacatepec. As\u00ed lo denunciaron este jueves integrantes de ese medio de\u2026","rel":"","context":"En &quot;MEGAPROYECTOS&quot;","block_context":{"text":"MEGAPROYECTOS","link":"https:\/\/www.grieta.org.mx\/index.php\/category\/megaproyectos\/"},"img":{"alt_text":"","src":"https:\/\/i0.wp.com\/www.grieta.org.mx\/wp-content\/uploads\/2020\/03\/radioscomunitarias-239832.jpg?resize=350%2C200&ssl=1","width":350,"height":200,"srcset":"https:\/\/i0.wp.com\/www.grieta.org.mx\/wp-content\/uploads\/2020\/03\/radioscomunitarias-239832.jpg?resize=350%2C200&ssl=1 1x, https:\/\/i0.wp.com\/www.grieta.org.mx\/wp-content\/uploads\/2020\/03\/radioscomunitarias-239832.jpg?resize=525%2C300&ssl=1 1.5x"},"classes":[]},{"id":45895,"url":"https:\/\/www.grieta.org.mx\/index.php\/2013\/11\/04\/a-fin-de-informar-al-pueblo-sobre-el-gasoducto-morelos-nace-radio-comunitaria-zacatepec-puebla\/","url_meta":{"origin":45108,"position":2},"title":"A fin de informar al pueblo sobre el Gasoducto Morelos nace Radio Comunitaria Zacatepec (Puebla)","author":"Admin","date":"4 noviembre, 2013","format":false,"excerpt":"Yadira Llaven Anzures \/ La Jornada de Oriente Con la finalidad de informar sobre el conflicto social que ha generado la instalaci\u00f3n del Gasoducto Morelos en sus tierras de cultivo, adem\u00e1s de rescatar las tradiciones y costumbres de la localidad, nace la Radio Comunitaria de Santa Mar\u00eda Zacatepec, en el\u2026","rel":"","context":"En &quot;MEGAPROYECTOS&quot;","block_context":{"text":"MEGAPROYECTOS","link":"https:\/\/www.grieta.org.mx\/index.php\/category\/megaproyectos\/"},"img":{"alt_text":"","src":"https:\/\/i0.wp.com\/www.grieta.org.mx\/wp-content\/uploads\/2020\/03\/RADIO-ZACATEPEC.jpg?resize=350%2C200&ssl=1","width":350,"height":200,"srcset":"https:\/\/i0.wp.com\/www.grieta.org.mx\/wp-content\/uploads\/2020\/03\/RADIO-ZACATEPEC.jpg?resize=350%2C200&ssl=1 1x, https:\/\/i0.wp.com\/www.grieta.org.mx\/wp-content\/uploads\/2020\/03\/RADIO-ZACATEPEC.jpg?resize=525%2C300&ssl=1 1.5x, https:\/\/i0.wp.com\/www.grieta.org.mx\/wp-content\/uploads\/2020\/03\/RADIO-ZACATEPEC.jpg?resize=700%2C400&ssl=1 2x"},"classes":[]},{"id":45902,"url":"https:\/\/www.grieta.org.mx\/index.php\/2014\/08\/05\/desmantelan-dos-estaciones-de-radio-comunitarias-en-puebla\/","url_meta":{"origin":45108,"position":3},"title":"Desmantelan dos estaciones de radio comunitarias en Puebla","author":"Admin","date":"5 agosto, 2014","format":false,"excerpt":"Gabriela Hern\u00e1ndez \/ Proceso PUEBLA, Pue. (apro).- Representantes del Instituto Federal de Telecomunicaciones (Ifetel), apoyados por elementos de la Polic\u00eda Federal vestidos de civil, desmantelaron las radios comunitarias de los pueblos Santa Mar\u00eda Zacatepec y San Bernardino Tlaxcalancingo. En un operativo realizado la noche de ayer y que incluy\u00f3 el\u2026","rel":"","context":"En &quot;MEGAPROYECTOS&quot;","block_context":{"text":"MEGAPROYECTOS","link":"https:\/\/www.grieta.org.mx\/index.php\/category\/megaproyectos\/"},"img":{"alt_text":"","src":"https:\/\/i0.wp.com\/www.grieta.org.mx\/wp-content\/uploads\/2020\/03\/Radio-comunitarias-Tomada-de-La-Jornada-de-Oriente.jpg?resize=350%2C200&ssl=1","width":350,"height":200,"srcset":"https:\/\/i0.wp.com\/www.grieta.org.mx\/wp-content\/uploads\/2020\/03\/Radio-comunitarias-Tomada-de-La-Jornada-de-Oriente.jpg?resize=350%2C200&ssl=1 1x, https:\/\/i0.wp.com\/www.grieta.org.mx\/wp-content\/uploads\/2020\/03\/Radio-comunitarias-Tomada-de-La-Jornada-de-Oriente.jpg?resize=525%2C300&ssl=1 1.5x"},"classes":[]},{"id":23574,"url":"https:\/\/www.grieta.org.mx\/index.php\/2018\/06\/04\/radios-comunitarias-denuncian-hostigamiento-de-bandas-criminales-en-puebla\/","url_meta":{"origin":45108,"position":4},"title":"Radios comunitarias denuncian hostigamiento de bandas criminales en Puebla","author":"grieta","date":"4 junio, 2018","format":false,"excerpt":"Por Gabriela Hern\u00e1ndez, Proceso PUEBLA, Pue. (apro).- Al participar en una protesta ante la delegaci\u00f3n estatal de la PGR, representantes de radios comunitarias que operan en la zona conocida como el \u201cTri\u00e1ngulo Rojo\u201d denunciaron el hostigamiento y acoso que sufren por parte de grupos delictivos. Hilario Cruz, de Radio Xalli,\u2026","rel":"","context":"En &quot;CINTILLO&quot;","block_context":{"text":"CINTILLO","link":"https:\/\/www.grieta.org.mx\/index.php\/category\/cintillo\/"},"img":{"alt_text":"","src":"https:\/\/i0.wp.com\/www.grieta.org.mx\/wp-content\/uploads\/2018\/03\/14524434_1106112876131411_958039263622046936_o.jpg?resize=350%2C200&ssl=1","width":350,"height":200,"srcset":"https:\/\/i0.wp.com\/www.grieta.org.mx\/wp-content\/uploads\/2018\/03\/14524434_1106112876131411_958039263622046936_o.jpg?resize=350%2C200&ssl=1 1x, https:\/\/i0.wp.com\/www.grieta.org.mx\/wp-content\/uploads\/2018\/03\/14524434_1106112876131411_958039263622046936_o.jpg?resize=525%2C300&ssl=1 1.5x, https:\/\/i0.wp.com\/www.grieta.org.mx\/wp-content\/uploads\/2018\/03\/14524434_1106112876131411_958039263622046936_o.jpg?resize=700%2C400&ssl=1 2x"},"classes":[]},{"id":45891,"url":"https:\/\/www.grieta.org.mx\/index.php\/2016\/04\/24\/radio-zacatepec-sigue-siendo-criminalizada-por-el-estado-puebla\/","url_meta":{"origin":45108,"position":5},"title":"Radio Zacatepec sigue siendo criminalizada por el Estado (Puebla)","author":"Admin","date":"24 abril, 2016","format":false,"excerpt":"Aranzaz\u00fa Ayala Mart\u00ednez \/ Lado B Zacatepec es una comunidad atravesada por la carretera federal Puebla-M\u00e9xico y al aeropuerto internacional de Huejotzingo. Por sus tierras tambi\u00e9n corre el trazo del Gasoducto Morelos, esa larga serpiente de metal que lleva en sus entra\u00f1as gas a trav\u00e9s de una zona considerada de\u2026","rel":"","context":"En &quot;Autonom\u00edas&quot;","block_context":{"text":"Autonom\u00edas","link":"https:\/\/www.grieta.org.mx\/index.php\/category\/resistencias\/autonomias\/"},"img":{"alt_text":"","src":"https:\/\/i0.wp.com\/www.grieta.org.mx\/wp-content\/uploads\/2020\/03\/B1-75-700x466.jpg?resize=350%2C200&ssl=1","width":350,"height":200,"srcset":"https:\/\/i0.wp.com\/www.grieta.org.mx\/wp-content\/uploads\/2020\/03\/B1-75-700x466.jpg?resize=350%2C200&ssl=1 1x, https:\/\/i0.wp.com\/www.grieta.org.mx\/wp-content\/uploads\/2020\/03\/B1-75-700x466.jpg?resize=525%2C300&ssl=1 1.5x, https:\/\/i0.wp.com\/www.grieta.org.mx\/wp-content\/uploads\/2020\/03\/B1-75-700x466.jpg?resize=700%2C400&ssl=1 2x"},"classes":[]}],"_links":{"self":[{"href":"https:\/\/www.grieta.org.mx\/index.php\/wp-json\/wp\/v2\/posts\/45108","targetHints":{"allow":["GET"]}}],"collection":[{"href":"https:\/\/www.grieta.org.mx\/index.php\/wp-json\/wp\/v2\/posts"}],"about":[{"href":"https:\/\/www.grieta.org.mx\/index.php\/wp-json\/wp\/v2\/types\/post"}],"author":[{"embeddable":true,"href":"https:\/\/www.grieta.org.mx\/index.php\/wp-json\/wp\/v2\/users\/1"}],"replies":[{"embeddable":true,"href":"https:\/\/www.grieta.org.mx\/index.php\/wp-json\/wp\/v2\/comments?post=45108"}],"version-history":[{"count":1,"href":"https:\/\/www.grieta.org.mx\/index.php\/wp-json\/wp\/v2\/posts\/45108\/revisions"}],"predecessor-version":[{"id":45111,"href":"https:\/\/www.grieta.org.mx\/index.php\/wp-json\/wp\/v2\/posts\/45108\/revisions\/45111"}],"wp:featuredmedia":[{"embeddable":true,"href":"https:\/\/www.grieta.org.mx\/index.php\/wp-json\/wp\/v2\/media\/45110"}],"wp:attachment":[{"href":"https:\/\/www.grieta.org.mx\/index.php\/wp-json\/wp\/v2\/media?parent=45108"}],"wp:term":[{"taxonomy":"category","embeddable":true,"href":"https:\/\/www.grieta.org.mx\/index.php\/wp-json\/wp\/v2\/categories?post=45108"},{"taxonomy":"post_tag","embeddable":true,"href":"https:\/\/www.grieta.org.mx\/index.php\/wp-json\/wp\/v2\/tags?post=45108"}],"curies":[{"name":"wp","href":"https:\/\/api.w.org\/{rel}","templated":true}]}}