{"id":45092,"date":"2020-02-12T10:54:30","date_gmt":"2020-02-12T16:54:30","guid":{"rendered":"http:\/\/www.grieta.org.mx\/?p=45092"},"modified":"2020-02-25T11:05:56","modified_gmt":"2020-02-25T17:05:56","slug":"gobierno-se-guarda-cuatro-concesiones-mineras-de-litio-sonora-jalisco-y-puebla","status":"publish","type":"post","link":"https:\/\/www.grieta.org.mx\/index.php\/2020\/02\/12\/gobierno-se-guarda-cuatro-concesiones-mineras-de-litio-sonora-jalisco-y-puebla\/","title":{"rendered":"Gobierno se &#8216;guarda&#8217; cuatro concesiones mineras de litio (Sonora, Jalisco y Puebla)"},"content":{"rendered":"<p><a href=\"http:\/\/www.grieta.org.mx\/wp-content\/uploads\/2020\/02\/Captura-de-pantalla-2020-02-25-a-las-10.58.15-a.m..png\"><img loading=\"lazy\" decoding=\"async\" data-attachment-id=\"45094\" data-permalink=\"https:\/\/www.grieta.org.mx\/index.php\/2020\/02\/12\/gobierno-se-guarda-cuatro-concesiones-mineras-de-litio-sonora-jalisco-y-puebla\/captura-de-pantalla-2020-02-25-a-las-10-58-15-a-m\/\" data-orig-file=\"https:\/\/www.grieta.org.mx\/wp-content\/uploads\/2020\/02\/Captura-de-pantalla-2020-02-25-a-las-10.58.15-a.m..png\" data-orig-size=\"760,430\" data-comments-opened=\"0\" data-image-meta=\"{&quot;aperture&quot;:&quot;0&quot;,&quot;credit&quot;:&quot;&quot;,&quot;camera&quot;:&quot;&quot;,&quot;caption&quot;:&quot;&quot;,&quot;created_timestamp&quot;:&quot;0&quot;,&quot;copyright&quot;:&quot;&quot;,&quot;focal_length&quot;:&quot;0&quot;,&quot;iso&quot;:&quot;0&quot;,&quot;shutter_speed&quot;:&quot;0&quot;,&quot;title&quot;:&quot;&quot;,&quot;orientation&quot;:&quot;0&quot;}\" data-image-title=\"Captura de pantalla 2020-02-25 a las 10.58.15 a.m.\" data-image-description=\"\" data-image-caption=\"\" data-medium-file=\"https:\/\/www.grieta.org.mx\/wp-content\/uploads\/2020\/02\/Captura-de-pantalla-2020-02-25-a-las-10.58.15-a.m.-300x170.png\" data-large-file=\"https:\/\/www.grieta.org.mx\/wp-content\/uploads\/2020\/02\/Captura-de-pantalla-2020-02-25-a-las-10.58.15-a.m..png\" class=\"aligncenter wp-image-45094\" src=\"http:\/\/www.grieta.org.mx\/wp-content\/uploads\/2020\/02\/Captura-de-pantalla-2020-02-25-a-las-10.58.15-a.m..png\" alt=\"\" width=\"800\" height=\"453\" srcset=\"https:\/\/www.grieta.org.mx\/wp-content\/uploads\/2020\/02\/Captura-de-pantalla-2020-02-25-a-las-10.58.15-a.m..png 760w, https:\/\/www.grieta.org.mx\/wp-content\/uploads\/2020\/02\/Captura-de-pantalla-2020-02-25-a-las-10.58.15-a.m.-300x170.png 300w\" sizes=\"auto, (max-width: 800px) 100vw, 800px\" \/><\/a><\/p>\n<p>Axel S\u00e1nchez \/ El Financiero<\/p>\n<p>El Gobierno federal reserv\u00f3 cuatro concesiones mineras de litio para que el Servicio Geol\u00f3gico Mexicano (SGM) realice la exploraci\u00f3n necesaria debido al alto inter\u00e9s de inversionistas nacionales y extranjeros por extraer ese material, dijo este mi\u00e9rcoles Francisco Quiroga, subsecretario de Miner\u00eda en la Secretar\u00eda de Econom\u00eda.<\/p>\n<p>Dos de estas minas est\u00e1n en Sonora, mientras que una est\u00e1 en Jalisco y otra en Puebla, a\u00f1adi\u00f3 el funcionario.<\/p>\n<p>&#8220;Estamos evaluando las mejores opciones para el uso de las minas, todo depender\u00e1 de los resultados de la exploraci\u00f3n&#8221;, explic\u00f3.<\/p>\n<p>Entre las opciones se considera que el sector privado pueda participar en la extracci\u00f3n de litio de estas minas.<\/p>\n<p>Aclar\u00f3 que ya est\u00e1n en operaci\u00f3n tres concesiones relacionadas con ese material. Est\u00e1 el caso de Bacanora Lithium, firma de capital australiano y con apoyo de una compa\u00f1\u00eda asi\u00e1tica de tecnolog\u00eda, as\u00ed como el de una mina en Baja California y otra m\u00e1s en San Luis Potos\u00ed.<\/p>\n<p>Agreg\u00f3 que tienen informaci\u00f3n de cu\u00e1nto podr\u00edan estar invirtiendo est\u00e1s empresas, &#8220;pero no podemos decirlo porque estar\u00edamos avalando un capital que no tenemos certeza&#8221;.<\/p>\n<p>El 22 de enero, el presidente Andr\u00e9s Manuel L\u00f3pez Obrador adelant\u00f3 que la administraci\u00f3n federal no entregar\u00eda nuevas concesiones para la explotaci\u00f3n de ese material.<\/p>\n<p>&#8220;Por lo pronto no estamos entregando concesiones, estamos revisando el uso que se le est\u00e1 dando a las concesiones que se otorgaron, porque fue excesivo lo de la entrega de concesiones, sobre todo para la miner\u00eda&#8221;, mencion\u00f3 en su conferencia de prensa desde Palacio Nacional.<\/p>\n<p>V\u00edctor Manuel Toledo, secretario de Medio Ambiente y Recursos Naturales (Semarnat), calific\u00f3 este elemento como el &#8220;nuevo petr\u00f3leo&#8221; para M\u00e9xico al agregar que el pa\u00eds tiene grandes yacimientos.<\/p>\n<p>&#8220;El litio va a ser el nuevo petr\u00f3leo, es la base no \u00fanicamente de las computadoras sino de los acumuladores&#8221;, dijo el funcionario.<br \/>\nEsperan resoluci\u00f3n sobre Fondo Minero<\/p>\n<p>Quiroga a\u00f1adi\u00f3 que las autoridades est\u00e1n a la espera de que la Suprema Corte de Justicia de la Naci\u00f3n (SCJN) avale las nuevas reglas en el uso de los recursos del Fondo Minero, el cual recaud\u00f3 alrededor de 3 mil 600 millones de pesos en 2019.<\/p>\n<p>&#8220;Estamos trabajando en consensos para mejorar la actividad minera y social, y que esta controversia no secuestre la agenda de la federaci\u00f3n con Estados y municipios&#8221;, indic\u00f3.<\/p>\n<p>El a\u00f1o pasado, algunos gobiernos municipales presentaron una controversia ante la Suprema Corte sobre qui\u00e9n debe administrar los recursos del Fondo, lo cual ocasiona que los recursos est\u00e9n detenidos.<\/p>\n<p><a href=\"https:\/\/www.elfinanciero.com.mx\/empresas\/gobierno-se-guarda-cuatro-concesiones-mineras-de-litio\">https:\/\/www.elfinanciero.com.mx\/empresas\/gobierno-se-guarda-cuatro-concesiones-mineras-de-litio<\/a><\/p>\n","protected":false},"excerpt":{"rendered":"<p>Axel S\u00e1nchez \/ El Financiero El Gobierno federal reserv\u00f3 cuatro concesiones mineras de litio para que el Servicio Geol\u00f3gico Mexicano (SGM) realice la exploraci\u00f3n necesaria debido al alto inter\u00e9s de &hellip; <a href=\"https:\/\/www.grieta.org.mx\/index.php\/2020\/02\/12\/gobierno-se-guarda-cuatro-concesiones-mineras-de-litio-sonora-jalisco-y-puebla\/\" class=\"more-link\">Leer m\u00e1s<\/a><\/p>\n","protected":false},"author":1,"featured_media":45094,"comment_status":"closed","ping_status":"closed","sticky":false,"template":"","format":"standard","meta":{"ngg_post_thumbnail":0,"_jetpack_newsletter_access":"","_jetpack_dont_email_post_to_subs":false,"_jetpack_newsletter_tier_id":0,"_jetpack_memberships_contains_paywalled_content":false,"_jetpack_memberships_contains_paid_content":false,"footnotes":""},"categories":[80,2993,20,3,6,1024,2215,26,31],"tags":[2216,221,3047],"class_list":["post-45092","post","type-post","status-publish","format-standard","has-post-thumbnail","hentry","category-cintillo","category-conflictos-mineros-en-jalisco","category-jalisco","category-megaproyectos","category-mineria","category-mineria-en-puebla","category-mineria-en-sonora","category-puebla","category-sonora","tag-conflictos-por-mineria","tag-energia-renovable","tag-litio","entry"],"jetpack_featured_media_url":"https:\/\/www.grieta.org.mx\/wp-content\/uploads\/2020\/02\/Captura-de-pantalla-2020-02-25-a-las-10.58.15-a.m..png","jetpack_sharing_enabled":true,"jetpack_shortlink":"https:\/\/wp.me\/p7ZJR4-bJi","jetpack_likes_enabled":false,"jetpack-related-posts":[{"id":29888,"url":"https:\/\/www.grieta.org.mx\/index.php\/2019\/03\/02\/mineria-y-energia-detonan-879-conflictos-en-mexico-los-ligan-al-crimen-empresas-y-gobiernos\/","url_meta":{"origin":45092,"position":0},"title":"Miner\u00eda y energ\u00eda detonan 879 conflictos en M\u00e9xico; los ligan al crimen, empresas y gobiernos","author":"grieta","date":"2 marzo, 2019","format":false,"excerpt":"Redacci\u00f3n\/SIN EMBARGO El informe realizado por Gisela Zaremberg (de Flacso) y Valeria Guarneros-Meza (de la inglesa Montfort University) detalla que en los conflictos derivados por proyectos mineros, las empresas m\u00e1s involucradas son: Grupo M\u00e9xico (con 30 casos registrados); Ternium (con 25); Goldcorp Inc (con 22); Grupo Frisco (con 18); Almaden\u2026","rel":"","context":"En &quot;Chihuahua&quot;","block_context":{"text":"Chihuahua","link":"https:\/\/www.grieta.org.mx\/index.php\/category\/noticias-nacionales\/chihuahua\/"},"img":{"alt_text":"","src":"https:\/\/i0.wp.com\/www.grieta.org.mx\/wp-content\/uploads\/2019\/03\/mapa-mineria.png?resize=350%2C200&ssl=1","width":350,"height":200,"srcset":"https:\/\/i0.wp.com\/www.grieta.org.mx\/wp-content\/uploads\/2019\/03\/mapa-mineria.png?resize=350%2C200&ssl=1 1x, https:\/\/i0.wp.com\/www.grieta.org.mx\/wp-content\/uploads\/2019\/03\/mapa-mineria.png?resize=525%2C300&ssl=1 1.5x, https:\/\/i0.wp.com\/www.grieta.org.mx\/wp-content\/uploads\/2019\/03\/mapa-mineria.png?resize=700%2C400&ssl=1 2x"},"classes":[]},{"id":7644,"url":"https:\/\/www.grieta.org.mx\/index.php\/2016\/08\/22\/conflictos-mineros-en-puebla\/","url_meta":{"origin":45092,"position":1},"title":"Conflictos mineros en Puebla","author":"grieta","date":"22 agosto, 2016","format":false,"excerpt":"22\/08\/16. Ejidatarios antorchistas liberan acceso a mina La Campa, en Chietla (Puebla) Municipios Puebla 16\/08\/16. Temen ejidatarios de Chietla nuevo intento de desalojo por bloqueo en mina La Campa (Puebla) Municipios Puebla 06\/01\/16. Puebla, entre los estados con m\u00e1s ataques a ambientalistas Proceso 18\/12\/15. 440 concesiones mineras devastan el 66%\u2026","rel":"","context":"En &quot;Puebla&quot;","block_context":{"text":"Puebla","link":"https:\/\/www.grieta.org.mx\/index.php\/category\/noticias-nacionales\/puebla\/"},"img":{"alt_text":"","src":"https:\/\/i0.wp.com\/www.grieta.org.mx\/wp-content\/uploads\/2018\/03\/14524434_1106112876131411_958039263622046936_o.jpg?resize=350%2C200&ssl=1","width":350,"height":200,"srcset":"https:\/\/i0.wp.com\/www.grieta.org.mx\/wp-content\/uploads\/2018\/03\/14524434_1106112876131411_958039263622046936_o.jpg?resize=350%2C200&ssl=1 1x, https:\/\/i0.wp.com\/www.grieta.org.mx\/wp-content\/uploads\/2018\/03\/14524434_1106112876131411_958039263622046936_o.jpg?resize=525%2C300&ssl=1 1.5x, https:\/\/i0.wp.com\/www.grieta.org.mx\/wp-content\/uploads\/2018\/03\/14524434_1106112876131411_958039263622046936_o.jpg?resize=700%2C400&ssl=1 2x"},"classes":[]},{"id":28462,"url":"https:\/\/www.grieta.org.mx\/index.php\/2018\/12\/18\/pobladores-nahuas-denuncian-concesiones-mineras-que-violan-la-ley-puebla\/","url_meta":{"origin":45092,"position":2},"title":"Pobladores nahuas denuncian concesiones mineras que violan la ley (Puebla)","author":"grieta","date":"18 diciembre, 2018","format":false,"excerpt":"Luis Francisco Quiroga, nuevo subsecretario de Miner\u00eda, apoy\u00f3 un proyecto minero por el que la Secretar\u00eda de Econom\u00eda, de la que \u00e9l es representante, est\u00e1 demandada. El amparo, promovido por una comunidad de Puebla, es por el otorgamiento de dos concesiones mineras para las que no se consult\u00f3 a los\u2026","rel":"","context":"En &quot;26. Sierra Puebla&quot;","block_context":{"text":"26. Sierra Puebla","link":"https:\/\/www.grieta.org.mx\/index.php\/category\/espejos-de-la-resistencia\/26-sierra-puebla\/"},"img":{"alt_text":"","src":"https:\/\/i0.wp.com\/www.grieta.org.mx\/wp-content\/uploads\/2019\/01\/direct-13.jpg?resize=350%2C200&ssl=1","width":350,"height":200,"srcset":"https:\/\/i0.wp.com\/www.grieta.org.mx\/wp-content\/uploads\/2019\/01\/direct-13.jpg?resize=350%2C200&ssl=1 1x, https:\/\/i0.wp.com\/www.grieta.org.mx\/wp-content\/uploads\/2019\/01\/direct-13.jpg?resize=525%2C300&ssl=1 1.5x, https:\/\/i0.wp.com\/www.grieta.org.mx\/wp-content\/uploads\/2019\/01\/direct-13.jpg?resize=700%2C400&ssl=1 2x"},"classes":[]},{"id":57161,"url":"https:\/\/www.grieta.org.mx\/index.php\/2021\/02\/16\/bacanora-inicia-la-construccion-de-su-planta-de-litio-en-sonora\/","url_meta":{"origin":45092,"position":3},"title":"Bacanora inicia la construcci\u00f3n de su planta de litio en Sonora","author":"grieta","date":"16 febrero, 2021","format":false,"excerpt":"La empresa anunci\u00f3 a sus inversionistas que ya recaud\u00f3 el dinero para iniciar el proyecto, y que las obras comenzaron la semana pasada. Especialistas advierten de la especulaci\u00f3n con la extracci\u00f3n de metal, llamado \u00abel oro blanco\u00bb Texto: Daniela Pastrana y Jos\u00e9 Ignacio De Alba Foto: Especial y Talison Lithium\u2026","rel":"","context":"En &quot;CINTILLO&quot;","block_context":{"text":"CINTILLO","link":"https:\/\/www.grieta.org.mx\/index.php\/category\/cintillo\/"},"img":{"alt_text":"","src":"https:\/\/i0.wp.com\/www.grieta.org.mx\/wp-content\/uploads\/2021\/02\/Especial_BacanoraLitoum3.jpg?resize=350%2C200&ssl=1","width":350,"height":200,"srcset":"https:\/\/i0.wp.com\/www.grieta.org.mx\/wp-content\/uploads\/2021\/02\/Especial_BacanoraLitoum3.jpg?resize=350%2C200&ssl=1 1x, https:\/\/i0.wp.com\/www.grieta.org.mx\/wp-content\/uploads\/2021\/02\/Especial_BacanoraLitoum3.jpg?resize=525%2C300&ssl=1 1.5x, https:\/\/i0.wp.com\/www.grieta.org.mx\/wp-content\/uploads\/2021\/02\/Especial_BacanoraLitoum3.jpg?resize=700%2C400&ssl=1 2x"},"classes":[]},{"id":15909,"url":"https:\/\/www.grieta.org.mx\/index.php\/2016\/05\/18\/mineria-en-jalisco\/","url_meta":{"origin":45092,"position":4},"title":"Conflictos mineros en Jalisco","author":"grieta","date":"18 mayo, 2016","format":false,"excerpt":"18\/05\/16. Para las mineras, las llaves abiertasM\u00e1s por M\u00e1s Guadalajara\/Cr\u00f3nica de Sociales","rel":"","context":"En &quot;Jalisco&quot;","block_context":{"text":"Jalisco","link":"https:\/\/www.grieta.org.mx\/index.php\/category\/noticias-nacionales\/jalisco\/"},"img":{"alt_text":"","src":"https:\/\/i0.wp.com\/www.grieta.org.mx\/wp-content\/uploads\/2018\/03\/14524434_1106112876131411_958039263622046936_o.jpg?resize=350%2C200&ssl=1","width":350,"height":200,"srcset":"https:\/\/i0.wp.com\/www.grieta.org.mx\/wp-content\/uploads\/2018\/03\/14524434_1106112876131411_958039263622046936_o.jpg?resize=350%2C200&ssl=1 1x, https:\/\/i0.wp.com\/www.grieta.org.mx\/wp-content\/uploads\/2018\/03\/14524434_1106112876131411_958039263622046936_o.jpg?resize=525%2C300&ssl=1 1.5x, https:\/\/i0.wp.com\/www.grieta.org.mx\/wp-content\/uploads\/2018\/03\/14524434_1106112876131411_958039263622046936_o.jpg?resize=700%2C400&ssl=1 2x"},"classes":[]},{"id":38121,"url":"https:\/\/www.grieta.org.mx\/index.php\/2019\/08\/21\/riesgo-de-represion-contra-opositores-a-minas-en-puebla-alerta-rema\/","url_meta":{"origin":45092,"position":5},"title":"Riesgo de represi\u00f3n contra opositores a minas en Puebla, alerta REMA","author":"Admin","date":"21 agosto, 2019","format":false,"excerpt":"Laura Ruiz \/ e-consulta La Red Mexicana de Afectados por la Miner\u00eda (REMA) consider\u00f3 a Puebla como una de las entidades en riesgo de represi\u00f3n social e hizo un llamado al presidente Andr\u00e9s Manuel L\u00f3pez Obrador para atender los conflictos de esa industria. Luego de que hace unos d\u00edas el\u2026","rel":"","context":"En &quot;CINTILLO&quot;","block_context":{"text":"CINTILLO","link":"https:\/\/www.grieta.org.mx\/index.php\/category\/cintillo\/"},"img":{"alt_text":"","src":"https:\/\/i0.wp.com\/www.grieta.org.mx\/wp-content\/uploads\/2019\/08\/minais.jpg?resize=350%2C200&ssl=1","width":350,"height":200,"srcset":"https:\/\/i0.wp.com\/www.grieta.org.mx\/wp-content\/uploads\/2019\/08\/minais.jpg?resize=350%2C200&ssl=1 1x, https:\/\/i0.wp.com\/www.grieta.org.mx\/wp-content\/uploads\/2019\/08\/minais.jpg?resize=525%2C300&ssl=1 1.5x"},"classes":[]}],"_links":{"self":[{"href":"https:\/\/www.grieta.org.mx\/index.php\/wp-json\/wp\/v2\/posts\/45092","targetHints":{"allow":["GET"]}}],"collection":[{"href":"https:\/\/www.grieta.org.mx\/index.php\/wp-json\/wp\/v2\/posts"}],"about":[{"href":"https:\/\/www.grieta.org.mx\/index.php\/wp-json\/wp\/v2\/types\/post"}],"author":[{"embeddable":true,"href":"https:\/\/www.grieta.org.mx\/index.php\/wp-json\/wp\/v2\/users\/1"}],"replies":[{"embeddable":true,"href":"https:\/\/www.grieta.org.mx\/index.php\/wp-json\/wp\/v2\/comments?post=45092"}],"version-history":[{"count":1,"href":"https:\/\/www.grieta.org.mx\/index.php\/wp-json\/wp\/v2\/posts\/45092\/revisions"}],"predecessor-version":[{"id":45095,"href":"https:\/\/www.grieta.org.mx\/index.php\/wp-json\/wp\/v2\/posts\/45092\/revisions\/45095"}],"wp:featuredmedia":[{"embeddable":true,"href":"https:\/\/www.grieta.org.mx\/index.php\/wp-json\/wp\/v2\/media\/45094"}],"wp:attachment":[{"href":"https:\/\/www.grieta.org.mx\/index.php\/wp-json\/wp\/v2\/media?parent=45092"}],"wp:term":[{"taxonomy":"category","embeddable":true,"href":"https:\/\/www.grieta.org.mx\/index.php\/wp-json\/wp\/v2\/categories?post=45092"},{"taxonomy":"post_tag","embeddable":true,"href":"https:\/\/www.grieta.org.mx\/index.php\/wp-json\/wp\/v2\/tags?post=45092"}],"curies":[{"name":"wp","href":"https:\/\/api.w.org\/{rel}","templated":true}]}}