{"id":45005,"date":"2020-02-23T11:39:49","date_gmt":"2020-02-23T17:39:49","guid":{"rendered":"http:\/\/www.grieta.org.mx\/?p=45005"},"modified":"2020-02-24T11:57:40","modified_gmt":"2020-02-24T17:57:40","slug":"galeria-de-fotos-de-accion-dislocada-en-morelia-jornadas-samir-somos-todas-y-todos","status":"publish","type":"post","link":"https:\/\/www.grieta.org.mx\/index.php\/2020\/02\/23\/galeria-de-fotos-de-accion-dislocada-en-morelia-jornadas-samir-somos-todas-y-todos\/","title":{"rendered":"Galer\u00eda de fotos de acci\u00f3n dislocada en Morelia. Jornadas \u201cSamir Somos Todas y Todos\u201d"},"content":{"rendered":"<p>Colectivo Grieta<\/p>\n<p>Galer\u00eda de fotos de actividades informativas en Morelia:<br \/>\n&#8211; Pegas de infografias y stikers en la Universidad Michoacana UMSNH y en el Centro de Morelia.<br \/>\n&#8211; Proyecciones en la Casa Multiversidad de la Vida, sobre el Proyecto Integral de Morelos.<\/p>\n<p><a href=\"http:\/\/www.grieta.org.mx\/wp-content\/uploads\/2020\/02\/12.jpeg\"><img loading=\"lazy\" decoding=\"async\" data-attachment-id=\"45009\" data-permalink=\"https:\/\/www.grieta.org.mx\/index.php\/2020\/02\/23\/galeria-de-fotos-de-accion-dislocada-en-morelia-jornadas-samir-somos-todas-y-todos\/12-5\/\" data-orig-file=\"https:\/\/www.grieta.org.mx\/wp-content\/uploads\/2020\/02\/12.jpeg\" data-orig-size=\"960,1280\" data-comments-opened=\"0\" data-image-meta=\"{&quot;aperture&quot;:&quot;0&quot;,&quot;credit&quot;:&quot;&quot;,&quot;camera&quot;:&quot;&quot;,&quot;caption&quot;:&quot;&quot;,&quot;created_timestamp&quot;:&quot;0&quot;,&quot;copyright&quot;:&quot;&quot;,&quot;focal_length&quot;:&quot;0&quot;,&quot;iso&quot;:&quot;0&quot;,&quot;shutter_speed&quot;:&quot;0&quot;,&quot;title&quot;:&quot;&quot;,&quot;orientation&quot;:&quot;0&quot;}\" data-image-title=\"12\" data-image-description=\"\" data-image-caption=\"\" data-medium-file=\"https:\/\/www.grieta.org.mx\/wp-content\/uploads\/2020\/02\/12-225x300.jpeg\" data-large-file=\"https:\/\/www.grieta.org.mx\/wp-content\/uploads\/2020\/02\/12-768x1024.jpeg\" class=\"aligncenter wp-image-45009\" src=\"http:\/\/www.grieta.org.mx\/wp-content\/uploads\/2020\/02\/12.jpeg\" alt=\"\" width=\"800\" height=\"1067\" srcset=\"https:\/\/www.grieta.org.mx\/wp-content\/uploads\/2020\/02\/12.jpeg 960w, https:\/\/www.grieta.org.mx\/wp-content\/uploads\/2020\/02\/12-225x300.jpeg 225w, https:\/\/www.grieta.org.mx\/wp-content\/uploads\/2020\/02\/12-768x1024.jpeg 768w, https:\/\/www.grieta.org.mx\/wp-content\/uploads\/2020\/02\/12-375x500.jpeg 375w\" sizes=\"auto, (max-width: 800px) 100vw, 800px\" \/><\/a><\/p>\n<p><a href=\"http:\/\/www.grieta.org.mx\/wp-content\/uploads\/2020\/02\/13.jpeg\"><img loading=\"lazy\" decoding=\"async\" data-attachment-id=\"45010\" data-permalink=\"https:\/\/www.grieta.org.mx\/index.php\/2020\/02\/23\/galeria-de-fotos-de-accion-dislocada-en-morelia-jornadas-samir-somos-todas-y-todos\/13-4\/\" data-orig-file=\"https:\/\/www.grieta.org.mx\/wp-content\/uploads\/2020\/02\/13.jpeg\" data-orig-size=\"1280,960\" data-comments-opened=\"0\" data-image-meta=\"{&quot;aperture&quot;:&quot;0&quot;,&quot;credit&quot;:&quot;&quot;,&quot;camera&quot;:&quot;&quot;,&quot;caption&quot;:&quot;&quot;,&quot;created_timestamp&quot;:&quot;0&quot;,&quot;copyright&quot;:&quot;&quot;,&quot;focal_length&quot;:&quot;0&quot;,&quot;iso&quot;:&quot;0&quot;,&quot;shutter_speed&quot;:&quot;0&quot;,&quot;title&quot;:&quot;&quot;,&quot;orientation&quot;:&quot;0&quot;}\" data-image-title=\"13\" data-image-description=\"\" data-image-caption=\"\" data-medium-file=\"https:\/\/www.grieta.org.mx\/wp-content\/uploads\/2020\/02\/13-300x225.jpeg\" data-large-file=\"https:\/\/www.grieta.org.mx\/wp-content\/uploads\/2020\/02\/13-1024x768.jpeg\" class=\"aligncenter wp-image-45010\" src=\"http:\/\/www.grieta.org.mx\/wp-content\/uploads\/2020\/02\/13.jpeg\" alt=\"\" width=\"800\" height=\"600\" srcset=\"https:\/\/www.grieta.org.mx\/wp-content\/uploads\/2020\/02\/13.jpeg 1280w, https:\/\/www.grieta.org.mx\/wp-content\/uploads\/2020\/02\/13-300x225.jpeg 300w, https:\/\/www.grieta.org.mx\/wp-content\/uploads\/2020\/02\/13-768x576.jpeg 768w, https:\/\/www.grieta.org.mx\/wp-content\/uploads\/2020\/02\/13-1024x768.jpeg 1024w, https:\/\/www.grieta.org.mx\/wp-content\/uploads\/2020\/02\/13-667x500.jpeg 667w\" sizes=\"auto, (max-width: 800px) 100vw, 800px\" \/><\/a><\/p>\n<p><a href=\"http:\/\/www.grieta.org.mx\/wp-content\/uploads\/2020\/02\/10.jpeg\"><img loading=\"lazy\" decoding=\"async\" data-attachment-id=\"45011\" data-permalink=\"https:\/\/www.grieta.org.mx\/index.php\/2020\/02\/23\/galeria-de-fotos-de-accion-dislocada-en-morelia-jornadas-samir-somos-todas-y-todos\/10-13\/\" data-orig-file=\"https:\/\/www.grieta.org.mx\/wp-content\/uploads\/2020\/02\/10.jpeg\" data-orig-size=\"1280,960\" data-comments-opened=\"0\" data-image-meta=\"{&quot;aperture&quot;:&quot;0&quot;,&quot;credit&quot;:&quot;&quot;,&quot;camera&quot;:&quot;&quot;,&quot;caption&quot;:&quot;&quot;,&quot;created_timestamp&quot;:&quot;0&quot;,&quot;copyright&quot;:&quot;&quot;,&quot;focal_length&quot;:&quot;0&quot;,&quot;iso&quot;:&quot;0&quot;,&quot;shutter_speed&quot;:&quot;0&quot;,&quot;title&quot;:&quot;&quot;,&quot;orientation&quot;:&quot;0&quot;}\" data-image-title=\"10\" data-image-description=\"\" data-image-caption=\"\" data-medium-file=\"https:\/\/www.grieta.org.mx\/wp-content\/uploads\/2020\/02\/10-300x225.jpeg\" data-large-file=\"https:\/\/www.grieta.org.mx\/wp-content\/uploads\/2020\/02\/10-1024x768.jpeg\" class=\"aligncenter wp-image-45011\" src=\"http:\/\/www.grieta.org.mx\/wp-content\/uploads\/2020\/02\/10.jpeg\" alt=\"\" width=\"800\" height=\"600\" srcset=\"https:\/\/www.grieta.org.mx\/wp-content\/uploads\/2020\/02\/10.jpeg 1280w, https:\/\/www.grieta.org.mx\/wp-content\/uploads\/2020\/02\/10-300x225.jpeg 300w, https:\/\/www.grieta.org.mx\/wp-content\/uploads\/2020\/02\/10-768x576.jpeg 768w, https:\/\/www.grieta.org.mx\/wp-content\/uploads\/2020\/02\/10-1024x768.jpeg 1024w, https:\/\/www.grieta.org.mx\/wp-content\/uploads\/2020\/02\/10-667x500.jpeg 667w\" sizes=\"auto, (max-width: 800px) 100vw, 800px\" \/><\/a><\/p>\n<p><a href=\"http:\/\/www.grieta.org.mx\/wp-content\/uploads\/2020\/02\/11.jpeg\"><img loading=\"lazy\" decoding=\"async\" data-attachment-id=\"45012\" data-permalink=\"https:\/\/www.grieta.org.mx\/index.php\/2020\/02\/23\/galeria-de-fotos-de-accion-dislocada-en-morelia-jornadas-samir-somos-todas-y-todos\/11-13\/\" data-orig-file=\"https:\/\/www.grieta.org.mx\/wp-content\/uploads\/2020\/02\/11.jpeg\" data-orig-size=\"1280,960\" data-comments-opened=\"0\" data-image-meta=\"{&quot;aperture&quot;:&quot;0&quot;,&quot;credit&quot;:&quot;&quot;,&quot;camera&quot;:&quot;&quot;,&quot;caption&quot;:&quot;&quot;,&quot;created_timestamp&quot;:&quot;0&quot;,&quot;copyright&quot;:&quot;&quot;,&quot;focal_length&quot;:&quot;0&quot;,&quot;iso&quot;:&quot;0&quot;,&quot;shutter_speed&quot;:&quot;0&quot;,&quot;title&quot;:&quot;&quot;,&quot;orientation&quot;:&quot;0&quot;}\" data-image-title=\"11\" data-image-description=\"\" data-image-caption=\"\" data-medium-file=\"https:\/\/www.grieta.org.mx\/wp-content\/uploads\/2020\/02\/11-300x225.jpeg\" data-large-file=\"https:\/\/www.grieta.org.mx\/wp-content\/uploads\/2020\/02\/11-1024x768.jpeg\" class=\"aligncenter wp-image-45012\" src=\"http:\/\/www.grieta.org.mx\/wp-content\/uploads\/2020\/02\/11.jpeg\" alt=\"\" width=\"800\" height=\"600\" srcset=\"https:\/\/www.grieta.org.mx\/wp-content\/uploads\/2020\/02\/11.jpeg 1280w, https:\/\/www.grieta.org.mx\/wp-content\/uploads\/2020\/02\/11-300x225.jpeg 300w, https:\/\/www.grieta.org.mx\/wp-content\/uploads\/2020\/02\/11-768x576.jpeg 768w, https:\/\/www.grieta.org.mx\/wp-content\/uploads\/2020\/02\/11-1024x768.jpeg 1024w, https:\/\/www.grieta.org.mx\/wp-content\/uploads\/2020\/02\/11-667x500.jpeg 667w\" sizes=\"auto, (max-width: 800px) 100vw, 800px\" \/><\/a><\/p>\n<p><a href=\"http:\/\/www.grieta.org.mx\/wp-content\/uploads\/2020\/02\/9.jpeg\"><img loading=\"lazy\" decoding=\"async\" data-attachment-id=\"45013\" data-permalink=\"https:\/\/www.grieta.org.mx\/index.php\/2020\/02\/23\/galeria-de-fotos-de-accion-dislocada-en-morelia-jornadas-samir-somos-todas-y-todos\/9-11\/\" data-orig-file=\"https:\/\/www.grieta.org.mx\/wp-content\/uploads\/2020\/02\/9.jpeg\" data-orig-size=\"1280,720\" data-comments-opened=\"0\" data-image-meta=\"{&quot;aperture&quot;:&quot;0&quot;,&quot;credit&quot;:&quot;&quot;,&quot;camera&quot;:&quot;&quot;,&quot;caption&quot;:&quot;&quot;,&quot;created_timestamp&quot;:&quot;0&quot;,&quot;copyright&quot;:&quot;&quot;,&quot;focal_length&quot;:&quot;0&quot;,&quot;iso&quot;:&quot;0&quot;,&quot;shutter_speed&quot;:&quot;0&quot;,&quot;title&quot;:&quot;&quot;,&quot;orientation&quot;:&quot;0&quot;}\" data-image-title=\"9\" data-image-description=\"\" data-image-caption=\"\" data-medium-file=\"https:\/\/www.grieta.org.mx\/wp-content\/uploads\/2020\/02\/9-300x169.jpeg\" data-large-file=\"https:\/\/www.grieta.org.mx\/wp-content\/uploads\/2020\/02\/9-1024x576.jpeg\" class=\"aligncenter wp-image-45013\" src=\"http:\/\/www.grieta.org.mx\/wp-content\/uploads\/2020\/02\/9.jpeg\" alt=\"\" width=\"800\" height=\"450\" srcset=\"https:\/\/www.grieta.org.mx\/wp-content\/uploads\/2020\/02\/9.jpeg 1280w, https:\/\/www.grieta.org.mx\/wp-content\/uploads\/2020\/02\/9-300x169.jpeg 300w, https:\/\/www.grieta.org.mx\/wp-content\/uploads\/2020\/02\/9-768x432.jpeg 768w, https:\/\/www.grieta.org.mx\/wp-content\/uploads\/2020\/02\/9-1024x576.jpeg 1024w, https:\/\/www.grieta.org.mx\/wp-content\/uploads\/2020\/02\/9-889x500.jpeg 889w\" sizes=\"auto, (max-width: 800px) 100vw, 800px\" \/><\/a><\/p>\n<p><a href=\"http:\/\/www.grieta.org.mx\/wp-content\/uploads\/2020\/02\/7.jpeg\"><img loading=\"lazy\" decoding=\"async\" data-attachment-id=\"45014\" data-permalink=\"https:\/\/www.grieta.org.mx\/index.php\/2020\/02\/23\/galeria-de-fotos-de-accion-dislocada-en-morelia-jornadas-samir-somos-todas-y-todos\/7-12\/\" data-orig-file=\"https:\/\/www.grieta.org.mx\/wp-content\/uploads\/2020\/02\/7.jpeg\" data-orig-size=\"720,1280\" data-comments-opened=\"0\" data-image-meta=\"{&quot;aperture&quot;:&quot;0&quot;,&quot;credit&quot;:&quot;&quot;,&quot;camera&quot;:&quot;&quot;,&quot;caption&quot;:&quot;&quot;,&quot;created_timestamp&quot;:&quot;0&quot;,&quot;copyright&quot;:&quot;&quot;,&quot;focal_length&quot;:&quot;0&quot;,&quot;iso&quot;:&quot;0&quot;,&quot;shutter_speed&quot;:&quot;0&quot;,&quot;title&quot;:&quot;&quot;,&quot;orientation&quot;:&quot;0&quot;}\" data-image-title=\"7\" data-image-description=\"\" data-image-caption=\"\" data-medium-file=\"https:\/\/www.grieta.org.mx\/wp-content\/uploads\/2020\/02\/7-169x300.jpeg\" data-large-file=\"https:\/\/www.grieta.org.mx\/wp-content\/uploads\/2020\/02\/7-576x1024.jpeg\" class=\"aligncenter size-full wp-image-45014\" src=\"http:\/\/www.grieta.org.mx\/wp-content\/uploads\/2020\/02\/7.jpeg\" alt=\"\" width=\"720\" height=\"1280\" srcset=\"https:\/\/www.grieta.org.mx\/wp-content\/uploads\/2020\/02\/7.jpeg 720w, https:\/\/www.grieta.org.mx\/wp-content\/uploads\/2020\/02\/7-169x300.jpeg 169w, https:\/\/www.grieta.org.mx\/wp-content\/uploads\/2020\/02\/7-576x1024.jpeg 576w, https:\/\/www.grieta.org.mx\/wp-content\/uploads\/2020\/02\/7-281x500.jpeg 281w\" sizes=\"auto, (max-width: 720px) 100vw, 720px\" \/><\/a><\/p>\n<p><a href=\"http:\/\/www.grieta.org.mx\/wp-content\/uploads\/2020\/02\/8.jpeg\"><img loading=\"lazy\" decoding=\"async\" data-attachment-id=\"45015\" data-permalink=\"https:\/\/www.grieta.org.mx\/index.php\/2020\/02\/23\/galeria-de-fotos-de-accion-dislocada-en-morelia-jornadas-samir-somos-todas-y-todos\/8-14\/\" data-orig-file=\"https:\/\/www.grieta.org.mx\/wp-content\/uploads\/2020\/02\/8.jpeg\" data-orig-size=\"720,1280\" data-comments-opened=\"0\" data-image-meta=\"{&quot;aperture&quot;:&quot;0&quot;,&quot;credit&quot;:&quot;&quot;,&quot;camera&quot;:&quot;&quot;,&quot;caption&quot;:&quot;&quot;,&quot;created_timestamp&quot;:&quot;0&quot;,&quot;copyright&quot;:&quot;&quot;,&quot;focal_length&quot;:&quot;0&quot;,&quot;iso&quot;:&quot;0&quot;,&quot;shutter_speed&quot;:&quot;0&quot;,&quot;title&quot;:&quot;&quot;,&quot;orientation&quot;:&quot;0&quot;}\" data-image-title=\"8\" data-image-description=\"\" data-image-caption=\"\" data-medium-file=\"https:\/\/www.grieta.org.mx\/wp-content\/uploads\/2020\/02\/8-169x300.jpeg\" data-large-file=\"https:\/\/www.grieta.org.mx\/wp-content\/uploads\/2020\/02\/8-576x1024.jpeg\" class=\"aligncenter size-full wp-image-45015\" src=\"http:\/\/www.grieta.org.mx\/wp-content\/uploads\/2020\/02\/8.jpeg\" alt=\"\" width=\"720\" height=\"1280\" srcset=\"https:\/\/www.grieta.org.mx\/wp-content\/uploads\/2020\/02\/8.jpeg 720w, https:\/\/www.grieta.org.mx\/wp-content\/uploads\/2020\/02\/8-169x300.jpeg 169w, https:\/\/www.grieta.org.mx\/wp-content\/uploads\/2020\/02\/8-576x1024.jpeg 576w, https:\/\/www.grieta.org.mx\/wp-content\/uploads\/2020\/02\/8-281x500.jpeg 281w\" sizes=\"auto, (max-width: 720px) 100vw, 720px\" \/><\/a><\/p>\n<p><a href=\"http:\/\/www.grieta.org.mx\/wp-content\/uploads\/2020\/02\/2.jpeg\"><img loading=\"lazy\" decoding=\"async\" data-attachment-id=\"45016\" data-permalink=\"https:\/\/www.grieta.org.mx\/index.php\/2020\/02\/23\/galeria-de-fotos-de-accion-dislocada-en-morelia-jornadas-samir-somos-todas-y-todos\/2-43\/\" data-orig-file=\"https:\/\/www.grieta.org.mx\/wp-content\/uploads\/2020\/02\/2.jpeg\" data-orig-size=\"768,1024\" data-comments-opened=\"0\" data-image-meta=\"{&quot;aperture&quot;:&quot;0&quot;,&quot;credit&quot;:&quot;&quot;,&quot;camera&quot;:&quot;&quot;,&quot;caption&quot;:&quot;&quot;,&quot;created_timestamp&quot;:&quot;0&quot;,&quot;copyright&quot;:&quot;&quot;,&quot;focal_length&quot;:&quot;0&quot;,&quot;iso&quot;:&quot;0&quot;,&quot;shutter_speed&quot;:&quot;0&quot;,&quot;title&quot;:&quot;&quot;,&quot;orientation&quot;:&quot;0&quot;}\" data-image-title=\"2\" data-image-description=\"\" data-image-caption=\"\" data-medium-file=\"https:\/\/www.grieta.org.mx\/wp-content\/uploads\/2020\/02\/2-225x300.jpeg\" data-large-file=\"https:\/\/www.grieta.org.mx\/wp-content\/uploads\/2020\/02\/2-768x1024.jpeg\" class=\"aligncenter wp-image-45016\" src=\"http:\/\/www.grieta.org.mx\/wp-content\/uploads\/2020\/02\/2.jpeg\" alt=\"\" width=\"800\" height=\"1067\" srcset=\"https:\/\/www.grieta.org.mx\/wp-content\/uploads\/2020\/02\/2.jpeg 768w, https:\/\/www.grieta.org.mx\/wp-content\/uploads\/2020\/02\/2-225x300.jpeg 225w, https:\/\/www.grieta.org.mx\/wp-content\/uploads\/2020\/02\/2-375x500.jpeg 375w\" sizes=\"auto, (max-width: 800px) 100vw, 800px\" \/><\/a><\/p>\n<p><a href=\"http:\/\/www.grieta.org.mx\/wp-content\/uploads\/2020\/02\/6.jpeg\"><img loading=\"lazy\" decoding=\"async\" data-attachment-id=\"45017\" data-permalink=\"https:\/\/www.grieta.org.mx\/index.php\/2020\/02\/23\/galeria-de-fotos-de-accion-dislocada-en-morelia-jornadas-samir-somos-todas-y-todos\/6-17\/\" data-orig-file=\"https:\/\/www.grieta.org.mx\/wp-content\/uploads\/2020\/02\/6.jpeg\" data-orig-size=\"720,1280\" data-comments-opened=\"0\" data-image-meta=\"{&quot;aperture&quot;:&quot;0&quot;,&quot;credit&quot;:&quot;&quot;,&quot;camera&quot;:&quot;&quot;,&quot;caption&quot;:&quot;&quot;,&quot;created_timestamp&quot;:&quot;0&quot;,&quot;copyright&quot;:&quot;&quot;,&quot;focal_length&quot;:&quot;0&quot;,&quot;iso&quot;:&quot;0&quot;,&quot;shutter_speed&quot;:&quot;0&quot;,&quot;title&quot;:&quot;&quot;,&quot;orientation&quot;:&quot;0&quot;}\" data-image-title=\"6\" data-image-description=\"\" data-image-caption=\"\" data-medium-file=\"https:\/\/www.grieta.org.mx\/wp-content\/uploads\/2020\/02\/6-169x300.jpeg\" data-large-file=\"https:\/\/www.grieta.org.mx\/wp-content\/uploads\/2020\/02\/6-576x1024.jpeg\" class=\"aligncenter wp-image-45017 size-full\" src=\"http:\/\/www.grieta.org.mx\/wp-content\/uploads\/2020\/02\/6.jpeg\" alt=\"\" width=\"720\" height=\"1280\" srcset=\"https:\/\/www.grieta.org.mx\/wp-content\/uploads\/2020\/02\/6.jpeg 720w, https:\/\/www.grieta.org.mx\/wp-content\/uploads\/2020\/02\/6-169x300.jpeg 169w, https:\/\/www.grieta.org.mx\/wp-content\/uploads\/2020\/02\/6-576x1024.jpeg 576w, https:\/\/www.grieta.org.mx\/wp-content\/uploads\/2020\/02\/6-281x500.jpeg 281w\" sizes=\"auto, (max-width: 720px) 100vw, 720px\" \/><\/a><\/p>\n<p><a href=\"http:\/\/www.grieta.org.mx\/wp-content\/uploads\/2020\/02\/1.jpeg\"><img loading=\"lazy\" decoding=\"async\" data-attachment-id=\"45018\" data-permalink=\"https:\/\/www.grieta.org.mx\/index.php\/2020\/02\/23\/galeria-de-fotos-de-accion-dislocada-en-morelia-jornadas-samir-somos-todas-y-todos\/1-50\/\" data-orig-file=\"https:\/\/www.grieta.org.mx\/wp-content\/uploads\/2020\/02\/1.jpeg\" data-orig-size=\"768,1024\" data-comments-opened=\"0\" data-image-meta=\"{&quot;aperture&quot;:&quot;0&quot;,&quot;credit&quot;:&quot;&quot;,&quot;camera&quot;:&quot;&quot;,&quot;caption&quot;:&quot;&quot;,&quot;created_timestamp&quot;:&quot;0&quot;,&quot;copyright&quot;:&quot;&quot;,&quot;focal_length&quot;:&quot;0&quot;,&quot;iso&quot;:&quot;0&quot;,&quot;shutter_speed&quot;:&quot;0&quot;,&quot;title&quot;:&quot;&quot;,&quot;orientation&quot;:&quot;0&quot;}\" data-image-title=\"1\" data-image-description=\"\" data-image-caption=\"\" data-medium-file=\"https:\/\/www.grieta.org.mx\/wp-content\/uploads\/2020\/02\/1-225x300.jpeg\" data-large-file=\"https:\/\/www.grieta.org.mx\/wp-content\/uploads\/2020\/02\/1-768x1024.jpeg\" class=\"aligncenter wp-image-45018 size-full\" src=\"http:\/\/www.grieta.org.mx\/wp-content\/uploads\/2020\/02\/1.jpeg\" alt=\"\" width=\"768\" height=\"1024\" srcset=\"https:\/\/www.grieta.org.mx\/wp-content\/uploads\/2020\/02\/1.jpeg 768w, https:\/\/www.grieta.org.mx\/wp-content\/uploads\/2020\/02\/1-225x300.jpeg 225w, https:\/\/www.grieta.org.mx\/wp-content\/uploads\/2020\/02\/1-375x500.jpeg 375w\" sizes=\"auto, (max-width: 768px) 100vw, 768px\" \/><\/a><\/p>\n<p><a href=\"http:\/\/www.grieta.org.mx\/wp-content\/uploads\/2020\/02\/4.jpeg\"><img loading=\"lazy\" decoding=\"async\" data-attachment-id=\"45019\" data-permalink=\"https:\/\/www.grieta.org.mx\/index.php\/2020\/02\/23\/galeria-de-fotos-de-accion-dislocada-en-morelia-jornadas-samir-somos-todas-y-todos\/4-33\/\" data-orig-file=\"https:\/\/www.grieta.org.mx\/wp-content\/uploads\/2020\/02\/4.jpeg\" data-orig-size=\"489,376\" data-comments-opened=\"0\" data-image-meta=\"{&quot;aperture&quot;:&quot;0&quot;,&quot;credit&quot;:&quot;&quot;,&quot;camera&quot;:&quot;&quot;,&quot;caption&quot;:&quot;&quot;,&quot;created_timestamp&quot;:&quot;1582222019&quot;,&quot;copyright&quot;:&quot;&quot;,&quot;focal_length&quot;:&quot;0&quot;,&quot;iso&quot;:&quot;0&quot;,&quot;shutter_speed&quot;:&quot;0&quot;,&quot;title&quot;:&quot;&quot;,&quot;orientation&quot;:&quot;1&quot;}\" data-image-title=\"4\" data-image-description=\"\" data-image-caption=\"\" data-medium-file=\"https:\/\/www.grieta.org.mx\/wp-content\/uploads\/2020\/02\/4-300x231.jpeg\" data-large-file=\"https:\/\/www.grieta.org.mx\/wp-content\/uploads\/2020\/02\/4.jpeg\" class=\"aligncenter wp-image-45019\" src=\"http:\/\/www.grieta.org.mx\/wp-content\/uploads\/2020\/02\/4.jpeg\" alt=\"\" width=\"800\" height=\"615\" srcset=\"https:\/\/www.grieta.org.mx\/wp-content\/uploads\/2020\/02\/4.jpeg 489w, https:\/\/www.grieta.org.mx\/wp-content\/uploads\/2020\/02\/4-300x231.jpeg 300w\" sizes=\"auto, (max-width: 800px) 100vw, 800px\" \/><\/a><\/p>\n<p><a href=\"http:\/\/www.grieta.org.mx\/wp-content\/uploads\/2020\/02\/3.jpeg\"><img loading=\"lazy\" decoding=\"async\" data-attachment-id=\"45020\" data-permalink=\"https:\/\/www.grieta.org.mx\/index.php\/2020\/02\/23\/galeria-de-fotos-de-accion-dislocada-en-morelia-jornadas-samir-somos-todas-y-todos\/3-32\/\" data-orig-file=\"https:\/\/www.grieta.org.mx\/wp-content\/uploads\/2020\/02\/3.jpeg\" data-orig-size=\"768,1024\" data-comments-opened=\"0\" data-image-meta=\"{&quot;aperture&quot;:&quot;0&quot;,&quot;credit&quot;:&quot;&quot;,&quot;camera&quot;:&quot;&quot;,&quot;caption&quot;:&quot;&quot;,&quot;created_timestamp&quot;:&quot;0&quot;,&quot;copyright&quot;:&quot;&quot;,&quot;focal_length&quot;:&quot;0&quot;,&quot;iso&quot;:&quot;0&quot;,&quot;shutter_speed&quot;:&quot;0&quot;,&quot;title&quot;:&quot;&quot;,&quot;orientation&quot;:&quot;0&quot;}\" data-image-title=\"3\" data-image-description=\"\" data-image-caption=\"\" data-medium-file=\"https:\/\/www.grieta.org.mx\/wp-content\/uploads\/2020\/02\/3-225x300.jpeg\" data-large-file=\"https:\/\/www.grieta.org.mx\/wp-content\/uploads\/2020\/02\/3-768x1024.jpeg\" class=\"aligncenter size-full wp-image-45020\" src=\"http:\/\/www.grieta.org.mx\/wp-content\/uploads\/2020\/02\/3.jpeg\" alt=\"\" width=\"768\" height=\"1024\" srcset=\"https:\/\/www.grieta.org.mx\/wp-content\/uploads\/2020\/02\/3.jpeg 768w, https:\/\/www.grieta.org.mx\/wp-content\/uploads\/2020\/02\/3-225x300.jpeg 225w, https:\/\/www.grieta.org.mx\/wp-content\/uploads\/2020\/02\/3-375x500.jpeg 375w\" sizes=\"auto, (max-width: 768px) 100vw, 768px\" \/><\/a><\/p>\n<p><a href=\"http:\/\/www.grieta.org.mx\/wp-content\/uploads\/2020\/02\/14.jpeg\"><img loading=\"lazy\" decoding=\"async\" data-attachment-id=\"45007\" data-permalink=\"https:\/\/www.grieta.org.mx\/index.php\/2020\/02\/23\/galeria-de-fotos-de-accion-dislocada-en-morelia-jornadas-samir-somos-todas-y-todos\/14-6\/\" data-orig-file=\"https:\/\/www.grieta.org.mx\/wp-content\/uploads\/2020\/02\/14.jpeg\" data-orig-size=\"1280,960\" data-comments-opened=\"0\" data-image-meta=\"{&quot;aperture&quot;:&quot;0&quot;,&quot;credit&quot;:&quot;&quot;,&quot;camera&quot;:&quot;&quot;,&quot;caption&quot;:&quot;&quot;,&quot;created_timestamp&quot;:&quot;0&quot;,&quot;copyright&quot;:&quot;&quot;,&quot;focal_length&quot;:&quot;0&quot;,&quot;iso&quot;:&quot;0&quot;,&quot;shutter_speed&quot;:&quot;0&quot;,&quot;title&quot;:&quot;&quot;,&quot;orientation&quot;:&quot;0&quot;}\" data-image-title=\"14\" data-image-description=\"\" data-image-caption=\"\" data-medium-file=\"https:\/\/www.grieta.org.mx\/wp-content\/uploads\/2020\/02\/14-300x225.jpeg\" data-large-file=\"https:\/\/www.grieta.org.mx\/wp-content\/uploads\/2020\/02\/14-1024x768.jpeg\" class=\"aligncenter wp-image-45007\" src=\"http:\/\/www.grieta.org.mx\/wp-content\/uploads\/2020\/02\/14.jpeg\" alt=\"\" width=\"800\" height=\"600\" srcset=\"https:\/\/www.grieta.org.mx\/wp-content\/uploads\/2020\/02\/14.jpeg 1280w, https:\/\/www.grieta.org.mx\/wp-content\/uploads\/2020\/02\/14-300x225.jpeg 300w, https:\/\/www.grieta.org.mx\/wp-content\/uploads\/2020\/02\/14-768x576.jpeg 768w, https:\/\/www.grieta.org.mx\/wp-content\/uploads\/2020\/02\/14-1024x768.jpeg 1024w, https:\/\/www.grieta.org.mx\/wp-content\/uploads\/2020\/02\/14-667x500.jpeg 667w\" sizes=\"auto, (max-width: 800px) 100vw, 800px\" \/><\/a><\/p>\n<p><a href=\"http:\/\/www.grieta.org.mx\/wp-content\/uploads\/2020\/02\/15.jpeg\"><img loading=\"lazy\" decoding=\"async\" data-attachment-id=\"45008\" data-permalink=\"https:\/\/www.grieta.org.mx\/index.php\/2020\/02\/23\/galeria-de-fotos-de-accion-dislocada-en-morelia-jornadas-samir-somos-todas-y-todos\/15-5\/\" data-orig-file=\"https:\/\/www.grieta.org.mx\/wp-content\/uploads\/2020\/02\/15.jpeg\" data-orig-size=\"1280,960\" data-comments-opened=\"0\" data-image-meta=\"{&quot;aperture&quot;:&quot;0&quot;,&quot;credit&quot;:&quot;&quot;,&quot;camera&quot;:&quot;&quot;,&quot;caption&quot;:&quot;&quot;,&quot;created_timestamp&quot;:&quot;0&quot;,&quot;copyright&quot;:&quot;&quot;,&quot;focal_length&quot;:&quot;0&quot;,&quot;iso&quot;:&quot;0&quot;,&quot;shutter_speed&quot;:&quot;0&quot;,&quot;title&quot;:&quot;&quot;,&quot;orientation&quot;:&quot;0&quot;}\" data-image-title=\"15\" data-image-description=\"\" data-image-caption=\"\" data-medium-file=\"https:\/\/www.grieta.org.mx\/wp-content\/uploads\/2020\/02\/15-300x225.jpeg\" data-large-file=\"https:\/\/www.grieta.org.mx\/wp-content\/uploads\/2020\/02\/15-1024x768.jpeg\" class=\"aligncenter wp-image-45008\" src=\"http:\/\/www.grieta.org.mx\/wp-content\/uploads\/2020\/02\/15.jpeg\" alt=\"\" width=\"800\" height=\"600\" srcset=\"https:\/\/www.grieta.org.mx\/wp-content\/uploads\/2020\/02\/15.jpeg 1280w, https:\/\/www.grieta.org.mx\/wp-content\/uploads\/2020\/02\/15-300x225.jpeg 300w, https:\/\/www.grieta.org.mx\/wp-content\/uploads\/2020\/02\/15-768x576.jpeg 768w, https:\/\/www.grieta.org.mx\/wp-content\/uploads\/2020\/02\/15-1024x768.jpeg 1024w, https:\/\/www.grieta.org.mx\/wp-content\/uploads\/2020\/02\/15-667x500.jpeg 667w\" sizes=\"auto, (max-width: 800px) 100vw, 800px\" \/><\/a><\/p>\n<p>&nbsp;<\/p>\n","protected":false},"excerpt":{"rendered":"<p>Colectivo Grieta Galer\u00eda de fotos de actividades informativas en Morelia: &#8211; Pegas de infografias y stikers en la Universidad Michoacana UMSNH y en el Centro de Morelia. &#8211; Proyecciones en &hellip; <a href=\"https:\/\/www.grieta.org.mx\/index.php\/2020\/02\/23\/galeria-de-fotos-de-accion-dislocada-en-morelia-jornadas-samir-somos-todas-y-todos\/\" class=\"more-link\">Leer m\u00e1s<\/a><\/p>\n","protected":false},"author":1,"featured_media":45013,"comment_status":"closed","ping_status":"closed","sticky":false,"template":"","format":"standard","meta":{"ngg_post_thumbnail":0,"_jetpack_newsletter_access":"","_jetpack_dont_email_post_to_subs":false,"_jetpack_newsletter_tier_id":0,"_jetpack_memberships_contains_paywalled_content":false,"_jetpack_memberships_contains_paid_content":false,"footnotes":""},"categories":[80,1775,3105,2,2661],"tags":[3104],"class_list":["post-45005","post","type-post","status-publish","format-standard","has-post-thumbnail","hentry","category-cintillo","category-colectivo-grieta","category-jornadas-samir-somos-todas-y-todos","category-noticias-nacionales","category-redes-de-resistencia-y-rebeldia","tag-jornadas-samir","entry"],"jetpack_featured_media_url":"https:\/\/www.grieta.org.mx\/wp-content\/uploads\/2020\/02\/9.jpeg","jetpack_sharing_enabled":true,"jetpack_shortlink":"https:\/\/wp.me\/p7ZJR4-bHT","jetpack_likes_enabled":false,"jetpack-related-posts":[{"id":45003,"url":"https:\/\/www.grieta.org.mx\/index.php\/2020\/02\/23\/galeria-de-fotos-de-accion-dislocada-en-fresnillo-zacatecas-jornadas-samir-somos-todas-y-todos\/","url_meta":{"origin":45005,"position":0},"title":"Galer\u00eda de fotos de acci\u00f3n dislocada en Fresnillo, Zacatecas. Jornadas \u201cSamir Somos Todas y Todos\u201d","author":"Admin","date":"23 febrero, 2020","format":false,"excerpt":"Colectivo Grieta En el marco de las jornadas \"Samir Somos Todas y Todos\" se realiz\u00f3 una acci\u00f3n dislocada de pegas en Fresnillo, Zacatecas. Galer\u00eda de fotos:","rel":"","context":"En &quot;CINTILLO&quot;","block_context":{"text":"CINTILLO","link":"https:\/\/www.grieta.org.mx\/index.php\/category\/cintillo\/"},"img":{"alt_text":"","src":"https:\/\/i0.wp.com\/www.grieta.org.mx\/wp-content\/uploads\/2020\/02\/20200222_183307-e1582565376445.jpg?resize=350%2C200&ssl=1","width":350,"height":200,"srcset":"https:\/\/i0.wp.com\/www.grieta.org.mx\/wp-content\/uploads\/2020\/02\/20200222_183307-e1582565376445.jpg?resize=350%2C200&ssl=1 1x, https:\/\/i0.wp.com\/www.grieta.org.mx\/wp-content\/uploads\/2020\/02\/20200222_183307-e1582565376445.jpg?resize=525%2C300&ssl=1 1.5x, https:\/\/i0.wp.com\/www.grieta.org.mx\/wp-content\/uploads\/2020\/02\/20200222_183307-e1582565376445.jpg?resize=700%2C400&ssl=1 2x, https:\/\/i0.wp.com\/www.grieta.org.mx\/wp-content\/uploads\/2020\/02\/20200222_183307-e1582565376445.jpg?resize=1050%2C600&ssl=1 3x, https:\/\/i0.wp.com\/www.grieta.org.mx\/wp-content\/uploads\/2020\/02\/20200222_183307-e1582565376445.jpg?resize=1400%2C800&ssl=1 4x"},"classes":[]},{"id":44628,"url":"https:\/\/www.grieta.org.mx\/index.php\/2020\/02\/20\/galeria-de-fotos-de-accion-dislocada-en-colima-jornadas-samir-somos-todas-y-todos\/","url_meta":{"origin":45005,"position":1},"title":"Galer\u00eda de fotos de acci\u00f3n dislocada en Colima. Jornadas &#8220;Samir Somos Todas y Todos&#8221;","author":"grieta","date":"20 febrero, 2020","format":false,"excerpt":"Colectivo Grieta Galer\u00eda de Mesa de Informaci\u00f3n en Colima","rel":"","context":"En &quot;CINTILLO&quot;","block_context":{"text":"CINTILLO","link":"https:\/\/www.grieta.org.mx\/index.php\/category\/cintillo\/"},"img":{"alt_text":"","src":"https:\/\/i0.wp.com\/www.grieta.org.mx\/wp-content\/uploads\/2020\/02\/IMG_20200220_222557.jpg?resize=350%2C200&ssl=1","width":350,"height":200,"srcset":"https:\/\/i0.wp.com\/www.grieta.org.mx\/wp-content\/uploads\/2020\/02\/IMG_20200220_222557.jpg?resize=350%2C200&ssl=1 1x, https:\/\/i0.wp.com\/www.grieta.org.mx\/wp-content\/uploads\/2020\/02\/IMG_20200220_222557.jpg?resize=525%2C300&ssl=1 1.5x, https:\/\/i0.wp.com\/www.grieta.org.mx\/wp-content\/uploads\/2020\/02\/IMG_20200220_222557.jpg?resize=700%2C400&ssl=1 2x, https:\/\/i0.wp.com\/www.grieta.org.mx\/wp-content\/uploads\/2020\/02\/IMG_20200220_222557.jpg?resize=1050%2C600&ssl=1 3x, https:\/\/i0.wp.com\/www.grieta.org.mx\/wp-content\/uploads\/2020\/02\/IMG_20200220_222557.jpg?resize=1400%2C800&ssl=1 4x"},"classes":[]},{"id":44640,"url":"https:\/\/www.grieta.org.mx\/index.php\/2020\/02\/20\/galeria-de-fotos-de-accion-dislocada-en-pachuca-hidalgo-jornadas-samir-somos-todas-y-todos\/","url_meta":{"origin":45005,"position":2},"title":"Galer\u00eda de fotos de acci\u00f3n dislocada en Pachuca, Hidalgo. Jornadas &#8220;Samir Somos Todas y Todos&#8221;","author":"grieta","date":"20 febrero, 2020","format":false,"excerpt":"Colectivo Grieta Galer\u00eda de volanteo en Pachuca","rel":"","context":"En &quot;CINTILLO&quot;","block_context":{"text":"CINTILLO","link":"https:\/\/www.grieta.org.mx\/index.php\/category\/cintillo\/"},"img":{"alt_text":"","src":"https:\/\/i0.wp.com\/www.grieta.org.mx\/wp-content\/uploads\/2020\/02\/Imagen6.png?resize=350%2C200&ssl=1","width":350,"height":200,"srcset":"https:\/\/i0.wp.com\/www.grieta.org.mx\/wp-content\/uploads\/2020\/02\/Imagen6.png?resize=350%2C200&ssl=1 1x, https:\/\/i0.wp.com\/www.grieta.org.mx\/wp-content\/uploads\/2020\/02\/Imagen6.png?resize=525%2C300&ssl=1 1.5x, https:\/\/i0.wp.com\/www.grieta.org.mx\/wp-content\/uploads\/2020\/02\/Imagen6.png?resize=700%2C400&ssl=1 2x"},"classes":[]},{"id":44650,"url":"https:\/\/www.grieta.org.mx\/index.php\/2020\/02\/20\/galeria-de-fotos-de-accion-dislocada-en-tijuana-baja-california-jornadas-samir-somos-todas-y-todos\/","url_meta":{"origin":45005,"position":3},"title":"Galer\u00eda de fotos de acciones dislocadas en Tijuana, Baja California. Jornadas &#8220;Samir Somos Todas y Todos&#8221;","author":"grieta","date":"20 febrero, 2020","format":false,"excerpt":"Colectivo Grieta Galer\u00eda de Conversatorio en Tijuana, Baja California.","rel":"","context":"En &quot;CINTILLO&quot;","block_context":{"text":"CINTILLO","link":"https:\/\/www.grieta.org.mx\/index.php\/category\/cintillo\/"},"img":{"alt_text":"","src":"https:\/\/i0.wp.com\/www.grieta.org.mx\/wp-content\/uploads\/2020\/02\/DSC_1122.jpg?resize=350%2C200&ssl=1","width":350,"height":200,"srcset":"https:\/\/i0.wp.com\/www.grieta.org.mx\/wp-content\/uploads\/2020\/02\/DSC_1122.jpg?resize=350%2C200&ssl=1 1x, https:\/\/i0.wp.com\/www.grieta.org.mx\/wp-content\/uploads\/2020\/02\/DSC_1122.jpg?resize=525%2C300&ssl=1 1.5x, https:\/\/i0.wp.com\/www.grieta.org.mx\/wp-content\/uploads\/2020\/02\/DSC_1122.jpg?resize=700%2C400&ssl=1 2x, https:\/\/i0.wp.com\/www.grieta.org.mx\/wp-content\/uploads\/2020\/02\/DSC_1122.jpg?resize=1050%2C600&ssl=1 3x, https:\/\/i0.wp.com\/www.grieta.org.mx\/wp-content\/uploads\/2020\/02\/DSC_1122.jpg?resize=1400%2C800&ssl=1 4x"},"classes":[]},{"id":44660,"url":"https:\/\/www.grieta.org.mx\/index.php\/2020\/02\/21\/galeria-de-fotos-accion-dislocada-en-culiacan-sinaloa-jornadas-samir-somos-todas-y-todos\/","url_meta":{"origin":45005,"position":4},"title":"Galer\u00eda de fotos acci\u00f3n dislocada en Culiac\u00e1n, Sinaloa. Jornadas \u201cSamir Somos Todas y Todos\u201d","author":"grieta","date":"21 febrero, 2020","format":false,"excerpt":"Colectivo Grieta Galer\u00eda de Manta y tapete de aserr\u00edn pintado. Plazuela Obreg\u00f3n. Culiac\u00e1n, Sinaloa.","rel":"","context":"En &quot;CINTILLO&quot;","block_context":{"text":"CINTILLO","link":"https:\/\/www.grieta.org.mx\/index.php\/category\/cintillo\/"},"img":{"alt_text":"","src":"https:\/\/i0.wp.com\/www.grieta.org.mx\/wp-content\/uploads\/2020\/02\/image1.jpeg?resize=350%2C200&ssl=1","width":350,"height":200,"srcset":"https:\/\/i0.wp.com\/www.grieta.org.mx\/wp-content\/uploads\/2020\/02\/image1.jpeg?resize=350%2C200&ssl=1 1x, https:\/\/i0.wp.com\/www.grieta.org.mx\/wp-content\/uploads\/2020\/02\/image1.jpeg?resize=525%2C300&ssl=1 1.5x"},"classes":[]},{"id":44678,"url":"https:\/\/www.grieta.org.mx\/index.php\/2020\/02\/21\/galeria-de-fotos-de-accion-dislocada-en-mazatlan-sinaloa-jornadas-samir-somos-todas-y-todos\/","url_meta":{"origin":45005,"position":5},"title":"Galer\u00eda de fotos de acci\u00f3n dislocada en Mazatl\u00e1n, Sinaloa. Jornadas \u201cSamir Somos Todas y Todos\u201d","author":"grieta","date":"21 febrero, 2020","format":false,"excerpt":"Colectivo Grieta Galer\u00eda de Mesa informativa, volanteo y difusi\u00f3n \u00a0","rel":"","context":"En &quot;CINTILLO&quot;","block_context":{"text":"CINTILLO","link":"https:\/\/www.grieta.org.mx\/index.php\/category\/cintillo\/"},"img":{"alt_text":"","src":"https:\/\/i0.wp.com\/www.grieta.org.mx\/wp-content\/uploads\/2020\/02\/IMG_20200220_114544.jpg?resize=350%2C200&ssl=1","width":350,"height":200,"srcset":"https:\/\/i0.wp.com\/www.grieta.org.mx\/wp-content\/uploads\/2020\/02\/IMG_20200220_114544.jpg?resize=350%2C200&ssl=1 1x, https:\/\/i0.wp.com\/www.grieta.org.mx\/wp-content\/uploads\/2020\/02\/IMG_20200220_114544.jpg?resize=525%2C300&ssl=1 1.5x, https:\/\/i0.wp.com\/www.grieta.org.mx\/wp-content\/uploads\/2020\/02\/IMG_20200220_114544.jpg?resize=700%2C400&ssl=1 2x, https:\/\/i0.wp.com\/www.grieta.org.mx\/wp-content\/uploads\/2020\/02\/IMG_20200220_114544.jpg?resize=1050%2C600&ssl=1 3x, https:\/\/i0.wp.com\/www.grieta.org.mx\/wp-content\/uploads\/2020\/02\/IMG_20200220_114544.jpg?resize=1400%2C800&ssl=1 4x"},"classes":[]}],"_links":{"self":[{"href":"https:\/\/www.grieta.org.mx\/index.php\/wp-json\/wp\/v2\/posts\/45005","targetHints":{"allow":["GET"]}}],"collection":[{"href":"https:\/\/www.grieta.org.mx\/index.php\/wp-json\/wp\/v2\/posts"}],"about":[{"href":"https:\/\/www.grieta.org.mx\/index.php\/wp-json\/wp\/v2\/types\/post"}],"author":[{"embeddable":true,"href":"https:\/\/www.grieta.org.mx\/index.php\/wp-json\/wp\/v2\/users\/1"}],"replies":[{"embeddable":true,"href":"https:\/\/www.grieta.org.mx\/index.php\/wp-json\/wp\/v2\/comments?post=45005"}],"version-history":[{"count":1,"href":"https:\/\/www.grieta.org.mx\/index.php\/wp-json\/wp\/v2\/posts\/45005\/revisions"}],"predecessor-version":[{"id":45024,"href":"https:\/\/www.grieta.org.mx\/index.php\/wp-json\/wp\/v2\/posts\/45005\/revisions\/45024"}],"wp:featuredmedia":[{"embeddable":true,"href":"https:\/\/www.grieta.org.mx\/index.php\/wp-json\/wp\/v2\/media\/45013"}],"wp:attachment":[{"href":"https:\/\/www.grieta.org.mx\/index.php\/wp-json\/wp\/v2\/media?parent=45005"}],"wp:term":[{"taxonomy":"category","embeddable":true,"href":"https:\/\/www.grieta.org.mx\/index.php\/wp-json\/wp\/v2\/categories?post=45005"},{"taxonomy":"post_tag","embeddable":true,"href":"https:\/\/www.grieta.org.mx\/index.php\/wp-json\/wp\/v2\/tags?post=45005"}],"curies":[{"name":"wp","href":"https:\/\/api.w.org\/{rel}","templated":true}]}}