{"id":44981,"date":"2020-02-22T21:50:33","date_gmt":"2020-02-23T03:50:33","guid":{"rendered":"http:\/\/www.grieta.org.mx\/?p=44981"},"modified":"2020-02-23T21:56:24","modified_gmt":"2020-02-24T03:56:24","slug":"el-dia-del-crimen-corral-dijo-conocer-amenazas-contra-miroslava-luego-lo-nego-chihuahua","status":"publish","type":"post","link":"https:\/\/www.grieta.org.mx\/index.php\/2020\/02\/22\/el-dia-del-crimen-corral-dijo-conocer-amenazas-contra-miroslava-luego-lo-nego-chihuahua\/","title":{"rendered":"El d\u00eda del crimen Corral dijo conocer amenazas contra Miroslava\u2026 luego lo neg\u00f3 (Chihuahua)"},"content":{"rendered":"<p>Ra\u00edchali<\/p>\n<p><img loading=\"lazy\" decoding=\"async\" data-attachment-id=\"44983\" data-permalink=\"https:\/\/www.grieta.org.mx\/index.php\/2020\/02\/22\/el-dia-del-crimen-corral-dijo-conocer-amenazas-contra-miroslava-luego-lo-nego-chihuahua\/miroslava_-colectivo23demarzo\/\" data-orig-file=\"https:\/\/www.grieta.org.mx\/wp-content\/uploads\/2020\/02\/Miroslava_-colectivo23demarzo.jpg\" data-orig-size=\"1181,787\" data-comments-opened=\"0\" data-image-meta=\"{&quot;aperture&quot;:&quot;0&quot;,&quot;credit&quot;:&quot;&quot;,&quot;camera&quot;:&quot;&quot;,&quot;caption&quot;:&quot;&quot;,&quot;created_timestamp&quot;:&quot;0&quot;,&quot;copyright&quot;:&quot;&quot;,&quot;focal_length&quot;:&quot;0&quot;,&quot;iso&quot;:&quot;0&quot;,&quot;shutter_speed&quot;:&quot;0&quot;,&quot;title&quot;:&quot;&quot;,&quot;orientation&quot;:&quot;0&quot;}\" data-image-title=\"Miroslava_-colectivo23demarzo\" data-image-description=\"\" data-image-caption=\"\" data-medium-file=\"https:\/\/www.grieta.org.mx\/wp-content\/uploads\/2020\/02\/Miroslava_-colectivo23demarzo-300x200.jpg\" data-large-file=\"https:\/\/www.grieta.org.mx\/wp-content\/uploads\/2020\/02\/Miroslava_-colectivo23demarzo-1024x682.jpg\" src=\"http:\/\/www.grieta.org.mx\/wp-content\/uploads\/2020\/02\/Miroslava_-colectivo23demarzo-1024x682.jpg\" alt=\"\" width=\"1024\" height=\"682\" class=\"aligncenter size-large wp-image-44983\" srcset=\"https:\/\/www.grieta.org.mx\/wp-content\/uploads\/2020\/02\/Miroslava_-colectivo23demarzo-1024x682.jpg 1024w, https:\/\/www.grieta.org.mx\/wp-content\/uploads\/2020\/02\/Miroslava_-colectivo23demarzo-300x200.jpg 300w, https:\/\/www.grieta.org.mx\/wp-content\/uploads\/2020\/02\/Miroslava_-colectivo23demarzo-768x512.jpg 768w, https:\/\/www.grieta.org.mx\/wp-content\/uploads\/2020\/02\/Miroslava_-colectivo23demarzo-750x500.jpg 750w, https:\/\/www.grieta.org.mx\/wp-content\/uploads\/2020\/02\/Miroslava_-colectivo23demarzo.jpg 1181w\" sizes=\"auto, (max-width: 1024px) 100vw, 1024px\" \/><br \/>\nCuando asesinaron a la periodista Miroslava Breach, el gobernador de Chihuahua, Javier Corral, habl\u00f3 de las amenazas en contra de ella que la periodista le hab\u00eda confiado. Ahora el pol\u00edtico lo niega y dice que las las familiares de Miroslava mienten.<\/p>\n<p>CHIHUAHUA, CHIHUAHUA.- El gobernador Javier Corral ha negado en varias ocasiones que Miroslava Breach le confi\u00f3 que hab\u00eda recibido amenazas por sus publicaciones y, en entrevista, este mi\u00e9rcoles llam\u00f3 mentirosas a las hermanas de la periodista por declarar ante un juez federal que \u00e9l ten\u00eda conocimiento de ello.<\/p>\n<p>El 23 de marzo de 2017, sin embargo, horas despu\u00e9s del crimen, Corral Jurado convoc\u00f3 a una rueda de prensa. Hizo referencia a su amistad con Breach Velducea e inform\u00f3 que \u00e9l mismo hab\u00eda escrito una columna en la que advert\u00eda que se encontraba en riesgo por sus investigaciones.<\/p>\n<p>En una primera parte, el panista asegur\u00f3 que Miroslava no le hab\u00eda hablado de amenazas recientes. Sin embargo, revel\u00f3 que dos a\u00f1os atr\u00e1s, cuando \u00e9l era senador de la Rep\u00fablica, platicaron al respecto y hasta le hizo recomendaciones para protegerse.<\/p>\n<p>La entrevista<br \/>\nA continuaci\u00f3n, compartimos la transcripci\u00f3n de la primera parte de la rueda de prensa en donde reconoce que la periodista se encontraba en riesgo:<\/p>\n<p>\u201cNo ten\u00edamos ninguna informaci\u00f3n sobre amenazas. Debo decir que yo ten\u00eda una comunicaci\u00f3n frecuente, peri\u00f3dica, directa con Miroslava, y a m\u00ed nunca me expres\u00f3 que hubiera recibido amenazas.<\/p>\n<p>\u201cHace dos a\u00f1os, s\u00ed, ella me mostr\u00f3 mucha preocupaci\u00f3n por mensajes y amenazas que se le estaban haciendo llegar con motivo de la publicaci\u00f3n de reportajes que todos conocemos que ella public\u00f3 junto con otra periodista de Chihuahua y que frontalmente tocaron estructuras del crimen organizado de Chihuahua.<\/p>\n<p>\u201cY en aquella ocasi\u00f3n platicamos cuando yo era senador de la Rep\u00fablica. Ella estaba preocupada, yo mismo le hice unos consejos. Ahora como gobernador, de una manera coloquial y directa, yo le preguntaba c\u00f3mo est\u00e1s, c\u00f3mo vas y nunca me expres\u00f3 Miros que tuviera alguna amenaza o alguna advertencia.<\/p>\n<p>\u201cAhora que estuve con su familia (\u2026) estuve con Rosy, su hermana y sus dem\u00e1s familiares, me expresaron que Miroslava estaba recibiendo mensajes, que estaba recibiendo\u2026. Que hab\u00eda recibido mensajes.<\/p>\n<p>\u201cTambi\u00e9n el fiscal platic\u00f3 hace algunos meses con ella y Miroslava sobre cuestiones de car\u00e1cter informativo y Miroslava nunca le expres\u00f3, hasta donde me ha expresado el fiscal, una preocupaci\u00f3n por una amenaza directa.<\/p>\n<p>\u201cPero es evidente que su trabajo period\u00edstico se constituye como la principal l\u00ednea de investigaci\u00f3n. Y su trabajo period\u00edstico acumulado. Miroslava denunci\u00f3 frontalmente a bandas del crimen organizado, como actos de corrupci\u00f3n en el estado de Chihuahua y ese trabajo, es por ahora, nuestra principal l\u00ednea de investigaci\u00f3n.<\/p>\n<p>Relaci\u00f3n Corral y Miroslava<br \/>\nMinutos despu\u00e9s, otro periodista abord\u00f3 al gobernador sobre el tema de las amenazas:<\/p>\n<p>Reportero: Sabemos esa relaci\u00f3n estrecha que no es de una d\u00e9cada o dos, Miroslava y usted se conocen de a\u00f1ales (\u2026) \u00bfdeclarar\u00e1 el gobernador en torno al caso formalmente?, porque sabemos tambi\u00e9n que exist\u00eda esa comunicaci\u00f3n directa y estrecha entre usted y ella. Y si usted establece que, en su momento, en el ejercicio period\u00edstico de a\u00f1os atr\u00e1s, ella le confi\u00f3 el peligro que exist\u00eda, suponemos que tiene alg\u00fan sospechoso\u2026<\/p>\n<p>Gobernador: No tengo ning\u00fan sospechoso.<\/p>\n<p>R: No sabe usted entonces \u00bfEra amigo o no era amigo Miroslava?<\/p>\n<p>G: Eso no significa\u2026<\/p>\n<p>R: Por eso, pero si en esas fechas ten\u00eda comunicaci\u00f3n con ella y que le haya confiado que estaba en riesgo y que de buenas a primeras llega con la familia y entonces s\u00ed\u2026<\/p>\n<p>G: Una de las cuestiones que yo le pregunt\u00e9 a Rosy inmediatamente, su hermana, es si Miroslava hab\u00eda recibido amenazas y con sorpresa me enter\u00e9 de que estaba siendo molestada. Y lo primero que pregunt\u00e9 fue porque Miroslava no me lo quiso confiar, no me lo dijo y ella me dijo lo mismo.<\/p>\n<p>Me dice ella que le platic\u00f3 Miroslava y que le dijo \u201coye, plat\u00edcale al gobernador, Javier es tu amigo\u201d y realmente no me hab\u00eda confiado, este.. absolutamente ning\u00fan acto de molestia propiamente dicho<\/p>\n<p>R: \u00bfRecientemente?<\/p>\n<p>G: Recientemente.<\/p>\n<p>R: \u00bfPero hace dos a\u00f1os s\u00ed?<\/p>\n<p>Hace dos a\u00f1os todos supimos del reportaje y me refiero al art\u00edculo que publiqu\u00e9. Yo publiqu\u00e9 un art\u00edculo hace dos a\u00f1os pidi\u00e9ndole al gremio que estuvieran atentos del trabajo que estaban realizando Miroslava y Patricia Mayorga. Eso est\u00e1 escrito, no fue una confidencia de amigos, llam\u00e9 la atenci\u00f3n de esos reportajes y escrib\u00ed que era muy importante estar atentos porque estas periodistas podr\u00edan correr peligro, riesgos en un ambiente, como sabemos, tan contaminado. Tampoco \u00e9ramos confidentes.<\/p>\n<p><img loading=\"lazy\" decoding=\"async\" data-attachment-id=\"44982\" data-permalink=\"https:\/\/www.grieta.org.mx\/index.php\/2020\/02\/22\/el-dia-del-crimen-corral-dijo-conocer-amenazas-contra-miroslava-luego-lo-nego-chihuahua\/img_20200220_083817-753x1024\/\" data-orig-file=\"https:\/\/www.grieta.org.mx\/wp-content\/uploads\/2020\/02\/IMG_20200220_083817-753x1024.jpg\" data-orig-size=\"753,1024\" data-comments-opened=\"0\" data-image-meta=\"{&quot;aperture&quot;:&quot;0&quot;,&quot;credit&quot;:&quot;&quot;,&quot;camera&quot;:&quot;&quot;,&quot;caption&quot;:&quot;&quot;,&quot;created_timestamp&quot;:&quot;0&quot;,&quot;copyright&quot;:&quot;&quot;,&quot;focal_length&quot;:&quot;0&quot;,&quot;iso&quot;:&quot;0&quot;,&quot;shutter_speed&quot;:&quot;0&quot;,&quot;title&quot;:&quot;&quot;,&quot;orientation&quot;:&quot;0&quot;}\" data-image-title=\"IMG_20200220_083817-753&amp;#215;1024\" data-image-description=\"\" data-image-caption=\"\" data-medium-file=\"https:\/\/www.grieta.org.mx\/wp-content\/uploads\/2020\/02\/IMG_20200220_083817-753x1024-221x300.jpg\" data-large-file=\"https:\/\/www.grieta.org.mx\/wp-content\/uploads\/2020\/02\/IMG_20200220_083817-753x1024-753x1024.jpg\" class=\"aligncenter size-large wp-image-44982\" src=\"http:\/\/www.grieta.org.mx\/wp-content\/uploads\/2020\/02\/IMG_20200220_083817-753x1024-753x1024.jpg\" alt=\"\" width=\"753\" height=\"1024\" srcset=\"https:\/\/www.grieta.org.mx\/wp-content\/uploads\/2020\/02\/IMG_20200220_083817-753x1024.jpg 753w, https:\/\/www.grieta.org.mx\/wp-content\/uploads\/2020\/02\/IMG_20200220_083817-753x1024-221x300.jpg 221w, https:\/\/www.grieta.org.mx\/wp-content\/uploads\/2020\/02\/IMG_20200220_083817-753x1024-368x500.jpg 368w\" sizes=\"auto, (max-width: 753px) 100vw, 753px\" \/><\/p>\n<p>El fragmento de la columna publicada en su p\u00e1gina oficial el 15 de marzo de 2016.<\/p>\n<p>La investigaci\u00f3n que deton\u00f3 el crimen<br \/>\nLa investigaci\u00f3n a la que hace referencia el gobernador fue titulada Impone el crimen organizado candidatos a ediles en Chihuahua, publicada el cuatro de marzo de 2016 y no en 2015 como lo estima Corral en la rueda de prensa.<\/p>\n<p>El reportaje sali\u00f3 en v\u00edsperas del proceso electoral en el que el panista contender\u00eda por la gubernatura de Chihuahua, y se ha convertido en la clave para demostrar que el m\u00f3vil del crimen fue su trabajo period\u00edstico.<\/p>\n<p>Otra muestra de que el gobernador conoc\u00eda la situaci\u00f3n fue expuesta en la investigaci\u00f3n del Colectivo 23 de Marzo, el cual document\u00f3 una captura de pantalla de una conversaci\u00f3n v\u00eda Whatsapp entre Miroslava y una colega, con fecha del 12 de agosto de 2016.<\/p>\n<p>\u201cMe llam\u00f3 Corral el viernes pasado, en muy buena postura frente al tema que hablamos. Dijo que no me preocupara, que \u00e9l tomar\u00eda cartas en el asunto con el alcalde de Ch\u00ednipas\u201d, escribi\u00f3 Miroslava la conversaci\u00f3n.<\/p>\n<p>Su interlocutora le respondi\u00f3: \u201cQu\u00e9 bueno. Que calmen el tema en lo pol\u00edtico\u201d.<\/p>\n<p>\u201cNo s\u00e9 si lo haga\u201d, respondi\u00f3 MIroslava, \u201cpero al menos se mostr\u00f3 sensible, hace la diferencia\u201d.<\/p>\n<p>\u201cNo hizo nada para protegerla\u201d<br \/>\nEl gobernador Javier Corral ten\u00eda conocimiento de las amenazas en contra de la periodista Miroslava Breach Velducea, y no hizo nada para protegerla. No es s\u00f3lo la versi\u00f3n de las hermanas, sino de otros testigos que fueron parte de la carpeta de investigaci\u00f3n de la Fiscal\u00eda General del Estado (FGE), refiri\u00f3 Balbina Flores, representante de Reporteros Sin Fronteras (RSF) en M\u00e9xico.<\/p>\n<p>\u201cDesde un principio, y no solo ellas, sino otros testigos, se\u00f1alaron a varios implicados y por otra parte tambi\u00e9n se sabe que desde un inicio el gobernador sab\u00eda de amenazas previas hacia Miroslava. \u00c9l ten\u00eda conocimiento\u201d, dijo Flores este mi\u00e9rcoles al finalizar el tercer d\u00eda de juicio oral en contra de Juan Carlos M. O., \u00fanico procesado penalmente por el homicidio de la corresponsal de La Jornada, ocurrido el 23 de marzo del 2017.<\/p>\n<p>Los comentarios los hizo a pregunta expresa de medios de comunicaci\u00f3n luego de las declaraciones del gobernador en el sentido de que eran mentira los testimonios de las hermanas de la periodista, quienes ante el estrado dijeron que Corral sab\u00eda de las amenazas contra Miroslava y nunca hizo nada.<\/p>\n<p>\u201cHan ido hacia una evoluci\u00f3n hacia lo peor ellas. Lamento la actitud que tomaron\u2026 Est\u00e1n mintiendo con todas sus letras\u201d, fueron las palabras de Corral al ser interrogado por reporteros este mi\u00e9rcoles despu\u00e9s de un evento p\u00fablico en la ciudad de Chihuahua.<\/p>\n<p>La representante se RSF manifest\u00f3 que Corral no tiene por qu\u00e9 hacer ese tipo de expresiones en estos momentos, \u201cellas (hermanas) son v\u00edctimas y tienen derecho a hablar\u201d. Afirm\u00f3 que las hermanas han sido respetuosas y se han conducido as\u00ed hacia el mandatario, \u201cen este comentario su actitud (Corral) no ha sido respetuosa al hacer un se\u00f1alamiento de este tipo\u201d.<\/p>\n<p>Presume trabajo de Fiscal\u00eda<br \/>\nEl mandatario presumi\u00f3 que la Fiscal\u00eda General del Estado realiz\u00f3 un trabajo con profesionalismo al indagar el caso de Miroslava, \u201ca ver, la Fiscal\u00eda hizo tal trabajo que es la base del juicio. Lo que se est\u00e1 llevando a cabo es de la Fiscal\u00eda General del Estado\u201d, resalt\u00f3.<\/p>\n<p>Adem\u00e1s, lanz\u00f3 una pregunta ret\u00f3rica cuando se le pregunt\u00f3 si Miroslava habr\u00eda mentido al se\u00f1alar como \u201cmensajeros del narco\u201d, seg\u00fan testimoniales, a funcionarios y pol\u00edticos panistas que le hac\u00edan llegar amenazas tras sus reportajes.<\/p>\n<p>\u201cEso lo tendr\u00e1 que aclarar el MP, \u00bfpor qu\u00e9 lo tengo que aclarar yo?\u201d. Previamente dijo \u201ccualquier cosa adicional, imputaci\u00f3n, se\u00f1alamiento en la investigaci\u00f3n ha habido tiempo necesario y suficiente para clarificar, para llamar a cualquier actor y quitarle este oportunismo\u201d.<\/p>\n<p>Incluso asegur\u00f3 que despu\u00e9s de que el caso sali\u00f3 de la esfera de lo estatal \u201cse acabaron las protestas y exigencias, y ya no hubo el fervor con el que se exig\u00eda justicia\u201d. \u201cA m\u00ed me puede mucho cuando estos casos terminan siendo usados para el golpeteo pol\u00edtico y no para la justicia\u201d.<\/p>\n<p><a href=\"https:\/\/raichali.com\/2020\/02\/20\/el-dia-del-crimen-corral-dijo-conocer-amenazas-contra-miroslava-luego-lo-nego\/\">https:\/\/raichali.com\/2020\/02\/20\/el-dia-del-crimen-corral-dijo-conocer-amenazas-contra-miroslava-luego-lo-nego\/<\/a><\/p>\n","protected":false},"excerpt":{"rendered":"<p>Ra\u00edchali Cuando asesinaron a la periodista Miroslava Breach, el gobernador de Chihuahua, Javier Corral, habl\u00f3 de las amenazas en contra de ella que la periodista le hab\u00eda confiado. Ahora el &hellip; <a href=\"https:\/\/www.grieta.org.mx\/index.php\/2020\/02\/22\/el-dia-del-crimen-corral-dijo-conocer-amenazas-contra-miroslava-luego-lo-nego-chihuahua\/\" class=\"more-link\">Leer m\u00e1s<\/a><\/p>\n","protected":false},"author":2,"featured_media":44983,"comment_status":"closed","ping_status":"closed","sticky":false,"template":"","format":"standard","meta":{"ngg_post_thumbnail":0,"_jetpack_newsletter_access":"","_jetpack_dont_email_post_to_subs":false,"_jetpack_newsletter_tier_id":0,"_jetpack_memberships_contains_paywalled_content":false,"_jetpack_memberships_contains_paid_content":false,"footnotes":""},"categories":[12,80,83,88,1059],"tags":[3115],"class_list":["post-44981","post","type-post","status-publish","format-standard","has-post-thumbnail","hentry","category-chihuahua","category-cintillo","category-temas-nacionales","category-violencia-contra-periodistas","category-violencia-contra-periodistas-en-chihuahua","tag-violencia-contra-las-periodistas","entry"],"jetpack_featured_media_url":"https:\/\/www.grieta.org.mx\/wp-content\/uploads\/2020\/02\/Miroslava_-colectivo23demarzo.jpg","jetpack_sharing_enabled":true,"jetpack_shortlink":"https:\/\/wp.me\/p7ZJR4-bHv","jetpack_likes_enabled":false,"jetpack-related-posts":[{"id":22858,"url":"https:\/\/www.grieta.org.mx\/index.php\/2017\/08\/23\/periodistas-de-chihuahua-exigen-se-capture-a-los-asesinos-de-miroslava-breach\/","url_meta":{"origin":44981,"position":0},"title":"Periodistas de Chihuahua exigen se capture a los asesinos de Miroslava Breach","author":"grieta","date":"23 agosto, 2017","format":false,"excerpt":"CHIHUAHUA, Chih. (apro).- Tras cinco meses de impunidad del asesinato de la corresponsal de\u00a0La Jornada, Miroslava Breach, un grupo de periodistas chihuahuenses se congreg\u00f3 en la \u201ccruz de clavos\u201d de la plaza Hidalgo, frente a Palacio de Gobierno. Acompa\u00f1ados por derechohumanistas, los comunicadores exigieron una vez m\u00e1s a los gobiernos\u2026","rel":"","context":"En &quot;Chihuahua&quot;","block_context":{"text":"Chihuahua","link":"https:\/\/www.grieta.org.mx\/index.php\/category\/noticias-nacionales\/chihuahua\/"},"img":{"alt_text":"","src":"https:\/\/i0.wp.com\/www.grieta.org.mx\/wp-content\/uploads\/2018\/05\/Periodistas.jpg?resize=350%2C200&ssl=1","width":350,"height":200,"srcset":"https:\/\/i0.wp.com\/www.grieta.org.mx\/wp-content\/uploads\/2018\/05\/Periodistas.jpg?resize=350%2C200&ssl=1 1x, https:\/\/i0.wp.com\/www.grieta.org.mx\/wp-content\/uploads\/2018\/05\/Periodistas.jpg?resize=525%2C300&ssl=1 1.5x, https:\/\/i0.wp.com\/www.grieta.org.mx\/wp-content\/uploads\/2018\/05\/Periodistas.jpg?resize=700%2C400&ssl=1 2x"},"classes":[]},{"id":22209,"url":"https:\/\/www.grieta.org.mx\/index.php\/2018\/03\/23\/hermanos-de-miroslava-repudian-a-javier-corral-por-decir-que-ella-se-busco-su-muerte-chihuahua\/","url_meta":{"origin":44981,"position":1},"title":"Hermanos de Miroslava repudian a Javier Corral por decir que ella \u201cse busc\u00f3\u201d su muerte (Chihuahua)","author":"grieta","date":"23 marzo, 2018","format":false,"excerpt":"Patricia Mayorga CHIHUAHUA, Chih. (apro).- Los hermanos de la periodista Miroslava Breach repudiaron los dichos del gobernador panista Javier Corral, quien culp\u00f3 a la corresponsal de La Jornada de buscarse su propia muerte. A un a\u00f1o del homicidio de Miroslava Breach en la ciudad de Chihuahua, sus hermanos, el gremio\u2026","rel":"","context":"En &quot;Chihuahua&quot;","block_context":{"text":"Chihuahua","link":"https:\/\/www.grieta.org.mx\/index.php\/category\/noticias-nacionales\/chihuahua\/"},"img":{"alt_text":"","src":"https:\/\/i0.wp.com\/www.grieta.org.mx\/wp-content\/uploads\/2018\/03\/Miroslava-protestas.jpg?resize=350%2C200&ssl=1","width":350,"height":200,"srcset":"https:\/\/i0.wp.com\/www.grieta.org.mx\/wp-content\/uploads\/2018\/03\/Miroslava-protestas.jpg?resize=350%2C200&ssl=1 1x, https:\/\/i0.wp.com\/www.grieta.org.mx\/wp-content\/uploads\/2018\/03\/Miroslava-protestas.jpg?resize=525%2C300&ssl=1 1.5x, https:\/\/i0.wp.com\/www.grieta.org.mx\/wp-content\/uploads\/2018\/03\/Miroslava-protestas.jpg?resize=700%2C400&ssl=1 2x"},"classes":[]},{"id":44974,"url":"https:\/\/www.grieta.org.mx\/index.php\/2020\/02\/22\/corral-acusa-a-familia-de-miroslava-de-mentir-niega-que-sabia-de-amenazas-brotan-pruebas-de-que-lo-contradicen-chihuahua\/","url_meta":{"origin":44981,"position":2},"title":"Corral acusa a familia de Miroslava de mentir, niega que sab\u00eda de amenazas; brotan pruebas de que lo contradicen (Chihuahua)","author":"grieta","date":"22 febrero, 2020","format":false,"excerpt":"Colectivo 23 de Marzo\/Pagina 3 El gobernador de Chihuahua, Javier Corral, acus\u00f3 a \u201clas hermanas\u201d de la periodista asesinada, Miroslava Breach Velducea, de mentir al se\u00f1alar en el juicio que \u00e9l sab\u00eda de las amenazas que recib\u00eda; sin embargo, existen pruebas que muestran que s\u00ed sab\u00eda. Las evidencias que lo\u2026","rel":"","context":"En &quot;Chihuahua&quot;","block_context":{"text":"Chihuahua","link":"https:\/\/www.grieta.org.mx\/index.php\/category\/noticias-nacionales\/chihuahua\/"},"img":{"alt_text":"","src":"https:\/\/i0.wp.com\/www.grieta.org.mx\/wp-content\/uploads\/2020\/02\/image_large.jpeg?resize=350%2C200&ssl=1","width":350,"height":200,"srcset":"https:\/\/i0.wp.com\/www.grieta.org.mx\/wp-content\/uploads\/2020\/02\/image_large.jpeg?resize=350%2C200&ssl=1 1x, https:\/\/i0.wp.com\/www.grieta.org.mx\/wp-content\/uploads\/2020\/02\/image_large.jpeg?resize=525%2C300&ssl=1 1.5x, https:\/\/i0.wp.com\/www.grieta.org.mx\/wp-content\/uploads\/2020\/02\/image_large.jpeg?resize=700%2C400&ssl=1 2x"},"classes":[]},{"id":36206,"url":"https:\/\/www.grieta.org.mx\/index.php\/2018\/03\/21\/ambiente-adverso-para-periodistas-en-gobierno-de-corral-article-19-chihuahua\/","url_meta":{"origin":44981,"position":3},"title":"Ambiente adverso para periodistas en gobierno de Corral: Article 19 (Chihuahua)","author":"grieta","date":"21 marzo, 2018","format":false,"excerpt":"Red de Periodistas de Ju\u00e1rez En Chihuahua, el ambiente para los periodistas y defensores de la libertad de expresi\u00f3n es adverso debido a la violencia institucional que impera contra la prensa durante el gobierno de Javier Corral Jurado, de acuerdo con la organizaci\u00f3n ARTICLE 19. En su informe \u2018Democracia Simulada,\u2026","rel":"","context":"En &quot;Chihuahua&quot;","block_context":{"text":"Chihuahua","link":"https:\/\/www.grieta.org.mx\/index.php\/category\/noticias-nacionales\/chihuahua\/"},"img":{"alt_text":"","src":"https:\/\/i0.wp.com\/www.grieta.org.mx\/wp-content\/uploads\/2019\/07\/amordazada-libertad.jpg?resize=350%2C200&ssl=1","width":350,"height":200,"srcset":"https:\/\/i0.wp.com\/www.grieta.org.mx\/wp-content\/uploads\/2019\/07\/amordazada-libertad.jpg?resize=350%2C200&ssl=1 1x, https:\/\/i0.wp.com\/www.grieta.org.mx\/wp-content\/uploads\/2019\/07\/amordazada-libertad.jpg?resize=525%2C300&ssl=1 1.5x, https:\/\/i0.wp.com\/www.grieta.org.mx\/wp-content\/uploads\/2019\/07\/amordazada-libertad.jpg?resize=700%2C400&ssl=1 2x"},"classes":[]},{"id":31044,"url":"https:\/\/www.grieta.org.mx\/index.php\/2019\/03\/22\/a-2-anos-del-asesinato-de-miroslava-breach-no-hay-sentenciados-ni-justicia-chihuahua\/","url_meta":{"origin":44981,"position":4},"title":"A 2 a\u00f1os del asesinato de Miroslava Breach, no hay sentenciados ni justicia (Chihuahua)","author":"grieta","date":"22 marzo, 2019","format":false,"excerpt":"Activistas, comunicadores y familiares de la periodista exigieron justicia y demandaron a las autoridades la captura de todos los involucrados en el crimen, y en especial de los autores intelectuales. Redacci\u00f3n ANIMAL POL\u00cdTICO A dos a\u00f1os del asesinato de la periodista Miroslava Breach, no existe sentencia condenatoria contra ninguno de\u2026","rel":"","context":"En &quot;Chihuahua&quot;","block_context":{"text":"Chihuahua","link":"https:\/\/www.grieta.org.mx\/index.php\/category\/noticias-nacionales\/chihuahua\/"},"img":{"alt_text":"","src":"https:\/\/i0.wp.com\/www.grieta.org.mx\/wp-content\/uploads\/2019\/03\/Miroslava-2-a%C3%B1os.jpg?resize=350%2C200","width":350,"height":200,"srcset":"https:\/\/i0.wp.com\/www.grieta.org.mx\/wp-content\/uploads\/2019\/03\/Miroslava-2-a%C3%B1os.jpg?resize=350%2C200 1x, https:\/\/i0.wp.com\/www.grieta.org.mx\/wp-content\/uploads\/2019\/03\/Miroslava-2-a%C3%B1os.jpg?resize=525%2C300 1.5x"},"classes":[]},{"id":58044,"url":"https:\/\/www.grieta.org.mx\/index.php\/2021\/03\/26\/a-4-anos-del-crimen-de-miroslava-breach-el-camino-hacia-la-justicia-aun-no-termina\/","url_meta":{"origin":44981,"position":5},"title":"A 4 a\u00f1os del crimen de Miroslava Breach, el camino hacia la justicia a\u00fan no termina","author":"grieta","date":"26 marzo, 2021","format":false,"excerpt":"Proceso\/Patricia Mayorga \"El Larry\", autor intelectual del homicidio, fue condenado a 50 a\u00f1os de prisi\u00f3n en agosto pasado. \u00a0Protesta en la FGR por el asesinato de la periodista Miroslava Breach. Foto: J. Ra\u00fal P\u00e9rez CHIHUAHUA, Chih. (apro).-\u00a0 A cuatro a\u00f1os del homicidio de la periodista Miroslava Breach Velducea, su hermana\u2026","rel":"","context":"En &quot;Chihuahua&quot;","block_context":{"text":"Chihuahua","link":"https:\/\/www.grieta.org.mx\/index.php\/category\/noticias-nacionales\/chihuahua\/"},"img":{"alt_text":"","src":"https:\/\/i0.wp.com\/www.grieta.org.mx\/wp-content\/uploads\/2018\/03\/14524434_1106112876131411_958039263622046936_o.jpg?resize=350%2C200&ssl=1","width":350,"height":200,"srcset":"https:\/\/i0.wp.com\/www.grieta.org.mx\/wp-content\/uploads\/2018\/03\/14524434_1106112876131411_958039263622046936_o.jpg?resize=350%2C200&ssl=1 1x, https:\/\/i0.wp.com\/www.grieta.org.mx\/wp-content\/uploads\/2018\/03\/14524434_1106112876131411_958039263622046936_o.jpg?resize=525%2C300&ssl=1 1.5x, https:\/\/i0.wp.com\/www.grieta.org.mx\/wp-content\/uploads\/2018\/03\/14524434_1106112876131411_958039263622046936_o.jpg?resize=700%2C400&ssl=1 2x"},"classes":[]}],"_links":{"self":[{"href":"https:\/\/www.grieta.org.mx\/index.php\/wp-json\/wp\/v2\/posts\/44981","targetHints":{"allow":["GET"]}}],"collection":[{"href":"https:\/\/www.grieta.org.mx\/index.php\/wp-json\/wp\/v2\/posts"}],"about":[{"href":"https:\/\/www.grieta.org.mx\/index.php\/wp-json\/wp\/v2\/types\/post"}],"author":[{"embeddable":true,"href":"https:\/\/www.grieta.org.mx\/index.php\/wp-json\/wp\/v2\/users\/2"}],"replies":[{"embeddable":true,"href":"https:\/\/www.grieta.org.mx\/index.php\/wp-json\/wp\/v2\/comments?post=44981"}],"version-history":[{"count":1,"href":"https:\/\/www.grieta.org.mx\/index.php\/wp-json\/wp\/v2\/posts\/44981\/revisions"}],"predecessor-version":[{"id":44984,"href":"https:\/\/www.grieta.org.mx\/index.php\/wp-json\/wp\/v2\/posts\/44981\/revisions\/44984"}],"wp:featuredmedia":[{"embeddable":true,"href":"https:\/\/www.grieta.org.mx\/index.php\/wp-json\/wp\/v2\/media\/44983"}],"wp:attachment":[{"href":"https:\/\/www.grieta.org.mx\/index.php\/wp-json\/wp\/v2\/media?parent=44981"}],"wp:term":[{"taxonomy":"category","embeddable":true,"href":"https:\/\/www.grieta.org.mx\/index.php\/wp-json\/wp\/v2\/categories?post=44981"},{"taxonomy":"post_tag","embeddable":true,"href":"https:\/\/www.grieta.org.mx\/index.php\/wp-json\/wp\/v2\/tags?post=44981"}],"curies":[{"name":"wp","href":"https:\/\/api.w.org\/{rel}","templated":true}]}}