{"id":4497,"date":"2016-02-11T20:28:03","date_gmt":"2016-02-11T20:28:03","guid":{"rendered":"http:\/\/50.22.11.12\/~grietaor\/?p=4497"},"modified":"2018-06-08T13:30:45","modified_gmt":"2018-06-08T18:30:45","slug":"se-deslindan-ciudadanos-de-politicos-en-malecon-tajamar","status":"publish","type":"post","link":"https:\/\/www.grieta.org.mx\/index.php\/2016\/02\/11\/se-deslindan-ciudadanos-de-politicos-en-malecon-tajamar\/","title":{"rendered":"Se deslindan ciudadanos de pol\u00edticos en Malec\u00f3n Tajamar"},"content":{"rendered":"<p>Mujeres y j\u00f3venes que montan guardias para evitar el reingreso de maquinaria a la zona de manglares denunciaron que partidos y candidatos buscan secuestrar el movimiento civil<br \/>\n11\/02\/2016<\/p>\n<p>Adriana Varillas \/ corresponsal<br \/>\nCanc\u00fan, Q.Roo<\/p>\n<p>Ciudadanos que participan en la defensa de los manglares y recursos naturales dentro del \u201cMalec\u00f3n Tajamar\u201d, se desmarcaron de partidos pol\u00edticos y l\u00edderes que intentan secuestrar el movimiento civil.<\/p>\n<p>Agrupados en uno de los tres accesos que conducen al interior del pol\u00edgono de 78.4 hect\u00e1reas, mujeres y j\u00f3venes que montan guardias las 24 horas del d\u00eda, aclararon que su motivaci\u00f3n es genuina, sin fines de lucro, ni en busca de alg\u00fan puesto o posici\u00f3n pol\u00edtica de cara a las pr\u00f3ximas elecciones.<\/p>\n<p>Su pronunciamiento obedeci\u00f3 a que la tarde de ayer, en el acceso central, hubo personas repartiendo playeras con el nombre del regidor y ex candidato a la presidencia municipal de Canc\u00fan, Antonio Cervera. Tambi\u00e9n porque hay quienes \u201csin fundamento\u201d \u2013subrayan- intentan enga\u00f1ar a otros ciudadanos corriendo rumores de que \u00e9l es quien est\u00e1 apoy\u00e1ndoles, incluso en lo legal.<\/p>\n<p>Como antecedente recuerdan que semanas atr\u00e1s militantes del Partido Verde Ecologista (PVEM) quisieron \u201ccolgarse\u201d de la causa ciudadana para tomarse fotos y lucrar pol\u00edticamente con el tema. Militantes del Partido de la Revoluci\u00f3n Democr\u00e1tica (PRD) se han acercado tambi\u00e9n.<\/p>\n<p>\u201cEstamos deslind\u00e1ndonos de cualquier partido pol\u00edtico, de cualquier nexo o ayuda o liderazgos que quieran secuestrar este movimiento, en el que estamos de coraz\u00f3n, por el amor a la naturaleza, al manglar y no por otros motivos. Nos enteramos de que por ah\u00ed se est\u00e1 diciendo que Antonio Cervera est\u00e1 detr\u00e1s de nosotros y queremos aclararle a la opini\u00f3n p\u00fablica que es falso. Es una mentira que pretende desvirtuar esta causa.<\/p>\n<p>\u201cNosotros los invitamos para que vengan a hacer guardias, a pasar fr\u00edo en las madrugadas, para aguantar los moscos, y que se den cuenta que somos ciudadanos, hay madres de familia, padres de familia, hijos, estudiantes, unidos solo por una causa: Salvar al manglar\u201d, afirm\u00f3 Milka S\u00e1nchez.<\/p>\n<p>Milka aclara que \u201cbajo ninguna circunstancia\u201d se est\u00e1 pidiendo dinero. No en ese acceso. \u201cSi la gente quiere venir y apoyarnos con comida o algo, lo aceptamos, pero no pedimos dinero\u201d.<\/p>\n<p>Lo que se observa en esa entrada, es una peque\u00f1a carpa que han montado para vigilar y documentar la entrada y salida de personas o veh\u00edculos hacia el Malec\u00f3n; en ella conviven personas que antes del 16 y 17 de enero \u2013cuando la devastaci\u00f3n de manglares, sabana y selva- no se conoc\u00edan.<\/p>\n<p>Hay j\u00f3venes estudiantes, mujeres y se\u00f1oras, que antes desconoc\u00edan las funciones de los manglares \u2013filtro de contaminantes, hogar y sitio de reproducci\u00f3n y alimentaci\u00f3n de especies- y hoy recitan sus cuatro tipos: Blanco, rojo, botoncillo o negro. Otros conocen tambi\u00e9n las normas o leyes que protegen a ese tipo de humedal.<\/p>\n<p>En la mayor\u00eda hay una coincidencia o varias. Su preocupaci\u00f3n por el destino del sitio, la tristeza ante la muerte de animales y plantas de diferentes tipos; el coraje e indignaci\u00f3n por el papel de la autoridad, defendiendo el proyecto o envi\u00e1ndoles a polic\u00edas para amedrentarles; y las horas y esfuerzo f\u00edsico invertidos en rotarse para hacer las guardias. El cansancio.<\/p>\n<p>Algunas mujeres a\u00fan lloran evocando lo que ocurri\u00f3 la madrugada del 16 de enero e incluso hay hombres que se doblan tambi\u00e9n al llegar por primera vez al pol\u00edgono y verlo destruido. El efecto en muchas de las personas suele ser igual: La tristeza. Tambi\u00e9n la rabia.<\/p>\n<p>Hay una familia que se planta entera para hacer las guardias, hasta que llegan otros y les suplen. Milka habla de esa constancia y de ese esfuerzo. Lucy Sandoval llora pidiendo a los reporteros que no suelten el tema; Do\u00f1a Betty se cooper\u00f3 con una planta de luz, porque el Fondo Nacional de Fomento al Turismo (Fonatur) o el gobierno de Canc\u00fan, les cortaron la energ\u00eda el\u00e9ctrica y la obscuridad les atemoriza.<\/p>\n<p>Y Roc\u00edo Pinto fue una de las ciudadanas que promovi\u00f3 un amparo ante el Juzgado Tercero. Ma\u00f1ana es la audiencia incidental en que el juez resolver\u00e1 si le concede o no la suspensi\u00f3n provisional.<\/p>\n<p>En sus manos sostiene las copias de las suspensiones provisionales que han otorgado algunos Juzgados de Distritos, para que si el Fonatur u otra autoridad pretenden entrar, se les exhiba y explique que no pueden tocar nada, seg\u00fan la instrucci\u00f3n del juez. Se toman fotos, videos y si hay insistencia en entrar para realizar alg\u00fan trabajo, se llama a la polic\u00eda para denunciar que se est\u00e1 violando la disposici\u00f3n de un juez, explica.<\/p>\n<p>En la demanda de amparo que ella promovi\u00f3, detalla lo que vio el 16 de enero, cuando logr\u00f3 escabullirse para ingresar al \u201cMalec\u00f3n Tajamar\u201d, cuando las m\u00e1quinas llevaban ya horas trabajando. Comenzaron a las 2 de la madrugada.<\/p>\n<p>Pinto evoca con nerviosismo el momento. Dice que vio m\u00e1quinas arrancando de ra\u00edz la vegetaci\u00f3n y a camiones sepultando animales vivos, \u201chasta que la polic\u00eda me sac\u00f3. Me sacaron escoltada como si yo fuera la criminal\u201d.<\/p>\n<p>Lo que m\u00e1s le asombr\u00f3 de ese momento \u2013narra en entrevista- fue la frialdad de los empleados que operaban la maquinaria pesada, \u201clos camiones arrasando con todo sin importarles lo que hubiera al paso. La impotencia de ver a la autoridad defendiendo eso\u201d.<\/p>\n<p><a href=\"http:\/\/www.eluniversal.com.mx\/articulo\/estados\/2016\/02\/11\/se-deslindan-ciudadanos-de-politicos-en-malecon-tajamar\" target=\"_blank\">www.eluniversal.com.mx\/articulo\/estados\/2016\/02\/11\/se-deslindan-ciudadanos-de-politicos-en-malecon-tajamar<\/a><\/p>\n","protected":false},"excerpt":{"rendered":"<p>Mujeres y j\u00f3venes que montan guardias para evitar el reingreso de maquinaria a la zona de manglares denunciaron que partidos y candidatos buscan secuestrar el movimiento civil 11\/02\/2016 Adriana Varillas &hellip; <a href=\"https:\/\/www.grieta.org.mx\/index.php\/2016\/02\/11\/se-deslindan-ciudadanos-de-politicos-en-malecon-tajamar\/\" class=\"more-link\">Leer m\u00e1s<\/a><\/p>\n","protected":false},"author":2,"featured_media":21928,"comment_status":"closed","ping_status":"open","sticky":false,"template":"","format":"standard","meta":{"ngg_post_thumbnail":0,"_jetpack_newsletter_access":"","_jetpack_dont_email_post_to_subs":false,"_jetpack_newsletter_tier_id":0,"_jetpack_memberships_contains_paywalled_content":false,"_jetpack_memberships_contains_paid_content":false,"footnotes":""},"categories":[80,2,1317,151,28],"tags":[223,356],"class_list":{"0":"post-4497","1":"post","2":"type-post","3":"status-publish","4":"format-standard","5":"has-post-thumbnail","6":"hentry","7":"category-cintillo","8":"category-noticias-nacionales","9":"category-protestas-ante-devastacion-provocada-por-malecon-tajamar","10":"category-quintana-roo","12":"tag-ecocidio","13":"tag-tajamar","14":"entry"},"jetpack_featured_media_url":"https:\/\/www.grieta.org.mx\/wp-content\/uploads\/2018\/03\/14524434_1106112876131411_958039263622046936_o.jpg","jetpack_sharing_enabled":true,"jetpack_shortlink":"https:\/\/wp.me\/p7ZJR4-1ax","jetpack_likes_enabled":false,"jetpack-related-posts":[{"id":4486,"url":"https:\/\/www.grieta.org.mx\/index.php\/2016\/06\/10\/protestas-ante-devastacion-provocada-por-malecon-tajamar-quintana-roo\/","url_meta":{"origin":4497,"position":0},"title":"Protestas ante devastaci\u00f3n provocada por Malec\u00f3n Tajamar (Quintana Roo)","author":"grieta","date":"10 junio, 2016","format":false,"excerpt":"10\/06\/16. Afrenta para Canc\u00fan aval de Profepa a Fonatur por destrucci\u00f3n en TajamarMarcrixnoticias 07\/06\/16. No hay delito ambiental en Tajamar Canc\u00fan resolvi\u00f3 la Profepa. El Fonatur actu\u00f3 apegado a lo autorizado por SemarnatNoticaribeNews 12\/04\/16. Ignoran 7 mil denuncias por TajamarLuces del Siglo 11\/02\/16. Defensores del Tajamar se dividen, desconocen a\u2026","rel":"","context":"En &quot;NOTICIAS NACIONALES&quot;","block_context":{"text":"NOTICIAS NACIONALES","link":"https:\/\/www.grieta.org.mx\/index.php\/category\/noticias-nacionales\/"},"img":{"alt_text":"","src":"https:\/\/i0.wp.com\/www.grieta.org.mx\/wp-content\/uploads\/2018\/03\/14524434_1106112876131411_958039263622046936_o.jpg?resize=350%2C200&ssl=1","width":350,"height":200,"srcset":"https:\/\/i0.wp.com\/www.grieta.org.mx\/wp-content\/uploads\/2018\/03\/14524434_1106112876131411_958039263622046936_o.jpg?resize=350%2C200&ssl=1 1x, https:\/\/i0.wp.com\/www.grieta.org.mx\/wp-content\/uploads\/2018\/03\/14524434_1106112876131411_958039263622046936_o.jpg?resize=525%2C300&ssl=1 1.5x, https:\/\/i0.wp.com\/www.grieta.org.mx\/wp-content\/uploads\/2018\/03\/14524434_1106112876131411_958039263622046936_o.jpg?resize=700%2C400&ssl=1 2x"},"classes":[]},{"id":4485,"url":"https:\/\/www.grieta.org.mx\/index.php\/2016\/02\/11\/defensores-del-tajamar-se-dividen-desconocen-a-katherine-ender\/","url_meta":{"origin":4497,"position":1},"title":"Defensores del Tajamar se dividen, desconocen a Katherine Ender","author":"grieta","date":"11 febrero, 2016","format":false,"excerpt":"AUSTO ADRI\u00c1N.- Canc\u00fan Q. Roo.- Ciudadanos que han logrado 5 suspensiones del Malec\u00f3n Tajamar ante juzgados federales, se deslindan de Katherine Ender, por emplear el movimiento ambientalista para cuestiones pol\u00edticas, coincidieron Sandra Elena Sandoval y Roc\u00edo Pinto Bonilla. Se fragmenta la defensa del proyecto del Malec\u00f3n Tajamar, dado que ciudadanas\u2026","rel":"","context":"En &quot;CINTILLO&quot;","block_context":{"text":"CINTILLO","link":"https:\/\/www.grieta.org.mx\/index.php\/category\/cintillo\/"},"img":{"alt_text":"","src":"https:\/\/i0.wp.com\/www.grieta.org.mx\/wp-content\/uploads\/2018\/03\/14524434_1106112876131411_958039263622046936_o.jpg?resize=350%2C200&ssl=1","width":350,"height":200,"srcset":"https:\/\/i0.wp.com\/www.grieta.org.mx\/wp-content\/uploads\/2018\/03\/14524434_1106112876131411_958039263622046936_o.jpg?resize=350%2C200&ssl=1 1x, https:\/\/i0.wp.com\/www.grieta.org.mx\/wp-content\/uploads\/2018\/03\/14524434_1106112876131411_958039263622046936_o.jpg?resize=525%2C300&ssl=1 1.5x, https:\/\/i0.wp.com\/www.grieta.org.mx\/wp-content\/uploads\/2018\/03\/14524434_1106112876131411_958039263622046936_o.jpg?resize=700%2C400&ssl=1 2x"},"classes":[]},{"id":5044,"url":"https:\/\/www.grieta.org.mx\/index.php\/2016\/01\/05\/impiden-mas-devastacion-en-el-malecon-tajamar\/","url_meta":{"origin":4497,"position":2},"title":"Impiden m\u00e1s devastaci\u00f3n en el Malec\u00f3n Tajamar","author":"grieta","date":"5 enero, 2016","format":false,"excerpt":"Pese a la suspensi\u00f3n, una brigada de trabajadores lleg\u00f3 con maquinaria pesada Canc\u00fan.- Decenas de habitantes no permitieron que reanudaran trabajos en el Malec\u00f3n Tajamar, por lo que tuvo que intervenir la polic\u00eda, hasta que lleg\u00f3 un representante de la Procuradur\u00eda General de la Rep\u00fablica, quien conmin\u00f3 al abogado del\u2026","rel":"","context":"En &quot;CINTILLO&quot;","block_context":{"text":"CINTILLO","link":"https:\/\/www.grieta.org.mx\/index.php\/category\/cintillo\/"},"img":{"alt_text":"","src":"https:\/\/i0.wp.com\/www.grieta.org.mx\/wp-content\/uploads\/2018\/03\/14524434_1106112876131411_958039263622046936_o.jpg?resize=350%2C200&ssl=1","width":350,"height":200,"srcset":"https:\/\/i0.wp.com\/www.grieta.org.mx\/wp-content\/uploads\/2018\/03\/14524434_1106112876131411_958039263622046936_o.jpg?resize=350%2C200&ssl=1 1x, https:\/\/i0.wp.com\/www.grieta.org.mx\/wp-content\/uploads\/2018\/03\/14524434_1106112876131411_958039263622046936_o.jpg?resize=525%2C300&ssl=1 1.5x, https:\/\/i0.wp.com\/www.grieta.org.mx\/wp-content\/uploads\/2018\/03\/14524434_1106112876131411_958039263622046936_o.jpg?resize=700%2C400&ssl=1 2x"},"classes":[]},{"id":5046,"url":"https:\/\/www.grieta.org.mx\/index.php\/2015\/12\/30\/empresarios-dan-un-mes-para-definir-proyecto-tajamar\/","url_meta":{"origin":4497,"position":3},"title":"Empresarios dan un mes para definir proyecto Tajamar","author":"grieta","date":"30 diciembre, 2015","format":false,"excerpt":"Ese es el plazo que le han dado los 23 inversionistas del proyecto Malec\u00f3n Tajamar al Fondo Nacional de Turismo, Fonatur, para que d\u00e9 una soluci\u00f3n para el desarrollo tur\u00edstico. Tras establecer que ya se ha perdido mucho tiempo, los propietarios de predios en Malec\u00f3n, decidieron que s\u00f3lo dejar\u00e1n pasar\u2026","rel":"","context":"En &quot;CINTILLO&quot;","block_context":{"text":"CINTILLO","link":"https:\/\/www.grieta.org.mx\/index.php\/category\/cintillo\/"},"img":{"alt_text":"","src":"https:\/\/i0.wp.com\/www.grieta.org.mx\/wp-content\/uploads\/2018\/03\/14524434_1106112876131411_958039263622046936_o.jpg?resize=350%2C200&ssl=1","width":350,"height":200,"srcset":"https:\/\/i0.wp.com\/www.grieta.org.mx\/wp-content\/uploads\/2018\/03\/14524434_1106112876131411_958039263622046936_o.jpg?resize=350%2C200&ssl=1 1x, https:\/\/i0.wp.com\/www.grieta.org.mx\/wp-content\/uploads\/2018\/03\/14524434_1106112876131411_958039263622046936_o.jpg?resize=525%2C300&ssl=1 1.5x, https:\/\/i0.wp.com\/www.grieta.org.mx\/wp-content\/uploads\/2018\/03\/14524434_1106112876131411_958039263622046936_o.jpg?resize=700%2C400&ssl=1 2x"},"classes":[]},{"id":5036,"url":"https:\/\/www.grieta.org.mx\/index.php\/2016\/01\/16\/cancun-despierta-devastan-malecon-tajamar-en-la-madrugada-y-con-proteccion-de-granaderos-entran-con-maquinaria-para-rellenar-manglar\/","url_meta":{"origin":4497,"position":4},"title":"\u201c\u00a1Canc\u00fan, Despierta!\u201d | Devastan Malec\u00f3n Tajamar: En la madrugada y con protecci\u00f3n de granaderos, entran con maquinaria para rellenar manglar","author":"grieta","date":"16 enero, 2016","format":false,"excerpt":"CANC\u00daN, MX.- En la oscuridad de la noche, como los delincuentes, con protecci\u00f3n de decenas de granaderos del gobierno municipal de Paul Carrillo y de la polic\u00eda estatal de Roberto Borge, la madrugada de este s\u00e1bado, maquinaria pesada y volquetes ingresaron a los terrenos del Malec\u00f3n Tajamar y empezaron a\u2026","rel":"","context":"En &quot;CINTILLO&quot;","block_context":{"text":"CINTILLO","link":"https:\/\/www.grieta.org.mx\/index.php\/category\/cintillo\/"},"img":{"alt_text":"","src":"https:\/\/i0.wp.com\/www.grieta.org.mx\/wp-content\/uploads\/2018\/03\/14524434_1106112876131411_958039263622046936_o.jpg?resize=350%2C200&ssl=1","width":350,"height":200,"srcset":"https:\/\/i0.wp.com\/www.grieta.org.mx\/wp-content\/uploads\/2018\/03\/14524434_1106112876131411_958039263622046936_o.jpg?resize=350%2C200&ssl=1 1x, https:\/\/i0.wp.com\/www.grieta.org.mx\/wp-content\/uploads\/2018\/03\/14524434_1106112876131411_958039263622046936_o.jpg?resize=525%2C300&ssl=1 1.5x, https:\/\/i0.wp.com\/www.grieta.org.mx\/wp-content\/uploads\/2018\/03\/14524434_1106112876131411_958039263622046936_o.jpg?resize=700%2C400&ssl=1 2x"},"classes":[]},{"id":5094,"url":"https:\/\/www.grieta.org.mx\/index.php\/2015\/08\/09\/interponen-amparo-vs-malecon-tajamar\/","url_meta":{"origin":4497,"position":5},"title":"Interponen amparo vs Malec\u00f3n Tajamar","author":"grieta","date":"9 agosto, 2015","format":false,"excerpt":"Canc\u00fan, QR. El Centro Mexicano de Derecho Ambiental (Cemda) interpuso el pasado 31 de julio un amparo en contra de la autorizaci\u00f3n de la Manifestaci\u00f3n Impacto Ambiental (MIA) condicionada que la Secretar\u00eda de Medio Ambiente y Recursos Naturales (Semarnat) otorg\u00f3 en favor del Fondo Nacional de Fomento al Turismo (Fonatur)\u2026","rel":"","context":"En &quot;CINTILLO&quot;","block_context":{"text":"CINTILLO","link":"https:\/\/www.grieta.org.mx\/index.php\/category\/cintillo\/"},"img":{"alt_text":"","src":"https:\/\/i0.wp.com\/www.grieta.org.mx\/wp-content\/uploads\/2018\/03\/14524434_1106112876131411_958039263622046936_o.jpg?resize=350%2C200&ssl=1","width":350,"height":200,"srcset":"https:\/\/i0.wp.com\/www.grieta.org.mx\/wp-content\/uploads\/2018\/03\/14524434_1106112876131411_958039263622046936_o.jpg?resize=350%2C200&ssl=1 1x, https:\/\/i0.wp.com\/www.grieta.org.mx\/wp-content\/uploads\/2018\/03\/14524434_1106112876131411_958039263622046936_o.jpg?resize=525%2C300&ssl=1 1.5x, https:\/\/i0.wp.com\/www.grieta.org.mx\/wp-content\/uploads\/2018\/03\/14524434_1106112876131411_958039263622046936_o.jpg?resize=700%2C400&ssl=1 2x"},"classes":[]}],"_links":{"self":[{"href":"https:\/\/www.grieta.org.mx\/index.php\/wp-json\/wp\/v2\/posts\/4497","targetHints":{"allow":["GET"]}}],"collection":[{"href":"https:\/\/www.grieta.org.mx\/index.php\/wp-json\/wp\/v2\/posts"}],"about":[{"href":"https:\/\/www.grieta.org.mx\/index.php\/wp-json\/wp\/v2\/types\/post"}],"author":[{"embeddable":true,"href":"https:\/\/www.grieta.org.mx\/index.php\/wp-json\/wp\/v2\/users\/2"}],"replies":[{"embeddable":true,"href":"https:\/\/www.grieta.org.mx\/index.php\/wp-json\/wp\/v2\/comments?post=4497"}],"version-history":[{"count":1,"href":"https:\/\/www.grieta.org.mx\/index.php\/wp-json\/wp\/v2\/posts\/4497\/revisions"}],"predecessor-version":[{"id":4498,"href":"https:\/\/www.grieta.org.mx\/index.php\/wp-json\/wp\/v2\/posts\/4497\/revisions\/4498"}],"wp:featuredmedia":[{"embeddable":true,"href":"https:\/\/www.grieta.org.mx\/index.php\/wp-json\/wp\/v2\/media\/21928"}],"wp:attachment":[{"href":"https:\/\/www.grieta.org.mx\/index.php\/wp-json\/wp\/v2\/media?parent=4497"}],"wp:term":[{"taxonomy":"category","embeddable":true,"href":"https:\/\/www.grieta.org.mx\/index.php\/wp-json\/wp\/v2\/categories?post=4497"},{"taxonomy":"post_tag","embeddable":true,"href":"https:\/\/www.grieta.org.mx\/index.php\/wp-json\/wp\/v2\/tags?post=4497"}],"curies":[{"name":"wp","href":"https:\/\/api.w.org\/{rel}","templated":true}]}}