{"id":44956,"date":"2020-02-20T18:04:58","date_gmt":"2020-02-21T00:04:58","guid":{"rendered":"http:\/\/www.grieta.org.mx\/?p=44956"},"modified":"2020-02-23T18:18:10","modified_gmt":"2020-02-24T00:18:10","slug":"rio-santiago-mata-a-indigenas-nayarit","status":"publish","type":"post","link":"https:\/\/www.grieta.org.mx\/index.php\/2020\/02\/20\/rio-santiago-mata-a-indigenas-nayarit\/","title":{"rendered":"R\u00edo Santiago mata a ind\u00edgenas (Nayarit)"},"content":{"rendered":"<p><img loading=\"lazy\" decoding=\"async\" data-attachment-id=\"44958\" data-permalink=\"https:\/\/www.grieta.org.mx\/index.php\/2020\/02\/20\/rio-santiago-mata-a-indigenas-nayarit\/d-wyvggw4cyun9k\/\" data-orig-file=\"https:\/\/www.grieta.org.mx\/wp-content\/uploads\/2020\/02\/D-wyvGgW4CYUn9K.jpg\" data-orig-size=\"768,479\" data-comments-opened=\"0\" data-image-meta=\"{&quot;aperture&quot;:&quot;0&quot;,&quot;credit&quot;:&quot;&quot;,&quot;camera&quot;:&quot;&quot;,&quot;caption&quot;:&quot;&quot;,&quot;created_timestamp&quot;:&quot;0&quot;,&quot;copyright&quot;:&quot;&quot;,&quot;focal_length&quot;:&quot;0&quot;,&quot;iso&quot;:&quot;0&quot;,&quot;shutter_speed&quot;:&quot;0&quot;,&quot;title&quot;:&quot;&quot;,&quot;orientation&quot;:&quot;0&quot;}\" data-image-title=\"D-wyvGgW4CYUn9K\" data-image-description=\"\" data-image-caption=\"\" data-medium-file=\"https:\/\/www.grieta.org.mx\/wp-content\/uploads\/2020\/02\/D-wyvGgW4CYUn9K-300x187.jpg\" data-large-file=\"https:\/\/www.grieta.org.mx\/wp-content\/uploads\/2020\/02\/D-wyvGgW4CYUn9K.jpg\" class=\"aligncenter wp-image-44958\" src=\"http:\/\/www.grieta.org.mx\/wp-content\/uploads\/2020\/02\/D-wyvGgW4CYUn9K.jpg\" alt=\"\" width=\"800\" height=\"499\" srcset=\"https:\/\/www.grieta.org.mx\/wp-content\/uploads\/2020\/02\/D-wyvGgW4CYUn9K.jpg 768w, https:\/\/www.grieta.org.mx\/wp-content\/uploads\/2020\/02\/D-wyvGgW4CYUn9K-300x187.jpg 300w\" sizes=\"auto, (max-width: 800px) 100vw, 800px\" \/><\/p>\n<p>Foto: Ilustrativa<\/p>\n<p><em>Se ha suscitado una fuerte ola de casos de c\u00e1ncer por los altos niveles de contaminaci\u00f3n del r\u00edo Santiago, denuncia l\u00edder wix\u00e1rrica, Zen\u00f3n M\u00fa\u00f1oz<\/em><\/p>\n<p>M\u00e9xico. Jueves 20 de febrero del 2020.- Agencias.- De acuerdo a la declaraci\u00f3n del l\u00edder wix\u00e1rrica, Zen\u00f3n M\u00fa\u00f1oz, han aumentado alarmantemente los casos de c\u00e1ncer en las comunidades ind\u00edgenas, y considera que podr\u00eda deberse a la alta contaminaci\u00f3n del R\u00edo Santiago, por lo que pide a las autoridades de Salud y Ambientales que realicen un estudio a las aguas de este r\u00edo para que confirmen o descarten que la causa de las muertes de c\u00e1ncer se debe a la grave contaminaci\u00f3n.<\/p>\n<p>Puntualiz\u00f3 que al menos son 11 las comunidades ind\u00edgenas que se sospecha sufren afectaciones por la alta contaminaci\u00f3n del r\u00edo Santiago, dichas comunidades precis\u00f3, se encuentran asentadas en el embalse de la presa Aguamilpa, precisamente, donde desemboca este r\u00edo que viene cargado de desechos industriales desde el sur del pa\u00eds, principalmente del estado de M\u00e9xico.<\/p>\n<p>Manifest\u00f3 que piden la intervenci\u00f3n del Secretario de Salud, Dr. Ra\u00fal Santiago L\u00f3pez, del gobernador del estado, Antonio Echevarr\u00eda Garc\u00eda, y del delegado federal, Manuel Peraza Segovia, para que se practiquen los ex\u00e1menes de laboratorio necesarios para que analicen los niveles de contaminaci\u00f3n del agua.<\/p>\n<p>Por otra parte, durante a\u00f1os se ha mencionado que el r\u00edo Santiago es el m\u00e1s contaminado del pa\u00eds, ya que recibe descargas de m\u00e1s de 300 f\u00e1bricas.<br \/>\nHabitantes de El Salto y Juanacatl\u00e1n, del vecino estado de Jalisco, han denunciado en diversas ocasiones la contaminaci\u00f3n que padece el r\u00edo Santiago, se\u00f1alando que hay Corrientes de color caf\u00e9 verdoso, cubiertas de espuma blanca, evaporaci\u00f3n de gases y un fuerte hedor a aguas negras.<\/p>\n<p>Muy preocupado, ZAen\u00f3n M\u00fa\u00f1oz, se\u00f1al\u00f3 que nunca han monitoreado los niveles de contaminaci\u00f3n de la Presa Aguamilpa, construida hace 30 a\u00f1os y es el momento que las autoridades se \u201cpongan las pilas\u201d porque se trata de la salud y la vida de muchas personas, ya no solamente se trata de los cientos de peces que mueren a diario y las p\u00e9rdidas econ\u00f3micas que se generan.<\/p>\n<p>Puntualiz\u00f3 que de diez a\u00f1os para ac\u00e1, la gente se ha dado cuenta de la grave contaminaci\u00f3n porque ven c\u00f3mo aparecen muchos peces muertos.<\/p>\n<p>Y agreg\u00f3: \u201cQuienes nos dedicamos a la pesca, estamos en contacto con el agua desde las 4 de la ma\u00f1ana, y en los \u00faltimos 10 a\u00f1os hemos visto que hay enfermedades que no hab\u00edamos experimentado, como el c\u00e1ncer; no hemos tenido eso, porque pr\u00e1cticamente vivimos en la sierra, no consumimos cosas qu\u00edmicas o envasadas y aqu\u00ed desde hace 10 a\u00f1os se viene conociendo el c\u00e1ncer, enfermedad que no exist\u00eda en nuestras comunidades hasta hace pocos\u201d.<\/p>\n<p>Se\u00f1al\u00f3 que los grupos ind\u00edgenas del estado de Jalisco y Nayarit, se han unido en torno a este grave problema de contaminaci\u00f3n del R\u00edo Santiago.<\/p>\n<p>Cit\u00f3 que las comunidades m\u00e1s afectadas en Nayarit son: \u201cEl Color\u00edn, Portero de la Palmita, Guaynamota, Las Higueras, Cuauht\u00e9moc, Aguamilpa, Playa de Golondrinas, Naranjito de Copal, Paso de Alica, El Roble y otras de los municipios de Del Nayar y Tepic\u201d.<\/p>\n<p><a href=\"http:\/\/realidadesperiodico.com\/portada\/rio-santiago-mata-a-indigenas\/\">http:\/\/realidadesperiodico.com\/portada\/rio-santiago-mata-a-indigenas\/<\/a><\/p>\n","protected":false},"excerpt":{"rendered":"<p>Foto: Ilustrativa Se ha suscitado una fuerte ola de casos de c\u00e1ncer por los altos niveles de contaminaci\u00f3n del r\u00edo Santiago, denuncia l\u00edder wix\u00e1rrica, Zen\u00f3n M\u00fa\u00f1oz M\u00e9xico. Jueves 20 de &hellip; <a href=\"https:\/\/www.grieta.org.mx\/index.php\/2020\/02\/20\/rio-santiago-mata-a-indigenas-nayarit\/\" class=\"more-link\">Leer m\u00e1s<\/a><\/p>\n","protected":false},"author":2,"featured_media":44958,"comment_status":"closed","ping_status":"closed","sticky":false,"template":"","format":"standard","meta":{"ngg_post_thumbnail":0,"_jetpack_newsletter_access":"","_jetpack_dont_email_post_to_subs":false,"_jetpack_newsletter_tier_id":0,"_jetpack_memberships_contains_paywalled_content":false,"_jetpack_memberships_contains_paid_content":false,"footnotes":""},"categories":[80,2717,23,2],"tags":[3113,91,3041,2160],"class_list":["post-44956","post","type-post","status-publish","format-standard","has-post-thumbnail","hentry","category-cintillo","category-conflictos-ambientales-en-nayarit","category-nayarit","category-noticias-nacionales","tag-comunidades","tag-contaminacion-ambiental","tag-contaminacion-de-rios","tag-desastre-ambiental","entry"],"jetpack_featured_media_url":"https:\/\/www.grieta.org.mx\/wp-content\/uploads\/2020\/02\/D-wyvGgW4CYUn9K.jpg","jetpack_sharing_enabled":true,"jetpack_shortlink":"https:\/\/wp.me\/p7ZJR4-bH6","jetpack_likes_enabled":false,"jetpack-related-posts":[{"id":72309,"url":"https:\/\/www.grieta.org.mx\/index.php\/2025\/09\/01\/van-94-muertes-por-polucion-del-rio-santiago-jalisco\/","url_meta":{"origin":44956,"position":0},"title":"Van 94 muertes por poluci\u00f3n del r\u00edo Santiago (Jalisco)","author":"grieta","date":"1 septiembre, 2025","format":false,"excerpt":"Imagen: El Diario NTR Nancy \u00c1ngel \/ El Diario NTR Seg\u00fan cifras del Comit\u00e9 Ciudadano de Defensa Ambiental de El Salto, tan solo en lo que va del a\u00f1o se han registrado 94 muertes en el municipio relacionadas directamente con enfermedades atribuibles a la contaminaci\u00f3n del r\u00edo Santiago. A la\u2026","rel":"","context":"En &quot;CINTILLO&quot;","block_context":{"text":"CINTILLO","link":"https:\/\/www.grieta.org.mx\/index.php\/category\/cintillo\/"},"img":{"alt_text":"","src":"https:\/\/i0.wp.com\/www.grieta.org.mx\/wp-content\/uploads\/2025\/09\/2025-09-02_12-09-07___8344.jpg?resize=350%2C200&ssl=1","width":350,"height":200,"srcset":"https:\/\/i0.wp.com\/www.grieta.org.mx\/wp-content\/uploads\/2025\/09\/2025-09-02_12-09-07___8344.jpg?resize=350%2C200&ssl=1 1x, https:\/\/i0.wp.com\/www.grieta.org.mx\/wp-content\/uploads\/2025\/09\/2025-09-02_12-09-07___8344.jpg?resize=525%2C300&ssl=1 1.5x, https:\/\/i0.wp.com\/www.grieta.org.mx\/wp-content\/uploads\/2025\/09\/2025-09-02_12-09-07___8344.jpg?resize=700%2C400&ssl=1 2x"},"classes":[]},{"id":71012,"url":"https:\/\/www.grieta.org.mx\/index.php\/2025\/02\/13\/a-17-anos-de-la-muerte-del-nino-miguel-angel-lopez-rocha-por-contaminacion-en-el-rio-santiago-exigen-justicia-en-el-salto-jalisco\/","url_meta":{"origin":44956,"position":1},"title":"A 17 a\u00f1os de la muerte del ni\u00f1o Miguel \u00c1ngel L\u00f3pez Rocha por contaminaci\u00f3n en el r\u00edo Santiago exigen justicia en El Salto, Jalisco","author":"grieta","date":"13 febrero, 2025","format":false,"excerpt":"Imagen: Somos El Medio A 17 a\u00f1os de la muerte de Miguel \u00c1ngel L\u00f3pez Rocha, quien falleci\u00f3 intoxicado por las aguas del r\u00edo Santiago, organizaciones reportan 4,146 enfermos y 2,842 fallecidos en El Salto. Exigen acciones reales para sanear la cuenca Lerma-Santiago. Mario Marlo \/ Somos El Medio Guadalajara, Jalisco,\u2026","rel":"","context":"En &quot;CINTILLO&quot;","block_context":{"text":"CINTILLO","link":"https:\/\/www.grieta.org.mx\/index.php\/category\/cintillo\/"},"img":{"alt_text":"","src":"https:\/\/i0.wp.com\/www.grieta.org.mx\/wp-content\/uploads\/2025\/02\/El-Salto-Rio-Santiago.jpg?resize=350%2C200&ssl=1","width":350,"height":200,"srcset":"https:\/\/i0.wp.com\/www.grieta.org.mx\/wp-content\/uploads\/2025\/02\/El-Salto-Rio-Santiago.jpg?resize=350%2C200&ssl=1 1x, https:\/\/i0.wp.com\/www.grieta.org.mx\/wp-content\/uploads\/2025\/02\/El-Salto-Rio-Santiago.jpg?resize=525%2C300&ssl=1 1.5x, https:\/\/i0.wp.com\/www.grieta.org.mx\/wp-content\/uploads\/2025\/02\/El-Salto-Rio-Santiago.jpg?resize=700%2C400&ssl=1 2x, https:\/\/i0.wp.com\/www.grieta.org.mx\/wp-content\/uploads\/2025\/02\/El-Salto-Rio-Santiago.jpg?resize=1050%2C600&ssl=1 3x"},"classes":[]},{"id":34930,"url":"https:\/\/www.grieta.org.mx\/index.php\/2019\/06\/17\/jalisco-exigen-declaratoria-de-emergencia-sanitaria-en-chapala-jalisco\/","url_meta":{"origin":44956,"position":2},"title":"Exigen declaratoria de emergencia sanitaria en Chapala (Jalisco)","author":"grieta","date":"17 junio, 2019","format":false,"excerpt":"Sergio Blanco \/ El Informador Comunidades que padecen la contaminaci\u00f3n en la cuenca piden adem\u00e1s la detecci\u00f3n y atenci\u00f3n de las personas que padecen enfermedades renales derivadas de \u00e9sta En representaci\u00f3n de las comunidades que padecen\u00a0la contaminaci\u00f3n en la cuenca Lerma Chapala Santiago, por las descargas de agua sin tratar\u2026","rel":"","context":"En &quot;CINTILLO&quot;","block_context":{"text":"CINTILLO","link":"https:\/\/www.grieta.org.mx\/index.php\/category\/cintillo\/"},"img":{"alt_text":"","src":"https:\/\/i0.wp.com\/www.grieta.org.mx\/wp-content\/uploads\/2019\/06\/whatsapp_image_2019-06-17_at_3_03_19_pm_crop1560803372203.jpeg_1970638775.jpeg?resize=350%2C200&ssl=1","width":350,"height":200,"srcset":"https:\/\/i0.wp.com\/www.grieta.org.mx\/wp-content\/uploads\/2019\/06\/whatsapp_image_2019-06-17_at_3_03_19_pm_crop1560803372203.jpeg_1970638775.jpeg?resize=350%2C200&ssl=1 1x, https:\/\/i0.wp.com\/www.grieta.org.mx\/wp-content\/uploads\/2019\/06\/whatsapp_image_2019-06-17_at_3_03_19_pm_crop1560803372203.jpeg_1970638775.jpeg?resize=525%2C300&ssl=1 1.5x, https:\/\/i0.wp.com\/www.grieta.org.mx\/wp-content\/uploads\/2019\/06\/whatsapp_image_2019-06-17_at_3_03_19_pm_crop1560803372203.jpeg_1970638775.jpeg?resize=700%2C400&ssl=1 2x"},"classes":[]},{"id":14082,"url":"https:\/\/www.grieta.org.mx\/index.php\/2016\/05\/20\/conflictos-ambientales-en-nayarit\/","url_meta":{"origin":44956,"position":3},"title":"Conflictos ambientales en Nayarit","author":"grieta","date":"20 mayo, 2016","format":false,"excerpt":"20\/05\/16.","rel":"","context":"En &quot;CINTILLO&quot;","block_context":{"text":"CINTILLO","link":"https:\/\/www.grieta.org.mx\/index.php\/category\/cintillo\/"},"img":{"alt_text":"","src":"https:\/\/i0.wp.com\/www.grieta.org.mx\/wp-content\/uploads\/2018\/03\/14524434_1106112876131411_958039263622046936_o.jpg?resize=350%2C200&ssl=1","width":350,"height":200,"srcset":"https:\/\/i0.wp.com\/www.grieta.org.mx\/wp-content\/uploads\/2018\/03\/14524434_1106112876131411_958039263622046936_o.jpg?resize=350%2C200&ssl=1 1x, https:\/\/i0.wp.com\/www.grieta.org.mx\/wp-content\/uploads\/2018\/03\/14524434_1106112876131411_958039263622046936_o.jpg?resize=525%2C300&ssl=1 1.5x, https:\/\/i0.wp.com\/www.grieta.org.mx\/wp-content\/uploads\/2018\/03\/14524434_1106112876131411_958039263622046936_o.jpg?resize=700%2C400&ssl=1 2x"},"classes":[]},{"id":52232,"url":"https:\/\/www.grieta.org.mx\/index.php\/2020\/07\/30\/protestan-frente-a-casa-jalisco-por-la-falta-de-acciones-para-el-saneamiento-del-rio-santiago-y-la-atencion-a-los-enfermos-por-la-contaminacion\/","url_meta":{"origin":44956,"position":4},"title":"Protestan frente a casa Jalisco por la falta de acciones para el saneamiento del r\u00edo Santiago y la atenci\u00f3n a los enfermos por la contaminaci\u00f3n","author":"grieta","date":"30 julio, 2020","format":false,"excerpt":"Foto: Christian Cantero Luego de reuniones con autoridades municipales, estatales y federales, los habitantes de las comunidades que rodean al R\u00edo Santiago convocaron a una rueda de prensa y posteriormente a una manifestaci\u00f3n frente a Casa Jalisco para protestar por la omisi\u00f3n del Gobierno de Jalisco en el saneamiento de\u2026","rel":"","context":"En &quot;CINTILLO&quot;","block_context":{"text":"CINTILLO","link":"https:\/\/www.grieta.org.mx\/index.php\/category\/cintillo\/"},"img":{"alt_text":"","src":"https:\/\/i0.wp.com\/www.grieta.org.mx\/wp-content\/uploads\/2020\/08\/Unknown-30-1200x640.jpeg?resize=350%2C200&ssl=1","width":350,"height":200,"srcset":"https:\/\/i0.wp.com\/www.grieta.org.mx\/wp-content\/uploads\/2020\/08\/Unknown-30-1200x640.jpeg?resize=350%2C200&ssl=1 1x, https:\/\/i0.wp.com\/www.grieta.org.mx\/wp-content\/uploads\/2020\/08\/Unknown-30-1200x640.jpeg?resize=525%2C300&ssl=1 1.5x, https:\/\/i0.wp.com\/www.grieta.org.mx\/wp-content\/uploads\/2020\/08\/Unknown-30-1200x640.jpeg?resize=700%2C400&ssl=1 2x, https:\/\/i0.wp.com\/www.grieta.org.mx\/wp-content\/uploads\/2020\/08\/Unknown-30-1200x640.jpeg?resize=1050%2C600&ssl=1 3x"},"classes":[]},{"id":71477,"url":"https:\/\/www.grieta.org.mx\/index.php\/2025\/03\/01\/cientos-de-personas-protestan-en-guadalajara-contra-la-termoelectrica-en-juanacatlan-jalisco\/","url_meta":{"origin":44956,"position":5},"title":"Cientos de personas protestan en Guadalajara contra la termoel\u00e9ctrica en Juanacatl\u00e1n (Jalisco)","author":"grieta","date":"1 marzo, 2025","format":false,"excerpt":"Imagen: Zona Docs Shiebi Aguilar y Mario Marlo \/ Zona Docs Cientos de personas se congregaron este mi\u00e9rcoles en una manifestaci\u00f3n pac\u00edfica en Guadalajara para expresar su oposici\u00f3n a la construcci\u00f3n de una planta termoel\u00e9ctrica en Juanacatl\u00e1n. La movilizaci\u00f3n comenz\u00f3 en Los Dos Templos y avanz\u00f3 hacia el Palacio de\u2026","rel":"","context":"En &quot;CINTILLO&quot;","block_context":{"text":"CINTILLO","link":"https:\/\/www.grieta.org.mx\/index.php\/category\/cintillo\/"},"img":{"alt_text":"","src":"https:\/\/i0.wp.com\/www.grieta.org.mx\/wp-content\/uploads\/2025\/03\/WhatsApp-Image-2025-02-28-at-4.07.30-PM-2-1536x1023-1.jpeg?resize=350%2C200&ssl=1","width":350,"height":200,"srcset":"https:\/\/i0.wp.com\/www.grieta.org.mx\/wp-content\/uploads\/2025\/03\/WhatsApp-Image-2025-02-28-at-4.07.30-PM-2-1536x1023-1.jpeg?resize=350%2C200&ssl=1 1x, https:\/\/i0.wp.com\/www.grieta.org.mx\/wp-content\/uploads\/2025\/03\/WhatsApp-Image-2025-02-28-at-4.07.30-PM-2-1536x1023-1.jpeg?resize=525%2C300&ssl=1 1.5x, https:\/\/i0.wp.com\/www.grieta.org.mx\/wp-content\/uploads\/2025\/03\/WhatsApp-Image-2025-02-28-at-4.07.30-PM-2-1536x1023-1.jpeg?resize=700%2C400&ssl=1 2x, https:\/\/i0.wp.com\/www.grieta.org.mx\/wp-content\/uploads\/2025\/03\/WhatsApp-Image-2025-02-28-at-4.07.30-PM-2-1536x1023-1.jpeg?resize=1050%2C600&ssl=1 3x, https:\/\/i0.wp.com\/www.grieta.org.mx\/wp-content\/uploads\/2025\/03\/WhatsApp-Image-2025-02-28-at-4.07.30-PM-2-1536x1023-1.jpeg?resize=1400%2C800&ssl=1 4x"},"classes":[]}],"_links":{"self":[{"href":"https:\/\/www.grieta.org.mx\/index.php\/wp-json\/wp\/v2\/posts\/44956","targetHints":{"allow":["GET"]}}],"collection":[{"href":"https:\/\/www.grieta.org.mx\/index.php\/wp-json\/wp\/v2\/posts"}],"about":[{"href":"https:\/\/www.grieta.org.mx\/index.php\/wp-json\/wp\/v2\/types\/post"}],"author":[{"embeddable":true,"href":"https:\/\/www.grieta.org.mx\/index.php\/wp-json\/wp\/v2\/users\/2"}],"replies":[{"embeddable":true,"href":"https:\/\/www.grieta.org.mx\/index.php\/wp-json\/wp\/v2\/comments?post=44956"}],"version-history":[{"count":1,"href":"https:\/\/www.grieta.org.mx\/index.php\/wp-json\/wp\/v2\/posts\/44956\/revisions"}],"predecessor-version":[{"id":44959,"href":"https:\/\/www.grieta.org.mx\/index.php\/wp-json\/wp\/v2\/posts\/44956\/revisions\/44959"}],"wp:featuredmedia":[{"embeddable":true,"href":"https:\/\/www.grieta.org.mx\/index.php\/wp-json\/wp\/v2\/media\/44958"}],"wp:attachment":[{"href":"https:\/\/www.grieta.org.mx\/index.php\/wp-json\/wp\/v2\/media?parent=44956"}],"wp:term":[{"taxonomy":"category","embeddable":true,"href":"https:\/\/www.grieta.org.mx\/index.php\/wp-json\/wp\/v2\/categories?post=44956"},{"taxonomy":"post_tag","embeddable":true,"href":"https:\/\/www.grieta.org.mx\/index.php\/wp-json\/wp\/v2\/tags?post=44956"}],"curies":[{"name":"wp","href":"https:\/\/api.w.org\/{rel}","templated":true}]}}