{"id":44946,"date":"2020-02-21T17:08:31","date_gmt":"2020-02-21T23:08:31","guid":{"rendered":"http:\/\/www.grieta.org.mx\/?p=44946"},"modified":"2020-02-23T17:17:42","modified_gmt":"2020-02-23T23:17:42","slug":"paro-laboral-para-exigir-pago-a-maestros-en-manzanillo-colima","status":"publish","type":"post","link":"https:\/\/www.grieta.org.mx\/index.php\/2020\/02\/21\/paro-laboral-para-exigir-pago-a-maestros-en-manzanillo-colima\/","title":{"rendered":"Paro laboral para exigir pago a maestros en Manzanillo (Colima)"},"content":{"rendered":"<p><img loading=\"lazy\" decoding=\"async\" data-attachment-id=\"44947\" data-permalink=\"https:\/\/www.grieta.org.mx\/index.php\/2020\/02\/21\/paro-laboral-para-exigir-pago-a-maestros-en-manzanillo-colima\/manifestacion-2\/\" data-orig-file=\"https:\/\/www.grieta.org.mx\/wp-content\/uploads\/2020\/02\/MANIFESTACION.jpeg\" data-orig-size=\"777,437\" data-comments-opened=\"0\" data-image-meta=\"{&quot;aperture&quot;:&quot;0&quot;,&quot;credit&quot;:&quot;&quot;,&quot;camera&quot;:&quot;&quot;,&quot;caption&quot;:&quot;&quot;,&quot;created_timestamp&quot;:&quot;0&quot;,&quot;copyright&quot;:&quot;&quot;,&quot;focal_length&quot;:&quot;0&quot;,&quot;iso&quot;:&quot;0&quot;,&quot;shutter_speed&quot;:&quot;0&quot;,&quot;title&quot;:&quot;&quot;,&quot;orientation&quot;:&quot;1&quot;}\" data-image-title=\"MANIFESTACION\" data-image-description=\"\" data-image-caption=\"\" data-medium-file=\"https:\/\/www.grieta.org.mx\/wp-content\/uploads\/2020\/02\/MANIFESTACION-300x169.jpeg\" data-large-file=\"https:\/\/www.grieta.org.mx\/wp-content\/uploads\/2020\/02\/MANIFESTACION.jpeg\" class=\"aligncenter wp-image-44947\" src=\"http:\/\/www.grieta.org.mx\/wp-content\/uploads\/2020\/02\/MANIFESTACION.jpeg\" alt=\"\" width=\"805\" height=\"453\" srcset=\"https:\/\/www.grieta.org.mx\/wp-content\/uploads\/2020\/02\/MANIFESTACION.jpeg 777w, https:\/\/www.grieta.org.mx\/wp-content\/uploads\/2020\/02\/MANIFESTACION-300x169.jpeg 300w, https:\/\/www.grieta.org.mx\/wp-content\/uploads\/2020\/02\/MANIFESTACION-768x432.jpeg 768w\" sizes=\"auto, (max-width: 805px) 100vw, 805px\" \/><\/p>\n<p>Foto: El Noticiero de Colima<\/p>\n<p><em>Este movimiento se llev\u00f3 a cabo en todos los Embsad del estado de Colima<\/em><\/p>\n<p>Jes\u00fas Lozoya Baeza \/ El Noticiero de Colima<\/p>\n<p>La escuela secundaria Embsad de Miramar se sum\u00f3 ayer a un paro laboral de 24 horas para pedir que sean pagados los sueldos de los trabajadores de este plantel federal a quienes les deben ya dos meses.<\/p>\n<p>Este movimiento se llev\u00f3 a cabo en todos los Embsad del estado de Colima, reclamando tal pago que debe de enviar el gobierno federal al estado para que \u00e9ste a su vez lo pague a los maestros.<\/p>\n<p>Los alumnos llegaron a la escuela ubicada en el poblado de Miramar y ah\u00ed dentro del plantel los maestros dialogaron en breve con los alumnos explicando de lo que se trataba e inform\u00e1ndoles que no habr\u00eda clases solo ese d\u00eda.<\/p>\n<p>El paro laboral incluy\u00f3 la presentaci\u00f3n de pancartas por parte de los alumnos y marchas para pedir al gobierno que pague los sueldos de los maestros.<\/p>\n<p>No descartaron nuevos paros laborales, ya que dos meses sin sueldo es demasiado para los maestros que tampoco ganan sumas millonarias como para poder estar pagando vi\u00e1ticos, rentas y otras necesidades.<\/p>\n<p><a href=\"https:\/\/elnoticieroenlinea.com\/paro-laboral-para-exigir-pago-a-maestros-en-manzanillo\/\">https:\/\/elnoticieroenlinea.com\/paro-laboral-para-exigir-pago-a-maestros-en-manzanillo\/<\/a><\/p>\n","protected":false},"excerpt":{"rendered":"<p>Foto: El Noticiero de Colima Este movimiento se llev\u00f3 a cabo en todos los Embsad del estado de Colima Jes\u00fas Lozoya Baeza \/ El Noticiero de Colima La escuela secundaria &hellip; <a href=\"https:\/\/www.grieta.org.mx\/index.php\/2020\/02\/21\/paro-laboral-para-exigir-pago-a-maestros-en-manzanillo-colima\/\" class=\"more-link\">Leer m\u00e1s<\/a><\/p>\n","protected":false},"author":2,"featured_media":44947,"comment_status":"closed","ping_status":"closed","sticky":false,"template":"","format":"standard","meta":{"ngg_post_thumbnail":0,"_jetpack_newsletter_access":"","_jetpack_dont_email_post_to_subs":false,"_jetpack_newsletter_tier_id":0,"_jetpack_memberships_contains_paywalled_content":false,"_jetpack_memberships_contains_paid_content":false,"footnotes":""},"categories":[80,13,2191,910,2,83],"tags":[105,2167,2453,858],"class_list":["post-44946","post","type-post","status-publish","format-standard","has-post-thumbnail","hentry","category-cintillo","category-colima","category-conflictos-laborales-en-el-sector-publico-en-colima","category-explotacion-y-precariedad-laboral","category-noticias-nacionales","category-temas-nacionales","tag-derechos-laborales","tag-falta-de-pago","tag-manifestacion-de-maestros","tag-paro-laboral","entry"],"jetpack_featured_media_url":"https:\/\/www.grieta.org.mx\/wp-content\/uploads\/2020\/02\/MANIFESTACION.jpeg","jetpack_sharing_enabled":true,"jetpack_shortlink":"https:\/\/wp.me\/p7ZJR4-bGW","jetpack_likes_enabled":false,"jetpack-related-posts":[{"id":31041,"url":"https:\/\/www.grieta.org.mx\/index.php\/2019\/03\/22\/paran-labores-maestros-de-emsad-colima\/","url_meta":{"origin":44946,"position":0},"title":"Paran labores maestros de Emsad (Colima)","author":"grieta","date":"22 marzo, 2019","format":false,"excerpt":"Diario de Colima, Viernes 22 de Marzo de 2019 Cerca de 2 mil alumnos se quedaron sin clases; mientras que 171 familias resultan afectadas por la falta de pago Los maestros que laboran en los 19 Centros de Educaci\u00f3n Media Superior a Distancia (Emsad) que hay en el estado, realizaron\u2026","rel":"","context":"En &quot;CINTILLO&quot;","block_context":{"text":"CINTILLO","link":"https:\/\/www.grieta.org.mx\/index.php\/category\/cintillo\/"},"img":{"alt_text":"","src":"https:\/\/i0.wp.com\/www.grieta.org.mx\/wp-content\/uploads\/2019\/03\/8.88_81.jpg?resize=350%2C200&ssl=1","width":350,"height":200,"srcset":"https:\/\/i0.wp.com\/www.grieta.org.mx\/wp-content\/uploads\/2019\/03\/8.88_81.jpg?resize=350%2C200&ssl=1 1x, https:\/\/i0.wp.com\/www.grieta.org.mx\/wp-content\/uploads\/2019\/03\/8.88_81.jpg?resize=525%2C300&ssl=1 1.5x, https:\/\/i0.wp.com\/www.grieta.org.mx\/wp-content\/uploads\/2019\/03\/8.88_81.jpg?resize=700%2C400&ssl=1 2x"},"classes":[]},{"id":38161,"url":"https:\/\/www.grieta.org.mx\/index.php\/2019\/08\/20\/suplentes-hacen-paro-laboral-en-el-hospital-regional-colima\/","url_meta":{"origin":44946,"position":1},"title":"Suplentes hacen paro laboral en el Hospital Regional (Colima)","author":"grieta","date":"20 agosto, 2019","format":false,"excerpt":"Foto: Especial Noem\u00ed Cortez \/ El Noticiero de Colima Este martes 20 de agosto a partir de las 09:00 de la noche, la Asamblea de Suplentes del Hospital Regional Universitario (HRU) inici\u00f3 un paro laboral para exigir el pago de tres quincenas atrasadas y reconocimiento laboral. Un representante de la\u2026","rel":"","context":"En &quot;CINTILLO&quot;","block_context":{"text":"CINTILLO","link":"https:\/\/www.grieta.org.mx\/index.php\/category\/cintillo\/"},"img":{"alt_text":"","src":"https:\/\/i0.wp.com\/www.grieta.org.mx\/wp-content\/uploads\/2019\/08\/Hospital-Regional-Universitario2-777x437.png?resize=350%2C200&ssl=1","width":350,"height":200,"srcset":"https:\/\/i0.wp.com\/www.grieta.org.mx\/wp-content\/uploads\/2019\/08\/Hospital-Regional-Universitario2-777x437.png?resize=350%2C200&ssl=1 1x, https:\/\/i0.wp.com\/www.grieta.org.mx\/wp-content\/uploads\/2019\/08\/Hospital-Regional-Universitario2-777x437.png?resize=525%2C300&ssl=1 1.5x, https:\/\/i0.wp.com\/www.grieta.org.mx\/wp-content\/uploads\/2019\/08\/Hospital-Regional-Universitario2-777x437.png?resize=700%2C400&ssl=1 2x"},"classes":[]},{"id":41471,"url":"https:\/\/www.grieta.org.mx\/index.php\/2019\/11\/23\/alumnos-de-miramar-cierran-escuela-colima\/","url_meta":{"origin":44946,"position":2},"title":"Alumnos de Miramar cierran escuela (Colima)","author":"grieta","date":"23 noviembre, 2019","format":false,"excerpt":"Foto: Jes\u00fas Lozoya Jes\u00fas Lozoya Baeza \/ El Noticiero de Colima Un grupo de m\u00e1s de 50 alumnos del Embsad de Miramar,\u00a0 iniciaron este viernes un plant\u00f3n cerrando las puertas de ingreso al plantel en protesta porque la SEP orden\u00f3 el pasado mi\u00e9rcoles cambiar al subdirector Cristian Ra\u00fal Ram\u00edrez. Los\u2026","rel":"","context":"En &quot;CINTILLO&quot;","block_context":{"text":"CINTILLO","link":"https:\/\/www.grieta.org.mx\/index.php\/category\/cintillo\/"},"img":{"alt_text":"","src":"https:\/\/i0.wp.com\/www.grieta.org.mx\/wp-content\/uploads\/2019\/11\/ESCUELA-e1574529115669.jpg?resize=350%2C200&ssl=1","width":350,"height":200,"srcset":"https:\/\/i0.wp.com\/www.grieta.org.mx\/wp-content\/uploads\/2019\/11\/ESCUELA-e1574529115669.jpg?resize=350%2C200&ssl=1 1x, https:\/\/i0.wp.com\/www.grieta.org.mx\/wp-content\/uploads\/2019\/11\/ESCUELA-e1574529115669.jpg?resize=525%2C300&ssl=1 1.5x, https:\/\/i0.wp.com\/www.grieta.org.mx\/wp-content\/uploads\/2019\/11\/ESCUELA-e1574529115669.jpg?resize=700%2C400&ssl=1 2x"},"classes":[]},{"id":2730,"url":"https:\/\/www.grieta.org.mx\/index.php\/2015\/06\/24\/maestros-de-colima-se-van-a-paro-en-protesta-por-reforma-educativa\/","url_meta":{"origin":44946,"position":3},"title":"Maestros de Colima se van a paro en protesta por reforma educativa","author":"grieta","date":"24 junio, 2015","format":false,"excerpt":"Colima, M\u00e9xico, Avanzada (24\/06\/15).- En protesta por la reforma educativa, cerca de mil maestros en Colima, anunciaron que se ir\u00e1n a un paro laboral, por lo tanto, desde este mi\u00e9rcoles no habr\u00e1 clases en por lo menos 62 escuelas de educaci\u00f3n b\u00e1sica en la entidad. Los maestros se\u00f1alaron que no\u2026","rel":"","context":"En &quot;CINTILLO&quot;","block_context":{"text":"CINTILLO","link":"https:\/\/www.grieta.org.mx\/index.php\/category\/cintillo\/"},"img":{"alt_text":"","src":"https:\/\/i0.wp.com\/www.grieta.org.mx\/wp-content\/uploads\/2018\/03\/14524434_1106112876131411_958039263622046936_o.jpg?resize=350%2C200&ssl=1","width":350,"height":200,"srcset":"https:\/\/i0.wp.com\/www.grieta.org.mx\/wp-content\/uploads\/2018\/03\/14524434_1106112876131411_958039263622046936_o.jpg?resize=350%2C200&ssl=1 1x, https:\/\/i0.wp.com\/www.grieta.org.mx\/wp-content\/uploads\/2018\/03\/14524434_1106112876131411_958039263622046936_o.jpg?resize=525%2C300&ssl=1 1.5x, https:\/\/i0.wp.com\/www.grieta.org.mx\/wp-content\/uploads\/2018\/03\/14524434_1106112876131411_958039263622046936_o.jpg?resize=700%2C400&ssl=1 2x"},"classes":[]},{"id":2709,"url":"https:\/\/www.grieta.org.mx\/index.php\/2016\/07\/17\/movilizaciones-contra-la-reforma-educativa-y-la-evaluacion-magisterial-en-colima\/","url_meta":{"origin":44946,"position":4},"title":"Movilizaciones contra la Reforma educativa y evaluaci\u00f3n magisterial en Colima","author":"grieta","date":"17 julio, 2016","format":false,"excerpt":"17\/07\/16. Marchan maestros en contra de la reforma educativaMeganoticias Colima 02\/07\/16. Maestros de la CNTE bloquearon el puertoCorreo de Manzanillo 23\/06\/16. Maestros de Colima protestan por OaxacaPerriodismo 21\/06\/16. Marchan maestros, pescadores y hasta tramitadores en ManzanilloColima Noticias 21\/06\/16. Maestros de Colima se unen a quienes exigen la renuncia de Aurelio\u2026","rel":"","context":"En &quot;Colima&quot;","block_context":{"text":"Colima","link":"https:\/\/www.grieta.org.mx\/index.php\/category\/noticias-nacionales\/colima\/"},"img":{"alt_text":"","src":"https:\/\/i0.wp.com\/www.grieta.org.mx\/wp-content\/uploads\/2018\/03\/14524434_1106112876131411_958039263622046936_o.jpg?resize=350%2C200&ssl=1","width":350,"height":200,"srcset":"https:\/\/i0.wp.com\/www.grieta.org.mx\/wp-content\/uploads\/2018\/03\/14524434_1106112876131411_958039263622046936_o.jpg?resize=350%2C200&ssl=1 1x, https:\/\/i0.wp.com\/www.grieta.org.mx\/wp-content\/uploads\/2018\/03\/14524434_1106112876131411_958039263622046936_o.jpg?resize=525%2C300&ssl=1 1.5x, https:\/\/i0.wp.com\/www.grieta.org.mx\/wp-content\/uploads\/2018\/03\/14524434_1106112876131411_958039263622046936_o.jpg?resize=700%2C400&ssl=1 2x"},"classes":[]},{"id":57846,"url":"https:\/\/www.grieta.org.mx\/index.php\/2021\/03\/17\/se-manifiestan-maestros-jubilados-colima\/","url_meta":{"origin":44946,"position":5},"title":"Se manifiestan maestros jubilados (Colima)","author":"grieta","date":"17 marzo, 2021","format":false,"excerpt":"Foto: Especial Jes\u00fas Lozoya Baeza \/ El Noticiero Un numeroso grupo de maestros pensionados se manifestaron la tarde de ayer en el puerto de Manzanillo para pedirle al presidente de M\u00e9xico, Andr\u00e9s Manuel L\u00f3pez Obrador, que los salarios y pensiones de este sector se paguen en salarios m\u00ednimos y no\u2026","rel":"","context":"En &quot;CINTILLO&quot;","block_context":{"text":"CINTILLO","link":"https:\/\/www.grieta.org.mx\/index.php\/category\/cintillo\/"},"img":{"alt_text":"","src":"https:\/\/i0.wp.com\/www.grieta.org.mx\/wp-content\/uploads\/2021\/03\/Sin-titulo.png?resize=350%2C200&ssl=1","width":350,"height":200,"srcset":"https:\/\/i0.wp.com\/www.grieta.org.mx\/wp-content\/uploads\/2021\/03\/Sin-titulo.png?resize=350%2C200&ssl=1 1x, https:\/\/i0.wp.com\/www.grieta.org.mx\/wp-content\/uploads\/2021\/03\/Sin-titulo.png?resize=525%2C300&ssl=1 1.5x, https:\/\/i0.wp.com\/www.grieta.org.mx\/wp-content\/uploads\/2021\/03\/Sin-titulo.png?resize=700%2C400&ssl=1 2x"},"classes":[]}],"_links":{"self":[{"href":"https:\/\/www.grieta.org.mx\/index.php\/wp-json\/wp\/v2\/posts\/44946","targetHints":{"allow":["GET"]}}],"collection":[{"href":"https:\/\/www.grieta.org.mx\/index.php\/wp-json\/wp\/v2\/posts"}],"about":[{"href":"https:\/\/www.grieta.org.mx\/index.php\/wp-json\/wp\/v2\/types\/post"}],"author":[{"embeddable":true,"href":"https:\/\/www.grieta.org.mx\/index.php\/wp-json\/wp\/v2\/users\/2"}],"replies":[{"embeddable":true,"href":"https:\/\/www.grieta.org.mx\/index.php\/wp-json\/wp\/v2\/comments?post=44946"}],"version-history":[{"count":1,"href":"https:\/\/www.grieta.org.mx\/index.php\/wp-json\/wp\/v2\/posts\/44946\/revisions"}],"predecessor-version":[{"id":44948,"href":"https:\/\/www.grieta.org.mx\/index.php\/wp-json\/wp\/v2\/posts\/44946\/revisions\/44948"}],"wp:featuredmedia":[{"embeddable":true,"href":"https:\/\/www.grieta.org.mx\/index.php\/wp-json\/wp\/v2\/media\/44947"}],"wp:attachment":[{"href":"https:\/\/www.grieta.org.mx\/index.php\/wp-json\/wp\/v2\/media?parent=44946"}],"wp:term":[{"taxonomy":"category","embeddable":true,"href":"https:\/\/www.grieta.org.mx\/index.php\/wp-json\/wp\/v2\/categories?post=44946"},{"taxonomy":"post_tag","embeddable":true,"href":"https:\/\/www.grieta.org.mx\/index.php\/wp-json\/wp\/v2\/tags?post=44946"}],"curies":[{"name":"wp","href":"https:\/\/api.w.org\/{rel}","templated":true}]}}