{"id":4485,"date":"2016-02-11T20:20:22","date_gmt":"2016-02-11T20:20:22","guid":{"rendered":"http:\/\/50.22.11.12\/~grietaor\/?p=4485"},"modified":"2018-06-08T13:29:27","modified_gmt":"2018-06-08T18:29:27","slug":"defensores-del-tajamar-se-dividen-desconocen-a-katherine-ender","status":"publish","type":"post","link":"https:\/\/www.grieta.org.mx\/index.php\/2016\/02\/11\/defensores-del-tajamar-se-dividen-desconocen-a-katherine-ender\/","title":{"rendered":"Defensores del Tajamar se dividen, desconocen a Katherine Ender"},"content":{"rendered":"<p>AUSTO ADRI\u00c1N.- Canc\u00fan Q. Roo.- Ciudadanos que han logrado 5 suspensiones del Malec\u00f3n Tajamar ante juzgados federales, se deslindan de Katherine Ender, por emplear el movimiento ambientalista para cuestiones pol\u00edticas, coincidieron Sandra Elena Sandoval y Roc\u00edo Pinto Bonilla.<\/p>\n<p>Se fragmenta la defensa del proyecto del Malec\u00f3n Tajamar, dado que ciudadanas desconocieron el trabajo de la l\u00edder de Guardianes del Manglar Canc\u00fan, Katherine Ender por perseguir intereses pol\u00edticos m\u00e1s que ambientalistas.<\/p>\n<p>En rueda de prensa frente a los terrenos devastados del Malec\u00f3n Tajamar del lado que da hacia la avenida Bonampak, en una casa improvisada, la ciudadana Roc\u00edo Pinto, asegur\u00f3 que Ender C\u00f3rdova no tiene argumentos legales de defensa exitosos, como si ellos que han logrados 5 suspensiones de obras.<\/p>\n<p>\u201cRoc\u00edo no ha visto una acci\u00f3n legal de parte de ella, ella ha hablado mucho pero en hechos no los tiene. No los tiene, tiene en la PGR, pero en la PGR no hay, no es la jurisdicci\u00f3n correcta\u201d<\/p>\n<p>El lunes por la noche Ender C\u00f3rdova estuvo repartiendo playeras del Movimiento Ciudadano, cuando antes hab\u00eda asegurado que su presencia no es por temas pol\u00edticos.<\/p>\n<p>\u201cElla se ha presentado, vino a entregar playeras, vino hacer ese movimiento, en realizad a mi persona me cay\u00f3 de sorpresa porque dijo que no quer\u00eda ning\u00fan movimiento pol\u00edtico\u201d \u00bfEso cuando fue? \u201cEl lunes por la noche\u201d<\/p>\n<p>Por su parte, Sandra Elena Sandoval, inform\u00f3 que ellos como ciudadanos han conseguido 5 suspensiones, que valen m\u00e1s que las palabras.<\/p>\n<p>\u201cEn la parte legal les informamos que contamos con 5 suspensiones otorgadas por el juez cuarto y quinto de Distrito coment\u00e1ndoles que estas suspensiones fueron ingresadas por ciudadanos independientes sin ning\u00fan inter\u00e9s pol\u00edtico ni econ\u00f3mico, solo pensando en el bien com\u00fan, el proceso legal contin\u00faa hasta lograr el rescate del manglar\u201d<\/p>\n<p>Cabe se\u00f1alar que Ender C\u00f3rdova a trav\u00e9s de su cuenta de Facebook, ha manifestado su simpat\u00eda por el Movimiento Regeneraci\u00f3n Nacional (Morena) de Andr\u00e9s Manuel L\u00f3pez Obrador.<\/p>\n<p><a href=\"http:\/\/cancunmio.com\/3157219-defensores-del-tajamar-se-dividen-desconocen-a-katherine-ender\/\" target=\"_blank\">cancunmio.com\/3157219-defensores-del-tajamar-se-dividen-desconocen-a-katherine-ender\/<\/a><\/p>\n","protected":false},"excerpt":{"rendered":"<p>AUSTO ADRI\u00c1N.- Canc\u00fan Q. Roo.- Ciudadanos que han logrado 5 suspensiones del Malec\u00f3n Tajamar ante juzgados federales, se deslindan de Katherine Ender, por emplear el movimiento ambientalista para cuestiones pol\u00edticas, &hellip; <a href=\"https:\/\/www.grieta.org.mx\/index.php\/2016\/02\/11\/defensores-del-tajamar-se-dividen-desconocen-a-katherine-ender\/\" class=\"more-link\">Leer m\u00e1s<\/a><\/p>\n","protected":false},"author":2,"featured_media":21928,"comment_status":"closed","ping_status":"open","sticky":false,"template":"","format":"standard","meta":{"ngg_post_thumbnail":0,"_jetpack_newsletter_access":"","_jetpack_dont_email_post_to_subs":false,"_jetpack_newsletter_tier_id":0,"_jetpack_memberships_contains_paywalled_content":false,"_jetpack_memberships_contains_paid_content":false,"footnotes":""},"categories":[80,2,1317,151,28],"tags":[223,316,356],"class_list":{"0":"post-4485","1":"post","2":"type-post","3":"status-publish","4":"format-standard","5":"has-post-thumbnail","6":"hentry","7":"category-cintillo","8":"category-noticias-nacionales","9":"category-protestas-ante-devastacion-provocada-por-malecon-tajamar","10":"category-quintana-roo","12":"tag-ecocidio","13":"tag-manglar","14":"tag-tajamar","15":"entry"},"jetpack_featured_media_url":"https:\/\/www.grieta.org.mx\/wp-content\/uploads\/2018\/03\/14524434_1106112876131411_958039263622046936_o.jpg","jetpack_sharing_enabled":true,"jetpack_shortlink":"https:\/\/wp.me\/p7ZJR4-1al","jetpack_likes_enabled":false,"jetpack-related-posts":[{"id":4486,"url":"https:\/\/www.grieta.org.mx\/index.php\/2016\/06\/10\/protestas-ante-devastacion-provocada-por-malecon-tajamar-quintana-roo\/","url_meta":{"origin":4485,"position":0},"title":"Protestas ante devastaci\u00f3n provocada por Malec\u00f3n Tajamar (Quintana Roo)","author":"grieta","date":"10 junio, 2016","format":false,"excerpt":"10\/06\/16. Afrenta para Canc\u00fan aval de Profepa a Fonatur por destrucci\u00f3n en TajamarMarcrixnoticias 07\/06\/16. No hay delito ambiental en Tajamar Canc\u00fan resolvi\u00f3 la Profepa. El Fonatur actu\u00f3 apegado a lo autorizado por SemarnatNoticaribeNews 12\/04\/16. Ignoran 7 mil denuncias por TajamarLuces del Siglo 11\/02\/16. Defensores del Tajamar se dividen, desconocen a\u2026","rel":"","context":"En &quot;NOTICIAS NACIONALES&quot;","block_context":{"text":"NOTICIAS NACIONALES","link":"https:\/\/www.grieta.org.mx\/index.php\/category\/noticias-nacionales\/"},"img":{"alt_text":"","src":"https:\/\/i0.wp.com\/www.grieta.org.mx\/wp-content\/uploads\/2018\/03\/14524434_1106112876131411_958039263622046936_o.jpg?resize=350%2C200&ssl=1","width":350,"height":200,"srcset":"https:\/\/i0.wp.com\/www.grieta.org.mx\/wp-content\/uploads\/2018\/03\/14524434_1106112876131411_958039263622046936_o.jpg?resize=350%2C200&ssl=1 1x, https:\/\/i0.wp.com\/www.grieta.org.mx\/wp-content\/uploads\/2018\/03\/14524434_1106112876131411_958039263622046936_o.jpg?resize=525%2C300&ssl=1 1.5x, https:\/\/i0.wp.com\/www.grieta.org.mx\/wp-content\/uploads\/2018\/03\/14524434_1106112876131411_958039263622046936_o.jpg?resize=700%2C400&ssl=1 2x"},"classes":[]},{"id":5094,"url":"https:\/\/www.grieta.org.mx\/index.php\/2015\/08\/09\/interponen-amparo-vs-malecon-tajamar\/","url_meta":{"origin":4485,"position":1},"title":"Interponen amparo vs Malec\u00f3n Tajamar","author":"grieta","date":"9 agosto, 2015","format":false,"excerpt":"Canc\u00fan, QR. El Centro Mexicano de Derecho Ambiental (Cemda) interpuso el pasado 31 de julio un amparo en contra de la autorizaci\u00f3n de la Manifestaci\u00f3n Impacto Ambiental (MIA) condicionada que la Secretar\u00eda de Medio Ambiente y Recursos Naturales (Semarnat) otorg\u00f3 en favor del Fondo Nacional de Fomento al Turismo (Fonatur)\u2026","rel":"","context":"En &quot;CINTILLO&quot;","block_context":{"text":"CINTILLO","link":"https:\/\/www.grieta.org.mx\/index.php\/category\/cintillo\/"},"img":{"alt_text":"","src":"https:\/\/i0.wp.com\/www.grieta.org.mx\/wp-content\/uploads\/2018\/03\/14524434_1106112876131411_958039263622046936_o.jpg?resize=350%2C200&ssl=1","width":350,"height":200,"srcset":"https:\/\/i0.wp.com\/www.grieta.org.mx\/wp-content\/uploads\/2018\/03\/14524434_1106112876131411_958039263622046936_o.jpg?resize=350%2C200&ssl=1 1x, https:\/\/i0.wp.com\/www.grieta.org.mx\/wp-content\/uploads\/2018\/03\/14524434_1106112876131411_958039263622046936_o.jpg?resize=525%2C300&ssl=1 1.5x, https:\/\/i0.wp.com\/www.grieta.org.mx\/wp-content\/uploads\/2018\/03\/14524434_1106112876131411_958039263622046936_o.jpg?resize=700%2C400&ssl=1 2x"},"classes":[]},{"id":5072,"url":"https:\/\/www.grieta.org.mx\/index.php\/2015\/09\/23\/por-enesima-vez-defensores-de-tajamar-denuncian-a-fonatur-ante-profepa\/","url_meta":{"origin":4485,"position":2},"title":"Por en\u00e9sima vez defensores de Tajamar denuncian a Fonatur ante Profepa","author":"grieta","date":"23 septiembre, 2015","format":false,"excerpt":"Canc\u00fan.- Denuncia defensores del Malec\u00f3n Tajamar, a Fonatur ante la Profepa por haber enviado a 3 trabajadores a realizar trabajos de desmonte, confirm\u00f3 Katherine Ender. \u201cContra y anexamos hoy el peri\u00f3dico lo que sali\u00f3 hoy en las notas que pues sali\u00f3 ah\u00ed la foto contra Fonatur y la nota de\u2026","rel":"","context":"En &quot;CINTILLO&quot;","block_context":{"text":"CINTILLO","link":"https:\/\/www.grieta.org.mx\/index.php\/category\/cintillo\/"},"img":{"alt_text":"","src":"https:\/\/i0.wp.com\/www.grieta.org.mx\/wp-content\/uploads\/2018\/03\/14524434_1106112876131411_958039263622046936_o.jpg?resize=350%2C200&ssl=1","width":350,"height":200,"srcset":"https:\/\/i0.wp.com\/www.grieta.org.mx\/wp-content\/uploads\/2018\/03\/14524434_1106112876131411_958039263622046936_o.jpg?resize=350%2C200&ssl=1 1x, https:\/\/i0.wp.com\/www.grieta.org.mx\/wp-content\/uploads\/2018\/03\/14524434_1106112876131411_958039263622046936_o.jpg?resize=525%2C300&ssl=1 1.5x, https:\/\/i0.wp.com\/www.grieta.org.mx\/wp-content\/uploads\/2018\/03\/14524434_1106112876131411_958039263622046936_o.jpg?resize=700%2C400&ssl=1 2x"},"classes":[]},{"id":5036,"url":"https:\/\/www.grieta.org.mx\/index.php\/2016\/01\/16\/cancun-despierta-devastan-malecon-tajamar-en-la-madrugada-y-con-proteccion-de-granaderos-entran-con-maquinaria-para-rellenar-manglar\/","url_meta":{"origin":4485,"position":3},"title":"\u201c\u00a1Canc\u00fan, Despierta!\u201d | Devastan Malec\u00f3n Tajamar: En la madrugada y con protecci\u00f3n de granaderos, entran con maquinaria para rellenar manglar","author":"grieta","date":"16 enero, 2016","format":false,"excerpt":"CANC\u00daN, MX.- En la oscuridad de la noche, como los delincuentes, con protecci\u00f3n de decenas de granaderos del gobierno municipal de Paul Carrillo y de la polic\u00eda estatal de Roberto Borge, la madrugada de este s\u00e1bado, maquinaria pesada y volquetes ingresaron a los terrenos del Malec\u00f3n Tajamar y empezaron a\u2026","rel":"","context":"En &quot;CINTILLO&quot;","block_context":{"text":"CINTILLO","link":"https:\/\/www.grieta.org.mx\/index.php\/category\/cintillo\/"},"img":{"alt_text":"","src":"https:\/\/i0.wp.com\/www.grieta.org.mx\/wp-content\/uploads\/2018\/03\/14524434_1106112876131411_958039263622046936_o.jpg?resize=350%2C200&ssl=1","width":350,"height":200,"srcset":"https:\/\/i0.wp.com\/www.grieta.org.mx\/wp-content\/uploads\/2018\/03\/14524434_1106112876131411_958039263622046936_o.jpg?resize=350%2C200&ssl=1 1x, https:\/\/i0.wp.com\/www.grieta.org.mx\/wp-content\/uploads\/2018\/03\/14524434_1106112876131411_958039263622046936_o.jpg?resize=525%2C300&ssl=1 1.5x, https:\/\/i0.wp.com\/www.grieta.org.mx\/wp-content\/uploads\/2018\/03\/14524434_1106112876131411_958039263622046936_o.jpg?resize=700%2C400&ssl=1 2x"},"classes":[]},{"id":5044,"url":"https:\/\/www.grieta.org.mx\/index.php\/2016\/01\/05\/impiden-mas-devastacion-en-el-malecon-tajamar\/","url_meta":{"origin":4485,"position":4},"title":"Impiden m\u00e1s devastaci\u00f3n en el Malec\u00f3n Tajamar","author":"grieta","date":"5 enero, 2016","format":false,"excerpt":"Pese a la suspensi\u00f3n, una brigada de trabajadores lleg\u00f3 con maquinaria pesada Canc\u00fan.- Decenas de habitantes no permitieron que reanudaran trabajos en el Malec\u00f3n Tajamar, por lo que tuvo que intervenir la polic\u00eda, hasta que lleg\u00f3 un representante de la Procuradur\u00eda General de la Rep\u00fablica, quien conmin\u00f3 al abogado del\u2026","rel":"","context":"En &quot;CINTILLO&quot;","block_context":{"text":"CINTILLO","link":"https:\/\/www.grieta.org.mx\/index.php\/category\/cintillo\/"},"img":{"alt_text":"","src":"https:\/\/i0.wp.com\/www.grieta.org.mx\/wp-content\/uploads\/2018\/03\/14524434_1106112876131411_958039263622046936_o.jpg?resize=350%2C200&ssl=1","width":350,"height":200,"srcset":"https:\/\/i0.wp.com\/www.grieta.org.mx\/wp-content\/uploads\/2018\/03\/14524434_1106112876131411_958039263622046936_o.jpg?resize=350%2C200&ssl=1 1x, https:\/\/i0.wp.com\/www.grieta.org.mx\/wp-content\/uploads\/2018\/03\/14524434_1106112876131411_958039263622046936_o.jpg?resize=525%2C300&ssl=1 1.5x, https:\/\/i0.wp.com\/www.grieta.org.mx\/wp-content\/uploads\/2018\/03\/14524434_1106112876131411_958039263622046936_o.jpg?resize=700%2C400&ssl=1 2x"},"classes":[]},{"id":5476,"url":"https:\/\/www.grieta.org.mx\/index.php\/2015\/08\/12\/suspendio-la-profepa-malecon-tajamar\/","url_meta":{"origin":4485,"position":5},"title":"Suspendi\u00f3 la Profepa ?el Malec\u00f3n Tajamar","author":"grieta","date":"12 agosto, 2015","format":false,"excerpt":"Canc\u00fan, QR. La Procuradur\u00eda Federal de Protecci\u00f3n al Ambiente (Profepa) coloc\u00f3 los sellos de suspensi\u00f3n en las obras iniciadas haces dos semanas por la empresa italiana Bi&DI en Malec\u00f3n Tajamar, por no contar con la validaci\u00f3n de la Secretar\u00eda de Medio Ambiente y Recursos Naturales (Semarnat) para el desmonte de\u2026","rel":"","context":"En &quot;CINTILLO&quot;","block_context":{"text":"CINTILLO","link":"https:\/\/www.grieta.org.mx\/index.php\/category\/cintillo\/"},"img":{"alt_text":"","src":"https:\/\/i0.wp.com\/www.grieta.org.mx\/wp-content\/uploads\/2018\/03\/14524434_1106112876131411_958039263622046936_o.jpg?resize=350%2C200&ssl=1","width":350,"height":200,"srcset":"https:\/\/i0.wp.com\/www.grieta.org.mx\/wp-content\/uploads\/2018\/03\/14524434_1106112876131411_958039263622046936_o.jpg?resize=350%2C200&ssl=1 1x, https:\/\/i0.wp.com\/www.grieta.org.mx\/wp-content\/uploads\/2018\/03\/14524434_1106112876131411_958039263622046936_o.jpg?resize=525%2C300&ssl=1 1.5x, https:\/\/i0.wp.com\/www.grieta.org.mx\/wp-content\/uploads\/2018\/03\/14524434_1106112876131411_958039263622046936_o.jpg?resize=700%2C400&ssl=1 2x"},"classes":[]}],"_links":{"self":[{"href":"https:\/\/www.grieta.org.mx\/index.php\/wp-json\/wp\/v2\/posts\/4485","targetHints":{"allow":["GET"]}}],"collection":[{"href":"https:\/\/www.grieta.org.mx\/index.php\/wp-json\/wp\/v2\/posts"}],"about":[{"href":"https:\/\/www.grieta.org.mx\/index.php\/wp-json\/wp\/v2\/types\/post"}],"author":[{"embeddable":true,"href":"https:\/\/www.grieta.org.mx\/index.php\/wp-json\/wp\/v2\/users\/2"}],"replies":[{"embeddable":true,"href":"https:\/\/www.grieta.org.mx\/index.php\/wp-json\/wp\/v2\/comments?post=4485"}],"version-history":[{"count":1,"href":"https:\/\/www.grieta.org.mx\/index.php\/wp-json\/wp\/v2\/posts\/4485\/revisions"}],"predecessor-version":[{"id":4495,"href":"https:\/\/www.grieta.org.mx\/index.php\/wp-json\/wp\/v2\/posts\/4485\/revisions\/4495"}],"wp:featuredmedia":[{"embeddable":true,"href":"https:\/\/www.grieta.org.mx\/index.php\/wp-json\/wp\/v2\/media\/21928"}],"wp:attachment":[{"href":"https:\/\/www.grieta.org.mx\/index.php\/wp-json\/wp\/v2\/media?parent=4485"}],"wp:term":[{"taxonomy":"category","embeddable":true,"href":"https:\/\/www.grieta.org.mx\/index.php\/wp-json\/wp\/v2\/categories?post=4485"},{"taxonomy":"post_tag","embeddable":true,"href":"https:\/\/www.grieta.org.mx\/index.php\/wp-json\/wp\/v2\/tags?post=4485"}],"curies":[{"name":"wp","href":"https:\/\/api.w.org\/{rel}","templated":true}]}}