{"id":44831,"date":"2020-02-21T14:24:21","date_gmt":"2020-02-21T20:24:21","guid":{"rendered":"http:\/\/www.grieta.org.mx\/?p=44831"},"modified":"2020-02-21T14:24:21","modified_gmt":"2020-02-21T20:24:21","slug":"denuncian-violacion-del-proceso-en-suspension-del-tren-maya","status":"publish","type":"post","link":"https:\/\/www.grieta.org.mx\/index.php\/2020\/02\/21\/denuncian-violacion-del-proceso-en-suspension-del-tren-maya\/","title":{"rendered":"Denuncian violaci\u00f3n del proceso en suspensi\u00f3n del Tren Maya"},"content":{"rendered":"<p><img loading=\"lazy\" decoding=\"async\" data-attachment-id=\"44833\" data-permalink=\"https:\/\/www.grieta.org.mx\/index.php\/2020\/02\/21\/denuncian-violacion-del-proceso-en-suspension-del-tren-maya\/pdp_cni_conferemcia_trenmaya\/\" data-orig-file=\"https:\/\/www.grieta.org.mx\/wp-content\/uploads\/2020\/02\/PDP_CNI_conferemcia_trenMaya.jpg\" data-orig-size=\"1280,800\" data-comments-opened=\"0\" data-image-meta=\"{&quot;aperture&quot;:&quot;1.8&quot;,&quot;credit&quot;:&quot;&quot;,&quot;camera&quot;:&quot;iPhone 8&quot;,&quot;caption&quot;:&quot;&quot;,&quot;created_timestamp&quot;:&quot;1582200532&quot;,&quot;copyright&quot;:&quot;&quot;,&quot;focal_length&quot;:&quot;3.99&quot;,&quot;iso&quot;:&quot;40&quot;,&quot;shutter_speed&quot;:&quot;0.058823529411765&quot;,&quot;title&quot;:&quot;&quot;,&quot;orientation&quot;:&quot;1&quot;}\" data-image-title=\"PDP_CNI_conferemcia_trenMaya\" data-image-description=\"\" data-image-caption=\"\" data-medium-file=\"https:\/\/www.grieta.org.mx\/wp-content\/uploads\/2020\/02\/PDP_CNI_conferemcia_trenMaya-300x188.jpg\" data-large-file=\"https:\/\/www.grieta.org.mx\/wp-content\/uploads\/2020\/02\/PDP_CNI_conferemcia_trenMaya-1024x640.jpg\" class=\"aligncenter wp-image-44833\" src=\"http:\/\/www.grieta.org.mx\/wp-content\/uploads\/2020\/02\/PDP_CNI_conferemcia_trenMaya-1024x640.jpg\" alt=\"\" width=\"800\" height=\"500\" srcset=\"https:\/\/www.grieta.org.mx\/wp-content\/uploads\/2020\/02\/PDP_CNI_conferemcia_trenMaya-1024x640.jpg 1024w, https:\/\/www.grieta.org.mx\/wp-content\/uploads\/2020\/02\/PDP_CNI_conferemcia_trenMaya-300x188.jpg 300w, https:\/\/www.grieta.org.mx\/wp-content\/uploads\/2020\/02\/PDP_CNI_conferemcia_trenMaya-768x480.jpg 768w, https:\/\/www.grieta.org.mx\/wp-content\/uploads\/2020\/02\/PDP_CNI_conferemcia_trenMaya-800x500.jpg 800w, https:\/\/www.grieta.org.mx\/wp-content\/uploads\/2020\/02\/PDP_CNI_conferemcia_trenMaya.jpg 1280w\" sizes=\"auto, (max-width: 800px) 100vw, 800px\" \/><\/p>\n<p><strong>Durante el arranque de las Jornadas en defensa del territorio en distintas ciudades de M\u00e9xico, integrantes del Concejo Ind\u00edgena de Gobierno exigieron justicia por los defensores del territorio asesinados y denunciaron violaci\u00f3n al proceso de amparo contra el Tren Maya<\/strong><\/p>\n<p>Texto y fotos: Vania Pigeonutt\/ PIE DE P\u00c1GINA<\/p>\n<p>En conferencia de prensa, integrantes del Concejo Ind\u00edgena de Gobierno y el Consejo Regional Ind\u00edgena y Popular de Xpujil, anunciaron las Jornadas en defensa del territorio y la madre tierra \u201cSamir somos todas y todos\u201d. Exigieron justicia por los \u201casesinados por oponerse a la guerra con la que el mal gobierno pretende hacerse de nuestras tierras, montes y aguas, para consolidar el despojo que amenaza la existencia de la humanidad\u201d.<\/p>\n<p>Tambi\u00e9n recordaron que el pr\u00f3ximo 28 de febrero es la audiencia constitucional para resolver el amparo interpuesto por comunidades en oposici\u00f3n al Tren Maya.<\/p>\n<p>Jes\u00fas Le\u00f3n Zapata, del ejido de Los \u00c1ngeles, Ixpujil Campeche, actualiz\u00f3 en qu\u00e9 va este proceso legal. \u201cDespu\u00e9s de la presentaci\u00f3n del amparo se vinieron las pruebas de las partes. El Instituto Nacional de los Pueblos Ind\u00edgenas (INPI) llev\u00f3 las pruebas, en este caso fueron las actas de la supuesta consulta. Quien no se present\u00f3 y se dio por no enterado fue el Fonatur (Fondo Nacional de Fomento al Turismo)\u201d.<\/p>\n<p>Dijo que: \u201cqueremos denunciar que Fonatur se est\u00e1 aprovechando del momento. Se supone que cuando la jueza dict\u00f3 una suspensi\u00f3n hay una resoluci\u00f3n temporal, que deber\u00edan reflejar ese proceso, porque es una parte jur\u00eddica. Est\u00e1n aprovech\u00e1ndose del poder que tiene el gobierno y quieren avanzar en las licitaciones, creo que muchos se han dado cuenta que en la parte este de Canc\u00fan ya est\u00e1n hablando de licitaciones\u201d.<\/p>\n<p>El concejal considera que esto es una violaci\u00f3n del proceso. Asegura que est\u00e1n agotando los recursos posibles, para evitarse \u201cjaloneos de protesta\u201d.<\/p>\n<p>Explic\u00f3 que el Fonatur quiere convencer a las comunidades de aceptar el Tren, a partir de una promesa de resoluci\u00f3n de un problema de agua, por el cual han tenido una lucha desde hace 40 a\u00f1os.<\/p>\n<p>\u201cAntes del 2019, todav\u00eda por mayo, junio, julio, no aparec\u00eda Fonatur, cuando aparecen el gobierno federal y el estado ya se hab\u00edan realizado planes, como cada seis a\u00f1os, de la soluci\u00f3n del tema del agua. El Fonatur viene a encimarse nada m\u00e1s, hablando del tema del desarrollo, del agua. No es una soluci\u00f3n a la demanda social, no lo est\u00e1n haciendo, se est\u00e1n aprovechando de una situaci\u00f3n, para legitimar otra\u201d.<\/p>\n<p>Explic\u00f3 que el Fonatur sigue en las comunidades. Siguen exigiendo organizarse con las comisiones que est\u00e1n cooptados por la idea de que les van a resolver sus demandas. \u201cEllos est\u00e1n trabajando, reconocemos que hay un trabajo. Un trabajo de manera deliberada, el de la Pen\u00ednsula, del megaproyecto Tren Maya. En lugar de hacer un proceso de consulta real, se estaba tomando como: traigan su solicitud, su papelito, de eso estamos seguros de que s\u00ed va a pasar, est\u00e1n tomando a los comisarios, a las comunidades\u201d.<\/p>\n<p>En la conferencia estuvieron presentes otros integrantes del Concejo, como Mar\u00eda de Jes\u00fas Patricio, la ex aspirante presidencial. La vocera anunci\u00f3 las actividades que tendr\u00e1n a un a\u00f1o del asesinato del activista morelense Samir Flores y en exigencia de justicia por otros homicidios: Juli\u00e1n Cort\u00e9s Flores, del pueblo mephaa de la Casa de Justicia de San Luis Acatl\u00e1n, Guerrero.<\/p>\n<p>Ignacio P\u00e9rez Gir\u00f3n, del pueblo tzotzil del municipio de Aldama, Chiapas; Jos\u00e9 Lucio Bartolo Faustino, Modesto Verales Sebasti\u00e1n, Bartolo Hilario Morales, e Isa\u00edas Xanteco Ahuejote del pueblo nahua organizado con el Concejo Ind\u00edgena y Popular de Guerrero \u2013 Emiliano Zapata (CIPOG \u2013 EZ); Juan Monroy y Jos\u00e9 Luis Rosales, del pueblo nahua de Ayotitl\u00e1n, Jalisco; Feliciano Corona Cirino, del pueblo nahua de Santa Mar\u00eda Ostula, Michoac\u00e1n, y Josu\u00e9 Bernardo Marcial Campo, tambi\u00e9n conocido como T\u00edoBad, del pueblo popoluca de Veracruz.<\/p>\n<p>Este viernes 21 tienen planeada una marcha por sus integrantes asesinados y desaparecidos que partir\u00e1 de las oficinas de la Comisi\u00f3n Federal de Electricidad a la avenida Reforma, en Ciudad de M\u00e9xico. Las protestas reivindicar\u00e1n varias exigencias al gobierno que encabeza Andr\u00e9s Manuel L\u00f3pez Obrador.<\/p>\n<p>\u201cLa aceleraci\u00f3n de la actividad minera y en la extracci\u00f3n y conducci\u00f3n de hidrocarburos, la creaci\u00f3n de la Guardia Nacional en la l\u00f3gica de la Iniciativa M\u00e9rida y el impulso, a costa de lo que sea, de los grandes megaproyectos: Corredor Trans\u00edsmico Salina Cruz-Coatzacoalcos, Tren Maya y Proyecto Integral Morelos, Nuevo Aeropuerto Internacional de la Ciudad de M\u00e9xico que pretenden reordenar los territorios, las poblaciones y las fronteras de norte y Centroam\u00e9rica en una l\u00f3gica de despojo y explotaci\u00f3n capitalista, vuelven urgente la defensa de la vida humana, la defensa de los territorios de nuestros pueblos y la defensa de la tierra en una perspectiva claramente anticapitalista y antipatriarcal\u201d.<\/p>\n<p><a href=\"https:\/\/piedepagina.mx\/denuncian-violacion-del-proceso-en-suspension-del-tren-maya\/\" target=\"_blank\" rel=\"noopener noreferrer\">https:\/\/piedepagina.mx\/denuncian-violacion-del-proceso-en-suspension-del-tren-maya\/<\/a><\/p>\n<p>&nbsp;<\/p>\n","protected":false},"excerpt":{"rendered":"<p>Durante el arranque de las Jornadas en defensa del territorio en distintas ciudades de M\u00e9xico, integrantes del Concejo Ind\u00edgena de Gobierno exigieron justicia por los defensores del territorio asesinados y &hellip; <a href=\"https:\/\/www.grieta.org.mx\/index.php\/2020\/02\/21\/denuncian-violacion-del-proceso-en-suspension-del-tren-maya\/\" class=\"more-link\">Leer m\u00e1s<\/a><\/p>\n","protected":false},"author":2,"featured_media":44833,"comment_status":"closed","ping_status":"closed","sticky":false,"template":"","format":"standard","meta":{"ngg_post_thumbnail":0,"_jetpack_newsletter_access":"","_jetpack_dont_email_post_to_subs":false,"_jetpack_newsletter_tier_id":0,"_jetpack_memberships_contains_paywalled_content":false,"_jetpack_memberships_contains_paid_content":false,"footnotes":""},"categories":[80,79,1278,3105,3,2661,83,2026,2044],"tags":[3110,3111,1005,95,3109,398,3108,3107,1878],"class_list":["post-44831","post","type-post","status-publish","format-standard","has-post-thumbnail","hentry","category-cintillo","category-cni","category-despojo-de-tierras-y-territorios","category-jornadas-samir-somos-todas-y-todos","category-megaproyectos","category-redes-de-resistencia-y-rebeldia","category-temas-nacionales","category-tren-maya","category-tren-maya-analisis","tag-asesinatos-de-lideres-indigenas","tag-asesinatos-de-miembros-del-cni","tag-cig","tag-cni","tag-consejo-regional-iidigena-y-popular-de-xpujil","tag-fonatur","tag-inpi","tag-suspension-del-tren-maya","tag-tren-maya","entry"],"jetpack_featured_media_url":"https:\/\/www.grieta.org.mx\/wp-content\/uploads\/2020\/02\/PDP_CNI_conferemcia_trenMaya.jpg","jetpack_sharing_enabled":true,"jetpack_shortlink":"https:\/\/wp.me\/p7ZJR4-bF5","jetpack_likes_enabled":false,"jetpack-related-posts":[{"id":45150,"url":"https:\/\/www.grieta.org.mx\/index.php\/2020\/02\/21\/denuncian-violacion-del-proceso-en-suspension-del-tren-maya-2\/","url_meta":{"origin":44831,"position":0},"title":"Denuncian violaci\u00f3n del proceso en suspensi\u00f3n del Tren Maya","author":"grieta","date":"21 febrero, 2020","format":false,"excerpt":"Vania Pigeonutt \/ Pie de P\u00e1gina Durante el arranque de las Jornadas en defensa del territorio en distintas ciudades de M\u00e9xico, integrantes del Concejo Ind\u00edgena de Gobierno exigieron justicia por los defensores del territorio asesinados y denunciaron violaci\u00f3n al proceso de amparo contra el Tren Maya En conferencia de prensa,\u2026","rel":"","context":"En &quot;Campeche&quot;","block_context":{"text":"Campeche","link":"https:\/\/www.grieta.org.mx\/index.php\/category\/noticias-nacionales\/campeche\/"},"img":{"alt_text":"","src":"https:\/\/i0.wp.com\/www.grieta.org.mx\/wp-content\/uploads\/2020\/02\/PDP_CNI_conferemcia_trenMaya-1-e1582683317479.jpg?resize=350%2C200&ssl=1","width":350,"height":200,"srcset":"https:\/\/i0.wp.com\/www.grieta.org.mx\/wp-content\/uploads\/2020\/02\/PDP_CNI_conferemcia_trenMaya-1-e1582683317479.jpg?resize=350%2C200&ssl=1 1x, https:\/\/i0.wp.com\/www.grieta.org.mx\/wp-content\/uploads\/2020\/02\/PDP_CNI_conferemcia_trenMaya-1-e1582683317479.jpg?resize=525%2C300&ssl=1 1.5x, https:\/\/i0.wp.com\/www.grieta.org.mx\/wp-content\/uploads\/2020\/02\/PDP_CNI_conferemcia_trenMaya-1-e1582683317479.jpg?resize=700%2C400&ssl=1 2x"},"classes":[]},{"id":41978,"url":"https:\/\/www.grieta.org.mx\/index.php\/2019\/12\/08\/rechazan-consulta-de-tren-maya\/","url_meta":{"origin":44831,"position":1},"title":"Rechazan consulta de Tren Maya","author":"grieta","date":"8 diciembre, 2019","format":false,"excerpt":"El Siglo de Torre\u00f3n Al considerar que incumple el Convenio 169 sobre Pueblos Ind\u00edgenas y Tribales Organizaciones ind\u00edgenas, civiles y acad\u00e9micos en la Pen\u00ednsula de Yucat\u00e1n, se pronunciaron en contra del megaproyecto del Tren Maya y expresaron su rechazo a la pretendida Consulta Ind\u00edgena organizada por el Gobierno mexicano, al\u2026","rel":"","context":"En &quot;16. Pueblo Maya&quot;","block_context":{"text":"16. Pueblo Maya","link":"https:\/\/www.grieta.org.mx\/index.php\/category\/espejos-de-la-resistencia\/16-pueblo-maya\/"},"img":{"alt_text":"","src":"https:\/\/i0.wp.com\/www.grieta.org.mx\/wp-content\/uploads\/2019\/12\/RechazanTrenMaya-e1575900335223.png?resize=350%2C200&ssl=1","width":350,"height":200,"srcset":"https:\/\/i0.wp.com\/www.grieta.org.mx\/wp-content\/uploads\/2019\/12\/RechazanTrenMaya-e1575900335223.png?resize=350%2C200&ssl=1 1x, https:\/\/i0.wp.com\/www.grieta.org.mx\/wp-content\/uploads\/2019\/12\/RechazanTrenMaya-e1575900335223.png?resize=525%2C300&ssl=1 1.5x, https:\/\/i0.wp.com\/www.grieta.org.mx\/wp-content\/uploads\/2019\/12\/RechazanTrenMaya-e1575900335223.png?resize=700%2C400&ssl=1 2x"},"classes":[]},{"id":54210,"url":"https:\/\/www.grieta.org.mx\/index.php\/2020\/10\/13\/organizaciones-indigenas-en-campeche-acusan-que-el-tren-maya-violenta-derechos-humanos\/","url_meta":{"origin":44831,"position":2},"title":"Organizaciones ind\u00edgenas en Campeche acusan que el Tren Maya violenta derechos humanos","author":"grieta","date":"13 octubre, 2020","format":false,"excerpt":"Juan Garc\u00eda \/ Por Esto! La construcci\u00f3n del \u201cTren Maya\u201d es una violaci\u00f3n a los derechos humanos de los pueblos originarios, acusan organizaciones ind\u00edgenas de la Pen\u00ednsula de Yucat\u00e1n, como el Consejo Regional Ind\u00edgena y Popular de Xpujil (CRIPX), ya que hasta ahora, cuando ya se ha iniciado con los\u2026","rel":"","context":"En &quot;25. Xpujil&quot;","block_context":{"text":"25. Xpujil","link":"https:\/\/www.grieta.org.mx\/index.php\/category\/espejos-de-la-resistencia\/25-xpujil\/"},"img":{"alt_text":"","src":"https:\/\/i0.wp.com\/www.grieta.org.mx\/wp-content\/uploads\/2020\/10\/Xpujil12oct20.png?resize=350%2C200&ssl=1","width":350,"height":200,"srcset":"https:\/\/i0.wp.com\/www.grieta.org.mx\/wp-content\/uploads\/2020\/10\/Xpujil12oct20.png?resize=350%2C200&ssl=1 1x, https:\/\/i0.wp.com\/www.grieta.org.mx\/wp-content\/uploads\/2020\/10\/Xpujil12oct20.png?resize=525%2C300&ssl=1 1.5x"},"classes":[]},{"id":69349,"url":"https:\/\/www.grieta.org.mx\/index.php\/2024\/07\/15\/construccion-del-tramo-7-del-tren-maya-sigue-pese-a-suspension-judicial-y-denuncia-de-desacato\/","url_meta":{"origin":44831,"position":3},"title":"Construcci\u00f3n del Tramo 7 del Tren Maya sigue pese a suspensi\u00f3n judicial y denuncia de desacato","author":"grieta","date":"15 julio, 2024","format":false,"excerpt":"La construcci\u00f3n de las obras del tramo 7 del Tren Maya contin\u00faan, pese a que existe una suspensi\u00f3n definitiva. Por ello, comunidades mayas de Campeche, en la Reserva de la Biosfera de Calakmul, siguen con la batalla legal y denuncian al gobierno de desacato. Despu\u00e9s de 4 a\u00f1os y medio\u2026","rel":"","context":"En &quot;25. Xpujil&quot;","block_context":{"text":"25. Xpujil","link":"https:\/\/www.grieta.org.mx\/index.php\/category\/espejos-de-la-resistencia\/25-xpujil\/"},"img":{"alt_text":"","src":"https:\/\/i0.wp.com\/www.grieta.org.mx\/wp-content\/uploads\/2024\/07\/TrenAmparo-e1722100744359.jpg?resize=350%2C200&ssl=1","width":350,"height":200,"srcset":"https:\/\/i0.wp.com\/www.grieta.org.mx\/wp-content\/uploads\/2024\/07\/TrenAmparo-e1722100744359.jpg?resize=350%2C200&ssl=1 1x, https:\/\/i0.wp.com\/www.grieta.org.mx\/wp-content\/uploads\/2024\/07\/TrenAmparo-e1722100744359.jpg?resize=525%2C300&ssl=1 1.5x, https:\/\/i0.wp.com\/www.grieta.org.mx\/wp-content\/uploads\/2024\/07\/TrenAmparo-e1722100744359.jpg?resize=700%2C400&ssl=1 2x"},"classes":[]},{"id":22014,"url":"https:\/\/www.grieta.org.mx\/index.php\/2017\/10\/16\/cni-yucatan-saluda-la-lucha-de-autodeterminacion-del-pueblo-maya-de-homun\/","url_meta":{"origin":44831,"position":4},"title":"CNI Yucat\u00e1n saluda la lucha de autodeterminaci\u00f3n del pueblo maya de Hom\u00fan","author":"grieta","date":"16 octubre, 2017","format":false,"excerpt":"El Congreso Nacional Ind\u00edgena de Yucat\u00e1n saluda la lucha de autodeterminaci\u00f3n del pueblo maya de Hom\u00fan Al Colectivo Kana\u2019an Ts\u2019onot Al pueblo Maya de Hom\u00fan A la Red de Apoyo al Concejo Ind\u00edgena de Gobierno del CNI en Yucat\u00e1n Al Concejo Ind\u00edgena de Gobierno Al pueblo maya del estado de\u2026","rel":"","context":"En &quot;CNI&quot;","block_context":{"text":"CNI","link":"https:\/\/www.grieta.org.mx\/index.php\/category\/cni\/"},"img":{"alt_text":"","src":"https:\/\/i0.wp.com\/www.grieta.org.mx\/wp-content\/uploads\/2018\/03\/14524434_1106112876131411_958039263622046936_o.jpg?resize=350%2C200&ssl=1","width":350,"height":200,"srcset":"https:\/\/i0.wp.com\/www.grieta.org.mx\/wp-content\/uploads\/2018\/03\/14524434_1106112876131411_958039263622046936_o.jpg?resize=350%2C200&ssl=1 1x, https:\/\/i0.wp.com\/www.grieta.org.mx\/wp-content\/uploads\/2018\/03\/14524434_1106112876131411_958039263622046936_o.jpg?resize=525%2C300&ssl=1 1.5x, https:\/\/i0.wp.com\/www.grieta.org.mx\/wp-content\/uploads\/2018\/03\/14524434_1106112876131411_958039263622046936_o.jpg?resize=700%2C400&ssl=1 2x"},"classes":[]},{"id":42262,"url":"https:\/\/www.grieta.org.mx\/index.php\/2019\/12\/16\/pedro-uc-opositor-al-tren-maya-denuncia-amenazas-de-muerte\/","url_meta":{"origin":44831,"position":5},"title":"Pedro Uc, opositor al Tren Maya, denuncia amenazas de muerte","author":"grieta","date":"16 diciembre, 2019","format":false,"excerpt":"Ixtlix\u00f3chitl L\u00f3pez\/ PROESO CIUDAD DE M\u00c9XICO (apro).- El Congreso Nacional Ind\u00edgena (CNI) denunci\u00f3 que su concejal Pedro Uc, uno de los principales opositores a la construcci\u00f3n del Tren Maya, obra emblem\u00e1tica del actual gobierno federal, recibi\u00f3 amenazas de muerte. En entrevista con Apro, Pedro Uc \u2013integrante de la Asamblea de\u2026","rel":"","context":"En &quot;Campeche&quot;","block_context":{"text":"Campeche","link":"https:\/\/www.grieta.org.mx\/index.php\/category\/noticias-nacionales\/campeche\/"},"img":{"alt_text":"","src":"https:\/\/i0.wp.com\/www.grieta.org.mx\/wp-content\/uploads\/2019\/12\/Il-treno-maya.jpg?resize=350%2C200&ssl=1","width":350,"height":200,"srcset":"https:\/\/i0.wp.com\/www.grieta.org.mx\/wp-content\/uploads\/2019\/12\/Il-treno-maya.jpg?resize=350%2C200&ssl=1 1x, https:\/\/i0.wp.com\/www.grieta.org.mx\/wp-content\/uploads\/2019\/12\/Il-treno-maya.jpg?resize=525%2C300&ssl=1 1.5x, https:\/\/i0.wp.com\/www.grieta.org.mx\/wp-content\/uploads\/2019\/12\/Il-treno-maya.jpg?resize=700%2C400&ssl=1 2x"},"classes":[]}],"_links":{"self":[{"href":"https:\/\/www.grieta.org.mx\/index.php\/wp-json\/wp\/v2\/posts\/44831","targetHints":{"allow":["GET"]}}],"collection":[{"href":"https:\/\/www.grieta.org.mx\/index.php\/wp-json\/wp\/v2\/posts"}],"about":[{"href":"https:\/\/www.grieta.org.mx\/index.php\/wp-json\/wp\/v2\/types\/post"}],"author":[{"embeddable":true,"href":"https:\/\/www.grieta.org.mx\/index.php\/wp-json\/wp\/v2\/users\/2"}],"replies":[{"embeddable":true,"href":"https:\/\/www.grieta.org.mx\/index.php\/wp-json\/wp\/v2\/comments?post=44831"}],"version-history":[{"count":1,"href":"https:\/\/www.grieta.org.mx\/index.php\/wp-json\/wp\/v2\/posts\/44831\/revisions"}],"predecessor-version":[{"id":44834,"href":"https:\/\/www.grieta.org.mx\/index.php\/wp-json\/wp\/v2\/posts\/44831\/revisions\/44834"}],"wp:featuredmedia":[{"embeddable":true,"href":"https:\/\/www.grieta.org.mx\/index.php\/wp-json\/wp\/v2\/media\/44833"}],"wp:attachment":[{"href":"https:\/\/www.grieta.org.mx\/index.php\/wp-json\/wp\/v2\/media?parent=44831"}],"wp:term":[{"taxonomy":"category","embeddable":true,"href":"https:\/\/www.grieta.org.mx\/index.php\/wp-json\/wp\/v2\/categories?post=44831"},{"taxonomy":"post_tag","embeddable":true,"href":"https:\/\/www.grieta.org.mx\/index.php\/wp-json\/wp\/v2\/tags?post=44831"}],"curies":[{"name":"wp","href":"https:\/\/api.w.org\/{rel}","templated":true}]}}