{"id":44749,"date":"2020-02-18T12:04:10","date_gmt":"2020-02-18T18:04:10","guid":{"rendered":"http:\/\/www.grieta.org.mx\/?p=44749"},"modified":"2020-02-21T12:10:41","modified_gmt":"2020-02-21T18:10:41","slug":"con-mantas-activistas-exigen-justicia-por-feminicidios-en-michoacan","status":"publish","type":"post","link":"https:\/\/www.grieta.org.mx\/index.php\/2020\/02\/18\/con-mantas-activistas-exigen-justicia-por-feminicidios-en-michoacan\/","title":{"rendered":"Con mantas, activistas exigen justicia por feminicidios en Michoac\u00e1n"},"content":{"rendered":"<blockquote><p>Colectivos de mujeres cubrieron con una manta la fuente de &#8220;Las Tarascas&#8221; con la leyenda &#8216;M\u00e9xico feminicida&#8217;, para exigir cese la brutalidad en contra de las mujeres.<\/p><\/blockquote>\n<figure id=\"attachment_44750\" aria-describedby=\"caption-attachment-44750\" style=\"width: 800px\" class=\"wp-caption aligncenter\"><img loading=\"lazy\" decoding=\"async\" data-attachment-id=\"44750\" data-permalink=\"https:\/\/www.grieta.org.mx\/index.php\/2020\/02\/18\/con-mantas-activistas-exigen-justicia-por-feminicidios-en-michoacan\/colectivos-mujeres-cubrieron-mantas-emblematica_124_0_749_466\/\" data-orig-file=\"https:\/\/www.grieta.org.mx\/wp-content\/uploads\/2020\/02\/colectivos-mujeres-cubrieron-mantas-emblematica_124_0_749_466.jpeg\" data-orig-size=\"958,596\" data-comments-opened=\"0\" data-image-meta=\"{&quot;aperture&quot;:&quot;0&quot;,&quot;credit&quot;:&quot;&quot;,&quot;camera&quot;:&quot;&quot;,&quot;caption&quot;:&quot;&quot;,&quot;created_timestamp&quot;:&quot;0&quot;,&quot;copyright&quot;:&quot;&quot;,&quot;focal_length&quot;:&quot;0&quot;,&quot;iso&quot;:&quot;0&quot;,&quot;shutter_speed&quot;:&quot;0&quot;,&quot;title&quot;:&quot;&quot;,&quot;orientation&quot;:&quot;0&quot;}\" data-image-title=\"colectivos-mujeres-cubrieron-mantas-emblematica_124_0_749_466\" data-image-description=\"\" data-image-caption=\"&lt;p&gt;Colectivos de mujeres cubrieron con mantas la emblem\u00e1tica fuente de &amp;#8220;Las Tarascas&amp;#8221; en Michoac\u00e1n. (Jocelyn Estrada) &lt;\/p&gt;\n\" data-medium-file=\"https:\/\/www.grieta.org.mx\/wp-content\/uploads\/2020\/02\/colectivos-mujeres-cubrieron-mantas-emblematica_124_0_749_466-300x187.jpeg\" data-large-file=\"https:\/\/www.grieta.org.mx\/wp-content\/uploads\/2020\/02\/colectivos-mujeres-cubrieron-mantas-emblematica_124_0_749_466.jpeg\" class=\"wp-image-44750\" src=\"http:\/\/www.grieta.org.mx\/wp-content\/uploads\/2020\/02\/colectivos-mujeres-cubrieron-mantas-emblematica_124_0_749_466.jpeg\" alt=\"\" width=\"800\" height=\"498\" srcset=\"https:\/\/www.grieta.org.mx\/wp-content\/uploads\/2020\/02\/colectivos-mujeres-cubrieron-mantas-emblematica_124_0_749_466.jpeg 958w, https:\/\/www.grieta.org.mx\/wp-content\/uploads\/2020\/02\/colectivos-mujeres-cubrieron-mantas-emblematica_124_0_749_466-300x187.jpeg 300w, https:\/\/www.grieta.org.mx\/wp-content\/uploads\/2020\/02\/colectivos-mujeres-cubrieron-mantas-emblematica_124_0_749_466-768x478.jpeg 768w, https:\/\/www.grieta.org.mx\/wp-content\/uploads\/2020\/02\/colectivos-mujeres-cubrieron-mantas-emblematica_124_0_749_466-804x500.jpeg 804w\" sizes=\"auto, (max-width: 800px) 100vw, 800px\" \/><figcaption id=\"caption-attachment-44750\" class=\"wp-caption-text\"><br \/>Colectivos de mujeres cubrieron con mantas la emblem\u00e1tica fuente de &#8220;Las Tarascas&#8221; en Michoac\u00e1n. (Jocelyn Estrada)<\/figcaption><\/figure>\n<p>Rogelio Agust\u00edn Esteban y Jocelyn Estrada, Milenio Digital<\/p>\n<p>Guerrero y Michoac\u00e1n \/ 18.02.2020<br \/>\nColectivos de mujeres cubrieron con mantas la emblem\u00e1tica fuente de &#8220;Las Tarascas&#8221;, la cual est\u00e1 a un costado de la Plaza Villalong\u00edn de Morelia, Michoac\u00e1n.<\/p>\n<p>Los mujeres exigen que cese la brutalidad en contra de las mujeres y tambi\u00e9n pidieron justicia por el aumento en los feminicidios.<\/p>\n<p>Dijeron estar enojadas por el paso lento con que camina la justicia en el estado, para las mujeres que han perdido la vida sin raz\u00f3n.<\/p>\n<p>Sobre la fuente se pod\u00eda leer: &#8220;M\u00e9xico feminicida, Ni Una Menos, Ingrid, F\u00e1tima, Yunu\u00e9n asesinadas&#8221;.<\/p>\n<p>Adem\u00e1s varias mujeres vertieron colorante rojo en el agua para simular la sangre derramada por las mujeres asesinadas.<\/p>\n<p>En Morelia, las autoridades reconocieron que se cometieron doce feminicidios durante 2019, en la capital del estado .<\/p>\n<p>En este a\u00f1o el caso m\u00e1s medi\u00e1tico ha sido el de Yunu\u00e9n L\u00f3pez, quien desaparici\u00f3n el primero de enero y ocho d\u00edas despu\u00e9s fue hallada; despu\u00e9s, la fiscal\u00eda estatal dijo que un joven &#8220;amigo&#8221; de la v\u00edctima la hab\u00eda asesinado.<\/p>\n<blockquote><p>Pintan en el edificio de Derechos humanos y monumento en Guerrero<\/p><\/blockquote>\n<p>Activistas realizaron pintas en las paredes de la Comisi\u00f3n de Derechos Humanos del Estado de Guerrero (CDEHG), adem\u00e1s del monumento a Las Banderas para exigir justicia ante los feminicidios que se han cometido en las \u00faltimas semanas.<\/p>\n<p>Tambi\u00e9n se observaron pintas con aerosol en la alameda Granados Maldonado, d\u00f3nde se pueden leer las leyendas como &#8220;Justicia para F\u00e1tima&#8221; , &#8220;Justicia para Ingrid&#8221; y &#8220;M\u00e9xico feminicida&#8221;.<\/p>\n<p>Los casos m\u00e1s recientes corresponden a hechos ocurridos en la Ciudad de M\u00e9xico, que han provocado manifestaciones y diferentes expresiones de repudio hacia la violencia que prevalece contra la mujeres en el pa\u00eds.<\/p>\n<p>Se presume que las pintas fueron realizadas durante la madrugada y hasta el momento ninguna organizaci\u00f3n se ha adjudicado la autor\u00eda de las mismas.<\/p>\n<p><a href=\"https:\/\/www.milenio.com\/estados\/en-michoacan-y-guerrero-vandalizan-monumentos-por-feminicidios\">https:\/\/www.milenio.com\/estados\/en-michoacan-y-guerrero-vandalizan-monumentos-por-feminicidios<\/a><\/p>\n","protected":false},"excerpt":{"rendered":"<p>Colectivos de mujeres cubrieron con una manta la fuente de &#8220;Las Tarascas&#8221; con la leyenda &#8216;M\u00e9xico feminicida&#8217;, para exigir cese la brutalidad en contra de las mujeres. Rogelio Agust\u00edn Esteban &hellip; <a href=\"https:\/\/www.grieta.org.mx\/index.php\/2020\/02\/18\/con-mantas-activistas-exigen-justicia-por-feminicidios-en-michoacan\/\" class=\"more-link\">Leer m\u00e1s<\/a><\/p>\n","protected":false},"author":2,"featured_media":44750,"comment_status":"closed","ping_status":"closed","sticky":false,"template":"","format":"standard","meta":{"ngg_post_thumbnail":0,"_jetpack_newsletter_access":"","_jetpack_dont_email_post_to_subs":false,"_jetpack_newsletter_tier_id":0,"_jetpack_memberships_contains_paywalled_content":false,"_jetpack_memberships_contains_paid_content":false,"footnotes":""},"categories":[80,906,18,3106,2819,21,2690,2934,2247],"tags":[81,3099],"class_list":["post-44749","post","type-post","status-publish","format-standard","has-post-thumbnail","hentry","category-cintillo","category-feminicidios-en-michoacan","category-guerrero","category-luchas-de-las-mujeres-en-guerrero","category-luchas-de-las-mujeres-en-michoacan","category-michoacan","category-resistencias","category-resistencias-en-michoacan","category-violencia-contra-la-mujeres-en-michoacan","tag-feminicidios","tag-luchas-de-mujeres","entry"],"jetpack_featured_media_url":"https:\/\/www.grieta.org.mx\/wp-content\/uploads\/2020\/02\/colectivos-mujeres-cubrieron-mantas-emblematica_124_0_749_466.jpeg","jetpack_sharing_enabled":true,"jetpack_shortlink":"https:\/\/wp.me\/p7ZJR4-bDL","jetpack_likes_enabled":false,"jetpack-related-posts":[{"id":38100,"url":"https:\/\/www.grieta.org.mx\/index.php\/2019\/08\/16\/disculpen-las-molestias-pero-nos-estan-matando-feministas-michoacan\/","url_meta":{"origin":44749,"position":0},"title":"Disculpen las molestias, pero nos est\u00e1n matando: feministas (Michoac\u00e1n)","author":"grieta","date":"16 agosto, 2019","format":false,"excerpt":"Javier Vel\u00e1zquez \/Contramuro, 16 de agosto de 2019 M\u00e1s de 100 feministas se manifestaron esta tarde en la plaza Benito Ju\u00e1rez para exigir un alto a los homicidios en contra de ellas Morelia, Michoac\u00e1n.- Con diversas consignas acerca de las violaciones que han sufrido varias mujeres en el pa\u00eds, en\u2026","rel":"","context":"En &quot;CINTILLO&quot;","block_context":{"text":"CINTILLO","link":"https:\/\/www.grieta.org.mx\/index.php\/category\/cintillo\/"},"img":{"alt_text":"","src":"https:\/\/i0.wp.com\/www.grieta.org.mx\/wp-content\/uploads\/2019\/08\/WhatsApp-Image-2019-08-16-at-8.09.20-PM1-1000x500.jpeg?resize=350%2C200&ssl=1","width":350,"height":200,"srcset":"https:\/\/i0.wp.com\/www.grieta.org.mx\/wp-content\/uploads\/2019\/08\/WhatsApp-Image-2019-08-16-at-8.09.20-PM1-1000x500.jpeg?resize=350%2C200&ssl=1 1x, https:\/\/i0.wp.com\/www.grieta.org.mx\/wp-content\/uploads\/2019\/08\/WhatsApp-Image-2019-08-16-at-8.09.20-PM1-1000x500.jpeg?resize=525%2C300&ssl=1 1.5x, https:\/\/i0.wp.com\/www.grieta.org.mx\/wp-content\/uploads\/2019\/08\/WhatsApp-Image-2019-08-16-at-8.09.20-PM1-1000x500.jpeg?resize=700%2C400&ssl=1 2x"},"classes":[]},{"id":40927,"url":"https:\/\/www.grieta.org.mx\/index.php\/2019\/11\/03\/colectivo-convoca-a-marcha-este-lunes-en-morelia-por-feminicidios\/","url_meta":{"origin":44749,"position":1},"title":"Colectivo, convoca a marcha este lunes en Morelia por feminicidios","author":"grieta","date":"3 noviembre, 2019","format":false,"excerpt":"\u00a0 Guadalupe Mart\u00ednez \/ Mi Morelia, 03 de de noviembre de 2019. Morelia, Michoac\u00e1n (MiMorelia.com).- Este lunes 4 de noviembre, integrantes del Colectivo \u00abLibres Morelia\u00ab, protagonizar\u00e1n una marcha en la capital michoacana desde Las Tarascas hasta llegar al Congreso del Estado, con la finalidad de protestar por los feminicidios cometidos\u2026","rel":"","context":"En &quot;CINTILLO&quot;","block_context":{"text":"CINTILLO","link":"https:\/\/www.grieta.org.mx\/index.php\/category\/cintillo\/"},"img":{"alt_text":"","src":"https:\/\/i0.wp.com\/www.grieta.org.mx\/wp-content\/uploads\/2019\/11\/Mimorelia_marcha_feminicidios.jpg?resize=350%2C200&ssl=1","width":350,"height":200,"srcset":"https:\/\/i0.wp.com\/www.grieta.org.mx\/wp-content\/uploads\/2019\/11\/Mimorelia_marcha_feminicidios.jpg?resize=350%2C200&ssl=1 1x, https:\/\/i0.wp.com\/www.grieta.org.mx\/wp-content\/uploads\/2019\/11\/Mimorelia_marcha_feminicidios.jpg?resize=525%2C300&ssl=1 1.5x"},"classes":[]},{"id":45663,"url":"https:\/\/www.grieta.org.mx\/index.php\/2020\/02\/28\/asociacion-feminista-convoca-a-marcha-este-8-de-marzo-michoacan\/","url_meta":{"origin":44749,"position":2},"title":"Asociaci\u00f3n feminista convoca a marcha este 8 de marzo (Michoac\u00e1n)","author":"grieta","date":"28 febrero, 2020","format":false,"excerpt":"En la convocatoria emitida por dicha asociaci\u00f3n, se pide a las mujeres asistir con pa\u00f1uelos de colores morado, verde y rosa, as\u00ed como velas y listones negros. Contramuro, 28 de Febrero de 2020 A trav\u00e9s de Facebook, la asociaci\u00f3n feminista \u00abAsamblea de Mujeres\u00ab, realiza una convocatoria para que el pr\u00f3ximo\u2026","rel":"","context":"En &quot;CINTILLO&quot;","block_context":{"text":"CINTILLO","link":"https:\/\/www.grieta.org.mx\/index.php\/category\/cintillo\/"},"img":{"alt_text":"","src":"https:\/\/i0.wp.com\/www.grieta.org.mx\/wp-content\/uploads\/2020\/03\/Asociacionfeministaconvoca720x500.png?resize=350%2C200&ssl=1","width":350,"height":200,"srcset":"https:\/\/i0.wp.com\/www.grieta.org.mx\/wp-content\/uploads\/2020\/03\/Asociacionfeministaconvoca720x500.png?resize=350%2C200&ssl=1 1x, https:\/\/i0.wp.com\/www.grieta.org.mx\/wp-content\/uploads\/2020\/03\/Asociacionfeministaconvoca720x500.png?resize=525%2C300&ssl=1 1.5x, https:\/\/i0.wp.com\/www.grieta.org.mx\/wp-content\/uploads\/2020\/03\/Asociacionfeministaconvoca720x500.png?resize=700%2C400&ssl=1 2x"},"classes":[]},{"id":52056,"url":"https:\/\/www.grieta.org.mx\/index.php\/2020\/06\/26\/sobre-acueducto-feministas-exigen-incluir-feminicidio-en-agenda-federal\/","url_meta":{"origin":44749,"position":3},"title":"Sobre Acueducto, feministas exigen incluir feminicidio en agenda federal","author":"grieta","date":"26 junio, 2020","format":false,"excerpt":"F\u00e1tima Alfaro \/ Quadratin Michoac\u00e1n, 26 de junio de 2020 MORELIA, Mich., 26 de junio de 2020.- Un grupo de mujeres se ha colocado sobre el Acueducto, frente a la sede de la 21 zona militar, en demanda de inclusi\u00f3n del combate contra la violencia feminicida en la agenda federal.\u2026","rel":"","context":"En &quot;CINTILLO&quot;","block_context":{"text":"CINTILLO","link":"https:\/\/www.grieta.org.mx\/index.php\/category\/cintillo\/"},"img":{"alt_text":"","src":"https:\/\/i0.wp.com\/www.grieta.org.mx\/wp-content\/uploads\/2018\/03\/14524434_1106112876131411_958039263622046936_o.jpg?resize=350%2C200&ssl=1","width":350,"height":200,"srcset":"https:\/\/i0.wp.com\/www.grieta.org.mx\/wp-content\/uploads\/2018\/03\/14524434_1106112876131411_958039263622046936_o.jpg?resize=350%2C200&ssl=1 1x, https:\/\/i0.wp.com\/www.grieta.org.mx\/wp-content\/uploads\/2018\/03\/14524434_1106112876131411_958039263622046936_o.jpg?resize=525%2C300&ssl=1 1.5x, https:\/\/i0.wp.com\/www.grieta.org.mx\/wp-content\/uploads\/2018\/03\/14524434_1106112876131411_958039263622046936_o.jpg?resize=700%2C400&ssl=1 2x"},"classes":[]},{"id":54697,"url":"https:\/\/www.grieta.org.mx\/index.php\/2020\/11\/03\/demandan-que-el-3-de-noviembre-sea-de-luto-por-victimas-de-feminicidio-michoacan\/","url_meta":{"origin":44749,"position":4},"title":"Demandan que el 3 de noviembre sea de luto por v\u00edctimas de feminicidio  (Michoac\u00e1n)","author":"grieta","date":"3 noviembre, 2020","format":false,"excerpt":"F\u00e1tima Alfaro \/Quadrat\u00edn, 03 de noviembre de 2020 El texto original de este art\u00edculo fue publicado por la Agencia Quadrat\u00edn en la siguiente direcci\u00f3n: https:\/\/www.quadratin.com.mx\/municipios\/morelia\/demandan-que-el-3-de-noviembre-sea-de-luto-por-victimas-de-feminicidio\/ Este contenido se encuentra protegido por la ley. Si lo cita, por favor mencione la fuente y haga un enlace a la nota original de\u2026","rel":"","context":"En &quot;CINTILLO&quot;","block_context":{"text":"CINTILLO","link":"https:\/\/www.grieta.org.mx\/index.php\/category\/cintillo\/"},"img":{"alt_text":"","src":"https:\/\/i0.wp.com\/www.grieta.org.mx\/wp-content\/uploads\/2020\/11\/434343444444444444444-1160x700-1.jpg?resize=350%2C200&ssl=1","width":350,"height":200,"srcset":"https:\/\/i0.wp.com\/www.grieta.org.mx\/wp-content\/uploads\/2020\/11\/434343444444444444444-1160x700-1.jpg?resize=350%2C200&ssl=1 1x, https:\/\/i0.wp.com\/www.grieta.org.mx\/wp-content\/uploads\/2020\/11\/434343444444444444444-1160x700-1.jpg?resize=525%2C300&ssl=1 1.5x, https:\/\/i0.wp.com\/www.grieta.org.mx\/wp-content\/uploads\/2020\/11\/434343444444444444444-1160x700-1.jpg?resize=700%2C400&ssl=1 2x, https:\/\/i0.wp.com\/www.grieta.org.mx\/wp-content\/uploads\/2020\/11\/434343444444444444444-1160x700-1.jpg?resize=1050%2C600&ssl=1 3x"},"classes":[]},{"id":60463,"url":"https:\/\/www.grieta.org.mx\/index.php\/2021\/07\/13\/cerraremos-el-ano-con-el-doble-de-mujeres-asesinadas-en-2020-feministas-michoacan\/","url_meta":{"origin":44749,"position":5},"title":"Cerraremos el a\u00f1o con el doble de mujeres asesinadas en 2020: feministas (Michoac\u00e1n)","author":"grieta","date":"13 julio, 2021","format":false,"excerpt":"Por Karla Garc\u00eda - 13 - julio - 2021. CB Televisi\u00f3n. Morelia, Michoac\u00e1n.- A causa de los recientes casos de violencia hacia las mujeres en todo el estado de Michoac\u00e1n, feministas han realizado actividades de protesta en exigencia de una soluci\u00f3n. A trav\u00e9s de un comunicado, las colectivas feministas resaltaron\u2026","rel":"","context":"En &quot;CINTILLO&quot;","block_context":{"text":"CINTILLO","link":"https:\/\/www.grieta.org.mx\/index.php\/category\/cintillo\/"},"img":{"alt_text":"","src":"https:\/\/i0.wp.com\/www.grieta.org.mx\/wp-content\/uploads\/2021\/07\/Captura-de-pantalla-2021-07-15-a-las-18.35.31.png?resize=350%2C200&ssl=1","width":350,"height":200,"srcset":"https:\/\/i0.wp.com\/www.grieta.org.mx\/wp-content\/uploads\/2021\/07\/Captura-de-pantalla-2021-07-15-a-las-18.35.31.png?resize=350%2C200&ssl=1 1x, https:\/\/i0.wp.com\/www.grieta.org.mx\/wp-content\/uploads\/2021\/07\/Captura-de-pantalla-2021-07-15-a-las-18.35.31.png?resize=525%2C300&ssl=1 1.5x, https:\/\/i0.wp.com\/www.grieta.org.mx\/wp-content\/uploads\/2021\/07\/Captura-de-pantalla-2021-07-15-a-las-18.35.31.png?resize=700%2C400&ssl=1 2x, https:\/\/i0.wp.com\/www.grieta.org.mx\/wp-content\/uploads\/2021\/07\/Captura-de-pantalla-2021-07-15-a-las-18.35.31.png?resize=1050%2C600&ssl=1 3x"},"classes":[]}],"_links":{"self":[{"href":"https:\/\/www.grieta.org.mx\/index.php\/wp-json\/wp\/v2\/posts\/44749","targetHints":{"allow":["GET"]}}],"collection":[{"href":"https:\/\/www.grieta.org.mx\/index.php\/wp-json\/wp\/v2\/posts"}],"about":[{"href":"https:\/\/www.grieta.org.mx\/index.php\/wp-json\/wp\/v2\/types\/post"}],"author":[{"embeddable":true,"href":"https:\/\/www.grieta.org.mx\/index.php\/wp-json\/wp\/v2\/users\/2"}],"replies":[{"embeddable":true,"href":"https:\/\/www.grieta.org.mx\/index.php\/wp-json\/wp\/v2\/comments?post=44749"}],"version-history":[{"count":1,"href":"https:\/\/www.grieta.org.mx\/index.php\/wp-json\/wp\/v2\/posts\/44749\/revisions"}],"predecessor-version":[{"id":44767,"href":"https:\/\/www.grieta.org.mx\/index.php\/wp-json\/wp\/v2\/posts\/44749\/revisions\/44767"}],"wp:featuredmedia":[{"embeddable":true,"href":"https:\/\/www.grieta.org.mx\/index.php\/wp-json\/wp\/v2\/media\/44750"}],"wp:attachment":[{"href":"https:\/\/www.grieta.org.mx\/index.php\/wp-json\/wp\/v2\/media?parent=44749"}],"wp:term":[{"taxonomy":"category","embeddable":true,"href":"https:\/\/www.grieta.org.mx\/index.php\/wp-json\/wp\/v2\/categories?post=44749"},{"taxonomy":"post_tag","embeddable":true,"href":"https:\/\/www.grieta.org.mx\/index.php\/wp-json\/wp\/v2\/tags?post=44749"}],"curies":[{"name":"wp","href":"https:\/\/api.w.org\/{rel}","templated":true}]}}