{"id":44660,"date":"2020-02-21T00:04:51","date_gmt":"2020-02-21T06:04:51","guid":{"rendered":"http:\/\/www.grieta.org.mx\/?p=44660"},"modified":"2020-02-21T11:49:09","modified_gmt":"2020-02-21T17:49:09","slug":"galeria-de-fotos-accion-dislocada-en-culiacan-sinaloa-jornadas-samir-somos-todas-y-todos","status":"publish","type":"post","link":"https:\/\/www.grieta.org.mx\/index.php\/2020\/02\/21\/galeria-de-fotos-accion-dislocada-en-culiacan-sinaloa-jornadas-samir-somos-todas-y-todos\/","title":{"rendered":"Galer\u00eda de fotos acci\u00f3n dislocada en Culiac\u00e1n, Sinaloa. Jornadas \u201cSamir Somos Todas y Todos\u201d"},"content":{"rendered":"<p>Colectivo Grieta<\/p>\n<p>Galer\u00eda de Manta y tapete de aserr\u00edn pintado. Plazuela Obreg\u00f3n. Culiac\u00e1n, Sinaloa.<\/p>\n<p><img loading=\"lazy\" decoding=\"async\" data-attachment-id=\"44662\" data-permalink=\"https:\/\/www.grieta.org.mx\/index.php\/2020\/02\/21\/galeria-de-fotos-accion-dislocada-en-culiacan-sinaloa-jornadas-samir-somos-todas-y-todos\/image6\/\" data-orig-file=\"https:\/\/www.grieta.org.mx\/wp-content\/uploads\/2020\/02\/image6.jpeg\" data-orig-size=\"362,640\" data-comments-opened=\"0\" data-image-meta=\"{&quot;aperture&quot;:&quot;0&quot;,&quot;credit&quot;:&quot;&quot;,&quot;camera&quot;:&quot;&quot;,&quot;caption&quot;:&quot;&quot;,&quot;created_timestamp&quot;:&quot;1582221900&quot;,&quot;copyright&quot;:&quot;&quot;,&quot;focal_length&quot;:&quot;0&quot;,&quot;iso&quot;:&quot;0&quot;,&quot;shutter_speed&quot;:&quot;0&quot;,&quot;title&quot;:&quot;&quot;,&quot;orientation&quot;:&quot;0&quot;}\" data-image-title=\"image6\" data-image-description=\"\" data-image-caption=\"\" data-medium-file=\"https:\/\/www.grieta.org.mx\/wp-content\/uploads\/2020\/02\/image6-170x300.jpeg\" data-large-file=\"https:\/\/www.grieta.org.mx\/wp-content\/uploads\/2020\/02\/image6.jpeg\" class=\"aligncenter wp-image-44662\" src=\"http:\/\/www.grieta.org.mx\/wp-content\/uploads\/2020\/02\/image6.jpeg\" alt=\"\" width=\"800\" height=\"1414\" srcset=\"https:\/\/www.grieta.org.mx\/wp-content\/uploads\/2020\/02\/image6.jpeg 362w, https:\/\/www.grieta.org.mx\/wp-content\/uploads\/2020\/02\/image6-170x300.jpeg 170w, https:\/\/www.grieta.org.mx\/wp-content\/uploads\/2020\/02\/image6-283x500.jpeg 283w\" sizes=\"auto, (max-width: 800px) 100vw, 800px\" \/><\/p>\n<p><img loading=\"lazy\" decoding=\"async\" data-attachment-id=\"44663\" data-permalink=\"https:\/\/www.grieta.org.mx\/index.php\/2020\/02\/21\/galeria-de-fotos-accion-dislocada-en-culiacan-sinaloa-jornadas-samir-somos-todas-y-todos\/image5\/\" data-orig-file=\"https:\/\/www.grieta.org.mx\/wp-content\/uploads\/2020\/02\/image5.jpeg\" data-orig-size=\"640,480\" data-comments-opened=\"0\" data-image-meta=\"{&quot;aperture&quot;:&quot;1.8&quot;,&quot;credit&quot;:&quot;&quot;,&quot;camera&quot;:&quot;iPhone 8&quot;,&quot;caption&quot;:&quot;&quot;,&quot;created_timestamp&quot;:&quot;1582208357&quot;,&quot;copyright&quot;:&quot;&quot;,&quot;focal_length&quot;:&quot;3.99&quot;,&quot;iso&quot;:&quot;20&quot;,&quot;shutter_speed&quot;:&quot;0.00071994240460763&quot;,&quot;title&quot;:&quot;&quot;,&quot;orientation&quot;:&quot;0&quot;}\" data-image-title=\"image5\" data-image-description=\"\" data-image-caption=\"\" data-medium-file=\"https:\/\/www.grieta.org.mx\/wp-content\/uploads\/2020\/02\/image5-300x225.jpeg\" data-large-file=\"https:\/\/www.grieta.org.mx\/wp-content\/uploads\/2020\/02\/image5.jpeg\" class=\"aligncenter wp-image-44663\" src=\"http:\/\/www.grieta.org.mx\/wp-content\/uploads\/2020\/02\/image5.jpeg\" alt=\"\" width=\"800\" height=\"600\" srcset=\"https:\/\/www.grieta.org.mx\/wp-content\/uploads\/2020\/02\/image5.jpeg 640w, https:\/\/www.grieta.org.mx\/wp-content\/uploads\/2020\/02\/image5-300x225.jpeg 300w\" sizes=\"auto, (max-width: 800px) 100vw, 800px\" \/><\/p>\n<p><img loading=\"lazy\" decoding=\"async\" data-attachment-id=\"44664\" data-permalink=\"https:\/\/www.grieta.org.mx\/index.php\/2020\/02\/21\/galeria-de-fotos-accion-dislocada-en-culiacan-sinaloa-jornadas-samir-somos-todas-y-todos\/image4\/\" data-orig-file=\"https:\/\/www.grieta.org.mx\/wp-content\/uploads\/2020\/02\/image4.jpeg\" data-orig-size=\"640,480\" data-comments-opened=\"0\" data-image-meta=\"{&quot;aperture&quot;:&quot;1.8&quot;,&quot;credit&quot;:&quot;&quot;,&quot;camera&quot;:&quot;iPhone 8&quot;,&quot;caption&quot;:&quot;&quot;,&quot;created_timestamp&quot;:&quot;1582208212&quot;,&quot;copyright&quot;:&quot;&quot;,&quot;focal_length&quot;:&quot;3.99&quot;,&quot;iso&quot;:&quot;20&quot;,&quot;shutter_speed&quot;:&quot;0.0024096385542169&quot;,&quot;title&quot;:&quot;&quot;,&quot;orientation&quot;:&quot;0&quot;}\" data-image-title=\"image4\" data-image-description=\"\" data-image-caption=\"\" data-medium-file=\"https:\/\/www.grieta.org.mx\/wp-content\/uploads\/2020\/02\/image4-300x225.jpeg\" data-large-file=\"https:\/\/www.grieta.org.mx\/wp-content\/uploads\/2020\/02\/image4.jpeg\" class=\"aligncenter wp-image-44664\" src=\"http:\/\/www.grieta.org.mx\/wp-content\/uploads\/2020\/02\/image4.jpeg\" alt=\"\" width=\"800\" height=\"600\" srcset=\"https:\/\/www.grieta.org.mx\/wp-content\/uploads\/2020\/02\/image4.jpeg 640w, https:\/\/www.grieta.org.mx\/wp-content\/uploads\/2020\/02\/image4-300x225.jpeg 300w\" sizes=\"auto, (max-width: 800px) 100vw, 800px\" \/><\/p>\n<p><img loading=\"lazy\" decoding=\"async\" data-attachment-id=\"44665\" data-permalink=\"https:\/\/www.grieta.org.mx\/index.php\/2020\/02\/21\/galeria-de-fotos-accion-dislocada-en-culiacan-sinaloa-jornadas-samir-somos-todas-y-todos\/image3\/\" data-orig-file=\"https:\/\/www.grieta.org.mx\/wp-content\/uploads\/2020\/02\/image3.jpeg\" data-orig-size=\"640,480\" data-comments-opened=\"0\" data-image-meta=\"{&quot;aperture&quot;:&quot;1.8&quot;,&quot;credit&quot;:&quot;&quot;,&quot;camera&quot;:&quot;iPhone 8&quot;,&quot;caption&quot;:&quot;&quot;,&quot;created_timestamp&quot;:&quot;1582208189&quot;,&quot;copyright&quot;:&quot;&quot;,&quot;focal_length&quot;:&quot;3.99&quot;,&quot;iso&quot;:&quot;20&quot;,&quot;shutter_speed&quot;:&quot;0.0040160642570281&quot;,&quot;title&quot;:&quot;&quot;,&quot;orientation&quot;:&quot;0&quot;}\" data-image-title=\"image3\" data-image-description=\"\" data-image-caption=\"\" data-medium-file=\"https:\/\/www.grieta.org.mx\/wp-content\/uploads\/2020\/02\/image3-300x225.jpeg\" data-large-file=\"https:\/\/www.grieta.org.mx\/wp-content\/uploads\/2020\/02\/image3.jpeg\" class=\"aligncenter wp-image-44665\" src=\"http:\/\/www.grieta.org.mx\/wp-content\/uploads\/2020\/02\/image3.jpeg\" alt=\"\" width=\"800\" height=\"600\" srcset=\"https:\/\/www.grieta.org.mx\/wp-content\/uploads\/2020\/02\/image3.jpeg 640w, https:\/\/www.grieta.org.mx\/wp-content\/uploads\/2020\/02\/image3-300x225.jpeg 300w\" sizes=\"auto, (max-width: 800px) 100vw, 800px\" \/><\/p>\n<p><img loading=\"lazy\" decoding=\"async\" data-attachment-id=\"44666\" data-permalink=\"https:\/\/www.grieta.org.mx\/index.php\/2020\/02\/21\/galeria-de-fotos-accion-dislocada-en-culiacan-sinaloa-jornadas-samir-somos-todas-y-todos\/image1-3\/\" data-orig-file=\"https:\/\/www.grieta.org.mx\/wp-content\/uploads\/2020\/02\/image1.jpeg\" data-orig-size=\"640,480\" data-comments-opened=\"0\" data-image-meta=\"{&quot;aperture&quot;:&quot;1.8&quot;,&quot;credit&quot;:&quot;&quot;,&quot;camera&quot;:&quot;iPhone 8&quot;,&quot;caption&quot;:&quot;&quot;,&quot;created_timestamp&quot;:&quot;1582201521&quot;,&quot;copyright&quot;:&quot;&quot;,&quot;focal_length&quot;:&quot;3.99&quot;,&quot;iso&quot;:&quot;20&quot;,&quot;shutter_speed&quot;:&quot;0.0031055900621118&quot;,&quot;title&quot;:&quot;&quot;,&quot;orientation&quot;:&quot;0&quot;}\" data-image-title=\"image1\" data-image-description=\"\" data-image-caption=\"\" data-medium-file=\"https:\/\/www.grieta.org.mx\/wp-content\/uploads\/2020\/02\/image1-300x225.jpeg\" data-large-file=\"https:\/\/www.grieta.org.mx\/wp-content\/uploads\/2020\/02\/image1.jpeg\" class=\"aligncenter wp-image-44666\" src=\"http:\/\/www.grieta.org.mx\/wp-content\/uploads\/2020\/02\/image1.jpeg\" alt=\"\" width=\"800\" height=\"600\" srcset=\"https:\/\/www.grieta.org.mx\/wp-content\/uploads\/2020\/02\/image1.jpeg 640w, https:\/\/www.grieta.org.mx\/wp-content\/uploads\/2020\/02\/image1-300x225.jpeg 300w\" sizes=\"auto, (max-width: 800px) 100vw, 800px\" \/><\/p>\n","protected":false},"excerpt":{"rendered":"<p>Colectivo Grieta Galer\u00eda de Manta y tapete de aserr\u00edn pintado. Plazuela Obreg\u00f3n. Culiac\u00e1n, Sinaloa.<\/p>\n","protected":false},"author":2,"featured_media":44666,"comment_status":"closed","ping_status":"closed","sticky":false,"template":"","format":"standard","meta":{"ngg_post_thumbnail":0,"_jetpack_newsletter_access":"","_jetpack_dont_email_post_to_subs":false,"_jetpack_newsletter_tier_id":0,"_jetpack_memberships_contains_paywalled_content":false,"_jetpack_memberships_contains_paid_content":false,"footnotes":""},"categories":[80,1775,3105,2,2661],"tags":[3104],"class_list":["post-44660","post","type-post","status-publish","format-standard","has-post-thumbnail","hentry","category-cintillo","category-colectivo-grieta","category-jornadas-samir-somos-todas-y-todos","category-noticias-nacionales","category-redes-de-resistencia-y-rebeldia","tag-jornadas-samir","entry"],"jetpack_featured_media_url":"https:\/\/www.grieta.org.mx\/wp-content\/uploads\/2020\/02\/image1.jpeg","jetpack_sharing_enabled":true,"jetpack_shortlink":"https:\/\/wp.me\/p7ZJR4-bCk","jetpack_likes_enabled":false,"jetpack-related-posts":[{"id":44678,"url":"https:\/\/www.grieta.org.mx\/index.php\/2020\/02\/21\/galeria-de-fotos-de-accion-dislocada-en-mazatlan-sinaloa-jornadas-samir-somos-todas-y-todos\/","url_meta":{"origin":44660,"position":0},"title":"Galer\u00eda de fotos de acci\u00f3n dislocada en Mazatl\u00e1n, Sinaloa. Jornadas \u201cSamir Somos Todas y Todos\u201d","author":"grieta","date":"21 febrero, 2020","format":false,"excerpt":"Colectivo Grieta Galer\u00eda de Mesa informativa, volanteo y difusi\u00f3n \u00a0","rel":"","context":"En &quot;CINTILLO&quot;","block_context":{"text":"CINTILLO","link":"https:\/\/www.grieta.org.mx\/index.php\/category\/cintillo\/"},"img":{"alt_text":"","src":"https:\/\/i0.wp.com\/www.grieta.org.mx\/wp-content\/uploads\/2020\/02\/IMG_20200220_114544.jpg?resize=350%2C200&ssl=1","width":350,"height":200,"srcset":"https:\/\/i0.wp.com\/www.grieta.org.mx\/wp-content\/uploads\/2020\/02\/IMG_20200220_114544.jpg?resize=350%2C200&ssl=1 1x, https:\/\/i0.wp.com\/www.grieta.org.mx\/wp-content\/uploads\/2020\/02\/IMG_20200220_114544.jpg?resize=525%2C300&ssl=1 1.5x, https:\/\/i0.wp.com\/www.grieta.org.mx\/wp-content\/uploads\/2020\/02\/IMG_20200220_114544.jpg?resize=700%2C400&ssl=1 2x, https:\/\/i0.wp.com\/www.grieta.org.mx\/wp-content\/uploads\/2020\/02\/IMG_20200220_114544.jpg?resize=1050%2C600&ssl=1 3x, https:\/\/i0.wp.com\/www.grieta.org.mx\/wp-content\/uploads\/2020\/02\/IMG_20200220_114544.jpg?resize=1400%2C800&ssl=1 4x"},"classes":[]},{"id":44628,"url":"https:\/\/www.grieta.org.mx\/index.php\/2020\/02\/20\/galeria-de-fotos-de-accion-dislocada-en-colima-jornadas-samir-somos-todas-y-todos\/","url_meta":{"origin":44660,"position":1},"title":"Galer\u00eda de fotos de acci\u00f3n dislocada en Colima. Jornadas &#8220;Samir Somos Todas y Todos&#8221;","author":"grieta","date":"20 febrero, 2020","format":false,"excerpt":"Colectivo Grieta Galer\u00eda de Mesa de Informaci\u00f3n en Colima","rel":"","context":"En &quot;CINTILLO&quot;","block_context":{"text":"CINTILLO","link":"https:\/\/www.grieta.org.mx\/index.php\/category\/cintillo\/"},"img":{"alt_text":"","src":"https:\/\/i0.wp.com\/www.grieta.org.mx\/wp-content\/uploads\/2020\/02\/IMG_20200220_222557.jpg?resize=350%2C200&ssl=1","width":350,"height":200,"srcset":"https:\/\/i0.wp.com\/www.grieta.org.mx\/wp-content\/uploads\/2020\/02\/IMG_20200220_222557.jpg?resize=350%2C200&ssl=1 1x, https:\/\/i0.wp.com\/www.grieta.org.mx\/wp-content\/uploads\/2020\/02\/IMG_20200220_222557.jpg?resize=525%2C300&ssl=1 1.5x, https:\/\/i0.wp.com\/www.grieta.org.mx\/wp-content\/uploads\/2020\/02\/IMG_20200220_222557.jpg?resize=700%2C400&ssl=1 2x, https:\/\/i0.wp.com\/www.grieta.org.mx\/wp-content\/uploads\/2020\/02\/IMG_20200220_222557.jpg?resize=1050%2C600&ssl=1 3x, https:\/\/i0.wp.com\/www.grieta.org.mx\/wp-content\/uploads\/2020\/02\/IMG_20200220_222557.jpg?resize=1400%2C800&ssl=1 4x"},"classes":[]},{"id":44640,"url":"https:\/\/www.grieta.org.mx\/index.php\/2020\/02\/20\/galeria-de-fotos-de-accion-dislocada-en-pachuca-hidalgo-jornadas-samir-somos-todas-y-todos\/","url_meta":{"origin":44660,"position":2},"title":"Galer\u00eda de fotos de acci\u00f3n dislocada en Pachuca, Hidalgo. Jornadas &#8220;Samir Somos Todas y Todos&#8221;","author":"grieta","date":"20 febrero, 2020","format":false,"excerpt":"Colectivo Grieta Galer\u00eda de volanteo en Pachuca","rel":"","context":"En &quot;CINTILLO&quot;","block_context":{"text":"CINTILLO","link":"https:\/\/www.grieta.org.mx\/index.php\/category\/cintillo\/"},"img":{"alt_text":"","src":"https:\/\/i0.wp.com\/www.grieta.org.mx\/wp-content\/uploads\/2020\/02\/Imagen6.png?resize=350%2C200&ssl=1","width":350,"height":200,"srcset":"https:\/\/i0.wp.com\/www.grieta.org.mx\/wp-content\/uploads\/2020\/02\/Imagen6.png?resize=350%2C200&ssl=1 1x, https:\/\/i0.wp.com\/www.grieta.org.mx\/wp-content\/uploads\/2020\/02\/Imagen6.png?resize=525%2C300&ssl=1 1.5x, https:\/\/i0.wp.com\/www.grieta.org.mx\/wp-content\/uploads\/2020\/02\/Imagen6.png?resize=700%2C400&ssl=1 2x"},"classes":[]},{"id":44650,"url":"https:\/\/www.grieta.org.mx\/index.php\/2020\/02\/20\/galeria-de-fotos-de-accion-dislocada-en-tijuana-baja-california-jornadas-samir-somos-todas-y-todos\/","url_meta":{"origin":44660,"position":3},"title":"Galer\u00eda de fotos de acciones dislocadas en Tijuana, Baja California. Jornadas &#8220;Samir Somos Todas y Todos&#8221;","author":"grieta","date":"20 febrero, 2020","format":false,"excerpt":"Colectivo Grieta Galer\u00eda de Conversatorio en Tijuana, Baja California.","rel":"","context":"En &quot;CINTILLO&quot;","block_context":{"text":"CINTILLO","link":"https:\/\/www.grieta.org.mx\/index.php\/category\/cintillo\/"},"img":{"alt_text":"","src":"https:\/\/i0.wp.com\/www.grieta.org.mx\/wp-content\/uploads\/2020\/02\/DSC_1122.jpg?resize=350%2C200&ssl=1","width":350,"height":200,"srcset":"https:\/\/i0.wp.com\/www.grieta.org.mx\/wp-content\/uploads\/2020\/02\/DSC_1122.jpg?resize=350%2C200&ssl=1 1x, https:\/\/i0.wp.com\/www.grieta.org.mx\/wp-content\/uploads\/2020\/02\/DSC_1122.jpg?resize=525%2C300&ssl=1 1.5x, https:\/\/i0.wp.com\/www.grieta.org.mx\/wp-content\/uploads\/2020\/02\/DSC_1122.jpg?resize=700%2C400&ssl=1 2x, https:\/\/i0.wp.com\/www.grieta.org.mx\/wp-content\/uploads\/2020\/02\/DSC_1122.jpg?resize=1050%2C600&ssl=1 3x, https:\/\/i0.wp.com\/www.grieta.org.mx\/wp-content\/uploads\/2020\/02\/DSC_1122.jpg?resize=1400%2C800&ssl=1 4x"},"classes":[]},{"id":45003,"url":"https:\/\/www.grieta.org.mx\/index.php\/2020\/02\/23\/galeria-de-fotos-de-accion-dislocada-en-fresnillo-zacatecas-jornadas-samir-somos-todas-y-todos\/","url_meta":{"origin":44660,"position":4},"title":"Galer\u00eda de fotos de acci\u00f3n dislocada en Fresnillo, Zacatecas. Jornadas \u201cSamir Somos Todas y Todos\u201d","author":"Admin","date":"23 febrero, 2020","format":false,"excerpt":"Colectivo Grieta En el marco de las jornadas \"Samir Somos Todas y Todos\" se realiz\u00f3 una acci\u00f3n dislocada de pegas en Fresnillo, Zacatecas. Galer\u00eda de fotos:","rel":"","context":"En &quot;CINTILLO&quot;","block_context":{"text":"CINTILLO","link":"https:\/\/www.grieta.org.mx\/index.php\/category\/cintillo\/"},"img":{"alt_text":"","src":"https:\/\/i0.wp.com\/www.grieta.org.mx\/wp-content\/uploads\/2020\/02\/20200222_183307-e1582565376445.jpg?resize=350%2C200&ssl=1","width":350,"height":200,"srcset":"https:\/\/i0.wp.com\/www.grieta.org.mx\/wp-content\/uploads\/2020\/02\/20200222_183307-e1582565376445.jpg?resize=350%2C200&ssl=1 1x, https:\/\/i0.wp.com\/www.grieta.org.mx\/wp-content\/uploads\/2020\/02\/20200222_183307-e1582565376445.jpg?resize=525%2C300&ssl=1 1.5x, https:\/\/i0.wp.com\/www.grieta.org.mx\/wp-content\/uploads\/2020\/02\/20200222_183307-e1582565376445.jpg?resize=700%2C400&ssl=1 2x, https:\/\/i0.wp.com\/www.grieta.org.mx\/wp-content\/uploads\/2020\/02\/20200222_183307-e1582565376445.jpg?resize=1050%2C600&ssl=1 3x, https:\/\/i0.wp.com\/www.grieta.org.mx\/wp-content\/uploads\/2020\/02\/20200222_183307-e1582565376445.jpg?resize=1400%2C800&ssl=1 4x"},"classes":[]},{"id":44672,"url":"https:\/\/www.grieta.org.mx\/index.php\/2020\/02\/21\/galeria-de-fotos-de-accion-dislocada-en-san-luis-potosi-jornadas-samir-somos-todas-y-todos\/","url_meta":{"origin":44660,"position":5},"title":"Galer\u00eda de fotos de acci\u00f3n dislocada en San Luis Potos\u00ed. Jornadas \u201cSamir Somos Todas y Todos\u201d","author":"grieta","date":"21 febrero, 2020","format":false,"excerpt":"Colectivo Grieta Galer\u00eda de Mesa informativa, intervenciones art\u00edsticas y volanteo \u00a0","rel":"","context":"En &quot;CINTILLO&quot;","block_context":{"text":"CINTILLO","link":"https:\/\/www.grieta.org.mx\/index.php\/category\/cintillo\/"},"img":{"alt_text":"","src":"https:\/\/i0.wp.com\/www.grieta.org.mx\/wp-content\/uploads\/2020\/02\/IMG_20200220_174813.jpg?resize=350%2C200&ssl=1","width":350,"height":200,"srcset":"https:\/\/i0.wp.com\/www.grieta.org.mx\/wp-content\/uploads\/2020\/02\/IMG_20200220_174813.jpg?resize=350%2C200&ssl=1 1x, https:\/\/i0.wp.com\/www.grieta.org.mx\/wp-content\/uploads\/2020\/02\/IMG_20200220_174813.jpg?resize=525%2C300&ssl=1 1.5x, https:\/\/i0.wp.com\/www.grieta.org.mx\/wp-content\/uploads\/2020\/02\/IMG_20200220_174813.jpg?resize=700%2C400&ssl=1 2x"},"classes":[]}],"_links":{"self":[{"href":"https:\/\/www.grieta.org.mx\/index.php\/wp-json\/wp\/v2\/posts\/44660","targetHints":{"allow":["GET"]}}],"collection":[{"href":"https:\/\/www.grieta.org.mx\/index.php\/wp-json\/wp\/v2\/posts"}],"about":[{"href":"https:\/\/www.grieta.org.mx\/index.php\/wp-json\/wp\/v2\/types\/post"}],"author":[{"embeddable":true,"href":"https:\/\/www.grieta.org.mx\/index.php\/wp-json\/wp\/v2\/users\/2"}],"replies":[{"embeddable":true,"href":"https:\/\/www.grieta.org.mx\/index.php\/wp-json\/wp\/v2\/comments?post=44660"}],"version-history":[{"count":1,"href":"https:\/\/www.grieta.org.mx\/index.php\/wp-json\/wp\/v2\/posts\/44660\/revisions"}],"predecessor-version":[{"id":44735,"href":"https:\/\/www.grieta.org.mx\/index.php\/wp-json\/wp\/v2\/posts\/44660\/revisions\/44735"}],"wp:featuredmedia":[{"embeddable":true,"href":"https:\/\/www.grieta.org.mx\/index.php\/wp-json\/wp\/v2\/media\/44666"}],"wp:attachment":[{"href":"https:\/\/www.grieta.org.mx\/index.php\/wp-json\/wp\/v2\/media?parent=44660"}],"wp:term":[{"taxonomy":"category","embeddable":true,"href":"https:\/\/www.grieta.org.mx\/index.php\/wp-json\/wp\/v2\/categories?post=44660"},{"taxonomy":"post_tag","embeddable":true,"href":"https:\/\/www.grieta.org.mx\/index.php\/wp-json\/wp\/v2\/tags?post=44660"}],"curies":[{"name":"wp","href":"https:\/\/api.w.org\/{rel}","templated":true}]}}