{"id":44624,"date":"2020-02-20T05:06:55","date_gmt":"2020-02-20T11:06:55","guid":{"rendered":"http:\/\/www.grieta.org.mx\/?p=44624"},"modified":"2020-02-21T12:44:11","modified_gmt":"2020-02-21T18:44:11","slug":"pueblos-y-colectivos-de-oaxaca-se-suman-a-jornada-en-defensa-del-territorio-y-la-madre-tierra-video","status":"publish","type":"post","link":"https:\/\/www.grieta.org.mx\/index.php\/2020\/02\/20\/pueblos-y-colectivos-de-oaxaca-se-suman-a-jornada-en-defensa-del-territorio-y-la-madre-tierra-video\/","title":{"rendered":"Pueblos y colectivos de Oaxaca se suman a Jornada en Defensa del Territorio y la Madre Tierra (Video)"},"content":{"rendered":"<p>Avispa Midia \/ @Avispa_Midia<\/p>\n<blockquote class=\"twitter-tweet\" data-width=\"550\" data-dnt=\"true\">\n<p lang=\"es\" dir=\"ltr\">Pueblos y colectivos de <a href=\"https:\/\/twitter.com\/hashtag\/Oaxaca?src=hash&amp;ref_src=twsrc%5Etfw\">#Oaxaca<\/a> se suman a Jornada en Defensa del Territorio y la Madre Tierra <a href=\"https:\/\/twitter.com\/hashtag\/SamirSomosTodasYTodos?src=hash&amp;ref_src=twsrc%5Etfw\">#SamirSomosTodasYTodos<\/a>, con una Barricada cultural este jueves (20) en M. Bravo y Izq. Uni\u00f3n 4pm y el 22 de Feb en la Alameda central 10am.  <a href=\"https:\/\/twitter.com\/hashtag\/SamirSomosTodasYTodos?src=hash&amp;ref_src=twsrc%5Etfw\">#SamirSomosTodasYTodos<\/a><a href=\"https:\/\/twitter.com\/hashtag\/Oaxaca?src=hash&amp;ref_src=twsrc%5Etfw\">#Oaxaca<\/a> <a href=\"https:\/\/twitter.com\/hashtag\/cni?src=hash&amp;ref_src=twsrc%5Etfw\">#cni<\/a> <a href=\"https:\/\/twitter.com\/hashtag\/Ezln?src=hash&amp;ref_src=twsrc%5Etfw\">#Ezln<\/a> <a href=\"https:\/\/t.co\/9rpP0ZYJsQ\">pic.twitter.com\/9rpP0ZYJsQ<\/a><\/p>\n<p>&mdash; Avispa Midia (@Avispa_Midia) <a href=\"https:\/\/twitter.com\/Avispa_Midia\/status\/1230626157726326786?ref_src=twsrc%5Etfw\">February 20, 2020<\/a><\/p><\/blockquote>\n<p><script async src=\"https:\/\/platform.twitter.com\/widgets.js\" charset=\"utf-8\"><\/script><\/p>\n<p><a href=\"https:\/\/twitter.com\/Avispa_Midia\/status\/1230626157726326786?s=20\" target=\"_blank\" rel=\"noopener noreferrer\">https:\/\/twitter.com\/Avispa_Midia\/status\/1230626157726326786?s=20<\/a><\/p>\n","protected":false},"excerpt":{"rendered":"<p>Avispa Midia \/ @Avispa_Midia https:\/\/twitter.com\/Avispa_Midia\/status\/1230626157726326786?s=20<\/p>\n","protected":false},"author":2,"featured_media":44667,"comment_status":"closed","ping_status":"closed","sticky":false,"template":"","format":"standard","meta":{"ngg_post_thumbnail":0,"_jetpack_newsletter_access":"","_jetpack_dont_email_post_to_subs":false,"_jetpack_newsletter_tier_id":0,"_jetpack_memberships_contains_paywalled_content":false,"_jetpack_memberships_contains_paid_content":false,"footnotes":""},"categories":[80,3105,2,2661],"tags":[],"class_list":["post-44624","post","type-post","status-publish","format-standard","has-post-thumbnail","hentry","category-cintillo","category-jornadas-samir-somos-todas-y-todos","category-noticias-nacionales","category-redes-de-resistencia-y-rebeldia","entry"],"jetpack_featured_media_url":"https:\/\/www.grieta.org.mx\/wp-content\/uploads\/2020\/02\/Samir-Oaxaca-1.jpg","jetpack_sharing_enabled":true,"jetpack_shortlink":"https:\/\/wp.me\/p7ZJR4-bBK","jetpack_likes_enabled":false,"jetpack-related-posts":[{"id":39800,"url":"https:\/\/www.grieta.org.mx\/index.php\/2019\/09\/10\/la-violencia-letal-contra-periodistas-en-mexico-es-un-problema-transexenal-cpj\/","url_meta":{"origin":44624,"position":0},"title":"La violencia letal contra periodistas en M\u00e9xico es un problema transexenal: CPJ","author":"grieta","date":"10 septiembre, 2019","format":false,"excerpt":"Fernando Hern\u00e1ndez \/ 24 Horas El representante de M\u00e9xico para el Comit\u00e9 de Protecci\u00f3n de Periodistas (CPJ), Jan-Albert Hootsen, dio a conocer cifras detalladas sobre la violencia en contra de periodistas en el pa\u00eds. A trav\u00e9s de un hilo en su cuenta de Twitter, Hootsen inform\u00f3 que en M\u00e9xico han\u2026","rel":"","context":"En &quot;CINTILLO&quot;","block_context":{"text":"CINTILLO","link":"https:\/\/www.grieta.org.mx\/index.php\/category\/cintillo\/"},"img":{"alt_text":"","src":"https:\/\/i0.wp.com\/www.grieta.org.mx\/wp-content\/uploads\/2019\/10\/Periodistas-.jpg?resize=350%2C200&ssl=1","width":350,"height":200,"srcset":"https:\/\/i0.wp.com\/www.grieta.org.mx\/wp-content\/uploads\/2019\/10\/Periodistas-.jpg?resize=350%2C200&ssl=1 1x, https:\/\/i0.wp.com\/www.grieta.org.mx\/wp-content\/uploads\/2019\/10\/Periodistas-.jpg?resize=525%2C300&ssl=1 1.5x, https:\/\/i0.wp.com\/www.grieta.org.mx\/wp-content\/uploads\/2019\/10\/Periodistas-.jpg?resize=700%2C400&ssl=1 2x"},"classes":[]},{"id":61160,"url":"https:\/\/www.grieta.org.mx\/index.php\/2021\/08\/14\/vecinos-de-tlatelolco-cdmx-protestan-por-falta-de-agua-policias-los-agreden\/","url_meta":{"origin":44624,"position":1},"title":"Vecinos de Tlatelolco, CdMx, protestan por falta de agua; polic\u00edas los agreden","author":"grieta","date":"14 agosto, 2021","format":false,"excerpt":"Redacci\u00f3n\/SinEmbargo Vecinos de la tercera secci\u00f3n de Tlatelolco denunciaron que desde hace dos d\u00edas no tienen acceso al agua, por lo cual se manifestaron y presuntamente fueron agredidos por polic\u00edas pertenecientes a la Secretar\u00eda de Seguridad P\u00fablica de la Ciudad de M\u00e9xico. Ciudad de M\u00e9xico, 14 de agosto (SinEmbargo).\u2013 Vecinos\u2026","rel":"","context":"En &quot;Abuso policiaco y tortura en la Ciudad de M\u00e9xico&quot;","block_context":{"text":"Abuso policiaco y tortura en la Ciudad de M\u00e9xico","link":"https:\/\/www.grieta.org.mx\/index.php\/category\/noticias-nacionales\/ciudad-de-mexico\/abuso-policiaco-y-tortura-en-la-ciudad-de-mexico\/"},"img":{"alt_text":"","src":"https:\/\/i0.wp.com\/www.grieta.org.mx\/wp-content\/uploads\/2021\/08\/Vecinos-de-Tlatelolco-CdMx-protestan-por-falta-de-agua-policias-los-agreden-cdmx-ago.jpg?resize=350%2C200&ssl=1","width":350,"height":200,"srcset":"https:\/\/i0.wp.com\/www.grieta.org.mx\/wp-content\/uploads\/2021\/08\/Vecinos-de-Tlatelolco-CdMx-protestan-por-falta-de-agua-policias-los-agreden-cdmx-ago.jpg?resize=350%2C200&ssl=1 1x, https:\/\/i0.wp.com\/www.grieta.org.mx\/wp-content\/uploads\/2021\/08\/Vecinos-de-Tlatelolco-CdMx-protestan-por-falta-de-agua-policias-los-agreden-cdmx-ago.jpg?resize=525%2C300&ssl=1 1.5x, https:\/\/i0.wp.com\/www.grieta.org.mx\/wp-content\/uploads\/2021\/08\/Vecinos-de-Tlatelolco-CdMx-protestan-por-falta-de-agua-policias-los-agreden-cdmx-ago.jpg?resize=700%2C400&ssl=1 2x, https:\/\/i0.wp.com\/www.grieta.org.mx\/wp-content\/uploads\/2021\/08\/Vecinos-de-Tlatelolco-CdMx-protestan-por-falta-de-agua-policias-los-agreden-cdmx-ago.jpg?resize=1050%2C600&ssl=1 3x"},"classes":[]},{"id":25408,"url":"https:\/\/www.grieta.org.mx\/index.php\/2018\/08\/06\/imagenes-del-primer-dia-del-comparte-2018\/","url_meta":{"origin":44624,"position":2},"title":"Im\u00e1genes del primer d\u00eda del Comparte 2018","author":"grieta","date":"6 agosto, 2018","format":false,"excerpt":"https:\/\/twitter.com\/notienlacezap","rel":"","context":"En &quot;CINTILLO&quot;","block_context":{"text":"CINTILLO","link":"https:\/\/www.grieta.org.mx\/index.php\/category\/cintillo\/"},"img":{"alt_text":"","src":"https:\/\/i0.wp.com\/www.grieta.org.mx\/wp-content\/uploads\/2018\/08\/Dj7ENZ6U4AAcdVG.jpg?resize=350%2C200&ssl=1","width":350,"height":200,"srcset":"https:\/\/i0.wp.com\/www.grieta.org.mx\/wp-content\/uploads\/2018\/08\/Dj7ENZ6U4AAcdVG.jpg?resize=350%2C200&ssl=1 1x, https:\/\/i0.wp.com\/www.grieta.org.mx\/wp-content\/uploads\/2018\/08\/Dj7ENZ6U4AAcdVG.jpg?resize=525%2C300&ssl=1 1.5x, https:\/\/i0.wp.com\/www.grieta.org.mx\/wp-content\/uploads\/2018\/08\/Dj7ENZ6U4AAcdVG.jpg?resize=700%2C400&ssl=1 2x, https:\/\/i0.wp.com\/www.grieta.org.mx\/wp-content\/uploads\/2018\/08\/Dj7ENZ6U4AAcdVG.jpg?resize=1050%2C600&ssl=1 3x"},"classes":[]},{"id":46003,"url":"https:\/\/www.grieta.org.mx\/index.php\/2020\/03\/05\/detienen-a-presunto-maestro-acosador-tras-protesta-de-bachilleres-en-oaxaca-videos\/","url_meta":{"origin":44624,"position":3},"title":"Detienen a presunto maestro acosador tras protesta de bachilleres en Oaxaca (Videos)","author":"grieta","date":"5 marzo, 2020","format":false,"excerpt":"Proceso \/ Pedro Mat\u00edas. Protesta en el Colegio de Bachilleres de Oaxaca (Cobao) 39 de Nazareno Etla. Foto: Twitter @metricasocial_ OAXACA, Oax. (apro).- \u201cEstamos cansadas de que nos pidan dinero o favores sexuales. A nadie le interesa ir contigo por un raspado. Mi cuerpo no vale tu calificaci\u00f3n\u201d, fueron los\u2026","rel":"","context":"En &quot;CINTILLO&quot;","block_context":{"text":"CINTILLO","link":"https:\/\/www.grieta.org.mx\/index.php\/category\/cintillo\/"},"img":{"alt_text":"","src":"https:\/\/i0.wp.com\/www.grieta.org.mx\/wp-content\/uploads\/2020\/03\/bachilleres-870x522.jpg?resize=350%2C200&ssl=1","width":350,"height":200,"srcset":"https:\/\/i0.wp.com\/www.grieta.org.mx\/wp-content\/uploads\/2020\/03\/bachilleres-870x522.jpg?resize=350%2C200&ssl=1 1x, https:\/\/i0.wp.com\/www.grieta.org.mx\/wp-content\/uploads\/2020\/03\/bachilleres-870x522.jpg?resize=525%2C300&ssl=1 1.5x, https:\/\/i0.wp.com\/www.grieta.org.mx\/wp-content\/uploads\/2020\/03\/bachilleres-870x522.jpg?resize=700%2C400&ssl=1 2x"},"classes":[]},{"id":9999,"url":"https:\/\/www.grieta.org.mx\/index.php\/2015\/11\/14\/difunden-videos-de-agresion-de-granaderos-contra-vecinos-en-avenida-de-las-torres\/","url_meta":{"origin":44624,"position":4},"title":"Difunden videos de agresi\u00f3n de granaderos contra vecinos en Avenida de las Torres","author":"grieta","date":"14 noviembre, 2015","format":false,"excerpt":"Foto: Cuartoscuro. Por Redacci\u00f3n Luego de que vecinos chocaran con granaderos en la Avenida de las Torres, a la altura de la Bajada del Capul\u00edn en la delegaci\u00f3n \u00c1lvaro Obreg\u00f3n, este s\u00e1bado se han dado a conocer tres videos en los que se logra ver la brutalidad con la que\u2026","rel":"","context":"En &quot;CINTILLO&quot;","block_context":{"text":"CINTILLO","link":"https:\/\/www.grieta.org.mx\/index.php\/category\/cintillo\/"},"img":{"alt_text":"","src":"https:\/\/i0.wp.com\/www.grieta.org.mx\/wp-content\/uploads\/2018\/03\/14524434_1106112876131411_958039263622046936_o.jpg?resize=350%2C200&ssl=1","width":350,"height":200,"srcset":"https:\/\/i0.wp.com\/www.grieta.org.mx\/wp-content\/uploads\/2018\/03\/14524434_1106112876131411_958039263622046936_o.jpg?resize=350%2C200&ssl=1 1x, https:\/\/i0.wp.com\/www.grieta.org.mx\/wp-content\/uploads\/2018\/03\/14524434_1106112876131411_958039263622046936_o.jpg?resize=525%2C300&ssl=1 1.5x, https:\/\/i0.wp.com\/www.grieta.org.mx\/wp-content\/uploads\/2018\/03\/14524434_1106112876131411_958039263622046936_o.jpg?resize=700%2C400&ssl=1 2x"},"classes":[]},{"id":50395,"url":"https:\/\/www.grieta.org.mx\/index.php\/2020\/06\/05\/jovenes-protestan-en-capital-de-slp-por-homicidio-de-giovanni-lopez\/","url_meta":{"origin":44624,"position":5},"title":"J\u00f3venes protestan en capital de SLP por homicidio de Giovanni L\u00f3pez","author":"grieta","date":"5 junio, 2020","format":false,"excerpt":"Redacci\u00f3n\/El Universal San Luis Potos\u00ed 5 junio 2020 Un grupo de j\u00f3venes convoc\u00f3 a una manifestaci\u00f3n la tarde de este viernes en San Luis Potos\u00ed por el homicidio de Giovanni L\u00f3pez a manos de polic\u00edas en Jalisco. La movilizaci\u00f3n inici\u00f3 en Plaza de Armas, donde las instalaciones del Congreso potosino\u2026","rel":"","context":"En &quot;CINTILLO&quot;","block_context":{"text":"CINTILLO","link":"https:\/\/www.grieta.org.mx\/index.php\/category\/cintillo\/"},"img":{"alt_text":"","src":"https:\/\/i0.wp.com\/www.grieta.org.mx\/wp-content\/uploads\/2020\/06\/Sin-t%C3%ADtulo.png?resize=350%2C200&ssl=1","width":350,"height":200,"srcset":"https:\/\/i0.wp.com\/www.grieta.org.mx\/wp-content\/uploads\/2020\/06\/Sin-t%C3%ADtulo.png?resize=350%2C200&ssl=1 1x, https:\/\/i0.wp.com\/www.grieta.org.mx\/wp-content\/uploads\/2020\/06\/Sin-t%C3%ADtulo.png?resize=525%2C300&ssl=1 1.5x"},"classes":[]}],"_links":{"self":[{"href":"https:\/\/www.grieta.org.mx\/index.php\/wp-json\/wp\/v2\/posts\/44624","targetHints":{"allow":["GET"]}}],"collection":[{"href":"https:\/\/www.grieta.org.mx\/index.php\/wp-json\/wp\/v2\/posts"}],"about":[{"href":"https:\/\/www.grieta.org.mx\/index.php\/wp-json\/wp\/v2\/types\/post"}],"author":[{"embeddable":true,"href":"https:\/\/www.grieta.org.mx\/index.php\/wp-json\/wp\/v2\/users\/2"}],"replies":[{"embeddable":true,"href":"https:\/\/www.grieta.org.mx\/index.php\/wp-json\/wp\/v2\/comments?post=44624"}],"version-history":[{"count":1,"href":"https:\/\/www.grieta.org.mx\/index.php\/wp-json\/wp\/v2\/posts\/44624\/revisions"}],"predecessor-version":[{"id":44801,"href":"https:\/\/www.grieta.org.mx\/index.php\/wp-json\/wp\/v2\/posts\/44624\/revisions\/44801"}],"wp:featuredmedia":[{"embeddable":true,"href":"https:\/\/www.grieta.org.mx\/index.php\/wp-json\/wp\/v2\/media\/44667"}],"wp:attachment":[{"href":"https:\/\/www.grieta.org.mx\/index.php\/wp-json\/wp\/v2\/media?parent=44624"}],"wp:term":[{"taxonomy":"category","embeddable":true,"href":"https:\/\/www.grieta.org.mx\/index.php\/wp-json\/wp\/v2\/categories?post=44624"},{"taxonomy":"post_tag","embeddable":true,"href":"https:\/\/www.grieta.org.mx\/index.php\/wp-json\/wp\/v2\/tags?post=44624"}],"curies":[{"name":"wp","href":"https:\/\/api.w.org\/{rel}","templated":true}]}}