{"id":44462,"date":"2020-02-09T11:29:51","date_gmt":"2020-02-09T17:29:51","guid":{"rendered":"http:\/\/www.grieta.org.mx\/?p=44462"},"modified":"2020-02-20T11:39:45","modified_gmt":"2020-02-20T17:39:45","slug":"por-equivocacion-policias-de-tamaulipas-mataron-a-un-ingeniero-de-23-anos-su-familia-pide-justicia","status":"publish","type":"post","link":"https:\/\/www.grieta.org.mx\/index.php\/2020\/02\/09\/por-equivocacion-policias-de-tamaulipas-mataron-a-un-ingeniero-de-23-anos-su-familia-pide-justicia\/","title":{"rendered":"Por equivocaci\u00f3n, polic\u00edas de Tamaulipas mataron a un ingeniero de 23 a\u00f1os; su familia pide justicia"},"content":{"rendered":"<p>Infobae\/Redacci\u00f3n<br \/>\n9 febrero 2020<\/p>\n<blockquote><p>De acuerdo con un video que circula en redes sociales, se observa el momento en que los uniformados disparan contra la camioneta del joven<\/p><\/blockquote>\n<p><img loading=\"lazy\" decoding=\"async\" data-attachment-id=\"44463\" data-permalink=\"https:\/\/www.grieta.org.mx\/index.php\/2020\/02\/09\/por-equivocacion-policias-de-tamaulipas-mataron-a-un-ingeniero-de-23-anos-su-familia-pide-justicia\/policias\/\" data-orig-file=\"https:\/\/www.grieta.org.mx\/wp-content\/uploads\/2020\/02\/policias.png\" data-orig-size=\"680,382\" data-comments-opened=\"0\" data-image-meta=\"{&quot;aperture&quot;:&quot;0&quot;,&quot;credit&quot;:&quot;&quot;,&quot;camera&quot;:&quot;&quot;,&quot;caption&quot;:&quot;&quot;,&quot;created_timestamp&quot;:&quot;0&quot;,&quot;copyright&quot;:&quot;&quot;,&quot;focal_length&quot;:&quot;0&quot;,&quot;iso&quot;:&quot;0&quot;,&quot;shutter_speed&quot;:&quot;0&quot;,&quot;title&quot;:&quot;&quot;,&quot;orientation&quot;:&quot;0&quot;}\" data-image-title=\"policias\" data-image-description=\"\" data-image-caption=\"\" data-medium-file=\"https:\/\/www.grieta.org.mx\/wp-content\/uploads\/2020\/02\/policias-300x169.png\" data-large-file=\"https:\/\/www.grieta.org.mx\/wp-content\/uploads\/2020\/02\/policias.png\" src=\"http:\/\/www.grieta.org.mx\/wp-content\/uploads\/2020\/02\/policias.png\" alt=\"\" width=\"680\" height=\"382\" class=\"aligncenter size-full wp-image-44463\" srcset=\"https:\/\/www.grieta.org.mx\/wp-content\/uploads\/2020\/02\/policias.png 680w, https:\/\/www.grieta.org.mx\/wp-content\/uploads\/2020\/02\/policias-300x169.png 300w\" sizes=\"auto, (max-width: 680px) 100vw, 680px\" \/><\/p>\n<p>En Tamaulipas, la ciudadan\u00eda debe protegerse no s\u00f3lo de crimen organizado, sino hasta de la polic\u00eda.<\/p>\n<p>Este fin de semana, un joven ingeniero de 23 a\u00f1os de edad identificado como Juan Daniel Ortiz Mart\u00ednez fue acribillado por polic\u00edas estatales durante una supuesta persecuci\u00f3n contra delincuentes.<\/p>\n<p>Juan Daniel, quien trabajan en el \u00e1rea de sistemas de la maquiladora Eaton en Reynosa, hab\u00eda salido de su domicilio en la colonia Ferrocarril Uno Sur, ubicada en el municipio de R\u00edo Bravo, a bordo de su camioneta, cuando recibi\u00f3 al menos 50 impactos de bala disparados por elementos del grupo Fuerza Tamaulipas, denunciaron sus familiares.<\/p>\n<p>La madre de la v\u00edctima, Mar\u00eda Guadalupe Martinez Cepeda, asegur\u00f3 haber hablado con su hijo v\u00eda telef\u00f3nica, en la que escuch\u00f3 c\u00f3mo Juan Daniel suplicaba por su vida.<\/p>\n<p>\u201c\u00c9l sali\u00f3 a la tienda, como se tard\u00f3 unos 15 minutos y yo escuch\u00e9 detonaciones, le marqu\u00e9, y me contest\u00f3 a la segunda vez, y escuch\u00e9 que gritaba que no le tiraran, pero se segu\u00edan oyendo balazos, y salimos corriendo, y al llegar todav\u00eda segu\u00edan disparando a la camioneta. Ese fue un asesinato, esos polic\u00edas me arrebataron a mi hijo que porque lo confundieron\u201d, acus\u00f3 la mujer.<\/p>\n<p>El cuerpo de Juan Daniel qued\u00f3 dentro de la camioneta que se estrell\u00f3 en el puente elevado del libramiento con brecha 109 de la colonia Primera de Mayo.<\/p>\n<p>Durante una manifestaci\u00f3n realizada el s\u00e1bado 8 de febrero, la familia del joven ingeniero asegur\u00f3 que presentar\u00e1 una denuncia por homicidio ante la Fiscal\u00eda General de Justicia de Tamaulipas, pues tras lo ocurrido el \u00e1rea fue acordonada por los mismos agentes que dispararon contra Juan Daniel, y las autoridades afirmaron haber encontrado armas de fuego.<\/p>\n<p>En redes sociales se difundi\u00f3 un video en el que presuntamente, los elementos de la Polic\u00eda estatal asesinan a Juan Daniel.<\/p>\n<p>En la grabaci\u00f3n, en la que participan al menos dos hombres y con una duraci\u00f3n de 2:20 minutos, se escuchan de fondo decenas de disparos de armas de alto calibre en contra de una camioneta que se encuentra estacionada.<\/p>\n<p>Posteriormente, el testigo de los hechos realiza un paneo en donde se observa a numerosos agentes policiacos presenciar la escena, mientras se contin\u00faan escuchando algunos disparos.<\/p>\n<p>El hombre que realiza el video coment\u00f3: \u201cAhorita lo voy a compartir wey (el clip) pues si mataron a gente que no era. Ese vato estaba trabajando wey. Los vatos no dispararon en ning\u00fan momento. Por eso no responde, por eso no dice nada\u201d, se\u00f1al\u00f3.<\/p>\n<p>Al fondo de la toma se observa a una mujer acompa\u00f1ada de un hombre que tratan de acercarse al lugar de los hechos, pero es retirada por los uniformados, quienes comienzan a acordonar la zona.<\/p>\n<p>\u201cLa se\u00f1ora, wey, era la mam\u00e1\u201d se\u00f1ala el hombre que realiza la grabaci\u00f3n, al tiempo que se escucha que un hombre dice al fondo \u201cpara que hagan esto, pendejos\u201d.<\/p>\n<p>Por su parte, la Fiscal\u00eda General de Justicia y la Secretar\u00eda de Seguridad P\u00fablica estatal informaron que la autoridad ministerial inici\u00f3 las pesquisas correspondientes para determinar la forma en que se desarrollaron los hechos en los que muri\u00f3 Juan Daniel.<\/p>\n<p><a href=\"https:\/\/www.infobae.com\/america\/mexico\/2020\/02\/09\/por-equivocacion-policias-de-tamaulipas-mataron-de-un-ingeniero-de-23-anos-su-familia-pide-justicia\/\" rel=\"noopener noreferrer\" target=\"_blank\">https:\/\/www.infobae.com\/america\/mexico\/2020\/02\/09\/por-equivocacion-policias-de-tamaulipas-mataron-de-un-ingeniero-de-23-anos-su-familia-pide-justicia\/<\/a><\/p>\n","protected":false},"excerpt":{"rendered":"<p>Infobae\/Redacci\u00f3n 9 febrero 2020 De acuerdo con un video que circula en redes sociales, se observa el momento en que los uniformados disparan contra la camioneta del joven En Tamaulipas, &hellip; <a href=\"https:\/\/www.grieta.org.mx\/index.php\/2020\/02\/09\/por-equivocacion-policias-de-tamaulipas-mataron-a-un-ingeniero-de-23-anos-su-familia-pide-justicia\/\" class=\"more-link\">Leer m\u00e1s<\/a><\/p>\n","protected":false},"author":2,"featured_media":44463,"comment_status":"closed","ping_status":"closed","sticky":false,"template":"","format":"standard","meta":{"ngg_post_thumbnail":0,"_jetpack_newsletter_access":"","_jetpack_dont_email_post_to_subs":false,"_jetpack_newsletter_tier_id":0,"_jetpack_memberships_contains_paywalled_content":false,"_jetpack_memberships_contains_paid_content":false,"footnotes":""},"categories":[1858,80,2,33,2008],"tags":[2938,2422,703,3102,1034],"class_list":["post-44462","post","type-post","status-publish","format-standard","has-post-thumbnail","hentry","category-abuso-policiaco-y-tortura-en-tamaulipas","category-cintillo","category-noticias-nacionales","category-tamaulipas","category-violencia-de-fuerzas-represivas-en-tamaulipas","tag-asesinato-de-jovenes","tag-policia-municipal","tag-violencia-policiaca","tag-violencias-de-fuer","tag-violencias-de-fuerzas-represivas","entry"],"jetpack_featured_media_url":"https:\/\/www.grieta.org.mx\/wp-content\/uploads\/2020\/02\/policias.png","jetpack_sharing_enabled":true,"jetpack_shortlink":"https:\/\/wp.me\/p7ZJR4-bz8","jetpack_likes_enabled":false,"jetpack-related-posts":[{"id":45432,"url":"https:\/\/www.grieta.org.mx\/index.php\/2020\/02\/12\/somos-familia-no-delincuentes-piden-no-disparales-en-tamaulipas\/","url_meta":{"origin":44462,"position":0},"title":"&#8220;Somos familia, no delincuentes&#8221;: Piden no dispararles en Tamaulipas","author":"grieta","date":"12 febrero, 2020","format":false,"excerpt":"Redacci\u00f3n\/Tiempo la noticia digital 12 febrero 2020 Ciudadanos en Tamaulipas escriben sus mensajes en los veh\u00edculos para pedir que no los maten en confusi\u00f3n con delincuentes. Esta semana comenzaron a circular im\u00e1genes de los veh\u00edculos en Tamaulipas donde los ciudadanos escriben sus mensajes en petici\u00f3n de que no los maten\u2026","rel":"","context":"En &quot;Abuso policiaco y tortura en Tamaulipas&quot;","block_context":{"text":"Abuso policiaco y tortura en Tamaulipas","link":"https:\/\/www.grieta.org.mx\/index.php\/category\/noticias-nacionales\/tamaulipas\/abuso-policiaco-y-tortura-en-tamaulipas\/"},"img":{"alt_text":"","src":"https:\/\/i0.wp.com\/www.grieta.org.mx\/wp-content\/uploads\/2020\/03\/principal_carros.jpg?resize=350%2C200&ssl=1","width":350,"height":200,"srcset":"https:\/\/i0.wp.com\/www.grieta.org.mx\/wp-content\/uploads\/2020\/03\/principal_carros.jpg?resize=350%2C200&ssl=1 1x, https:\/\/i0.wp.com\/www.grieta.org.mx\/wp-content\/uploads\/2020\/03\/principal_carros.jpg?resize=525%2C300&ssl=1 1.5x, https:\/\/i0.wp.com\/www.grieta.org.mx\/wp-content\/uploads\/2020\/03\/principal_carros.jpg?resize=700%2C400&ssl=1 2x"},"classes":[]},{"id":32475,"url":"https:\/\/www.grieta.org.mx\/index.php\/2019\/04\/10\/militares-en-matamoros-privan-de-su-libertad-a-periodista-y-ademas-lo-agreden-tamaulipas\/","url_meta":{"origin":44462,"position":1},"title":"Militares en Matamoros privan de su libertad a periodista y adem\u00e1s lo agreden (Tamaulipas)","author":"grieta","date":"10 abril, 2019","format":false,"excerpt":"Marco Rodr\u00edguez \/ Hoy Tamaulipas Por ello, el comunicador Juan Manuel Mart\u00ednez Ferretiz, present\u00f3 una denuncia ante la Fiscal\u00eda General de la Rep\u00fablica contra los elementos de la Sedena Matamoros, Tamaulipas.- Un periodista de Matamoros denunci\u00f3 ante las autoridades federales la supuesta agresi\u00f3n y privaci\u00f3n ilegal de la libertad de\u2026","rel":"","context":"En &quot;Abuso policiaco y tortura en Tamaulipas&quot;","block_context":{"text":"Abuso policiaco y tortura en Tamaulipas","link":"https:\/\/www.grieta.org.mx\/index.php\/category\/noticias-nacionales\/tamaulipas\/abuso-policiaco-y-tortura-en-tamaulipas\/"},"img":{"alt_text":"","src":"https:\/\/i0.wp.com\/www.grieta.org.mx\/wp-content\/uploads\/2019\/04\/Militares-en-Matamoros-privan-de-su-libertad-a-periodista-y-ademas-lo-agreden-tama-abr.jpg?resize=350%2C200&ssl=1","width":350,"height":200,"srcset":"https:\/\/i0.wp.com\/www.grieta.org.mx\/wp-content\/uploads\/2019\/04\/Militares-en-Matamoros-privan-de-su-libertad-a-periodista-y-ademas-lo-agreden-tama-abr.jpg?resize=350%2C200&ssl=1 1x, https:\/\/i0.wp.com\/www.grieta.org.mx\/wp-content\/uploads\/2019\/04\/Militares-en-Matamoros-privan-de-su-libertad-a-periodista-y-ademas-lo-agreden-tama-abr.jpg?resize=525%2C300&ssl=1 1.5x, https:\/\/i0.wp.com\/www.grieta.org.mx\/wp-content\/uploads\/2019\/04\/Militares-en-Matamoros-privan-de-su-libertad-a-periodista-y-ademas-lo-agreden-tama-abr.jpg?resize=700%2C400&ssl=1 2x"},"classes":[]},{"id":39468,"url":"https:\/\/www.grieta.org.mx\/index.php\/2019\/09\/17\/soldados-y-policias-se-habrian-coordinado-para-matanza-en-tamaulipas\/","url_meta":{"origin":44462,"position":2},"title":"Soldados y polic\u00edas se habr\u00edan coordinado para matanza en Tamaulipas","author":"grieta","date":"17 septiembre, 2019","format":false,"excerpt":"Redacci\u00f3n \/ Z\u00f3calo Nuevo Laredo, Tamps.- Ante la matanza del jueves 5 de septiembre en Nuevo Laredo, Tamaulipas, en la que murieron ocho personas, el Comit\u00e9 de Derechos Humanos de Nuevo Laredo document\u00f3 que militares y polic\u00edas estatales realizaron un operativo criminal que intentaron disfrazar de enfrentamiento con narcos. Mediante\u2026","rel":"","context":"En &quot;Abuso policiaco y tortura en Tamaulipas&quot;","block_context":{"text":"Abuso policiaco y tortura en Tamaulipas","link":"https:\/\/www.grieta.org.mx\/index.php\/category\/noticias-nacionales\/tamaulipas\/abuso-policiaco-y-tortura-en-tamaulipas\/"},"img":{"alt_text":"","src":"https:\/\/i0.wp.com\/www.grieta.org.mx\/wp-content\/uploads\/2019\/09\/matanza-tamaulipas-621x354.jpg?resize=350%2C200&ssl=1","width":350,"height":200,"srcset":"https:\/\/i0.wp.com\/www.grieta.org.mx\/wp-content\/uploads\/2019\/09\/matanza-tamaulipas-621x354.jpg?resize=350%2C200&ssl=1 1x, https:\/\/i0.wp.com\/www.grieta.org.mx\/wp-content\/uploads\/2019\/09\/matanza-tamaulipas-621x354.jpg?resize=525%2C300&ssl=1 1.5x"},"classes":[]},{"id":39564,"url":"https:\/\/www.grieta.org.mx\/index.php\/2019\/09\/13\/video-muestra-como-policias-habrian-manipulado-la-evidencia-en-supuesto-enfrentamiento-en-tamaulipas\/","url_meta":{"origin":44462,"position":3},"title":"VIDEO muestra c\u00f3mo polic\u00edas habr\u00edan manipulado la evidencia en supuesto enfrentamiento en Tamaulipas","author":"grieta","date":"13 septiembre, 2019","format":false,"excerpt":"Redacci\u00f3n \/ Sin Embargo Otra de las observaciones hechas por el CDHNL es que de las v\u00edctimas -que fueron acomodadas al interior de la casa- ninguna tra\u00eda un arma entre sus manos, no hab\u00eda cartuchos a su alrededor ni impactos de bala en las paredes a su alrededor. Ciudad de\u2026","rel":"","context":"En &quot;Abuso policiaco y tortura en Tamaulipas&quot;","block_context":{"text":"Abuso policiaco y tortura en Tamaulipas","link":"https:\/\/www.grieta.org.mx\/index.php\/category\/noticias-nacionales\/tamaulipas\/abuso-policiaco-y-tortura-en-tamaulipas\/"},"img":{"alt_text":"","src":"https:\/\/i0.wp.com\/www.grieta.org.mx\/wp-content\/uploads\/2019\/09\/Screenshot_2019-09-26-VIDEO-muestra-c%C3%B3mo-polic%C3%ADas-habr%C3%ADan-manipulado-la-evidencia-en-supuesto-enfrentamiento-en-Tamaulipas.png?resize=350%2C200&ssl=1","width":350,"height":200,"srcset":"https:\/\/i0.wp.com\/www.grieta.org.mx\/wp-content\/uploads\/2019\/09\/Screenshot_2019-09-26-VIDEO-muestra-c%C3%B3mo-polic%C3%ADas-habr%C3%ADan-manipulado-la-evidencia-en-supuesto-enfrentamiento-en-Tamaulipas.png?resize=350%2C200&ssl=1 1x, https:\/\/i0.wp.com\/www.grieta.org.mx\/wp-content\/uploads\/2019\/09\/Screenshot_2019-09-26-VIDEO-muestra-c%C3%B3mo-polic%C3%ADas-habr%C3%ADan-manipulado-la-evidencia-en-supuesto-enfrentamiento-en-Tamaulipas.png?resize=525%2C300&ssl=1 1.5x, https:\/\/i0.wp.com\/www.grieta.org.mx\/wp-content\/uploads\/2019\/09\/Screenshot_2019-09-26-VIDEO-muestra-c%C3%B3mo-polic%C3%ADas-habr%C3%ADan-manipulado-la-evidencia-en-supuesto-enfrentamiento-en-Tamaulipas.png?resize=700%2C400&ssl=1 2x, https:\/\/i0.wp.com\/www.grieta.org.mx\/wp-content\/uploads\/2019\/09\/Screenshot_2019-09-26-VIDEO-muestra-c%C3%B3mo-polic%C3%ADas-habr%C3%ADan-manipulado-la-evidencia-en-supuesto-enfrentamiento-en-Tamaulipas.png?resize=1050%2C600&ssl=1 3x, https:\/\/i0.wp.com\/www.grieta.org.mx\/wp-content\/uploads\/2019\/09\/Screenshot_2019-09-26-VIDEO-muestra-c%C3%B3mo-polic%C3%ADas-habr%C3%ADan-manipulado-la-evidencia-en-supuesto-enfrentamiento-en-Tamaulipas.png?resize=1400%2C800&ssl=1 4x"},"classes":[]},{"id":66805,"url":"https:\/\/www.grieta.org.mx\/index.php\/2023\/04\/16\/dispara-guardia-nacional-en-contra-de-seis-personas-entre-ellos-una-embarazada\/","url_meta":{"origin":44462,"position":4},"title":"Dispara Guardia Nacional en contra de seis personas, entre ellos una embarazada","author":"grieta","date":"16 abril, 2023","format":false,"excerpt":"Redacci\u00f3n\/Aristegui Noticias 16 abril 2023 Las personas que resultaron lesionadas dijeron que no hubo indicaci\u00f3n para detenerse o causa para el ataque En Nuevo Laredo, la Guardia Nacional dispar\u00f3 en contra de seis personas, de la cuales resultaron 2 muertos -un beb\u00e9 prematuro y un adulto mayor de 60 a\u00f1o-\u2026","rel":"","context":"En &quot;CINTILLO&quot;","block_context":{"text":"CINTILLO","link":"https:\/\/www.grieta.org.mx\/index.php\/category\/cintillo\/"},"img":{"alt_text":"","src":"https:\/\/i0.wp.com\/www.grieta.org.mx\/wp-content\/uploads\/2023\/04\/atacan-guardianacional-nuevolaredo.webp?resize=350%2C200&ssl=1","width":350,"height":200,"srcset":"https:\/\/i0.wp.com\/www.grieta.org.mx\/wp-content\/uploads\/2023\/04\/atacan-guardianacional-nuevolaredo.webp?resize=350%2C200&ssl=1 1x, https:\/\/i0.wp.com\/www.grieta.org.mx\/wp-content\/uploads\/2023\/04\/atacan-guardianacional-nuevolaredo.webp?resize=525%2C300&ssl=1 1.5x, https:\/\/i0.wp.com\/www.grieta.org.mx\/wp-content\/uploads\/2023\/04\/atacan-guardianacional-nuevolaredo.webp?resize=700%2C400&ssl=1 2x, https:\/\/i0.wp.com\/www.grieta.org.mx\/wp-content\/uploads\/2023\/04\/atacan-guardianacional-nuevolaredo.webp?resize=1050%2C600&ssl=1 3x"},"classes":[]},{"id":29220,"url":"https:\/\/www.grieta.org.mx\/index.php\/2019\/02\/19\/policias-desalojan-a-trabajadores-de-maquiladora-en-huelga-en-matamoros-tamaulipas\/","url_meta":{"origin":44462,"position":5},"title":"Polic\u00edas desalojan a trabajadores de maquiladora en huelga en Matamoros (Tamaulipas)","author":"grieta","date":"19 febrero, 2019","format":false,"excerpt":"Redacci\u00f3n \/ El Heraldo de M\u00e9xico Con escudos, polic\u00edas estatales intentaron desplazar a m\u00e1s de 80 trabajadores de la empresa Bright Finishing que estaban en huelga CIUDAD VICTORIA. Polic\u00edas estatales desalojaron a trabajadores de una empresa manufacturera en Matamoros que se encuentran en paro y manten\u00edan bloqueados los accesos a\u2026","rel":"","context":"En &quot;CINTILLO&quot;","block_context":{"text":"CINTILLO","link":"https:\/\/www.grieta.org.mx\/index.php\/category\/cintillo\/"},"img":{"alt_text":"","src":"https:\/\/i0.wp.com\/www.grieta.org.mx\/wp-content\/uploads\/2019\/02\/Polic%C3%ADas-desalojan-a-trabajadores-de-maquiladora-en-huelga-en-Matamoros-tama-feb.jpg?resize=350%2C200&ssl=1","width":350,"height":200,"srcset":"https:\/\/i0.wp.com\/www.grieta.org.mx\/wp-content\/uploads\/2019\/02\/Polic%C3%ADas-desalojan-a-trabajadores-de-maquiladora-en-huelga-en-Matamoros-tama-feb.jpg?resize=350%2C200&ssl=1 1x, https:\/\/i0.wp.com\/www.grieta.org.mx\/wp-content\/uploads\/2019\/02\/Polic%C3%ADas-desalojan-a-trabajadores-de-maquiladora-en-huelga-en-Matamoros-tama-feb.jpg?resize=525%2C300&ssl=1 1.5x"},"classes":[]}],"_links":{"self":[{"href":"https:\/\/www.grieta.org.mx\/index.php\/wp-json\/wp\/v2\/posts\/44462","targetHints":{"allow":["GET"]}}],"collection":[{"href":"https:\/\/www.grieta.org.mx\/index.php\/wp-json\/wp\/v2\/posts"}],"about":[{"href":"https:\/\/www.grieta.org.mx\/index.php\/wp-json\/wp\/v2\/types\/post"}],"author":[{"embeddable":true,"href":"https:\/\/www.grieta.org.mx\/index.php\/wp-json\/wp\/v2\/users\/2"}],"replies":[{"embeddable":true,"href":"https:\/\/www.grieta.org.mx\/index.php\/wp-json\/wp\/v2\/comments?post=44462"}],"version-history":[{"count":1,"href":"https:\/\/www.grieta.org.mx\/index.php\/wp-json\/wp\/v2\/posts\/44462\/revisions"}],"predecessor-version":[{"id":44464,"href":"https:\/\/www.grieta.org.mx\/index.php\/wp-json\/wp\/v2\/posts\/44462\/revisions\/44464"}],"wp:featuredmedia":[{"embeddable":true,"href":"https:\/\/www.grieta.org.mx\/index.php\/wp-json\/wp\/v2\/media\/44463"}],"wp:attachment":[{"href":"https:\/\/www.grieta.org.mx\/index.php\/wp-json\/wp\/v2\/media?parent=44462"}],"wp:term":[{"taxonomy":"category","embeddable":true,"href":"https:\/\/www.grieta.org.mx\/index.php\/wp-json\/wp\/v2\/categories?post=44462"},{"taxonomy":"post_tag","embeddable":true,"href":"https:\/\/www.grieta.org.mx\/index.php\/wp-json\/wp\/v2\/tags?post=44462"}],"curies":[{"name":"wp","href":"https:\/\/api.w.org\/{rel}","templated":true}]}}