{"id":44392,"date":"2020-02-04T19:03:06","date_gmt":"2020-02-05T01:03:06","guid":{"rendered":"http:\/\/www.grieta.org.mx\/?p=44392"},"modified":"2020-02-16T19:11:16","modified_gmt":"2020-02-17T01:11:16","slug":"bloquean-carretera-en-tamaulipas-por-falta-de-apoyos-para-el-campo","status":"publish","type":"post","link":"https:\/\/www.grieta.org.mx\/index.php\/2020\/02\/04\/bloquean-carretera-en-tamaulipas-por-falta-de-apoyos-para-el-campo\/","title":{"rendered":"Bloquean carretera en Tamaulipas por falta de apoyos para el campo"},"content":{"rendered":"<p>Roberto Aguilar\/El Universal<br \/>\n4 febrero 2020<\/p>\n<p><img loading=\"lazy\" decoding=\"async\" data-attachment-id=\"44394\" data-permalink=\"https:\/\/www.grieta.org.mx\/index.php\/2020\/02\/04\/bloquean-carretera-en-tamaulipas-por-falta-de-apoyos-para-el-campo\/bloqueo-tamaulipas\/\" data-orig-file=\"https:\/\/www.grieta.org.mx\/wp-content\/uploads\/2020\/02\/bloqueo-tamaulipas.jpg\" data-orig-size=\"651,400\" data-comments-opened=\"0\" data-image-meta=\"{&quot;aperture&quot;:&quot;0&quot;,&quot;credit&quot;:&quot;&quot;,&quot;camera&quot;:&quot;&quot;,&quot;caption&quot;:&quot;&quot;,&quot;created_timestamp&quot;:&quot;0&quot;,&quot;copyright&quot;:&quot;&quot;,&quot;focal_length&quot;:&quot;0&quot;,&quot;iso&quot;:&quot;0&quot;,&quot;shutter_speed&quot;:&quot;0&quot;,&quot;title&quot;:&quot;&quot;,&quot;orientation&quot;:&quot;0&quot;}\" data-image-title=\"bloqueo-tamaulipas\" data-image-description=\"\" data-image-caption=\"\" data-medium-file=\"https:\/\/www.grieta.org.mx\/wp-content\/uploads\/2020\/02\/bloqueo-tamaulipas-300x184.jpg\" data-large-file=\"https:\/\/www.grieta.org.mx\/wp-content\/uploads\/2020\/02\/bloqueo-tamaulipas.jpg\" src=\"http:\/\/www.grieta.org.mx\/wp-content\/uploads\/2020\/02\/bloqueo-tamaulipas.jpg\" alt=\"\" width=\"651\" height=\"400\" class=\"aligncenter size-full wp-image-44394\" srcset=\"https:\/\/www.grieta.org.mx\/wp-content\/uploads\/2020\/02\/bloqueo-tamaulipas.jpg 651w, https:\/\/www.grieta.org.mx\/wp-content\/uploads\/2020\/02\/bloqueo-tamaulipas-300x184.jpg 300w\" sizes=\"auto, (max-width: 651px) 100vw, 651px\" \/><\/p>\n<p>Ciudad Victoria.- De nueva cuenta, agricultores del municipio de San Fernando volvieron a bloquear este martes la carretera federal que une a Ciudad Victoria con Matamoros, en protesta por la falta de pago en apoyos para el campo.<\/p>\n<p>Desde temprano, los campesinos de esa regi\u00f3n comenzaron a reunirse para tomar una decisi\u00f3n y a las 11:00 horas comenz\u00f3 la manifestaci\u00f3n.<\/p>\n<p>El punto del cierre carretero es en el kil\u00f3metro 101, a la altura de la bodega La Herradura, en el municipio de San Fernando.<\/p>\n<p>El l\u00edder de este movimiento y de la organizaci\u00f3n Campesinos Unidos de San Fernando, Rogelio Ortiz Moreno, dijo que la protesta era contra el gobierno federal, \u201cpor el incumplimiento de su palabra\u201d.<\/p>\n<p>El 24 de enero de este a\u00f1o, en el mismo municipio, los agricultores se hab\u00edan manifestado de la misma forma con el bloqueo a la carretera federal.<\/p>\n<p>Al igual que en esa ocasi\u00f3n, los campesinos s\u00f3lo permiten el paso de veh\u00edculos particulares, pero no a los autobuses de pasajeros ni a los veh\u00edculos de carga.<\/p>\n<p>afcl<\/p>\n<p><a href=\"https:\/\/www.eluniversal.com.mx\/estados\/bloquean-carretera-en-tamaulipas-por-falta-de-apoyos-para-el-campo\" rel=\"noopener noreferrer\" target=\"_blank\">https:\/\/www.eluniversal.com.mx\/estados\/bloquean-carretera-en-tamaulipas-por-falta-de-apoyos-para-el-campo<\/a><\/p>\n","protected":false},"excerpt":{"rendered":"<p>Roberto Aguilar\/El Universal 4 febrero 2020 Ciudad Victoria.- De nueva cuenta, agricultores del municipio de San Fernando volvieron a bloquear este martes la carretera federal que une a Ciudad Victoria &hellip; <a href=\"https:\/\/www.grieta.org.mx\/index.php\/2020\/02\/04\/bloquean-carretera-en-tamaulipas-por-falta-de-apoyos-para-el-campo\/\" class=\"more-link\">Leer m\u00e1s<\/a><\/p>\n","protected":false},"author":2,"featured_media":44394,"comment_status":"closed","ping_status":"closed","sticky":false,"template":"","format":"standard","meta":{"ngg_post_thumbnail":0,"_jetpack_newsletter_access":"","_jetpack_dont_email_post_to_subs":false,"_jetpack_newsletter_tier_id":0,"_jetpack_memberships_contains_paywalled_content":false,"_jetpack_memberships_contains_paid_content":false,"footnotes":""},"categories":[80,2,33],"tags":[3091,3092],"class_list":["post-44392","post","type-post","status-publish","format-standard","has-post-thumbnail","hentry","category-cintillo","category-noticias-nacionales","category-tamaulipas","tag-falta-de-apoyos-al-campo","tag-movilizaciones-campesinas","entry"],"jetpack_featured_media_url":"https:\/\/www.grieta.org.mx\/wp-content\/uploads\/2020\/02\/bloqueo-tamaulipas.jpg","jetpack_sharing_enabled":true,"jetpack_shortlink":"https:\/\/wp.me\/p7ZJR4-by0","jetpack_likes_enabled":false,"jetpack-related-posts":[{"id":45494,"url":"https:\/\/www.grieta.org.mx\/index.php\/2020\/02\/17\/campesinos-de-tamaulipas-realizan-bloqueos-en-carreteras\/","url_meta":{"origin":44392,"position":0},"title":"Campesinos de Tamaulipas realizan bloqueos en carreteras","author":"grieta","date":"17 febrero, 2020","format":false,"excerpt":"Redacci\u00f3n\/La Verdad 17 febrero 2020 Los bloqueos realizados por lo campesinos inconformes se llevaron a cabo de manera simult\u00e1nea en varios puntos de Tamaulipas Tal como se anunci\u00f3 durante el fin de semana, un grupo de campesinos pertenecientes a la organizaci\u00f3n denominada \u201cCampesinos Unidos de San Fernando\u201d, bloque\u00f3 la ma\u00f1ana\u2026","rel":"","context":"En &quot;CINTILLO&quot;","block_context":{"text":"CINTILLO","link":"https:\/\/www.grieta.org.mx\/index.php\/category\/cintillo\/"},"img":{"alt_text":"","src":"https:\/\/i0.wp.com\/www.grieta.org.mx\/wp-content\/uploads\/2020\/03\/campesinos.png?resize=350%2C200&ssl=1","width":350,"height":200,"srcset":"https:\/\/i0.wp.com\/www.grieta.org.mx\/wp-content\/uploads\/2020\/03\/campesinos.png?resize=350%2C200&ssl=1 1x, https:\/\/i0.wp.com\/www.grieta.org.mx\/wp-content\/uploads\/2020\/03\/campesinos.png?resize=525%2C300&ssl=1 1.5x, https:\/\/i0.wp.com\/www.grieta.org.mx\/wp-content\/uploads\/2020\/03\/campesinos.png?resize=700%2C400&ssl=1 2x"},"classes":[]},{"id":51290,"url":"https:\/\/www.grieta.org.mx\/index.php\/2020\/06\/18\/campesinos-bloquean-carreteras-de-tamaulipas-para-exigir-pagos-justos\/","url_meta":{"origin":44392,"position":1},"title":"Campesinos bloquean carreteras de Tamaulipas para exigir pagos justos","author":"grieta","date":"18 junio, 2020","format":false,"excerpt":"Redacci\u00f3n\/Televisa.News 18 junio 2020 El grupo de agricultores se instal\u00f3 en el Puente Las Barreras para efectuar la protesta Un grupode campesinos bloquean carreteras en San Fernando, Tamaulipas. Efe Un grupo de campesinos bloquearon este jueves carreteras de San Fernando, Tamaulipas, para exigir pagos justos por su cosecha. Te recomendamos:\u2026","rel":"","context":"En &quot;CINTILLO&quot;","block_context":{"text":"CINTILLO","link":"https:\/\/www.grieta.org.mx\/index.php\/category\/cintillo\/"},"img":{"alt_text":"","src":"https:\/\/i0.wp.com\/www.grieta.org.mx\/wp-content\/uploads\/2020\/06\/campesionos-bloquean-carreteras-en-san-fernando-tamaulipas.jpg?resize=350%2C200&ssl=1","width":350,"height":200,"srcset":"https:\/\/i0.wp.com\/www.grieta.org.mx\/wp-content\/uploads\/2020\/06\/campesionos-bloquean-carreteras-en-san-fernando-tamaulipas.jpg?resize=350%2C200&ssl=1 1x, https:\/\/i0.wp.com\/www.grieta.org.mx\/wp-content\/uploads\/2020\/06\/campesionos-bloquean-carreteras-en-san-fernando-tamaulipas.jpg?resize=525%2C300&ssl=1 1.5x, https:\/\/i0.wp.com\/www.grieta.org.mx\/wp-content\/uploads\/2020\/06\/campesionos-bloquean-carreteras-en-san-fernando-tamaulipas.jpg?resize=700%2C400&ssl=1 2x, https:\/\/i0.wp.com\/www.grieta.org.mx\/wp-content\/uploads\/2020\/06\/campesionos-bloquean-carreteras-en-san-fernando-tamaulipas.jpg?resize=1050%2C600&ssl=1 3x"},"classes":[]},{"id":44399,"url":"https:\/\/www.grieta.org.mx\/index.php\/2020\/02\/05\/buscan-productores-de-tamaulipas-donde-acomodar-su-naranja\/","url_meta":{"origin":44392,"position":2},"title":"Buscan productores de Tamaulipas donde acomodar su naranja","author":"grieta","date":"5 febrero, 2020","format":false,"excerpt":"Alberto Serna\/Ciudad Victoria 5 febrero 2020 Ciudad Victoria, Tamaulipas. - Los productores del centro del Estado est\u00e1n haciendo un en\u00e9rgico llamado a la Secretar\u00eda de Desarrollo Econ\u00f3mico de Tamaulipas, para que se les apoye en busca de mercados en donde poder colocar sus productos. Esto luego de que han denunciado\u2026","rel":"","context":"En &quot;CINTILLO&quot;","block_context":{"text":"CINTILLO","link":"https:\/\/www.grieta.org.mx\/index.php\/category\/cintillo\/"},"img":{"alt_text":"","src":"https:\/\/i0.wp.com\/www.grieta.org.mx\/wp-content\/uploads\/2020\/02\/Buscan-productores-de-Tamaulipas-donde-acomodar-su-naranja.jpg?resize=350%2C200&ssl=1","width":350,"height":200,"srcset":"https:\/\/i0.wp.com\/www.grieta.org.mx\/wp-content\/uploads\/2020\/02\/Buscan-productores-de-Tamaulipas-donde-acomodar-su-naranja.jpg?resize=350%2C200&ssl=1 1x, https:\/\/i0.wp.com\/www.grieta.org.mx\/wp-content\/uploads\/2020\/02\/Buscan-productores-de-Tamaulipas-donde-acomodar-su-naranja.jpg?resize=525%2C300&ssl=1 1.5x, https:\/\/i0.wp.com\/www.grieta.org.mx\/wp-content\/uploads\/2020\/02\/Buscan-productores-de-Tamaulipas-donde-acomodar-su-naranja.jpg?resize=700%2C400&ssl=1 2x"},"classes":[]},{"id":49873,"url":"https:\/\/www.grieta.org.mx\/index.php\/2020\/05\/25\/familiares-de-desaparecidos-exigen-reactivar-busquedas-tamaulipas\/","url_meta":{"origin":44392,"position":3},"title":"Familiares de desaparecidos exigen reactivar b\u00fasquedas (Tamaulipas)","author":"grieta","date":"25 mayo, 2020","format":false,"excerpt":"Antonio Hern\u00e1ndez\/Milenio 25 mayo 2020 El gobierno de Tamaulipas planea construir seis panteones forenses. Familiares de desaparecidos exigen reactivar b\u00fasquedas en Tamaulipas | Cortes\u00eda A pesar de la pandemia por coronavirus, familiares de Desaparecidos del colectivo \u201cMadres Unidas por Nuestros Hijos\u201d de San Fernando, Tamaulipas piden que las dejen continuar\u2026","rel":"","context":"En &quot;CINTILLO&quot;","block_context":{"text":"CINTILLO","link":"https:\/\/www.grieta.org.mx\/index.php\/category\/cintillo\/"},"img":{"alt_text":"","src":"https:\/\/i0.wp.com\/www.grieta.org.mx\/wp-content\/uploads\/2020\/05\/familiares-desaparecidos-exigen-reactivar-busquedas_0_62_958_595.jpg?resize=350%2C200&ssl=1","width":350,"height":200,"srcset":"https:\/\/i0.wp.com\/www.grieta.org.mx\/wp-content\/uploads\/2020\/05\/familiares-desaparecidos-exigen-reactivar-busquedas_0_62_958_595.jpg?resize=350%2C200&ssl=1 1x, https:\/\/i0.wp.com\/www.grieta.org.mx\/wp-content\/uploads\/2020\/05\/familiares-desaparecidos-exigen-reactivar-busquedas_0_62_958_595.jpg?resize=525%2C300&ssl=1 1.5x, https:\/\/i0.wp.com\/www.grieta.org.mx\/wp-content\/uploads\/2020\/05\/familiares-desaparecidos-exigen-reactivar-busquedas_0_62_958_595.jpg?resize=700%2C400&ssl=1 2x"},"classes":[]},{"id":13178,"url":"https:\/\/www.grieta.org.mx\/index.php\/2016\/02\/24\/campesinos-cierran-los-pozos-de-pemex-en-san-fernando-tamaulipas\/","url_meta":{"origin":44392,"position":4},"title":"Campesinos cierran los pozos de Pemex en San Fernando, Tamaulipas","author":"grieta","date":"24 febrero, 2016","format":false,"excerpt":"Victor Manuel Roy SAN FERNANDO, Tamaulipas.- Campesinos de los poblados Santa Gertrudis y el Cortine\u00f1o, impidieron la entrada a transportes de carga en los pozos los nejos, ante el incumplimiento de PEMEX-IHSA de las normas ambientales e incumplimiento de convenios. Esto se desarroll\u00f3 la ma\u00f1ana del mi\u00e9rcoles en la entrada\u2026","rel":"","context":"En &quot;CINTILLO&quot;","block_context":{"text":"CINTILLO","link":"https:\/\/www.grieta.org.mx\/index.php\/category\/cintillo\/"},"img":{"alt_text":"","src":"https:\/\/i0.wp.com\/www.grieta.org.mx\/wp-content\/uploads\/2018\/03\/14524434_1106112876131411_958039263622046936_o.jpg?resize=350%2C200&ssl=1","width":350,"height":200,"srcset":"https:\/\/i0.wp.com\/www.grieta.org.mx\/wp-content\/uploads\/2018\/03\/14524434_1106112876131411_958039263622046936_o.jpg?resize=350%2C200&ssl=1 1x, https:\/\/i0.wp.com\/www.grieta.org.mx\/wp-content\/uploads\/2018\/03\/14524434_1106112876131411_958039263622046936_o.jpg?resize=525%2C300&ssl=1 1.5x, https:\/\/i0.wp.com\/www.grieta.org.mx\/wp-content\/uploads\/2018\/03\/14524434_1106112876131411_958039263622046936_o.jpg?resize=700%2C400&ssl=1 2x"},"classes":[]},{"id":53962,"url":"https:\/\/www.grieta.org.mx\/index.php\/2020\/08\/07\/dejan-sin-respuesta-a-productores-de-tamaulipas\/","url_meta":{"origin":44392,"position":5},"title":"Dejan sin respuesta a productores de Tamaulipas","author":"grieta","date":"7 agosto, 2020","format":false,"excerpt":"Redacci\u00f3n\/Expreso.press 7 agosto 2020 Hace 16 d\u00edas se reunieron con la Secretaria de Gobernaci\u00f3n, y desde entonces no se ha definido nada sobre sus exigencias CIUDAD VICTORIA, TAMAULIPAS.- Los productores del norte de Tamaulipas, est\u00e1n desesperados debido a que se cumplieron 16 d\u00edas de que se reunieron con la Secretaria\u2026","rel":"","context":"En &quot;CINTILLO&quot;","block_context":{"text":"CINTILLO","link":"https:\/\/www.grieta.org.mx\/index.php\/category\/cintillo\/"},"img":{"alt_text":"","src":"https:\/\/i0.wp.com\/www.grieta.org.mx\/wp-content\/uploads\/2020\/10\/PUENTE-BLOQUEO.jpg?resize=350%2C200&ssl=1","width":350,"height":200,"srcset":"https:\/\/i0.wp.com\/www.grieta.org.mx\/wp-content\/uploads\/2020\/10\/PUENTE-BLOQUEO.jpg?resize=350%2C200&ssl=1 1x, https:\/\/i0.wp.com\/www.grieta.org.mx\/wp-content\/uploads\/2020\/10\/PUENTE-BLOQUEO.jpg?resize=525%2C300&ssl=1 1.5x, https:\/\/i0.wp.com\/www.grieta.org.mx\/wp-content\/uploads\/2020\/10\/PUENTE-BLOQUEO.jpg?resize=700%2C400&ssl=1 2x"},"classes":[]}],"_links":{"self":[{"href":"https:\/\/www.grieta.org.mx\/index.php\/wp-json\/wp\/v2\/posts\/44392","targetHints":{"allow":["GET"]}}],"collection":[{"href":"https:\/\/www.grieta.org.mx\/index.php\/wp-json\/wp\/v2\/posts"}],"about":[{"href":"https:\/\/www.grieta.org.mx\/index.php\/wp-json\/wp\/v2\/types\/post"}],"author":[{"embeddable":true,"href":"https:\/\/www.grieta.org.mx\/index.php\/wp-json\/wp\/v2\/users\/2"}],"replies":[{"embeddable":true,"href":"https:\/\/www.grieta.org.mx\/index.php\/wp-json\/wp\/v2\/comments?post=44392"}],"version-history":[{"count":1,"href":"https:\/\/www.grieta.org.mx\/index.php\/wp-json\/wp\/v2\/posts\/44392\/revisions"}],"predecessor-version":[{"id":44395,"href":"https:\/\/www.grieta.org.mx\/index.php\/wp-json\/wp\/v2\/posts\/44392\/revisions\/44395"}],"wp:featuredmedia":[{"embeddable":true,"href":"https:\/\/www.grieta.org.mx\/index.php\/wp-json\/wp\/v2\/media\/44394"}],"wp:attachment":[{"href":"https:\/\/www.grieta.org.mx\/index.php\/wp-json\/wp\/v2\/media?parent=44392"}],"wp:term":[{"taxonomy":"category","embeddable":true,"href":"https:\/\/www.grieta.org.mx\/index.php\/wp-json\/wp\/v2\/categories?post=44392"},{"taxonomy":"post_tag","embeddable":true,"href":"https:\/\/www.grieta.org.mx\/index.php\/wp-json\/wp\/v2\/tags?post=44392"}],"curies":[{"name":"wp","href":"https:\/\/api.w.org\/{rel}","templated":true}]}}