{"id":44322,"date":"2020-02-14T10:12:16","date_gmt":"2020-02-14T16:12:16","guid":{"rendered":"http:\/\/www.grieta.org.mx\/?p=44322"},"modified":"2020-02-15T10:21:49","modified_gmt":"2020-02-15T16:21:49","slug":"campesinos-exponen-lucha-contra-injusticias-coahuila","status":"publish","type":"post","link":"https:\/\/www.grieta.org.mx\/index.php\/2020\/02\/14\/campesinos-exponen-lucha-contra-injusticias-coahuila\/","title":{"rendered":"Campesinos exponen lucha contra injusticias (Coahuila)"},"content":{"rendered":"<figure id=\"attachment_44323\" aria-describedby=\"caption-attachment-44323\" style=\"width: 980px\" class=\"wp-caption aligncenter\"><img loading=\"lazy\" decoding=\"async\" data-attachment-id=\"44323\" data-permalink=\"https:\/\/www.grieta.org.mx\/index.php\/2020\/02\/14\/campesinos-exponen-lucha-contra-injusticias-coahuila\/marcos-medina\/\" data-orig-file=\"https:\/\/www.grieta.org.mx\/wp-content\/uploads\/2020\/02\/Marcos-Medina.jpg\" data-orig-size=\"980,653\" data-comments-opened=\"0\" data-image-meta=\"{&quot;aperture&quot;:&quot;0&quot;,&quot;credit&quot;:&quot;&quot;,&quot;camera&quot;:&quot;&quot;,&quot;caption&quot;:&quot;&quot;,&quot;created_timestamp&quot;:&quot;0&quot;,&quot;copyright&quot;:&quot;&quot;,&quot;focal_length&quot;:&quot;0&quot;,&quot;iso&quot;:&quot;0&quot;,&quot;shutter_speed&quot;:&quot;0&quot;,&quot;title&quot;:&quot;&quot;,&quot;orientation&quot;:&quot;0&quot;}\" data-image-title=\"Marcos Medina\" data-image-description=\"\" data-image-caption=\"&lt;p&gt;Foto: Marcos Medina&lt;\/p&gt;\n\" data-medium-file=\"https:\/\/www.grieta.org.mx\/wp-content\/uploads\/2020\/02\/Marcos-Medina-300x200.jpg\" data-large-file=\"https:\/\/www.grieta.org.mx\/wp-content\/uploads\/2020\/02\/Marcos-Medina.jpg\" src=\"http:\/\/www.grieta.org.mx\/wp-content\/uploads\/2020\/02\/Marcos-Medina.jpg\" alt=\"\" width=\"980\" height=\"653\" class=\"size-full wp-image-44323\" srcset=\"https:\/\/www.grieta.org.mx\/wp-content\/uploads\/2020\/02\/Marcos-Medina.jpg 980w, https:\/\/www.grieta.org.mx\/wp-content\/uploads\/2020\/02\/Marcos-Medina-300x200.jpg 300w, https:\/\/www.grieta.org.mx\/wp-content\/uploads\/2020\/02\/Marcos-Medina-768x512.jpg 768w, https:\/\/www.grieta.org.mx\/wp-content\/uploads\/2020\/02\/Marcos-Medina-750x500.jpg 750w\" sizes=\"auto, (max-width: 980px) 100vw, 980px\" \/><figcaption id=\"caption-attachment-44323\" class=\"wp-caption-text\">Foto: Marcos Medina<\/figcaption><\/figure>\n<p>Christian Mart\u00ednez\/ VANGUARDIA MX<\/p>\n<blockquote><p>Participaron en el foro \u201cTodas las voces, todas las lucha\u201d<\/p><\/blockquote>\n<p>La Casa San Jos\u00e9, que depende de la Di\u00f3cesis de Saltillo, sirvi\u00f3 como punto de reuni\u00f3n para decenas de campesinos quienes se manifestaron en contra de las injusticias, que los han afectado durante los \u00faltimos a\u00f1os, en el foro \u201cTodas las voces, todas las lucha\u201d.<\/p>\n<p>El evento es parte de los foros que se realizan antes de que se presente la renuncia del obispo Ra\u00fal Vera ante el Vaticano. Se realizar\u00e1n los d\u00edas 13 de cada mes hasta junio. <\/p>\n<p>\u201cNo dejen de trabajar por nosotros\u201d, pidi\u00f3 el obispo a los campesinos y record\u00f3 la importancia dentro de la sociedad de los trabajos y productos que \u00e9stos realizan: \u201cEl servicio que le dan a la sociedad es insustituible\u201d.<\/p>\n<p>Entre los invitados estuvieron colectivos de campesinos del municipio de Parras, General Cepeda, Monclova y de la Comarca Lagunera.<\/p>\n<p>Entre las problem\u00e1ticas expuesta se encuentran la batalla legal que se libra actualmente contra el confinamiento de residuos t\u00f3xicos en el ejidos de Noria de la Sabina; las intenciones de llevarse el agua de Parras y de General Cepeda a la Ciudad industrial Derramadero, y la clausura del r\u00edo Victoria en Monclova por una constructora que pretender instalar un complejo habitacional en el lugar.<\/p>\n<p><a href=\"https:\/\/vanguardia.com.mx\/articulo\/campesinos-exponen-lucha-contra-injusticias\" rel=\"noopener noreferrer\" target=\"_blank\">https:\/\/vanguardia.com.mx\/articulo\/campesinos-exponen-lucha-contra-injusticias<\/a><\/p>\n","protected":false},"excerpt":{"rendered":"<p>Christian Mart\u00ednez\/ VANGUARDIA MX Participaron en el foro \u201cTodas las voces, todas las lucha\u201d La Casa San Jos\u00e9, que depende de la Di\u00f3cesis de Saltillo, sirvi\u00f3 como punto de reuni\u00f3n &hellip; <a href=\"https:\/\/www.grieta.org.mx\/index.php\/2020\/02\/14\/campesinos-exponen-lucha-contra-injusticias-coahuila\/\" class=\"more-link\">Leer m\u00e1s<\/a><\/p>\n","protected":false},"author":2,"featured_media":44323,"comment_status":"closed","ping_status":"closed","sticky":false,"template":"","format":"standard","meta":{"ngg_post_thumbnail":0,"_jetpack_newsletter_access":"","_jetpack_dont_email_post_to_subs":false,"_jetpack_newsletter_tier_id":0,"_jetpack_memberships_contains_paywalled_content":false,"_jetpack_memberships_contains_paid_content":false,"footnotes":""},"categories":[80,419,1960,3048,1278,2393,1751,3081,83],"tags":[1744,3084,276,3083,3082],"class_list":["post-44322","post","type-post","status-publish","format-standard","has-post-thumbnail","hentry","category-cintillo","category-coahuila","category-contaminacion-ambiental-en-coahuila","category-contaminacion-industrial-en-coahuila","category-despojo-de-tierras-y-territorios","category-escasez-de-agua-en-coahuila","category-privatizacion-del-agua-en-coahuila","category-proyectos-inmobiliarios-en-coahuila","category-temas-nacionales","tag-comarca-lagunera","tag-general-cepdeda","tag-monclova","tag-parras","tag-protestas-campesinas","entry"],"jetpack_featured_media_url":"https:\/\/www.grieta.org.mx\/wp-content\/uploads\/2020\/02\/Marcos-Medina.jpg","jetpack_sharing_enabled":true,"jetpack_shortlink":"https:\/\/wp.me\/p7ZJR4-bwS","jetpack_likes_enabled":false,"jetpack-related-posts":[{"id":17558,"url":"https:\/\/www.grieta.org.mx\/index.php\/2016\/07\/23\/campesinos-de-coahuila-se-organizan-contra-el-coyotaje\/","url_meta":{"origin":44322,"position":0},"title":"Campesinos de Coahuila se organizan contra el coyotaje","author":"grieta","date":"23 julio, 2016","format":false,"excerpt":"22\/07\/16. Productores de mel\u00f3n toman la carretera San Pedro \u2013 La Cuchilla El Siglo de Torre\u00f3n","rel":"","context":"En &quot;Coahuila&quot;","block_context":{"text":"Coahuila","link":"https:\/\/www.grieta.org.mx\/index.php\/category\/noticias-nacionales\/coahuila\/"},"img":{"alt_text":"","src":"https:\/\/i0.wp.com\/www.grieta.org.mx\/wp-content\/uploads\/2018\/03\/14524434_1106112876131411_958039263622046936_o.jpg?resize=350%2C200&ssl=1","width":350,"height":200,"srcset":"https:\/\/i0.wp.com\/www.grieta.org.mx\/wp-content\/uploads\/2018\/03\/14524434_1106112876131411_958039263622046936_o.jpg?resize=350%2C200&ssl=1 1x, https:\/\/i0.wp.com\/www.grieta.org.mx\/wp-content\/uploads\/2018\/03\/14524434_1106112876131411_958039263622046936_o.jpg?resize=525%2C300&ssl=1 1.5x, https:\/\/i0.wp.com\/www.grieta.org.mx\/wp-content\/uploads\/2018\/03\/14524434_1106112876131411_958039263622046936_o.jpg?resize=700%2C400&ssl=1 2x"},"classes":[]},{"id":30316,"url":"https:\/\/www.grieta.org.mx\/index.php\/2019\/03\/09\/solapa-simas-la-contaminacion-coahuila\/","url_meta":{"origin":44322,"position":1},"title":"Solapa Simas la contaminaci\u00f3n (Coahuila)","author":"grieta","date":"9 marzo, 2019","format":false,"excerpt":"Redacci\u00f3n\/Z\u00d3CALO Monclova, Coah.- Vecinos que residen en \u00e1reas aleda\u00f1as al R\u00edo Monclova afirmaron que durante la instalaci\u00f3n de tuber\u00eda para desviar la ampliaci\u00f3n de descarga de aguas negras a los cauces de esa corriente, observaron camionetas del Simas cuyas cuadrillas trabajaban d\u00eda y noche para favorecer a particulares que ordenaron\u2026","rel":"","context":"En &quot;Coahuila&quot;","block_context":{"text":"Coahuila","link":"https:\/\/www.grieta.org.mx\/index.php\/category\/noticias-nacionales\/coahuila\/"},"img":{"alt_text":"","src":"https:\/\/i0.wp.com\/www.grieta.org.mx\/wp-content\/uploads\/2019\/03\/simas.jpg?resize=350%2C200&ssl=1","width":350,"height":200,"srcset":"https:\/\/i0.wp.com\/www.grieta.org.mx\/wp-content\/uploads\/2019\/03\/simas.jpg?resize=350%2C200&ssl=1 1x, https:\/\/i0.wp.com\/www.grieta.org.mx\/wp-content\/uploads\/2019\/03\/simas.jpg?resize=525%2C300&ssl=1 1.5x"},"classes":[]},{"id":6683,"url":"https:\/\/www.grieta.org.mx\/index.php\/2016\/02\/08\/coahuilenses-se-movilizan-para-detener-construccion-de-basurero-toxico\/","url_meta":{"origin":44322,"position":2},"title":"Coahuilenses se movilizan para detener construcci\u00f3n de basurero t\u00f3xico","author":"grieta","date":"8 febrero, 2016","format":false,"excerpt":"08\/02\/16. Marchan contra basurero t\u00f3xico Reforma 28\/10\/15. Contin\u00faa la lucha contra el Cimari en General Cepeda Vanguardia 27\/10\/15. Pobladores del norte de M\u00e9xico rechazan vivir con 64,000 toneladas de desechos t\u00f3xicos La opini\u00f3n 26\/10\/15. Va SEMSA contra los allanadores del CIMARI Z\u00f3calo Saltillo 20\/10\/15. Va CIMARI contra ejidatarios Z\u00f3calo Saltillo\u2026","rel":"","context":"En &quot;Coahuila&quot;","block_context":{"text":"Coahuila","link":"https:\/\/www.grieta.org.mx\/index.php\/category\/noticias-nacionales\/coahuila\/"},"img":{"alt_text":"","src":"https:\/\/i0.wp.com\/www.grieta.org.mx\/wp-content\/uploads\/2018\/03\/14524434_1106112876131411_958039263622046936_o.jpg?resize=350%2C200&ssl=1","width":350,"height":200,"srcset":"https:\/\/i0.wp.com\/www.grieta.org.mx\/wp-content\/uploads\/2018\/03\/14524434_1106112876131411_958039263622046936_o.jpg?resize=350%2C200&ssl=1 1x, https:\/\/i0.wp.com\/www.grieta.org.mx\/wp-content\/uploads\/2018\/03\/14524434_1106112876131411_958039263622046936_o.jpg?resize=525%2C300&ssl=1 1.5x, https:\/\/i0.wp.com\/www.grieta.org.mx\/wp-content\/uploads\/2018\/03\/14524434_1106112876131411_958039263622046936_o.jpg?resize=700%2C400&ssl=1 2x"},"classes":[]},{"id":44994,"url":"https:\/\/www.grieta.org.mx\/index.php\/2020\/02\/23\/galeria-de-fotos-de-accion-dislocada-en-la-laguna-coahuila-durango-jornadas-samir-somos-todas-y-todos\/","url_meta":{"origin":44322,"position":3},"title":"Galer\u00eda de fotos de acci\u00f3n dislocada en La Laguna (Coahuila &#8211; Durango). Jornadas \u201cSamir Somos Todas y Todos\u201d","author":"Admin","date":"23 febrero, 2020","format":false,"excerpt":"Colectivo Grieta Proyecci\u00f3n de la palabra del EZLN en el Foro en Defensa del Territorio y la Madre Tierra en el espacio La Resistencia en Lerdo, La Laguna (Coahuila - Durango). Galer\u00eda de Fotos:","rel":"","context":"En &quot;CINTILLO&quot;","block_context":{"text":"CINTILLO","link":"https:\/\/www.grieta.org.mx\/index.php\/category\/cintillo\/"},"img":{"alt_text":"","src":"https:\/\/i0.wp.com\/www.grieta.org.mx\/wp-content\/uploads\/2020\/02\/0ae267b4-3465-40cf-979d-9417e4bf9632.jpg?resize=350%2C200&ssl=1","width":350,"height":200,"srcset":"https:\/\/i0.wp.com\/www.grieta.org.mx\/wp-content\/uploads\/2020\/02\/0ae267b4-3465-40cf-979d-9417e4bf9632.jpg?resize=350%2C200&ssl=1 1x, https:\/\/i0.wp.com\/www.grieta.org.mx\/wp-content\/uploads\/2020\/02\/0ae267b4-3465-40cf-979d-9417e4bf9632.jpg?resize=525%2C300&ssl=1 1.5x, https:\/\/i0.wp.com\/www.grieta.org.mx\/wp-content\/uploads\/2020\/02\/0ae267b4-3465-40cf-979d-9417e4bf9632.jpg?resize=700%2C400&ssl=1 2x"},"classes":[]},{"id":31049,"url":"https:\/\/www.grieta.org.mx\/index.php\/2019\/03\/18\/en-coahuila-frenan-concesiones-en-zona-protegida-de-cuatro-cienegas-pronatura-coahuila\/","url_meta":{"origin":44322,"position":4},"title":"En Coahuila, &#8216;frenan concesiones en zona protegida de Cuatro Ci\u00e9negas&#8217;: Pronatura (Coahuila)","author":"grieta","date":"18 marzo, 2019","format":false,"excerpt":"Ante la demanda, un juez otorg\u00f3 una suspensi\u00f3n definitiva Jos\u00e9 Reyes\/LA VANGUARDIA MX Tras meses de alegatos judiciales, la organizaci\u00f3n civil\u00a0Pronatura Noreste asegur\u00f3 haber ganado una suspensi\u00f3n definitiva en juicio de amparo contra acciones de la\u00a0Comisi\u00f3n Nacional del Agua\u00a0para que \u00e9sta frene la expedici\u00f3n de concesiones para el aprovechamiento, uso\u2026","rel":"","context":"En &quot;CINTILLO&quot;","block_context":{"text":"CINTILLO","link":"https:\/\/www.grieta.org.mx\/index.php\/category\/cintillo\/"},"img":{"alt_text":"","src":"https:\/\/i0.wp.com\/www.grieta.org.mx\/wp-content\/uploads\/2019\/03\/cuatro-ci%C3%A9negas.jpg?resize=350%2C200&ssl=1","width":350,"height":200,"srcset":"https:\/\/i0.wp.com\/www.grieta.org.mx\/wp-content\/uploads\/2019\/03\/cuatro-ci%C3%A9negas.jpg?resize=350%2C200&ssl=1 1x, https:\/\/i0.wp.com\/www.grieta.org.mx\/wp-content\/uploads\/2019\/03\/cuatro-ci%C3%A9negas.jpg?resize=525%2C300&ssl=1 1.5x, https:\/\/i0.wp.com\/www.grieta.org.mx\/wp-content\/uploads\/2019\/03\/cuatro-ci%C3%A9negas.jpg?resize=700%2C400&ssl=1 2x"},"classes":[]},{"id":6585,"url":"https:\/\/www.grieta.org.mx\/index.php\/2016\/03\/17\/desplazados-por-la-violencia-en-coahuila\/","url_meta":{"origin":44322,"position":5},"title":"Desplazados por la violencia en Coahuila","author":"grieta","date":"17 marzo, 2016","format":false,"excerpt":"17\/03\/16. Coahuilenses fueron desplazados durante lucha contra delincuencia El Siglo Coahuila","rel":"","context":"En &quot;Coahuila&quot;","block_context":{"text":"Coahuila","link":"https:\/\/www.grieta.org.mx\/index.php\/category\/noticias-nacionales\/coahuila\/"},"img":{"alt_text":"","src":"https:\/\/i0.wp.com\/www.grieta.org.mx\/wp-content\/uploads\/2018\/03\/14524434_1106112876131411_958039263622046936_o.jpg?resize=350%2C200&ssl=1","width":350,"height":200,"srcset":"https:\/\/i0.wp.com\/www.grieta.org.mx\/wp-content\/uploads\/2018\/03\/14524434_1106112876131411_958039263622046936_o.jpg?resize=350%2C200&ssl=1 1x, https:\/\/i0.wp.com\/www.grieta.org.mx\/wp-content\/uploads\/2018\/03\/14524434_1106112876131411_958039263622046936_o.jpg?resize=525%2C300&ssl=1 1.5x, https:\/\/i0.wp.com\/www.grieta.org.mx\/wp-content\/uploads\/2018\/03\/14524434_1106112876131411_958039263622046936_o.jpg?resize=700%2C400&ssl=1 2x"},"classes":[]}],"_links":{"self":[{"href":"https:\/\/www.grieta.org.mx\/index.php\/wp-json\/wp\/v2\/posts\/44322","targetHints":{"allow":["GET"]}}],"collection":[{"href":"https:\/\/www.grieta.org.mx\/index.php\/wp-json\/wp\/v2\/posts"}],"about":[{"href":"https:\/\/www.grieta.org.mx\/index.php\/wp-json\/wp\/v2\/types\/post"}],"author":[{"embeddable":true,"href":"https:\/\/www.grieta.org.mx\/index.php\/wp-json\/wp\/v2\/users\/2"}],"replies":[{"embeddable":true,"href":"https:\/\/www.grieta.org.mx\/index.php\/wp-json\/wp\/v2\/comments?post=44322"}],"version-history":[{"count":1,"href":"https:\/\/www.grieta.org.mx\/index.php\/wp-json\/wp\/v2\/posts\/44322\/revisions"}],"predecessor-version":[{"id":44324,"href":"https:\/\/www.grieta.org.mx\/index.php\/wp-json\/wp\/v2\/posts\/44322\/revisions\/44324"}],"wp:featuredmedia":[{"embeddable":true,"href":"https:\/\/www.grieta.org.mx\/index.php\/wp-json\/wp\/v2\/media\/44323"}],"wp:attachment":[{"href":"https:\/\/www.grieta.org.mx\/index.php\/wp-json\/wp\/v2\/media?parent=44322"}],"wp:term":[{"taxonomy":"category","embeddable":true,"href":"https:\/\/www.grieta.org.mx\/index.php\/wp-json\/wp\/v2\/categories?post=44322"},{"taxonomy":"post_tag","embeddable":true,"href":"https:\/\/www.grieta.org.mx\/index.php\/wp-json\/wp\/v2\/tags?post=44322"}],"curies":[{"name":"wp","href":"https:\/\/api.w.org\/{rel}","templated":true}]}}