{"id":44301,"date":"2020-02-11T04:53:02","date_gmt":"2020-02-11T10:53:02","guid":{"rendered":"http:\/\/www.grieta.org.mx\/?p=44301"},"modified":"2020-02-15T05:07:03","modified_gmt":"2020-02-15T11:07:03","slug":"msf-quedate-en-mexico-pone-a-migrantes-en-bandeja-de-plata-para-el-crimen-organizado","status":"publish","type":"post","link":"https:\/\/www.grieta.org.mx\/index.php\/2020\/02\/11\/msf-quedate-en-mexico-pone-a-migrantes-en-bandeja-de-plata-para-el-crimen-organizado\/","title":{"rendered":"MSF: \u201cQu\u00e9date en M\u00e9xico\u201d pone a migrantes en bandeja de plata para el crimen organizado"},"content":{"rendered":"<p>Gloria Leticia D\u00edaz\/ PROCESO<\/p>\n<figure id=\"attachment_44302\" aria-describedby=\"caption-attachment-44302\" style=\"width: 800px\" class=\"wp-caption aligncenter\"><img loading=\"lazy\" decoding=\"async\" data-attachment-id=\"44302\" data-permalink=\"https:\/\/www.grieta.org.mx\/index.php\/2020\/02\/11\/msf-quedate-en-mexico-pone-a-migrantes-en-bandeja-de-plata-para-el-crimen-organizado\/msf-870x522\/\" data-orig-file=\"https:\/\/www.grieta.org.mx\/wp-content\/uploads\/2020\/02\/MSF-870x522.jpg\" data-orig-size=\"870,522\" data-comments-opened=\"0\" data-image-meta=\"{&quot;aperture&quot;:&quot;0&quot;,&quot;credit&quot;:&quot;Maria Luisa Vivas Hernandez&quot;,&quot;camera&quot;:&quot;&quot;,&quot;caption&quot;:&quot;&quot;,&quot;created_timestamp&quot;:&quot;1581432245&quot;,&quot;copyright&quot;:&quot;&quot;,&quot;focal_length&quot;:&quot;0&quot;,&quot;iso&quot;:&quot;0&quot;,&quot;shutter_speed&quot;:&quot;0&quot;,&quot;title&quot;:&quot;&quot;,&quot;orientation&quot;:&quot;0&quot;}\" data-image-title=\"MSF-870&amp;#215;522\" data-image-description=\"\" data-image-caption=\"&lt;p&gt;MSF present\u00f3 el informe:\u201cSin salida. La crisis humanitaria de la poblaci\u00f3n migrante y solicitante de asilo atrapada entre Estados Unidos, M\u00e9xico y el Tri\u00e1ngulo Norte de Centroam\u00e9rica\u201d. Foto: Twitter @MSF_Mexico&lt;\/p&gt;\n\" data-medium-file=\"https:\/\/www.grieta.org.mx\/wp-content\/uploads\/2020\/02\/MSF-870x522-300x180.jpg\" data-large-file=\"https:\/\/www.grieta.org.mx\/wp-content\/uploads\/2020\/02\/MSF-870x522.jpg\" class=\"wp-image-44302\" src=\"http:\/\/www.grieta.org.mx\/wp-content\/uploads\/2020\/02\/MSF-870x522.jpg\" alt=\"\" width=\"800\" height=\"480\" srcset=\"https:\/\/www.grieta.org.mx\/wp-content\/uploads\/2020\/02\/MSF-870x522.jpg 870w, https:\/\/www.grieta.org.mx\/wp-content\/uploads\/2020\/02\/MSF-870x522-300x180.jpg 300w, https:\/\/www.grieta.org.mx\/wp-content\/uploads\/2020\/02\/MSF-870x522-768x461.jpg 768w, https:\/\/www.grieta.org.mx\/wp-content\/uploads\/2020\/02\/MSF-870x522-833x500.jpg 833w\" sizes=\"auto, (max-width: 800px) 100vw, 800px\" \/><figcaption id=\"caption-attachment-44302\" class=\"wp-caption-text\">MSF present\u00f3 el informe:\u201cSin salida. La crisis humanitaria de la poblaci\u00f3n migrante y solicitante de asilo atrapada entre Estados Unidos, M\u00e9xico y el Tri\u00e1ngulo Norte de Centroam\u00e9rica\u201d. Foto: Twitter @MSF_Mexico<\/figcaption><\/figure>\n<p>CIUDAD DE M\u00c9XICO (apro).- El programa migratorio \u201cQu\u00e9date en M\u00e9xico\u201d, en el que miles de personas centroamericanas esperan el tr\u00e1mite de su solicitud de asilo en Estados Unidos, los est\u00e1 \u201cponiendo en bandeja de plata\u201d para ser v\u00edctimas del crimen organizado, denuncia Gordon Finkbeiner, coordinador del Proyecto de Migrantes de M\u00e9dicos Sin Fronteras (MSF).<\/p>\n<p>Finkbeiner habl\u00f3 con Apro en el contexto de la presentaci\u00f3n del informe de la organizaci\u00f3n humanitaria \u201cSin salida. La crisis humanitaria de la poblaci\u00f3n migrante y solicitante de asilo atrapada entre Estados Unidos, M\u00e9xico y el Tri\u00e1ngulo Norte de Centroam\u00e9rica\u201d.<\/p>\n<p>Al respecto, lamenta que por lo menos desde hace seis meses la organizaci\u00f3n ha denunciado a las autoridades los actos criminales que ocurren en contra de las personas en tr\u00e1nsito sin que hasta el momento se hayan tomado medidas para atender el problema.<\/p>\n<p>MSF tiene consultorios desplegados por la ruta migrante en M\u00e9xico a donde las personas en condici\u00f3n de movilidad provenientes principalmente de Honduras, El Salvador y Guatemala, llegan maltrechas f\u00edsica y psicol\u00f3gicamente. Ello debido a las condiciones de violencia extrema a que han sido sometidos desde sus lugares de origen, durante el tr\u00e1nsito a Estados Unidos, y en el mismo pa\u00eds del norte, en el caso de aquellos que llegaron a cruzar la l\u00ednea fronteriza.<\/p>\n<p>Epidemia de violencia<br \/>\nLa organizaci\u00f3n humanitaria con presencia en la ruta migratoria desde 2012 detect\u00f3 una \u201cepidemia de violencia\u201d. Seg\u00fan un estudio realizado de enero de 2018 a septiembre de 2019, a trav\u00e9s de 480 entrevistas a personas migrantes, 97.9% de ellas provenientes del Tri\u00e1ngulo Norte de Centroam\u00e9rica, \u201csufren una violencia comparable a la presente en zonas de guerra en las que MSF lleva d\u00e9cadas trabajando\u201d, refiere el documento.<\/p>\n<p>De acuerdo con el estudio, basado tambi\u00e9n en datos estad\u00edsticos de miles de consultas m\u00e9dicas y psicol\u00f3gicas, 61.9 % de los migrantes entrevistados estuvieron expuestos \u201ca alguna situaci\u00f3n de violencia durante los dos a\u00f1os anteriores a su salida de su pa\u00eds\u201d. En tanto que 45.8% se\u00f1alaron a la violencia como \u201cdeterminante para tomar la decisi\u00f3n de migrar\u201d, algunos de ellos incluso ya hab\u00edan sido v\u00edctimas de desplazamiento interno.<\/p>\n<p>Entre los tipos de violencia en sus lugares de origen m\u00e1s mencionadas resaltaron: agresiones directas (20.8%), extorsi\u00f3n (14.32%), intentos de reclutamiento forzado por parte de bandas (10.5%) y confinamiento (5.5).<\/p>\n<p>Endurecimiento de las pol\u00edticas<br \/>\nComo responsable del programa y del informe, Gordon Finkbeiner advierte que en los \u00faltimos dos a\u00f1os se endureci\u00f3 la pol\u00edtica migratoria en Estados Unidos y M\u00e9xico.<\/p>\n<p>\u201cNo es posible que los est\u00e9n recibiendo con armas, deteni\u00e9ndolos, criminaliz\u00e1ndolos. Lo que ocurre es que quedan expuestos a las bandas criminales que hacen negocio con todo esto, con la violencia que esto puede llegar a suponer. Adem\u00e1s, se hacen vulnerables a cualquier otro tipo de situaci\u00f3n, sean extorsiones u otras\u201d, dice el investigador.<\/p>\n<p>Destaca que, en los \u00faltimos dos a\u00f1os, lo que MSF ha observado es que, ante las barreras para el avance hacia el norte, los migrantes han tenido que \u201cbuscar otro tipo de rutas por donde viajar\u201d lo que aumenta el peligro. De manera particular, dice, lo han visto en uno de los puntos de entrada al pa\u00eds por Tabasco. Ah\u00ed MSF tiene un punto de atenci\u00f3n y \u201cestamos viendo un aumento no s\u00f3lo en los n\u00fameros (de agresiones) sino en el nivel de brutalidad que se le aplica a los migrantes.<\/p>\n<p>De acuerdo con el informe, a su paso por M\u00e9xico, 39.2 % fueron v\u00edctimas al menos de un incidente de asalto con violencia; 27.3% fueron amenazados o extorsionados; 17.9% declararon haber presenciado alg\u00fan homicidio. Y el 78% de las tres mil 695 personas atendidas en consultas psicol\u00f3gicas entre enero de 2018 y septiembre de 2019 \u201cpresentaban alg\u00fan factor desencadenante relacionado con la exposici\u00f3n de la violencia\u201d.<\/p>\n<p>Violencia sexual, en aumento<br \/>\nEn cuanto al tipo de agresiones sufridas en M\u00e9xico, la organizaci\u00f3n destaca con alarma que en los primeros nueve meses de 2019, MSF atendi\u00f3 277 casos de violencia sexual, lo que implica un aument\u00f3 de \u201cm\u00e1s del doble (134%) en relaci\u00f3n con el mismo periodo del a\u00f1o anterior (118)\u201d. En tanto, 79.6% de las personas atendidas en Nuevo Laredo de enero a septiembre en 2019, \u201crefirieron haber sufrido un evento de violencia y 43.7% de los pacientes dijeron haber sido v\u00edctimas de violencia durante los siete d\u00edas anteriores a la consulta\u201d.<\/p>\n<p>El documento refiere que tambi\u00e9n en Nuevo Laredo 18.6% de las personas que asistieron a atenci\u00f3n de salud mental, \u201chab\u00edan sido v\u00edctimas de secuestro, el 63% de ellas en los d\u00edas anteriores a la consulta\u201d.<\/p>\n<p>En cuanto a las personas atendidas en septiembre, consideradas en los Protocolos de Protecci\u00f3n a Migrantes (MPP) en Nuevo Laredo, en 18 de 41 casos \u201chab\u00edan sufrido un reciente episodio de secuestro. Otros cinco reportaron haber padecido un intento de secuestro fallido\u201d, pero en octubre de 2019 la situaci\u00f3n fue muy grave, 33 de 44 pacientes fueron plagiados.<\/p>\n<p>Sobre este \u00faltimo dato, Finkbeiner puntualiza:<\/p>\n<blockquote><p>\u201cEs tan gr\u00e1fico. Llama la atenci\u00f3n, llevamos meses denunci\u00e1ndolo. Nos parece inaceptable, el dato habla de por s\u00ed. Lo que est\u00e1 haciendo esta pol\u00edtica (migratoria) de facto es entregar a los migrantes, est\u00e1n siendo devueltos en Nuevo Laredo en una bandeja de plata\u201d a los criminales.<\/p><\/blockquote>\n<p>ONG, sin apoyo<br \/>\nLamenta que mientras se incrementa la violencia contra los migrantes, la situaci\u00f3n de las organizaciones humanitarias ha dejado de tener la protecci\u00f3n que anteriormente se les daba para atender esa poblaci\u00f3n en movilidad.<\/p>\n<p>Tras contar que a partir de junio empezaron a realizarse redadas de la Guardia Nacional cerca de los puntos de atenci\u00f3n de MSF, lo que provoc\u00f3 que disminuyera el n\u00famero de migrantes que acud\u00edan a la atenci\u00f3n m\u00e9dica o psicol\u00f3gica, el coordinador del Programa de Migrantes dice:<\/p>\n<blockquote><p>\u201cEstamos viendo que el respeto hacia el espacio humanitario ya no est\u00e1, con ejemplo y con otros que hemos visto en la prensa (de intentos de ingresar) a las casas migrantes, no s\u00e9 decir si es por desconocimiento de la ley migratoria y de los derechos humanos en general o si por voluntad pol\u00edtica u operacional detr\u00e1s. No me compete juzgar sobre ello, pero de que est\u00e1 sucediendo, est\u00e1 sucediendo y eso lo denunciamos\u201d.<\/p><\/blockquote>\n<p>Al se\u00f1alar que el informe de MSF se entregar\u00e1 a funcionarios del gobierno federal, entre ellos el Instituto Nacional de Migraci\u00f3n (INM), Finkbeiner dice que el \u00fanico objetivo que tiene el documento es llamar la atenci\u00f3n sobre lo que est\u00e1 ocurriendo en la ruta fronteriza.<\/p>\n<p>\u201cNosotros no estamos ah\u00ed para decirle a un gobierno qu\u00e9 tiene que hacer, nosotros no somos pol\u00edticos. S\u00ed que podemos con los datos estad\u00edsticos que estamos viendo en nuestras consultas m\u00e9dicas y psicol\u00f3gicas, si esto tiene un impacto directo en la salud, lo podemos utilizar, y en este caso es lo que estamos haciendo\u201d, puntualiza Gordon Finkbeiner.<\/p>\n<p><a href=\"https:\/\/www.proceso.com.mx\/617524\/msf-quedate-en-mexico-pone-a-migrantes-en-bandeja-de-plata-para-el-crimen-organizado\" target=\"_blank\" rel=\"noopener noreferrer\">https:\/\/www.proceso.com.mx\/617524\/msf-quedate-en-mexico-pone-a-migrantes-en-bandeja-de-plata-para-el-crimen-organizado<\/a><\/p>\n","protected":false},"excerpt":{"rendered":"<p>Gloria Leticia D\u00edaz\/ PROCESO CIUDAD DE M\u00c9XICO (apro).- El programa migratorio \u201cQu\u00e9date en M\u00e9xico\u201d, en el que miles de personas centroamericanas esperan el tr\u00e1mite de su solicitud de asilo en &hellip; <a href=\"https:\/\/www.grieta.org.mx\/index.php\/2020\/02\/11\/msf-quedate-en-mexico-pone-a-migrantes-en-bandeja-de-plata-para-el-crimen-organizado\/\" class=\"more-link\">Leer m\u00e1s<\/a><\/p>\n","protected":false},"author":2,"featured_media":44302,"comment_status":"closed","ping_status":"closed","sticky":false,"template":"","format":"standard","meta":{"ngg_post_thumbnail":0,"_jetpack_newsletter_access":"","_jetpack_dont_email_post_to_subs":false,"_jetpack_newsletter_tier_id":0,"_jetpack_memberships_contains_paywalled_content":false,"_jetpack_memberships_contains_paid_content":false,"footnotes":""},"categories":[80,86,370,83],"tags":[1410,2836,1194,3073,3072,1392,2599,3038,2775,2898,2788,3074],"class_list":["post-44301","post","type-post","status-publish","format-standard","has-post-thumbnail","hentry","category-cintillo","category-migrantes","category-migrantes-analisis","category-temas-nacionales","tag-abusos-contra-migrantes","tag-alineacion-de-amlo-con-politica-antimigrante-de-trump","tag-criminalizacion-de-migrantes","tag-epidemia-de-violencia-contra-migrantes","tag-migrantes-a-merced-del-crimen","tag-migrantes-centroamericanos","tag-persecucion-contra-defensores-de-derechos-de-migrantes","tag-represion-a-migrantes-por-la-guardia-nacional","tag-secuestro-de-migrantes","tag-sometimiento-de-mexico-a-politica-migratoria-norteamericana","tag-violacion-de-derechos-humanos-de-migrantes-por-el-estado-mexicano","tag-violencia-sexual-contra-migrantes","entry"],"jetpack_featured_media_url":"https:\/\/www.grieta.org.mx\/wp-content\/uploads\/2020\/02\/MSF-870x522.jpg","jetpack_sharing_enabled":true,"jetpack_shortlink":"https:\/\/wp.me\/p7ZJR4-bwx","jetpack_likes_enabled":false,"jetpack-related-posts":[{"id":39572,"url":"https:\/\/www.grieta.org.mx\/index.php\/2019\/09\/07\/msf-45-de-los-migrantes-atendidos-en-noreste-de-mexico-sufrieron-violencia-tamaulipas\/","url_meta":{"origin":44301,"position":0},"title":"MSF: 45 % de los migrantes atendidos en noreste de M\u00e9xico sufrieron violencia (Tamaulipas)","author":"grieta","date":"7 septiembre, 2019","format":false,"excerpt":"Redacci\u00f3n \/ Proceso digital M\u00e9xico.- El 45 % de los migrantes en los municipios de Reynosa y Matamoros, en el nororiental estado mexicano de Tamaulipas, que fueron atendidos por M\u00e9dicos Sin Fronteras (MSF) en el lapso de un a\u00f1o padecieron alg\u00fan tipo de violencia durante su ruta, afirm\u00f3 este jueves\u2026","rel":"","context":"En &quot;CINTILLO&quot;","block_context":{"text":"CINTILLO","link":"https:\/\/www.grieta.org.mx\/index.php\/category\/cintillo\/"},"img":{"alt_text":"","src":"https:\/\/i0.wp.com\/www.grieta.org.mx\/wp-content\/uploads\/2019\/09\/Screenshot_2019-09-26-Pocket-MSF-45-de-los-migrantes-atendidos-en-noreste-de-M%C3%A9xico-sufrieron-violencia.png?resize=350%2C200&ssl=1","width":350,"height":200,"srcset":"https:\/\/i0.wp.com\/www.grieta.org.mx\/wp-content\/uploads\/2019\/09\/Screenshot_2019-09-26-Pocket-MSF-45-de-los-migrantes-atendidos-en-noreste-de-M%C3%A9xico-sufrieron-violencia.png?resize=350%2C200&ssl=1 1x, https:\/\/i0.wp.com\/www.grieta.org.mx\/wp-content\/uploads\/2019\/09\/Screenshot_2019-09-26-Pocket-MSF-45-de-los-migrantes-atendidos-en-noreste-de-M%C3%A9xico-sufrieron-violencia.png?resize=525%2C300&ssl=1 1.5x, https:\/\/i0.wp.com\/www.grieta.org.mx\/wp-content\/uploads\/2019\/09\/Screenshot_2019-09-26-Pocket-MSF-45-de-los-migrantes-atendidos-en-noreste-de-M%C3%A9xico-sufrieron-violencia.png?resize=700%2C400&ssl=1 2x"},"classes":[]},{"id":40687,"url":"https:\/\/www.grieta.org.mx\/index.php\/2019\/10\/30\/medicos-sin-fronteras-denuncia-inhumanas-torturas-a-migrantes-en-el-sur-de-mexico\/","url_meta":{"origin":44301,"position":1},"title":"M\u00e9dicos Sin Fronteras denuncia inhumanas torturas a migrantes en el sur de M\u00e9xico","author":"grieta","date":"30 octubre, 2019","format":false,"excerpt":"HISPANTV Un grupo de centroamericanos, que viaja con la segunda caravana migrante en su intento por cruzar el r\u00edo Suchiate, que separa a M\u00e9xico de Guatemala. La ONG M\u00e9dicos Sin Fronteras (MSF) denuncia casos de secuestro y tortura con descargas el\u00e9ctricas a migrantes en la frontera sur de M\u00e9xico. Un\u2026","rel":"","context":"En &quot;CINTILLO&quot;","block_context":{"text":"CINTILLO","link":"https:\/\/www.grieta.org.mx\/index.php\/category\/cintillo\/"},"img":{"alt_text":"","src":"https:\/\/i0.wp.com\/www.grieta.org.mx\/wp-content\/uploads\/2019\/10\/MSF.jpg?resize=350%2C200&ssl=1","width":350,"height":200,"srcset":"https:\/\/i0.wp.com\/www.grieta.org.mx\/wp-content\/uploads\/2019\/10\/MSF.jpg?resize=350%2C200&ssl=1 1x, https:\/\/i0.wp.com\/www.grieta.org.mx\/wp-content\/uploads\/2019\/10\/MSF.jpg?resize=525%2C300&ssl=1 1.5x, https:\/\/i0.wp.com\/www.grieta.org.mx\/wp-content\/uploads\/2019\/10\/MSF.jpg?resize=700%2C400&ssl=1 2x"},"classes":[]},{"id":38295,"url":"https:\/\/www.grieta.org.mx\/index.php\/2019\/08\/23\/migracion-y-violencia-en-mexico\/","url_meta":{"origin":44301,"position":2},"title":"Migraci\u00f3n y violencia en M\u00e9xico","author":"grieta","date":"23 agosto, 2019","format":false,"excerpt":"Son miles de migrantes los que a su paso por territorio mexicano rumbo a Estados Unidos han sufrido alg\u00fan tipo de violencia. Con la implementaci\u00f3n de la Guardia Nacional en todo M\u00e9xico estos aspectos de violencia solo se profundizar\u00e1n. Omar Morales\/ LA IZQUIERDA DIARIO Desde hace un a\u00f1o el flujo\u2026","rel":"","context":"En &quot;CINTILLO&quot;","block_context":{"text":"CINTILLO","link":"https:\/\/www.grieta.org.mx\/index.php\/category\/cintillo\/"},"img":{"alt_text":"","src":"https:\/\/i0.wp.com\/www.grieta.org.mx\/wp-content\/uploads\/2018\/03\/14524434_1106112876131411_958039263622046936_o.jpg?resize=350%2C200&ssl=1","width":350,"height":200,"srcset":"https:\/\/i0.wp.com\/www.grieta.org.mx\/wp-content\/uploads\/2018\/03\/14524434_1106112876131411_958039263622046936_o.jpg?resize=350%2C200&ssl=1 1x, https:\/\/i0.wp.com\/www.grieta.org.mx\/wp-content\/uploads\/2018\/03\/14524434_1106112876131411_958039263622046936_o.jpg?resize=525%2C300&ssl=1 1.5x, https:\/\/i0.wp.com\/www.grieta.org.mx\/wp-content\/uploads\/2018\/03\/14524434_1106112876131411_958039263622046936_o.jpg?resize=700%2C400&ssl=1 2x"},"classes":[]},{"id":39554,"url":"https:\/\/www.grieta.org.mx\/index.php\/2019\/09\/05\/tamaulipas-un-foco-rojo-de-la-ruta-migratoria\/","url_meta":{"origin":44301,"position":3},"title":"Tamaulipas, un foco rojo de la ruta migratoria","author":"grieta","date":"5 septiembre, 2019","format":false,"excerpt":"Redacci\u00f3n \/ Siete 24 Tamaulipas: El 45% de los migrantes en los municipios de Reynosa y Matamoros, Tamaulipas, que fueron atendidos por M\u00e9dicos Sin Fronteras (MSF) en el lapso de un a\u00f1o padecieron alg\u00fan tipo de violencia durante su ruta. \"Entre junio de 2018 y junio de 2019, el 45\u2026","rel":"","context":"En &quot;CINTILLO&quot;","block_context":{"text":"CINTILLO","link":"https:\/\/www.grieta.org.mx\/index.php\/category\/cintillo\/"},"img":{"alt_text":"","src":"https:\/\/i0.wp.com\/www.grieta.org.mx\/wp-content\/uploads\/2019\/09\/Screenshot_2019-09-26-Tamaulipas-un-foco-rojo-de-la-ruta-migratoria.jpg?resize=350%2C200&ssl=1","width":350,"height":200,"srcset":"https:\/\/i0.wp.com\/www.grieta.org.mx\/wp-content\/uploads\/2019\/09\/Screenshot_2019-09-26-Tamaulipas-un-foco-rojo-de-la-ruta-migratoria.jpg?resize=350%2C200&ssl=1 1x, https:\/\/i0.wp.com\/www.grieta.org.mx\/wp-content\/uploads\/2019\/09\/Screenshot_2019-09-26-Tamaulipas-un-foco-rojo-de-la-ruta-migratoria.jpg?resize=525%2C300&ssl=1 1.5x, https:\/\/i0.wp.com\/www.grieta.org.mx\/wp-content\/uploads\/2019\/09\/Screenshot_2019-09-26-Tamaulipas-un-foco-rojo-de-la-ruta-migratoria.jpg?resize=700%2C400&ssl=1 2x, https:\/\/i0.wp.com\/www.grieta.org.mx\/wp-content\/uploads\/2019\/09\/Screenshot_2019-09-26-Tamaulipas-un-foco-rojo-de-la-ruta-migratoria.jpg?resize=1050%2C600&ssl=1 3x, https:\/\/i0.wp.com\/www.grieta.org.mx\/wp-content\/uploads\/2019\/09\/Screenshot_2019-09-26-Tamaulipas-un-foco-rojo-de-la-ruta-migratoria.jpg?resize=1400%2C800&ssl=1 4x"},"classes":[]},{"id":63915,"url":"https:\/\/www.grieta.org.mx\/index.php\/2022\/04\/01\/condenan-represion-y-violencia-contra-migrantes-en-tapachula\/","url_meta":{"origin":44301,"position":4},"title":"Condenan \u201crepresi\u00f3n y violencia\u201d contra migrantes en Tapachula","author":"grieta","date":"1 abril, 2022","format":false,"excerpt":"Organizaciones defensoras de derechos humanos condenaron la \u201crepresi\u00f3n y violencia\u201d en el operativo de la Guardia Nacional y el INM contra migrantes que salieron en caravana de Tapachula. CIUDAD DE M\u00c9XICO (apro).\u2013 Organizaciones defensoras de derechos humanos condenaron la \u201crepresi\u00f3n y violencia\u201d en el operativo que la Guardia Nacional y\u2026","rel":"","context":"En &quot;CINTILLO&quot;","block_context":{"text":"CINTILLO","link":"https:\/\/www.grieta.org.mx\/index.php\/category\/cintillo\/"},"img":{"alt_text":"","src":"https:\/\/i0.wp.com\/www.grieta.org.mx\/wp-content\/uploads\/2022\/04\/152693.jpg?resize=350%2C200&ssl=1","width":350,"height":200,"srcset":"https:\/\/i0.wp.com\/www.grieta.org.mx\/wp-content\/uploads\/2022\/04\/152693.jpg?resize=350%2C200&ssl=1 1x, https:\/\/i0.wp.com\/www.grieta.org.mx\/wp-content\/uploads\/2022\/04\/152693.jpg?resize=525%2C300&ssl=1 1.5x, https:\/\/i0.wp.com\/www.grieta.org.mx\/wp-content\/uploads\/2022\/04\/152693.jpg?resize=700%2C400&ssl=1 2x, https:\/\/i0.wp.com\/www.grieta.org.mx\/wp-content\/uploads\/2022\/04\/152693.jpg?resize=1050%2C600&ssl=1 3x"},"classes":[]},{"id":59117,"url":"https:\/\/www.grieta.org.mx\/index.php\/2021\/04\/30\/en-extrema-vulnerabilidad-cientos-de-migrantes-en-reynosa-tamaulipas-medicos-sin-fronteras\/","url_meta":{"origin":44301,"position":5},"title":"En extrema vulnerabilidad, cientos de migrantes en Reynosa, Tamaulipas: M\u00e9dicos Sin Fronteras","author":"grieta","date":"30 abril, 2021","format":false,"excerpt":"Gloria Leticia D\u00edaz\/Proceso 30 abril 2021 M\u00e9dicos Sin Fronteras (MSF) alert\u00f3 sobre la extrema vulnerabilidad en que se encuentran cientos de personas en condici\u00f3n de migraci\u00f3n, varadas en la Plaza de la Revoluci\u00f3n de Reynosa. CIUDAD DE M\u00c9XICO (apro).- La organizaci\u00f3n M\u00e9dicos Sin Fronteras (MSF) alert\u00f3 sobre la extrema vulnerabilidad\u2026","rel":"","context":"En &quot;CINTILLO&quot;","block_context":{"text":"CINTILLO","link":"https:\/\/www.grieta.org.mx\/index.php\/category\/cintillo\/"},"img":{"alt_text":"","src":"https:\/\/i0.wp.com\/www.grieta.org.mx\/wp-content\/uploads\/2021\/05\/campamento-migrante.jpg?resize=350%2C200&ssl=1","width":350,"height":200,"srcset":"https:\/\/i0.wp.com\/www.grieta.org.mx\/wp-content\/uploads\/2021\/05\/campamento-migrante.jpg?resize=350%2C200&ssl=1 1x, https:\/\/i0.wp.com\/www.grieta.org.mx\/wp-content\/uploads\/2021\/05\/campamento-migrante.jpg?resize=525%2C300&ssl=1 1.5x, https:\/\/i0.wp.com\/www.grieta.org.mx\/wp-content\/uploads\/2021\/05\/campamento-migrante.jpg?resize=700%2C400&ssl=1 2x"},"classes":[]}],"_links":{"self":[{"href":"https:\/\/www.grieta.org.mx\/index.php\/wp-json\/wp\/v2\/posts\/44301","targetHints":{"allow":["GET"]}}],"collection":[{"href":"https:\/\/www.grieta.org.mx\/index.php\/wp-json\/wp\/v2\/posts"}],"about":[{"href":"https:\/\/www.grieta.org.mx\/index.php\/wp-json\/wp\/v2\/types\/post"}],"author":[{"embeddable":true,"href":"https:\/\/www.grieta.org.mx\/index.php\/wp-json\/wp\/v2\/users\/2"}],"replies":[{"embeddable":true,"href":"https:\/\/www.grieta.org.mx\/index.php\/wp-json\/wp\/v2\/comments?post=44301"}],"version-history":[{"count":1,"href":"https:\/\/www.grieta.org.mx\/index.php\/wp-json\/wp\/v2\/posts\/44301\/revisions"}],"predecessor-version":[{"id":44304,"href":"https:\/\/www.grieta.org.mx\/index.php\/wp-json\/wp\/v2\/posts\/44301\/revisions\/44304"}],"wp:featuredmedia":[{"embeddable":true,"href":"https:\/\/www.grieta.org.mx\/index.php\/wp-json\/wp\/v2\/media\/44302"}],"wp:attachment":[{"href":"https:\/\/www.grieta.org.mx\/index.php\/wp-json\/wp\/v2\/media?parent=44301"}],"wp:term":[{"taxonomy":"category","embeddable":true,"href":"https:\/\/www.grieta.org.mx\/index.php\/wp-json\/wp\/v2\/categories?post=44301"},{"taxonomy":"post_tag","embeddable":true,"href":"https:\/\/www.grieta.org.mx\/index.php\/wp-json\/wp\/v2\/tags?post=44301"}],"curies":[{"name":"wp","href":"https:\/\/api.w.org\/{rel}","templated":true}]}}