{"id":44243,"date":"2020-02-09T11:02:39","date_gmt":"2020-02-09T17:02:39","guid":{"rendered":"http:\/\/www.grieta.org.mx\/?p=44243"},"modified":"2020-02-13T11:11:41","modified_gmt":"2020-02-13T17:11:41","slug":"ambientalistas-fuera-de-la-agenda-con-amlo","status":"publish","type":"post","link":"https:\/\/www.grieta.org.mx\/index.php\/2020\/02\/09\/ambientalistas-fuera-de-la-agenda-con-amlo\/","title":{"rendered":"Ambientalistas, fuera de la agenda con AMLO"},"content":{"rendered":"<blockquote><p>La escritora y fil\u00f3sofa, originaria de la India, considera que despu\u00e9s de los diversos asesinatos de militantes ecologistas, la protecci\u00f3n no encaja en la pol\u00edtica actual<\/p><\/blockquote>\n<figure id=\"attachment_44244\" aria-describedby=\"caption-attachment-44244\" style=\"width: 800px\" class=\"wp-caption aligncenter\"><img loading=\"lazy\" decoding=\"async\" data-attachment-id=\"44244\" data-permalink=\"https:\/\/www.grieta.org.mx\/index.php\/2020\/02\/09\/ambientalistas-fuera-de-la-agenda-con-amlo\/ambientalistas\/\" data-orig-file=\"https:\/\/www.grieta.org.mx\/wp-content\/uploads\/2020\/02\/ambientalistas.jpg\" data-orig-size=\"768,479\" data-comments-opened=\"0\" data-image-meta=\"{&quot;aperture&quot;:&quot;0&quot;,&quot;credit&quot;:&quot;&quot;,&quot;camera&quot;:&quot;&quot;,&quot;caption&quot;:&quot;&quot;,&quot;created_timestamp&quot;:&quot;0&quot;,&quot;copyright&quot;:&quot;&quot;,&quot;focal_length&quot;:&quot;0&quot;,&quot;iso&quot;:&quot;0&quot;,&quot;shutter_speed&quot;:&quot;0&quot;,&quot;title&quot;:&quot;&quot;,&quot;orientation&quot;:&quot;0&quot;}\" data-image-title=\"ambientalistas\" data-image-description=\"\" data-image-caption=\"&lt;p&gt;Acompa\u00f1ada del fundador del Huerto Roma Verde, Paco Ayala, la activista reconoci\u00f3 el espacio cultural que se le otorga a los ambientalistas que perdieron la vida \/ Jair Soto | El Sol de M\u00e9xico&lt;\/p&gt;\n\" data-medium-file=\"https:\/\/www.grieta.org.mx\/wp-content\/uploads\/2020\/02\/ambientalistas-300x187.jpg\" data-large-file=\"https:\/\/www.grieta.org.mx\/wp-content\/uploads\/2020\/02\/ambientalistas.jpg\" class=\"wp-image-44244\" src=\"http:\/\/www.grieta.org.mx\/wp-content\/uploads\/2020\/02\/ambientalistas.jpg\" alt=\"\" width=\"800\" height=\"499\" srcset=\"https:\/\/www.grieta.org.mx\/wp-content\/uploads\/2020\/02\/ambientalistas.jpg 768w, https:\/\/www.grieta.org.mx\/wp-content\/uploads\/2020\/02\/ambientalistas-300x187.jpg 300w\" sizes=\"auto, (max-width: 800px) 100vw, 800px\" \/><figcaption id=\"caption-attachment-44244\" class=\"wp-caption-text\">Acompa\u00f1ada del fundador del Huerto Roma Verde, Paco Ayala, la activista reconoci\u00f3 el espacio cultural que se le otorga a los ambientalistas que perdieron la vida \/ Jair Soto | El Sol de M\u00e9xico<\/figcaption><\/figure>\n<p>Jair Soto | El Sol de M\u00e9xico, 09 de febrero de 2019<\/p>\n<p>En M\u00e9xico, la protecci\u00f3n a activistas ambientales no ha mostrado buenos resultados, advirti\u00f3 Vandana Shiva, una de las principales figuras en el mundo del ecofeminismo.<\/p>\n<p>La escritora y fil\u00f3sofa, originaria de la India, visit\u00f3 M\u00e9xico para participar en la inauguraci\u00f3n de un mural en el Huerto Roma Verde, dedicado a todos los militantes ecologistas, que fueron asesinados durante el 2018 y hasta octubre pasado en todo el mundo.<\/p>\n<p>All\u00ed, afirm\u00f3 a El Sol de M\u00e9xico que es probable que las acciones para proteger a los ambientalistas no encajan en la agenda del actual gobierno del presidente Andr\u00e9s Manuel L\u00f3pez Obrador.<\/p>\n<p>Acompa\u00f1ada del fundador del Huerto Roma Verde, Paco Ayala, la activista reconoci\u00f3, sin embargo, el espacio, sobre todo cultural, que se le otorga en M\u00e9xico a los ambientalistas que perdieron la vida en su lucha por defender al Planeta y a los animales.<\/p>\n<p>La fil\u00f3sofa encabeza un movimiento conocido como ecofeminismo, que vela por la protecci\u00f3n a los derechos de las mujeres agricultoras en India, su pa\u00eds natal, y es reconocida por su trabajo internacional para colocar a la mujer y la ecolog\u00eda en el coraz\u00f3n del discurso del desarrollo moderno.<\/p>\n<p>En 1993 recibi\u00f3 el premio Right Livelihood, que tambi\u00e9n es conocido como el Premio Nobel Alternativo de la Paz. En su larga trayectoria como activista ha sumado varios reconocimientos a nivel internacional por su movimiento y su lucha a favor de la defensa de la mujer y el medio ambiente desde un punto de vista unitario.<\/p>\n<p>Actualmente, Shiva es l\u00edder del Foro Internacional sobre la Globalizaci\u00f3n as\u00ed como miembro destacado del movimiento antiglobalizaci\u00f3n. En su libro \u201cManifiesto por una democracia de la tierra\u201d ha propuesto el concepto y la causa de la democracia de la tierra como alternativa al capitalismo.<\/p>\n<p>Vandana Shiva es autora, tambi\u00e9n, de diferentes art\u00edculos, ensayos y libros, entre sus obras destacan \u201cMonocultivos de la mente\u201d, \u201cAbrazar la vida: mujer, ecolog\u00eda y desarrollo\u201d o \u201cBiopirater\u00eda: el saqueo de la naturaleza y del conocimiento\u201d.<\/p>\n<p>Su presencia en M\u00e9xico se da justamente en el marco del reciente asesinato de dos protectores animales en Michoac\u00e1n, el primero fue Ra\u00fal Hern\u00e1ndez Romero, un gu\u00eda de turistas en la biosfera de la mariposa monarca, cuyo cad\u00e1ver con signos de violencia fue hallado hace una semana. Su muerte se suma al homicidio de Homero G\u00f3mez Gonz\u00e1lez, reconocido protector del insecto cuyo cuerpo sin vida se encontr\u00f3 el mi\u00e9rcoles pasado.<\/p>\n<p>La muerte de Hern\u00e1ndez Romero sacudi\u00f3 al sector defensor de la mariposa monarca, que precisamente el mural del Huerto Roma Verde representa la vida de cada activista asesinado en la figura de una mariposa, en la que se incluye el nombre de la v\u00edctima, as\u00ed como su nacionalidad.<\/p>\n<p>El par de homicidios son los m\u00e1s recientes de un ambientalista en M\u00e9xico despu\u00e9s de que en agosto del a\u00f1o pasado fuera asesinada a balazos la bi\u00f3loga y ecologista mexicana Nora L\u00f3pez, responsable del proyecto de reproducci\u00f3n de la guacamaya roja en el sureste de M\u00e9xico.<\/p>\n<p>En junio de 2018 tambi\u00e9n fue asesinado a tiros el ecologista Jos\u00e9 Luis \u00c1lvarez Flores, defensor del santuario del mono saraguato, en el estado mexicano suroriental de Tabasco.<\/p>\n<p>En 2018 a\u00f1o fueron asesinados en M\u00e9xico 14 defensores medioambientales, de los cuales once eran ind\u00edgenas, seg\u00fan la Red Mexicana de Organizaciones Campesinas Forestales.<\/p>\n<p>Diariamente los activistas enfrentan amenazas, ataques y agresiones por su labor ambiental. La ola de violencia est\u00e1 inclinada hacia las comunidades ind\u00edgenas, que son las que habitan y protegen el 50% del territorio mexicano y sus recursos.<\/p>\n<p>La p\u00e9rdida de los activistas ambientales revela el aumento en la explotaci\u00f3n de las \u00e1reas verdes m\u00e1s importantes del pa\u00eds, y el gran vac\u00edo de seguridad en las comunidades ind\u00edgenas de las monta\u00f1as.<\/p>\n<p><a href=\"https:\/\/www.elsoldemexico.com.mx\/mexico\/sociedad\/ambientalistas-fuera-de-la-agenda-con-amlo-4810569.html\">https:\/\/www.elsoldemexico.com.mx\/mexico\/sociedad\/ambientalistas-fuera-de-la-agenda-con-amlo-4810569.html<\/a><\/p>\n","protected":false},"excerpt":{"rendered":"<p>La escritora y fil\u00f3sofa, originaria de la India, considera que despu\u00e9s de los diversos asesinatos de militantes ecologistas, la protecci\u00f3n no encaja en la pol\u00edtica actual Jair Soto | El &hellip; <a href=\"https:\/\/www.grieta.org.mx\/index.php\/2020\/02\/09\/ambientalistas-fuera-de-la-agenda-con-amlo\/\" class=\"more-link\">Leer m\u00e1s<\/a><\/p>\n","protected":false},"author":2,"featured_media":44244,"comment_status":"closed","ping_status":"closed","sticky":false,"template":"","format":"standard","meta":{"ngg_post_thumbnail":0,"_jetpack_newsletter_access":"","_jetpack_dont_email_post_to_subs":false,"_jetpack_newsletter_tier_id":0,"_jetpack_memberships_contains_paywalled_content":false,"_jetpack_memberships_contains_paid_content":false,"footnotes":""},"categories":[80,2147,2552,2436,21,998,3051],"tags":[1065,1178,130,520,1832],"class_list":["post-44243","post","type-post","status-publish","format-standard","has-post-thumbnail","hentry","category-cintillo","category-desplazados-por-violencia-en-michoacan","category-destruccion-de-la-naturaleza-en-michoacan","category-destruccion-y-contaminacion-ambiental-en-michoacan","category-michoacan","category-tala-ilegal-de-bosques-y-robo-de-maderas-preciosas-en-michoacan","category-violencia-contra-luchadores-ambientales-en-michoacan","tag-despojo-de-agua-y-tierras","tag-destruccion-de-la-naturaleza","tag-represion","tag-tala-de-bosques","tag-violencia-contra-defensores-del-medio-ambiente","entry"],"jetpack_featured_media_url":"https:\/\/www.grieta.org.mx\/wp-content\/uploads\/2020\/02\/ambientalistas.jpg","jetpack_sharing_enabled":true,"jetpack_shortlink":"https:\/\/wp.me\/p7ZJR4-bvB","jetpack_likes_enabled":false,"jetpack-related-posts":[{"id":44067,"url":"https:\/\/www.grieta.org.mx\/index.php\/2020\/02\/07\/alertan-mayor-violencia-contra-ambientalistas-michoacan\/","url_meta":{"origin":44243,"position":0},"title":"Alertan mayor violencia contra ambientalistas (Michoac\u00e1n)","author":"grieta","date":"7 febrero, 2020","format":false,"excerpt":"Defensores del medio ambiente consideran que la propuesta de la SEMARNAT traer\u00eda m\u00e1s persecuci\u00f3n a los activistas. MVS noticias, 06 de febrero de 2020 Integrantes de la sociedad civil y defensores del medio ambiente, advirtieron que la violencia y persecuci\u00f3n contra activistas podr\u00eda agravarse, como resultado de la propuesta de\u2026","rel":"","context":"En &quot;CINTILLO&quot;","block_context":{"text":"CINTILLO","link":"https:\/\/www.grieta.org.mx\/index.php\/category\/cintillo\/"},"img":{"alt_text":"","src":"https:\/\/i0.wp.com\/www.grieta.org.mx\/wp-content\/uploads\/2020\/02\/f5d84df6gonzalez.png?resize=350%2C200&ssl=1","width":350,"height":200,"srcset":"https:\/\/i0.wp.com\/www.grieta.org.mx\/wp-content\/uploads\/2020\/02\/f5d84df6gonzalez.png?resize=350%2C200&ssl=1 1x, https:\/\/i0.wp.com\/www.grieta.org.mx\/wp-content\/uploads\/2020\/02\/f5d84df6gonzalez.png?resize=525%2C300&ssl=1 1.5x, https:\/\/i0.wp.com\/www.grieta.org.mx\/wp-content\/uploads\/2020\/02\/f5d84df6gonzalez.png?resize=700%2C400&ssl=1 2x"},"classes":[]},{"id":43773,"url":"https:\/\/www.grieta.org.mx\/index.php\/2020\/01\/29\/ambientalistas-exigen-justicia-para-homero-gomez-vivia-entre-amenazas-advirtieron-a-tiempo-michoacan\/","url_meta":{"origin":44243,"position":1},"title":"Ambientalistas exigen justicia para Homero G\u00f3mez; viv\u00eda entre amenazas, advirtieron a tiempo (Michoac\u00e1n)","author":"grieta","date":"29 enero, 2020","format":false,"excerpt":"Erika Guevara Rosas, directora para las Am\u00e9rica de Amnist\u00eda Internacional, exigi\u00f3 que se investigue el asesinato. La familia de Homero G\u00f3mez denunci\u00f3 que el defensor ambiental hab\u00eda recibido amenazas de grupos del crimen organizado. Sin embargo, Redacci\u00f3n Ciudad de M\u00e9xico 29 de enero (SinEmbargo).- Activistas mexicanos y extranjeros, pol\u00edticos y\u2026","rel":"","context":"En &quot;CINTILLO&quot;","block_context":{"text":"CINTILLO","link":"https:\/\/www.grieta.org.mx\/index.php\/category\/cintillo\/"},"img":{"alt_text":"","src":"https:\/\/i0.wp.com\/www.grieta.org.mx\/wp-content\/uploads\/2020\/01\/81717502_2689063287829444_6665158789437587456_n-1.jpg?resize=350%2C200&ssl=1","width":350,"height":200,"srcset":"https:\/\/i0.wp.com\/www.grieta.org.mx\/wp-content\/uploads\/2020\/01\/81717502_2689063287829444_6665158789437587456_n-1.jpg?resize=350%2C200&ssl=1 1x, https:\/\/i0.wp.com\/www.grieta.org.mx\/wp-content\/uploads\/2020\/01\/81717502_2689063287829444_6665158789437587456_n-1.jpg?resize=525%2C300&ssl=1 1.5x, https:\/\/i0.wp.com\/www.grieta.org.mx\/wp-content\/uploads\/2020\/01\/81717502_2689063287829444_6665158789437587456_n-1.jpg?resize=700%2C400&ssl=1 2x, https:\/\/i0.wp.com\/www.grieta.org.mx\/wp-content\/uploads\/2020\/01\/81717502_2689063287829444_6665158789437587456_n-1.jpg?resize=1050%2C600&ssl=1 3x"},"classes":[]},{"id":44056,"url":"https:\/\/www.grieta.org.mx\/index.php\/2020\/02\/06\/de-manera-impune-persiste-violencia-contra-ambientalistas-en-mexico-michoacan-nacional\/","url_meta":{"origin":44243,"position":2},"title":"De manera impune persiste violencia contra ambientalistas en M\u00e9xico (Michoac\u00e1n, Nacional)","author":"grieta","date":"6 febrero, 2020","format":false,"excerpt":"El Centro Mexicano de Derecho Ambiental document\u00f3 49 ataques a ambientalistas en 2018 en M\u00e9xico, de los cuales 21 tuvieron un fatal desenlace UDGtv con informaci\u00f3n de EFE, 06 de febrero de 2020 Ciudad de M\u00e9xico, M\u00e9xico. Defender el medioambiente es extremadamente peligroso en M\u00e9xico, tal y como refleja el\u2026","rel":"","context":"En &quot;CINTILLO&quot;","block_context":{"text":"CINTILLO","link":"https:\/\/www.grieta.org.mx\/index.php\/category\/cintillo\/"},"img":{"alt_text":"","src":"https:\/\/i0.wp.com\/www.grieta.org.mx\/wp-content\/uploads\/2020\/02\/Defensor-mariposa-monarca-1068x709.jpg?resize=350%2C200&ssl=1","width":350,"height":200,"srcset":"https:\/\/i0.wp.com\/www.grieta.org.mx\/wp-content\/uploads\/2020\/02\/Defensor-mariposa-monarca-1068x709.jpg?resize=350%2C200&ssl=1 1x, https:\/\/i0.wp.com\/www.grieta.org.mx\/wp-content\/uploads\/2020\/02\/Defensor-mariposa-monarca-1068x709.jpg?resize=525%2C300&ssl=1 1.5x, https:\/\/i0.wp.com\/www.grieta.org.mx\/wp-content\/uploads\/2020\/02\/Defensor-mariposa-monarca-1068x709.jpg?resize=700%2C400&ssl=1 2x, https:\/\/i0.wp.com\/www.grieta.org.mx\/wp-content\/uploads\/2020\/02\/Defensor-mariposa-monarca-1068x709.jpg?resize=1050%2C600&ssl=1 3x"},"classes":[]},{"id":66866,"url":"https:\/\/www.grieta.org.mx\/index.php\/2023\/04\/28\/en-michoacan-comunidades-se-movilizan-por-asesinato-de-defensor-de-los-bosques\/","url_meta":{"origin":44243,"position":3},"title":"En Michoac\u00e1n, comunidades se movilizan por asesinato de defensor de los bosques","author":"grieta","date":"28 abril, 2023","format":false,"excerpt":"Alfredo Cisneros Madrigal, ind\u00edgena pur\u00e9pecha y miembro activo en la defensa de los bosques de la comunidad de Sicuicho, municipio de Los Reyes, Michoac\u00e1n, fue asesinado a balazos la noche del pasado martes (21). As\u00ed lo denunciaron el Consejo Supremo Ind\u00edgena de Michoac\u00e1n (CSIM) y el Concejo Comunal Ind\u00edgena de\u2026","rel":"","context":"En &quot;CINTILLO&quot;","block_context":{"text":"CINTILLO","link":"https:\/\/www.grieta.org.mx\/index.php\/category\/cintillo\/"},"img":{"alt_text":"","src":"https:\/\/i0.wp.com\/www.grieta.org.mx\/wp-content\/uploads\/2023\/04\/Captura-de-Pantalla-2023-04-28-a-las-11.57.10.jpg?resize=350%2C200&ssl=1","width":350,"height":200,"srcset":"https:\/\/i0.wp.com\/www.grieta.org.mx\/wp-content\/uploads\/2023\/04\/Captura-de-Pantalla-2023-04-28-a-las-11.57.10.jpg?resize=350%2C200&ssl=1 1x, https:\/\/i0.wp.com\/www.grieta.org.mx\/wp-content\/uploads\/2023\/04\/Captura-de-Pantalla-2023-04-28-a-las-11.57.10.jpg?resize=525%2C300&ssl=1 1.5x, https:\/\/i0.wp.com\/www.grieta.org.mx\/wp-content\/uploads\/2023\/04\/Captura-de-Pantalla-2023-04-28-a-las-11.57.10.jpg?resize=700%2C400&ssl=1 2x, https:\/\/i0.wp.com\/www.grieta.org.mx\/wp-content\/uploads\/2023\/04\/Captura-de-Pantalla-2023-04-28-a-las-11.57.10.jpg?resize=1050%2C600&ssl=1 3x, https:\/\/i0.wp.com\/www.grieta.org.mx\/wp-content\/uploads\/2023\/04\/Captura-de-Pantalla-2023-04-28-a-las-11.57.10.jpg?resize=1400%2C800&ssl=1 4x"},"classes":[]},{"id":8825,"url":"https:\/\/www.grieta.org.mx\/index.php\/2016\/05\/17\/tala-ilegal-de-bosques-y-robo-de-maderas-preciosas-en-michoacan\/","url_meta":{"origin":44243,"position":4},"title":"Tala ilegal de bosques y robo de maderas preciosas en Michoac\u00e1n","author":"Admin","date":"17 mayo, 2016","format":false,"excerpt":"Comuneros denuncian tala clandestina en Zit\u00e1cuaro 17\/05\/16. Brigadas comunitarias han logrado reducir 80% la tala de bosques Quadrat\u00edn 08\/10\/15. Comuneros denuncian tala clandestina en Zit\u00e1cuaro La Voz de Michoac\u00e1n Ejidatarios denuncian tala clandestina en el Santuario de Sierra Chincua 19\/01\/16. En 4 meses desaparecen 10 hect\u00e1reas de la Reserva de\u2026","rel":"","context":"En &quot;ESPEJOS DE LA RESISTENCIA&quot;","block_context":{"text":"ESPEJOS DE LA RESISTENCIA","link":"https:\/\/www.grieta.org.mx\/index.php\/category\/espejos-de-la-resistencia\/"},"img":{"alt_text":"","src":"https:\/\/i0.wp.com\/www.grieta.org.mx\/wp-content\/uploads\/2018\/03\/14524434_1106112876131411_958039263622046936_o.jpg?resize=350%2C200&ssl=1","width":350,"height":200,"srcset":"https:\/\/i0.wp.com\/www.grieta.org.mx\/wp-content\/uploads\/2018\/03\/14524434_1106112876131411_958039263622046936_o.jpg?resize=350%2C200&ssl=1 1x, https:\/\/i0.wp.com\/www.grieta.org.mx\/wp-content\/uploads\/2018\/03\/14524434_1106112876131411_958039263622046936_o.jpg?resize=525%2C300&ssl=1 1.5x, https:\/\/i0.wp.com\/www.grieta.org.mx\/wp-content\/uploads\/2018\/03\/14524434_1106112876131411_958039263622046936_o.jpg?resize=700%2C400&ssl=1 2x"},"classes":[]},{"id":44167,"url":"https:\/\/www.grieta.org.mx\/index.php\/2020\/02\/04\/dos-defensores-de-la-mariposa-monarca-asesinados-en-mexico-a-que-intereses-afectaba-su-activismo-michoacan\/","url_meta":{"origin":44243,"position":5},"title":"Dos defensores de la mariposa monarca asesinados en M\u00e9xico: \u00bfa qu\u00e9 intereses afectaba su activismo?  (Michoac\u00e1n)","author":"grieta","date":"4 febrero, 2020","format":false,"excerpt":"\"Condenamos que la defensa del territorio, los recursos naturales y la biodiversidad convierta a los activistas en v\u00edctimas de persecuci\u00f3n, amenazas y hechos cobardes como el quitarles la vida\", dice un comunicado de Greenpeace. Alan Ortega \/ Reuters, 04 de Febrero de 2020 El pasado 29 de enero, fue encontrado\u2026","rel":"","context":"En &quot;CINTILLO&quot;","block_context":{"text":"CINTILLO","link":"https:\/\/www.grieta.org.mx\/index.php\/category\/cintillo\/"},"img":{"alt_text":"","src":"https:\/\/i0.wp.com\/www.grieta.org.mx\/wp-content\/uploads\/2020\/02\/5e38bccd59bf5b39421a5923.jpg?resize=350%2C200&ssl=1","width":350,"height":200,"srcset":"https:\/\/i0.wp.com\/www.grieta.org.mx\/wp-content\/uploads\/2020\/02\/5e38bccd59bf5b39421a5923.jpg?resize=350%2C200&ssl=1 1x, https:\/\/i0.wp.com\/www.grieta.org.mx\/wp-content\/uploads\/2020\/02\/5e38bccd59bf5b39421a5923.jpg?resize=525%2C300&ssl=1 1.5x, https:\/\/i0.wp.com\/www.grieta.org.mx\/wp-content\/uploads\/2020\/02\/5e38bccd59bf5b39421a5923.jpg?resize=700%2C400&ssl=1 2x, https:\/\/i0.wp.com\/www.grieta.org.mx\/wp-content\/uploads\/2020\/02\/5e38bccd59bf5b39421a5923.jpg?resize=1050%2C600&ssl=1 3x"},"classes":[]}],"_links":{"self":[{"href":"https:\/\/www.grieta.org.mx\/index.php\/wp-json\/wp\/v2\/posts\/44243","targetHints":{"allow":["GET"]}}],"collection":[{"href":"https:\/\/www.grieta.org.mx\/index.php\/wp-json\/wp\/v2\/posts"}],"about":[{"href":"https:\/\/www.grieta.org.mx\/index.php\/wp-json\/wp\/v2\/types\/post"}],"author":[{"embeddable":true,"href":"https:\/\/www.grieta.org.mx\/index.php\/wp-json\/wp\/v2\/users\/2"}],"replies":[{"embeddable":true,"href":"https:\/\/www.grieta.org.mx\/index.php\/wp-json\/wp\/v2\/comments?post=44243"}],"version-history":[{"count":1,"href":"https:\/\/www.grieta.org.mx\/index.php\/wp-json\/wp\/v2\/posts\/44243\/revisions"}],"predecessor-version":[{"id":44245,"href":"https:\/\/www.grieta.org.mx\/index.php\/wp-json\/wp\/v2\/posts\/44243\/revisions\/44245"}],"wp:featuredmedia":[{"embeddable":true,"href":"https:\/\/www.grieta.org.mx\/index.php\/wp-json\/wp\/v2\/media\/44244"}],"wp:attachment":[{"href":"https:\/\/www.grieta.org.mx\/index.php\/wp-json\/wp\/v2\/media?parent=44243"}],"wp:term":[{"taxonomy":"category","embeddable":true,"href":"https:\/\/www.grieta.org.mx\/index.php\/wp-json\/wp\/v2\/categories?post=44243"},{"taxonomy":"post_tag","embeddable":true,"href":"https:\/\/www.grieta.org.mx\/index.php\/wp-json\/wp\/v2\/tags?post=44243"}],"curies":[{"name":"wp","href":"https:\/\/api.w.org\/{rel}","templated":true}]}}