{"id":44235,"date":"2020-01-04T14:27:24","date_gmt":"2020-01-04T20:27:24","guid":{"rendered":"http:\/\/www.grieta.org.mx\/?p=44235"},"modified":"2020-02-12T14:33:14","modified_gmt":"2020-02-12T20:33:14","slug":"peligra-xochicalco-por-minera-inah-morelos","status":"publish","type":"post","link":"https:\/\/www.grieta.org.mx\/index.php\/2020\/01\/04\/peligra-xochicalco-por-minera-inah-morelos\/","title":{"rendered":"Peligra Xochicalco por minera: INAH (Morelos)"},"content":{"rendered":"<figure id=\"attachment_44236\" aria-describedby=\"caption-attachment-44236\" style=\"width: 800px\" class=\"wp-caption aligncenter\"><img loading=\"lazy\" decoding=\"async\" data-attachment-id=\"44236\" data-permalink=\"https:\/\/www.grieta.org.mx\/index.php\/2020\/01\/04\/peligra-xochicalco-por-minera-inah-morelos\/1cuah2foco\/\" data-orig-file=\"https:\/\/www.grieta.org.mx\/wp-content\/uploads\/2020\/02\/1CUAH2FOCO.jpg\" data-orig-size=\"768,479\" data-comments-opened=\"0\" data-image-meta=\"{&quot;aperture&quot;:&quot;0&quot;,&quot;credit&quot;:&quot;&quot;,&quot;camera&quot;:&quot;&quot;,&quot;caption&quot;:&quot;&quot;,&quot;created_timestamp&quot;:&quot;0&quot;,&quot;copyright&quot;:&quot;&quot;,&quot;focal_length&quot;:&quot;0&quot;,&quot;iso&quot;:&quot;0&quot;,&quot;shutter_speed&quot;:&quot;0&quot;,&quot;title&quot;:&quot;&quot;,&quot;orientation&quot;:&quot;0&quot;}\" data-image-title=\"1CUAH2FOCO\" data-image-description=\"\" data-image-caption=\"\" data-medium-file=\"https:\/\/www.grieta.org.mx\/wp-content\/uploads\/2020\/02\/1CUAH2FOCO-300x187.jpg\" data-large-file=\"https:\/\/www.grieta.org.mx\/wp-content\/uploads\/2020\/02\/1CUAH2FOCO.jpg\" class=\"wp-image-44236\" src=\"http:\/\/www.grieta.org.mx\/wp-content\/uploads\/2020\/02\/1CUAH2FOCO.jpg\" alt=\"\" width=\"800\" height=\"499\" srcset=\"https:\/\/www.grieta.org.mx\/wp-content\/uploads\/2020\/02\/1CUAH2FOCO.jpg 768w, https:\/\/www.grieta.org.mx\/wp-content\/uploads\/2020\/02\/1CUAH2FOCO-300x187.jpg 300w\" sizes=\"auto, (max-width: 800px) 100vw, 800px\" \/><figcaption id=\"caption-attachment-44236\" class=\"wp-caption-text\">El proyecto perjudicar\u00e1 gravemente la zona arquel\u00f3gica de Xochicalco. Cortes\u00eda \/ INAH<\/figcaption><\/figure>\n<p>Susana Paredes \/ El Sol de Cuernavaca<\/p>\n<p>Al unirse la Di\u00f3cesis de Cuernavaca contra megaproyectos en el estado, entre ellos la mina de Tetlama ubicada en Temixco, la arque\u00f3loga Silvia Garza Tarazona del Centro del Instituto Nacional de Antropolog\u00eda e Historia (INAH) Morelos, hab\u00eda confirmado que este proyecto perjudicar\u00e1 gravemente a la zona arqueol\u00f3gica de Xochicalco, patrimonio cultural de la humanidad.<\/p>\n<p>De manera reiterada asever\u00f3 que segu\u00eda operando con normalidad, haciendo t\u00faneles como un m\u00e9todo de exploraci\u00f3n, lo cual, provocar\u00e1 las afectaciones al sitio y una importante contaminaci\u00f3n en los r\u00edos, suelos y el medio ambiente. Es por ello que desde el sexenio pasado, junto con un grupo de ambientalistas y los mismos residentes solicitan su cancelaci\u00f3n.<\/p>\n<p>En 2009 el subsuelo de Xochicalco fue otorgado en concesi\u00f3n por la Secretar\u00eda de Econom\u00eda a la empresa canadiense Esperanza Silver, terreno que equivale a 278 hect\u00e1reas, y permiso que tiene vencimiento hasta el 14 de mayo de 2059.<\/p>\n<p>En julio de 2013, Esperanza Silver vendi\u00f3 sus acciones en Morelos por 45 millones de d\u00f3lares a otra empresa canadiense Alamos Gold; sin embargo, en 2014 ante la presi\u00f3n de comunidades afectadas, ambientalistas y acad\u00e9micos, as\u00ed como la participaci\u00f3n del gobierno estatal, dio como resultado el rechazo de la manifestaci\u00f3n de impacto ambiental requerida para iniciar la explotaci\u00f3n en enero de ese a\u00f1o, aunque las concesiones no se cancelaron al durar 50 a\u00f1os y ser prorrogables otro medio siglo m\u00e1s.<\/p>\n<p>No obstante, Garza Tarazona indic\u00f3 que de seguir con los trabajos, primero har\u00e1n un gran hoyo, sacar\u00e1n la tierra y la moler\u00e1, pasando por una gran cantidad de qu\u00edmicos para separar la tierra de los minerales, misma tierra y agua que echar\u00e1n nuevamente a los cauces y suelos.<\/p>\n<figure id=\"attachment_44237\" aria-describedby=\"caption-attachment-44237\" style=\"width: 800px\" class=\"wp-caption aligncenter\"><img loading=\"lazy\" decoding=\"async\" data-attachment-id=\"44237\" data-permalink=\"https:\/\/www.grieta.org.mx\/index.php\/2020\/01\/04\/peligra-xochicalco-por-minera-inah-morelos\/screenshot_2020-02-12-peligra-xochicalco-por-minera-inah\/\" data-orig-file=\"https:\/\/www.grieta.org.mx\/wp-content\/uploads\/2020\/02\/Screenshot_2020-02-12-Peligra-Xochicalco-por-minera-INAH.png\" data-orig-size=\"850,564\" data-comments-opened=\"0\" data-image-meta=\"{&quot;aperture&quot;:&quot;0&quot;,&quot;credit&quot;:&quot;&quot;,&quot;camera&quot;:&quot;&quot;,&quot;caption&quot;:&quot;&quot;,&quot;created_timestamp&quot;:&quot;0&quot;,&quot;copyright&quot;:&quot;&quot;,&quot;focal_length&quot;:&quot;0&quot;,&quot;iso&quot;:&quot;0&quot;,&quot;shutter_speed&quot;:&quot;0&quot;,&quot;title&quot;:&quot;&quot;,&quot;orientation&quot;:&quot;0&quot;}\" data-image-title=\"Screenshot_2020-02-12 Peligra Xochicalco por minera INAH\" data-image-description=\"\" data-image-caption=\"&lt;p&gt;Ambientalistas y residentes solicitan la cancelaci\u00f3n de la mina, Cortes\u00eda \/ Cuartoscuro&lt;\/p&gt;\n\" data-medium-file=\"https:\/\/www.grieta.org.mx\/wp-content\/uploads\/2020\/02\/Screenshot_2020-02-12-Peligra-Xochicalco-por-minera-INAH-300x199.png\" data-large-file=\"https:\/\/www.grieta.org.mx\/wp-content\/uploads\/2020\/02\/Screenshot_2020-02-12-Peligra-Xochicalco-por-minera-INAH.png\" class=\"wp-image-44237\" src=\"http:\/\/www.grieta.org.mx\/wp-content\/uploads\/2020\/02\/Screenshot_2020-02-12-Peligra-Xochicalco-por-minera-INAH.png\" alt=\"\" width=\"800\" height=\"531\" srcset=\"https:\/\/www.grieta.org.mx\/wp-content\/uploads\/2020\/02\/Screenshot_2020-02-12-Peligra-Xochicalco-por-minera-INAH.png 850w, https:\/\/www.grieta.org.mx\/wp-content\/uploads\/2020\/02\/Screenshot_2020-02-12-Peligra-Xochicalco-por-minera-INAH-300x199.png 300w, https:\/\/www.grieta.org.mx\/wp-content\/uploads\/2020\/02\/Screenshot_2020-02-12-Peligra-Xochicalco-por-minera-INAH-768x510.png 768w, https:\/\/www.grieta.org.mx\/wp-content\/uploads\/2020\/02\/Screenshot_2020-02-12-Peligra-Xochicalco-por-minera-INAH-754x500.png 754w\" sizes=\"auto, (max-width: 800px) 100vw, 800px\" \/><figcaption id=\"caption-attachment-44237\" class=\"wp-caption-text\">Ambientalistas y residentes solicitan la cancelaci\u00f3n de la mina, Cortes\u00eda \/ Cuartoscuro<\/figcaption><\/figure>\n<p>Esto dijo originara enfermedades en la piel, problemas en los ojos, ri\u00f1ones, h\u00edgado y pulmones; incluso podr\u00eda incapacitar permanentemente o hasta provocar la muerte, pues los t\u00f3xicos de los metales viajan en el aire y el agua.<\/p>\n<p>Respecto a Xochicalco, la investigadora precis\u00f3 que podr\u00eda ser afectado debido a que cuenta con 37 cuevas, las cuales al momento que comience la detonaci\u00f3n ocasionar\u00e1 se venga abajo. Prueba de eso, son las fisuras que se registraron tras el sismo del 19 de septiembre de 2017, mismas que ocasionaron el cierre de ciertos lugares de la zona arqueol\u00f3gica.<\/p>\n<p>De acuerdo con el libro Patrimonio Bicultural y Megaminer\u00edam muchas de las concesiones mineras vigentes se superponen con zonas arqueol\u00f3gicas registradas y es seguro que otras coincidan con zonas a\u00fan no conocidas ni exploradas.<\/p>\n<p><a href=\"https:\/\/www.elsoldecuernavaca.com.mx\/local\/peligra-xochicalco-por-minera-inah-4676094.html\">https:\/\/www.elsoldecuernavaca.com.mx\/local\/peligra-xochicalco-por-minera-inah-4676094.html<\/a><\/p>\n","protected":false},"excerpt":{"rendered":"<p>Susana Paredes \/ El Sol de Cuernavaca Al unirse la Di\u00f3cesis de Cuernavaca contra megaproyectos en el estado, entre ellos la mina de Tetlama ubicada en Temixco, la arque\u00f3loga Silvia &hellip; <a href=\"https:\/\/www.grieta.org.mx\/index.php\/2020\/01\/04\/peligra-xochicalco-por-minera-inah-morelos\/\" class=\"more-link\">Leer m\u00e1s<\/a><\/p>\n","protected":false},"author":2,"featured_media":44236,"comment_status":"closed","ping_status":"closed","sticky":false,"template":"","format":"standard","meta":{"ngg_post_thumbnail":0,"_jetpack_newsletter_access":"","_jetpack_dont_email_post_to_subs":false,"_jetpack_newsletter_tier_id":0,"_jetpack_memberships_contains_paywalled_content":false,"_jetpack_memberships_contains_paid_content":false,"footnotes":""},"categories":[80,22,2,3067],"tags":[2967,2216],"class_list":["post-44235","post","type-post","status-publish","format-standard","has-post-thumbnail","hentry","category-cintillo","category-morelos","category-noticias-nacionales","category-rechazo-a-mineria-en-morelos","tag-afectaciones-por-mineria","tag-conflictos-por-mineria","entry"],"jetpack_featured_media_url":"https:\/\/www.grieta.org.mx\/wp-content\/uploads\/2020\/02\/1CUAH2FOCO.jpg","jetpack_sharing_enabled":true,"jetpack_shortlink":"https:\/\/wp.me\/p7ZJR4-bvt","jetpack_likes_enabled":false,"jetpack-related-posts":[{"id":63627,"url":"https:\/\/www.grieta.org.mx\/index.php\/2020\/01\/09\/mina-en-tetlama-danara-a-la-zona-arqueologica-de-xochicalco-morelos-inah\/","url_meta":{"origin":44235,"position":0},"title":"Mina en Tetlama da\u00f1ar\u00e1 a la zona arqueol\u00f3gica de Xochicalco, Morelos: INAH","author":"grieta","date":"9 enero, 2020","format":false,"excerpt":"Susana Paredes \/ El Sol de Cuernavaca Al unirse la Di\u00f3cesis de Cuernavaca contra megaproyectos en el estado, entre ellos la mina de Tetlama ubicada en Temixco, la arque\u00f3loga Silvia Garza Tarazona del Centro del Instituto Nacional de Antropolog\u00eda e Historia (INAH) Morelos, hab\u00eda confirmado que este proyecto perjudicar\u00e1 gravemente\u2026","rel":"","context":"En &quot;CINTILLO&quot;","block_context":{"text":"CINTILLO","link":"https:\/\/www.grieta.org.mx\/index.php\/category\/cintillo\/"},"img":{"alt_text":"","src":"","width":0,"height":0},"classes":[]},{"id":63102,"url":"https:\/\/www.grieta.org.mx\/index.php\/2022\/01\/11\/comunidades-rechazan-mina-a-cielo-abierto-en-xochicalco-morelos\/","url_meta":{"origin":44235,"position":1},"title":"Comunidades rechazan mina a cielo abierto en Xochicalco, Morelos","author":"grieta","date":"11 enero, 2022","format":false,"excerpt":"Redacci\u00f3n \/ La Coperacha Cierran carretera y exigen a alcaldesa morenista de Temixco, declarar Territorio Libre de Miner\u00eda. Habitantes de 16 comunidades ind\u00edgenas y colonias de los municipios de Temixco, Xochitepec, Miacatl\u00e1n y Coatetelco, en Morelos, bloquearon la carretera federal Iguala-Cuernavaca en rechazo del proyecto de la minera canadiense \u00c1lamos\u2026","rel":"","context":"En &quot;CINTILLO&quot;","block_context":{"text":"CINTILLO","link":"https:\/\/www.grieta.org.mx\/index.php\/category\/cintillo\/"},"img":{"alt_text":"","src":"https:\/\/i0.wp.com\/www.grieta.org.mx\/wp-content\/uploads\/2022\/01\/No-a-la-mina-Morelos.jpg?resize=350%2C200&ssl=1","width":350,"height":200,"srcset":"https:\/\/i0.wp.com\/www.grieta.org.mx\/wp-content\/uploads\/2022\/01\/No-a-la-mina-Morelos.jpg?resize=350%2C200&ssl=1 1x, https:\/\/i0.wp.com\/www.grieta.org.mx\/wp-content\/uploads\/2022\/01\/No-a-la-mina-Morelos.jpg?resize=525%2C300&ssl=1 1.5x, https:\/\/i0.wp.com\/www.grieta.org.mx\/wp-content\/uploads\/2022\/01\/No-a-la-mina-Morelos.jpg?resize=700%2C400&ssl=1 2x, https:\/\/i0.wp.com\/www.grieta.org.mx\/wp-content\/uploads\/2022\/01\/No-a-la-mina-Morelos.jpg?resize=1050%2C600&ssl=1 3x"},"classes":[]},{"id":63631,"url":"https:\/\/www.grieta.org.mx\/index.php\/2019\/10\/17\/urgen-freno-a-mineria-en-tetlama-morelos\/","url_meta":{"origin":44235,"position":2},"title":"Urgen freno a miner\u00eda en Tetlama, Morelos","author":"grieta","date":"17 octubre, 2019","format":false,"excerpt":"Susana Paredes \/ El Sol de Cuernavaca Adem\u00e1s del da\u00f1o a la zona, representa riesgo para la salud en Cuernavaca y Temixco: Garza Tarazona La arque\u00f3loga Silvia Garza Tarazona del Centro Instituto Nacional de Antropolog\u00eda e Historia (INAH) Morelos, exhort\u00f3 a las autoridades federales y estatales evitar que la mina\u2026","rel":"","context":"En &quot;CINTILLO&quot;","block_context":{"text":"CINTILLO","link":"https:\/\/www.grieta.org.mx\/index.php\/category\/cintillo\/"},"img":{"alt_text":"","src":"https:\/\/i0.wp.com\/www.grieta.org.mx\/wp-content\/uploads\/2022\/03\/25-H1.jpg?resize=350%2C200&ssl=1","width":350,"height":200,"srcset":"https:\/\/i0.wp.com\/www.grieta.org.mx\/wp-content\/uploads\/2022\/03\/25-H1.jpg?resize=350%2C200&ssl=1 1x, https:\/\/i0.wp.com\/www.grieta.org.mx\/wp-content\/uploads\/2022\/03\/25-H1.jpg?resize=525%2C300&ssl=1 1.5x, https:\/\/i0.wp.com\/www.grieta.org.mx\/wp-content\/uploads\/2022\/03\/25-H1.jpg?resize=700%2C400&ssl=1 2x"},"classes":[]},{"id":9137,"url":"https:\/\/www.grieta.org.mx\/index.php\/2015\/09\/14\/repudia-concesion-a-minera-canadiense-en-xochicalco\/","url_meta":{"origin":44235,"position":3},"title":"Repudia concesi\u00f3n a minera canadiense en Xochicalco","author":"grieta","date":"14 septiembre, 2015","format":false,"excerpt":"Movimiento Morelense contra las Concesiones de Miner\u00eda a Tajo Abierto En el contexto del tercer Congreso Internacional sobre Experiencias en la Salvaguardia del Patrimonio Cultural Inmaterial, celebrado este mes en Cuernavaca, el Movimiento Morelense contra las Concesiones de Miner\u00eda a Tajo Abierto por Metales se pronunci\u00f3 por la cancelaci\u00f3n inmediata\u2026","rel":"","context":"En &quot;CINTILLO&quot;","block_context":{"text":"CINTILLO","link":"https:\/\/www.grieta.org.mx\/index.php\/category\/cintillo\/"},"img":{"alt_text":"","src":"https:\/\/i0.wp.com\/www.grieta.org.mx\/wp-content\/uploads\/2018\/03\/14524434_1106112876131411_958039263622046936_o.jpg?resize=350%2C200&ssl=1","width":350,"height":200,"srcset":"https:\/\/i0.wp.com\/www.grieta.org.mx\/wp-content\/uploads\/2018\/03\/14524434_1106112876131411_958039263622046936_o.jpg?resize=350%2C200&ssl=1 1x, https:\/\/i0.wp.com\/www.grieta.org.mx\/wp-content\/uploads\/2018\/03\/14524434_1106112876131411_958039263622046936_o.jpg?resize=525%2C300&ssl=1 1.5x, https:\/\/i0.wp.com\/www.grieta.org.mx\/wp-content\/uploads\/2018\/03\/14524434_1106112876131411_958039263622046936_o.jpg?resize=700%2C400&ssl=1 2x"},"classes":[]},{"id":63099,"url":"https:\/\/www.grieta.org.mx\/index.php\/2022\/01\/13\/declarar-temixco-como-territorio-libre-de-mineria-exigen-16-comunidades-indigenas-de-morelos\/","url_meta":{"origin":44235,"position":4},"title":"Declarar Temixco como Territorio Libre de Miner\u00eda, exigen 16 comunidades ind\u00edgenas de Morelos","author":"grieta","date":"13 enero, 2022","format":false,"excerpt":"Redacci\u00f3n \/ Educa Oaxaca La Unificaci\u00f3n de Pueblos y Colonias en contra de la Miner\u00eda de Morelos solicitaron por escrito a la presidenta municipal de Temixco, Juana Ocampo, que \u201creconozca y garantice el derecho de los pueblos y las comunidades ind\u00edgenas a la libre determinaci\u00f3n para preservar y enriquecer el\u2026","rel":"","context":"En &quot;CINTILLO&quot;","block_context":{"text":"CINTILLO","link":"https:\/\/www.grieta.org.mx\/index.php\/category\/cintillo\/"},"img":{"alt_text":"","src":"https:\/\/i0.wp.com\/www.grieta.org.mx\/wp-content\/uploads\/2022\/01\/photo_2022-01-10_19-52-06-800x720-1-768x691-1.jpg?resize=350%2C200&ssl=1","width":350,"height":200,"srcset":"https:\/\/i0.wp.com\/www.grieta.org.mx\/wp-content\/uploads\/2022\/01\/photo_2022-01-10_19-52-06-800x720-1-768x691-1.jpg?resize=350%2C200&ssl=1 1x, https:\/\/i0.wp.com\/www.grieta.org.mx\/wp-content\/uploads\/2022\/01\/photo_2022-01-10_19-52-06-800x720-1-768x691-1.jpg?resize=525%2C300&ssl=1 1.5x, https:\/\/i0.wp.com\/www.grieta.org.mx\/wp-content\/uploads\/2022\/01\/photo_2022-01-10_19-52-06-800x720-1-768x691-1.jpg?resize=700%2C400&ssl=1 2x"},"classes":[]},{"id":9140,"url":"https:\/\/www.grieta.org.mx\/index.php\/2015\/04\/07\/xochicalco-lamentan-entrega-de-tierras-a-mineria\/","url_meta":{"origin":44235,"position":5},"title":"Xochicalco: lamentan entrega de tierras a miner\u00eda","author":"grieta","date":"7 abril, 2015","format":false,"excerpt":"Morelos Habla Pese a que fue se decidi\u00f3 en asambleas comunitarias, la Central Campesina deplor\u00f3 la renta para una actividad altamente contaminante. La Central Campesina Cardenista (CCC), lament\u00f3 la entrega de las tierras aleda\u00f1as a la zona arqueol\u00f3gica de Xochicalco a los canadienses de la minera Esperanza Silver de M\u00e9xico,\u2026","rel":"","context":"En &quot;CINTILLO&quot;","block_context":{"text":"CINTILLO","link":"https:\/\/www.grieta.org.mx\/index.php\/category\/cintillo\/"},"img":{"alt_text":"","src":"https:\/\/i0.wp.com\/www.grieta.org.mx\/wp-content\/uploads\/2018\/03\/14524434_1106112876131411_958039263622046936_o.jpg?resize=350%2C200&ssl=1","width":350,"height":200,"srcset":"https:\/\/i0.wp.com\/www.grieta.org.mx\/wp-content\/uploads\/2018\/03\/14524434_1106112876131411_958039263622046936_o.jpg?resize=350%2C200&ssl=1 1x, https:\/\/i0.wp.com\/www.grieta.org.mx\/wp-content\/uploads\/2018\/03\/14524434_1106112876131411_958039263622046936_o.jpg?resize=525%2C300&ssl=1 1.5x, https:\/\/i0.wp.com\/www.grieta.org.mx\/wp-content\/uploads\/2018\/03\/14524434_1106112876131411_958039263622046936_o.jpg?resize=700%2C400&ssl=1 2x"},"classes":[]}],"_links":{"self":[{"href":"https:\/\/www.grieta.org.mx\/index.php\/wp-json\/wp\/v2\/posts\/44235","targetHints":{"allow":["GET"]}}],"collection":[{"href":"https:\/\/www.grieta.org.mx\/index.php\/wp-json\/wp\/v2\/posts"}],"about":[{"href":"https:\/\/www.grieta.org.mx\/index.php\/wp-json\/wp\/v2\/types\/post"}],"author":[{"embeddable":true,"href":"https:\/\/www.grieta.org.mx\/index.php\/wp-json\/wp\/v2\/users\/2"}],"replies":[{"embeddable":true,"href":"https:\/\/www.grieta.org.mx\/index.php\/wp-json\/wp\/v2\/comments?post=44235"}],"version-history":[{"count":1,"href":"https:\/\/www.grieta.org.mx\/index.php\/wp-json\/wp\/v2\/posts\/44235\/revisions"}],"predecessor-version":[{"id":44238,"href":"https:\/\/www.grieta.org.mx\/index.php\/wp-json\/wp\/v2\/posts\/44235\/revisions\/44238"}],"wp:featuredmedia":[{"embeddable":true,"href":"https:\/\/www.grieta.org.mx\/index.php\/wp-json\/wp\/v2\/media\/44236"}],"wp:attachment":[{"href":"https:\/\/www.grieta.org.mx\/index.php\/wp-json\/wp\/v2\/media?parent=44235"}],"wp:term":[{"taxonomy":"category","embeddable":true,"href":"https:\/\/www.grieta.org.mx\/index.php\/wp-json\/wp\/v2\/categories?post=44235"},{"taxonomy":"post_tag","embeddable":true,"href":"https:\/\/www.grieta.org.mx\/index.php\/wp-json\/wp\/v2\/tags?post=44235"}],"curies":[{"name":"wp","href":"https:\/\/api.w.org\/{rel}","templated":true}]}}