{"id":44205,"date":"2020-02-06T13:00:13","date_gmt":"2020-02-06T19:00:13","guid":{"rendered":"http:\/\/www.grieta.org.mx\/?p=44205"},"modified":"2020-02-21T12:01:10","modified_gmt":"2020-02-21T18:01:10","slug":"megamineria-devasta-comunidades-morelos","status":"publish","type":"post","link":"https:\/\/www.grieta.org.mx\/index.php\/2020\/02\/06\/megamineria-devasta-comunidades-morelos\/","title":{"rendered":"&#8216;Megaminer\u00eda devasta comunidades&#8217; (Morelos)"},"content":{"rendered":"<p><img loading=\"lazy\" decoding=\"async\" data-attachment-id=\"44206\" data-permalink=\"https:\/\/www.grieta.org.mx\/index.php\/2020\/02\/06\/megamineria-devasta-comunidades-morelos\/cropw357h298pntx200206113-focus-min0-37-0-628-524\/\" data-orig-file=\"https:\/\/www.grieta.org.mx\/wp-content\/uploads\/2020\/02\/cropw357h298pntx200206113-focus-min0.37-0-628-524.jpg\" data-orig-size=\"628,524\" data-comments-opened=\"0\" data-image-meta=\"{&quot;aperture&quot;:&quot;0&quot;,&quot;credit&quot;:&quot;&quot;,&quot;camera&quot;:&quot;&quot;,&quot;caption&quot;:&quot;&quot;,&quot;created_timestamp&quot;:&quot;0&quot;,&quot;copyright&quot;:&quot;&quot;,&quot;focal_length&quot;:&quot;0&quot;,&quot;iso&quot;:&quot;0&quot;,&quot;shutter_speed&quot;:&quot;0&quot;,&quot;title&quot;:&quot;&quot;,&quot;orientation&quot;:&quot;0&quot;}\" data-image-title=\"cropw357h298pntx200206113-focus-min0.37-0-628-524\" data-image-description=\"\" data-image-caption=\"\" data-medium-file=\"https:\/\/www.grieta.org.mx\/wp-content\/uploads\/2020\/02\/cropw357h298pntx200206113-focus-min0.37-0-628-524-300x250.jpg\" data-large-file=\"https:\/\/www.grieta.org.mx\/wp-content\/uploads\/2020\/02\/cropw357h298pntx200206113-focus-min0.37-0-628-524.jpg\" class=\"aligncenter wp-image-44206\" src=\"http:\/\/www.grieta.org.mx\/wp-content\/uploads\/2020\/02\/cropw357h298pntx200206113-focus-min0.37-0-628-524.jpg\" alt=\"\" width=\"800\" height=\"668\" srcset=\"https:\/\/www.grieta.org.mx\/wp-content\/uploads\/2020\/02\/cropw357h298pntx200206113-focus-min0.37-0-628-524.jpg 628w, https:\/\/www.grieta.org.mx\/wp-content\/uploads\/2020\/02\/cropw357h298pntx200206113-focus-min0.37-0-628-524-300x250.jpg 300w, https:\/\/www.grieta.org.mx\/wp-content\/uploads\/2020\/02\/cropw357h298pntx200206113-focus-min0.37-0-628-524-599x500.jpg 599w\" sizes=\"auto, (max-width: 800px) 100vw, 800px\" \/><\/p>\n<p>Redacci\u00f3n \/ El Ma\u00f1ana<\/p>\n<p>La megaminer\u00eda de metales a cielo abierto devasta ecosistemas; produce graves enfermedades por exposici\u00f3n a t\u00f3xicos y otros factores nocivos; provoca conflictos y atenta contra la cohesi\u00f3n social, los referentes comunitarios y el patrimonio arqueol\u00f3gico e hist\u00f3rico; desplaza actividades que crean riqueza y empleo; maximiza utilidades a costa de los trabajadores; mina derechos humanos y la autonom\u00eda de los pueblos, y estimula pr\u00e1cticas antidemocr\u00e1ticasn advirti\u00f3 Paul Hersch, investigador del Centro INAH Morelos.<\/p>\n<p>El investigador analiz\u00f3 el tema &#8220;Patrimonio Cultural y megaminer\u00eda&#8221;, en el foro &#8220;Amenazas socioambientales en Morelos&#8221;, realizado en las instalaciones de la Universidad Aut\u00f3noma del Estado de Morelos (UAEM), donde agreg\u00f3 que a\u00fan con la amenaza a la biodiversidad, &#8220;parte de las concesiones ya otorgadas coincide con territorios ind\u00edgenas, donde est\u00e1n a su vez los ecosistemas m\u00e1s conservados del pa\u00eds&#8221;.<\/p>\n<p>Otro efecto es que el agua de los manantiales disminuye o desaparece, pero lo m\u00e1s grave se da en lugares en los que falta agua para consumo humano y para la agricultura, porque la megaminer\u00eda compite con esos usos. Incluso en estados como Morelos, cuya disponibilidad de agua ha ido disminuyendo en los \u00faltimos a\u00f1os, una extracci\u00f3n intensiva como la que pretenden los megaproyectos, agravar\u00e1 la disminuci\u00f3n ya existente en todos sus acu\u00edferos, lo cual se se complica con el calentamiento global.<\/p>\n<p>Hersch contextualiz\u00f3 que en Morelos hay concesiones ubicadas en Temixco, Miacatl\u00e1n, Xochitepec y Cuernavaca, que suman m\u00e1s de 15 mil hect\u00e1reas, en un estado cuya superficie forestal original ha sido desmontada en un 70 por ciento. La minera Esperanza Silver pretende establecer su explotaci\u00f3n a 12 kil\u00f3metros de la ciudad de Cuernavaca, en una zona que involucra a numerosos asentamientos humanos, entre ellos Acatlipa, Temixco, Xochitepec, la Unidad Morelos, Alpuyeca, Tetlama, Cuentepec, Xochicalco, Palpan, Tlajotla, Coatetelco y Miacatl\u00e1n.<\/p>\n<p>Refiri\u00f3 que en 2009 el subsuelo de la zona arqueol\u00f3gica de Xochicalco, declarada patrimonio cultural de la humanidad en 1994, fue otorgado en concesi\u00f3n a la empresa canadiense Esperanza Silver, de Vancouver, por la Secretar\u00eda de Econom\u00eda. La concesi\u00f3n por 278 hect\u00e1reas, denominada &#8220;Esperanza V&#8221; y cuyo t\u00edtulo es el n\u00famero 234,011, vence el 14 de mayo de 2059.<\/p>\n<p>La iniciativa megaminera motiv\u00f3 una movilizaci\u00f3n social que recab\u00f3 m\u00e1s de 16 mil firmas contra el proyecto, entregadas en la embajada de Canad\u00e1 sin respuesta formal alguna, pero la presi\u00f3n organizada de la sociedad civil result\u00f3 en el rechazo de la manifestaci\u00f3n de impacto ambiental presentada para iniciar la explotaci\u00f3n en enero de 2014, pero las concesiones no se cancelaron.<\/p>\n<p>En julio de 2013, Esperanza Silver vendi\u00f3 sus acciones en Morelos por 45 millones de d\u00f3lares a otra firma canadiense, Alamos Gold, que ya ha detectado \u00e1reas de inter\u00e9s espec\u00edfico en sus siete concesiones, ubicadas en una de las escasas regiones de conservaci\u00f3n natural aun existentes en el poniente del estado.<\/p>\n<p>Otro impacto que destac\u00f3 el experto es la dispersi\u00f3n a\u00e9rea de diversos minerales y metales pesados t\u00f3xicos, incluyendo elementos radioactivos, provenientes de las explosiones, la trituraci\u00f3n y molienda de rocas, el transporte y otras emisiones, ya que el polvo microsc\u00f3pico de minerales, expuesto sin control a las corrientes de viento, puede enfermar a quienes viven en la zona, incorpor\u00e1ndose adem\u00e1s al agua, las casas, las tierras de cultivo y los caminos.<\/p>\n<p>Los \u00e1rboles son talados y todo vegetal es destruido. Los animales silvestres huyen de una mina a tajo abierto, ahuyentados por la deforestaci\u00f3n, la vibraci\u00f3n y el ruido. Los p\u00e1jaros beben los t\u00f3xicos vertidos en el agua y mueren en masa. Los peces y el ganado quedan envenenados por los residuos vertidos en r\u00edos.<\/p>\n<p>A\u00fan cuando los megaproyectos mineros est\u00e1n obligados a rehabilitar las zonas afectadas, ninguna &#8220;remediaci\u00f3n&#8221; o &#8220;mitigaci\u00f3n&#8221; resolver\u00e1 los da\u00f1os irreversibles. Incluso si se intenta cultivar la tierra, suponiendo que algo se pudiese producir, \u00bfqui\u00e9n comer\u00eda algo que creci\u00f3 sobre residuos t\u00f3xicos?<\/p>\n<p>A nivel social, las confrontaciones, generadas por la llegada de las mineras, afectan la calidad de las relaciones humanas y la salud emocional. El ruido de las m\u00e1quinas, las explosiones y las sirenas, provoca ansiedad y alteraciones del sue\u00f1o, por lo que muchas personas tienen que emigrar.<\/p>\n<p>El investigador del Centro del Instituto Nacional de Antropolog\u00eda e Historia en el estado de Morelos afirm\u00f3 que los megaproyectos como la megaminer\u00eda, las plantas generadoras de electricidad a partir de gas y agua y los grandes ejes carreteros, a menudo son impuestos por sus posibles efectos da\u00f1inos, pues una comunidad unida los rechazar\u00e1 si conoce sus riesgos.<\/p>\n<p>Por eso se requiere dividirla, lo cual hacen a menudo quienes impulsan dichas iniciativas, y las desavenencias y choques al interior de las comunidades y de las familias facilitan la imposici\u00f3n de los proyectos. A eso se le llama &#8220;ingenier\u00eda de conflictos&#8221;.<\/p>\n<p>Para persuadir a las comunidades, las empresas a menudo aprovechan la precariedad econ\u00f3mica, la marginaci\u00f3n y el abandono gubernamental de las regiones donde se pretenden instalar; ofrecen dinero y empleo, pero tambi\u00e9n mejoras y servicios que deben ser aportados por el Estado.<\/p>\n<p>Otro aspecto es que se ocultan y niegan a la poblaci\u00f3n las consecuencias nocivas y m\u00faltiples; se esconde lo que las empresas sacan y lo que dejan, as\u00ed como la precariedad y peligrosidad de los trabajos que ofrecen.<\/p>\n<p>Quienes se oponen a la megaminer\u00eda t\u00f3xica en defensa del territorio son hostilizados y calificados como &#8220;ignorantes&#8221; por resistir a la devastaci\u00f3n programada. Son difamados y confrontados con sus propias comunidades. La divisi\u00f3n llega a las familias; hay agresiones personales, amenazas directas, allanamientos, secuestros y asesinatos, e impunidad.<\/p>\n<p>Advirti\u00f3 el experto que como una parte de los asentamientos arqueol\u00f3gicos del pa\u00eds coincide con concesiones ya otorgadas, las zonas con vestigios pueden ser devastadas por las empresas, por lo que el patrimonio arqueol\u00f3gico est\u00e1 amenazado.<\/p>\n<p>Asimismo, hay afectaciones al paisaje porque monta\u00f1as, planicies, r\u00edos, pasan a ser huecos est\u00e9riles, enormes agujeros, apilamientos de desechos, territorios de segunda. Mencion\u00f3 que lo que se encuentra en juego en esta confrontaci\u00f3n de visiones no es un discurso, sino el futuro de los territorios, y con ello el de su poblaci\u00f3n e identidad, el de su patrimonio biocultural.<\/p>\n<p>No se trata s\u00f3lo de advertir una cat\u00e1strofe, sino de generar soluciones viables ante la situaci\u00f3n, ya que en esta tensi\u00f3n del despojo por la imposici\u00f3n de megaproyectos, aparecen los valores de la comunalidad y del bienestar integral y colectivo que algunos pueblos entienden como el buen vivir.<\/p>\n<p>Estim\u00f3 que la respuesta social es determinante y la respuesta institucional, necesaria. &#8220;Las instituciones p\u00fablicas requieren una pol\u00edtica integral e intersectorial de protecci\u00f3n, pero debido a sus implicaciones m\u00faltiples, no debe recaer en una sola instituci\u00f3n ni realizarse al margen de las comunidades afectables, pues la calidad de las respuestas institucionales depende de la participaci\u00f3n decisoria de los pueblos.<\/p>\n<p>Tambi\u00e9n mencion\u00f3 la urgencia de realizar investigaciones sobre el da\u00f1o a la salud provocado por la miner\u00eda t\u00f3xica, considerando sus m\u00faltiples dimensiones: corporal, psicol\u00f3gica, social, espiritual y ecol\u00f3gica.<\/p>\n<p>&#8220;Se requieren manifestaciones integrales de impacto, a nivel ambiental, en la salud individual y colectiva, en la din\u00e1mica econ\u00f3mica y laboral, en la vida social y cultural, en el patrimonio arqueol\u00f3gico y monumental, en el paisaje, pero para ser imparciales y fundamentados, los estudios deben ser pagados por las empresas y realizados por especialistas independientes, y ser accesibles a toda la poblaci\u00f2n&#8221;, explic\u00f3 Hersch.<\/p>\n<p><a href=\"https:\/\/www.elmanana.com\/megamineria-devasta-comunidades-proyecto-mineria-recursos-naturales\/5017781\">https:\/\/www.elmanana.com\/megamineria-devasta-comunidades-proyecto-mineria-recursos-naturales\/5017781<\/a><\/p>\n","protected":false},"excerpt":{"rendered":"<p>Redacci\u00f3n \/ El Ma\u00f1ana La megaminer\u00eda de metales a cielo abierto devasta ecosistemas; produce graves enfermedades por exposici\u00f3n a t\u00f3xicos y otros factores nocivos; provoca conflictos y atenta contra la &hellip; <a href=\"https:\/\/www.grieta.org.mx\/index.php\/2020\/02\/06\/megamineria-devasta-comunidades-morelos\/\" class=\"more-link\">Leer m\u00e1s<\/a><\/p>\n","protected":false},"author":2,"featured_media":44206,"comment_status":"closed","ping_status":"closed","sticky":false,"template":"","format":"standard","meta":{"ngg_post_thumbnail":0,"_jetpack_newsletter_access":"","_jetpack_dont_email_post_to_subs":false,"_jetpack_newsletter_tier_id":0,"_jetpack_memberships_contains_paywalled_content":false,"_jetpack_memberships_contains_paid_content":false,"footnotes":""},"categories":[80,3,6,704,1764,22,2,1762,3067],"tags":[2846,1654],"class_list":["post-44205","post","type-post","status-publish","format-standard","has-post-thumbnail","hentry","category-cintillo","category-megaproyectos","category-mineria","category-mineria-analisis","category-conflictos-sociales-y-ambientales-por-mineria-en-morelos","category-morelos","category-noticias-nacionales","category-rechazo-a-los-megaproyectos-en-morelos","category-rechazo-a-mineria-en-morelos","tag-lucha-contra-la-mineria","tag-protestas-contra-la-mineria-a-cielo-abierto","entry"],"jetpack_featured_media_url":"https:\/\/www.grieta.org.mx\/wp-content\/uploads\/2020\/02\/cropw357h298pntx200206113-focus-min0.37-0-628-524.jpg","jetpack_sharing_enabled":true,"jetpack_shortlink":"https:\/\/wp.me\/p7ZJR4-buZ","jetpack_likes_enabled":false,"jetpack-related-posts":[{"id":9137,"url":"https:\/\/www.grieta.org.mx\/index.php\/2015\/09\/14\/repudia-concesion-a-minera-canadiense-en-xochicalco\/","url_meta":{"origin":44205,"position":0},"title":"Repudia concesi\u00f3n a minera canadiense en Xochicalco","author":"grieta","date":"14 septiembre, 2015","format":false,"excerpt":"Movimiento Morelense contra las Concesiones de Miner\u00eda a Tajo Abierto En el contexto del tercer Congreso Internacional sobre Experiencias en la Salvaguardia del Patrimonio Cultural Inmaterial, celebrado este mes en Cuernavaca, el Movimiento Morelense contra las Concesiones de Miner\u00eda a Tajo Abierto por Metales se pronunci\u00f3 por la cancelaci\u00f3n inmediata\u2026","rel":"","context":"En &quot;CINTILLO&quot;","block_context":{"text":"CINTILLO","link":"https:\/\/www.grieta.org.mx\/index.php\/category\/cintillo\/"},"img":{"alt_text":"","src":"https:\/\/i0.wp.com\/www.grieta.org.mx\/wp-content\/uploads\/2018\/03\/14524434_1106112876131411_958039263622046936_o.jpg?resize=350%2C200&ssl=1","width":350,"height":200,"srcset":"https:\/\/i0.wp.com\/www.grieta.org.mx\/wp-content\/uploads\/2018\/03\/14524434_1106112876131411_958039263622046936_o.jpg?resize=350%2C200&ssl=1 1x, https:\/\/i0.wp.com\/www.grieta.org.mx\/wp-content\/uploads\/2018\/03\/14524434_1106112876131411_958039263622046936_o.jpg?resize=525%2C300&ssl=1 1.5x, https:\/\/i0.wp.com\/www.grieta.org.mx\/wp-content\/uploads\/2018\/03\/14524434_1106112876131411_958039263622046936_o.jpg?resize=700%2C400&ssl=1 2x"},"classes":[]},{"id":69212,"url":"https:\/\/www.grieta.org.mx\/index.php\/2024\/06\/15\/celebraran-el-decreto-vs-mineria-con-evento-morelos\/","url_meta":{"origin":44205,"position":1},"title":"Celebrar\u00e1n el Decreto vs miner\u00eda con evento (Morelos)","author":"grieta","date":"15 junio, 2024","format":false,"excerpt":"Salvador Rosas \/ Diario de Morelos A dos a\u00f1os de que se firm\u00f3 el \u201cDecreto de los pueblos nahuas de Morelos contra la miner\u00eda\u201d, la comunidad de Cuentepec, Temixco, realizar\u00e1 una serie de actividades pol\u00edticas-culturales para reafirmar su rechazo a los megaproyectos y a la miner\u00eda de tajo abierto en\u2026","rel":"","context":"En &quot;CINTILLO&quot;","block_context":{"text":"CINTILLO","link":"https:\/\/www.grieta.org.mx\/index.php\/category\/cintillo\/"},"img":{"alt_text":"","src":"https:\/\/i0.wp.com\/www.grieta.org.mx\/wp-content\/uploads\/2024\/06\/Screenshot-2024-06-25-at-13-06-15-Celebraran-el-Decreto-vs-mineria-con-evento.png?resize=350%2C200&ssl=1","width":350,"height":200,"srcset":"https:\/\/i0.wp.com\/www.grieta.org.mx\/wp-content\/uploads\/2024\/06\/Screenshot-2024-06-25-at-13-06-15-Celebraran-el-Decreto-vs-mineria-con-evento.png?resize=350%2C200&ssl=1 1x, https:\/\/i0.wp.com\/www.grieta.org.mx\/wp-content\/uploads\/2024\/06\/Screenshot-2024-06-25-at-13-06-15-Celebraran-el-Decreto-vs-mineria-con-evento.png?resize=525%2C300&ssl=1 1.5x, https:\/\/i0.wp.com\/www.grieta.org.mx\/wp-content\/uploads\/2024\/06\/Screenshot-2024-06-25-at-13-06-15-Celebraran-el-Decreto-vs-mineria-con-evento.png?resize=700%2C400&ssl=1 2x, https:\/\/i0.wp.com\/www.grieta.org.mx\/wp-content\/uploads\/2024\/06\/Screenshot-2024-06-25-at-13-06-15-Celebraran-el-Decreto-vs-mineria-con-evento.png?resize=1050%2C600&ssl=1 3x"},"classes":[]},{"id":63102,"url":"https:\/\/www.grieta.org.mx\/index.php\/2022\/01\/11\/comunidades-rechazan-mina-a-cielo-abierto-en-xochicalco-morelos\/","url_meta":{"origin":44205,"position":2},"title":"Comunidades rechazan mina a cielo abierto en Xochicalco, Morelos","author":"grieta","date":"11 enero, 2022","format":false,"excerpt":"Redacci\u00f3n \/ La Coperacha Cierran carretera y exigen a alcaldesa morenista de Temixco, declarar Territorio Libre de Miner\u00eda. Habitantes de 16 comunidades ind\u00edgenas y colonias de los municipios de Temixco, Xochitepec, Miacatl\u00e1n y Coatetelco, en Morelos, bloquearon la carretera federal Iguala-Cuernavaca en rechazo del proyecto de la minera canadiense \u00c1lamos\u2026","rel":"","context":"En &quot;CINTILLO&quot;","block_context":{"text":"CINTILLO","link":"https:\/\/www.grieta.org.mx\/index.php\/category\/cintillo\/"},"img":{"alt_text":"","src":"https:\/\/i0.wp.com\/www.grieta.org.mx\/wp-content\/uploads\/2022\/01\/No-a-la-mina-Morelos.jpg?resize=350%2C200&ssl=1","width":350,"height":200,"srcset":"https:\/\/i0.wp.com\/www.grieta.org.mx\/wp-content\/uploads\/2022\/01\/No-a-la-mina-Morelos.jpg?resize=350%2C200&ssl=1 1x, https:\/\/i0.wp.com\/www.grieta.org.mx\/wp-content\/uploads\/2022\/01\/No-a-la-mina-Morelos.jpg?resize=525%2C300&ssl=1 1.5x, https:\/\/i0.wp.com\/www.grieta.org.mx\/wp-content\/uploads\/2022\/01\/No-a-la-mina-Morelos.jpg?resize=700%2C400&ssl=1 2x, https:\/\/i0.wp.com\/www.grieta.org.mx\/wp-content\/uploads\/2022\/01\/No-a-la-mina-Morelos.jpg?resize=1050%2C600&ssl=1 3x"},"classes":[]},{"id":63099,"url":"https:\/\/www.grieta.org.mx\/index.php\/2022\/01\/13\/declarar-temixco-como-territorio-libre-de-mineria-exigen-16-comunidades-indigenas-de-morelos\/","url_meta":{"origin":44205,"position":3},"title":"Declarar Temixco como Territorio Libre de Miner\u00eda, exigen 16 comunidades ind\u00edgenas de Morelos","author":"grieta","date":"13 enero, 2022","format":false,"excerpt":"Redacci\u00f3n \/ Educa Oaxaca La Unificaci\u00f3n de Pueblos y Colonias en contra de la Miner\u00eda de Morelos solicitaron por escrito a la presidenta municipal de Temixco, Juana Ocampo, que \u201creconozca y garantice el derecho de los pueblos y las comunidades ind\u00edgenas a la libre determinaci\u00f3n para preservar y enriquecer el\u2026","rel":"","context":"En &quot;CINTILLO&quot;","block_context":{"text":"CINTILLO","link":"https:\/\/www.grieta.org.mx\/index.php\/category\/cintillo\/"},"img":{"alt_text":"","src":"https:\/\/i0.wp.com\/www.grieta.org.mx\/wp-content\/uploads\/2022\/01\/photo_2022-01-10_19-52-06-800x720-1-768x691-1.jpg?resize=350%2C200&ssl=1","width":350,"height":200,"srcset":"https:\/\/i0.wp.com\/www.grieta.org.mx\/wp-content\/uploads\/2022\/01\/photo_2022-01-10_19-52-06-800x720-1-768x691-1.jpg?resize=350%2C200&ssl=1 1x, https:\/\/i0.wp.com\/www.grieta.org.mx\/wp-content\/uploads\/2022\/01\/photo_2022-01-10_19-52-06-800x720-1-768x691-1.jpg?resize=525%2C300&ssl=1 1.5x, https:\/\/i0.wp.com\/www.grieta.org.mx\/wp-content\/uploads\/2022\/01\/photo_2022-01-10_19-52-06-800x720-1-768x691-1.jpg?resize=700%2C400&ssl=1 2x"},"classes":[]},{"id":63627,"url":"https:\/\/www.grieta.org.mx\/index.php\/2020\/01\/09\/mina-en-tetlama-danara-a-la-zona-arqueologica-de-xochicalco-morelos-inah\/","url_meta":{"origin":44205,"position":4},"title":"Mina en Tetlama da\u00f1ar\u00e1 a la zona arqueol\u00f3gica de Xochicalco, Morelos: INAH","author":"grieta","date":"9 enero, 2020","format":false,"excerpt":"Susana Paredes \/ El Sol de Cuernavaca Al unirse la Di\u00f3cesis de Cuernavaca contra megaproyectos en el estado, entre ellos la mina de Tetlama ubicada en Temixco, la arque\u00f3loga Silvia Garza Tarazona del Centro del Instituto Nacional de Antropolog\u00eda e Historia (INAH) Morelos, hab\u00eda confirmado que este proyecto perjudicar\u00e1 gravemente\u2026","rel":"","context":"En &quot;CINTILLO&quot;","block_context":{"text":"CINTILLO","link":"https:\/\/www.grieta.org.mx\/index.php\/category\/cintillo\/"},"img":{"alt_text":"","src":"","width":0,"height":0},"classes":[]},{"id":63620,"url":"https:\/\/www.grieta.org.mx\/index.php\/2022\/03\/03\/morelenses-recurren-a-la-semarnat-para-protestar-en-contra-de-la-mina-de-tetlama\/","url_meta":{"origin":44205,"position":5},"title":"Morelenses recurren a la Semarnat para protestar en contra de la mina de Tetlama","author":"grieta","date":"3 marzo, 2022","format":false,"excerpt":"Redacci\u00f3n \/ Cr\u00f3nica de Morelos Representantes de la Unificaci\u00f3n de Pueblos y Colonias contra la miner\u00eda, informaron que presentaron una denuncia ante la SEMARNAT contra la miner\u00eda a cielo abierto en Morelos, donde demandaron el estudio de impacto ambiental y entregaron firmas de su oposici\u00f3n a la mina de cielo\u2026","rel":"","context":"En &quot;CINTILLO&quot;","block_context":{"text":"CINTILLO","link":"https:\/\/www.grieta.org.mx\/index.php\/category\/cintillo\/"},"img":{"alt_text":"","src":"https:\/\/i0.wp.com\/www.grieta.org.mx\/wp-content\/uploads\/2022\/03\/WhatsApp-Image-2022-03-03-at-12.47.58-PM-1140x570-1.jpeg?resize=350%2C200&ssl=1","width":350,"height":200,"srcset":"https:\/\/i0.wp.com\/www.grieta.org.mx\/wp-content\/uploads\/2022\/03\/WhatsApp-Image-2022-03-03-at-12.47.58-PM-1140x570-1.jpeg?resize=350%2C200&ssl=1 1x, https:\/\/i0.wp.com\/www.grieta.org.mx\/wp-content\/uploads\/2022\/03\/WhatsApp-Image-2022-03-03-at-12.47.58-PM-1140x570-1.jpeg?resize=525%2C300&ssl=1 1.5x, https:\/\/i0.wp.com\/www.grieta.org.mx\/wp-content\/uploads\/2022\/03\/WhatsApp-Image-2022-03-03-at-12.47.58-PM-1140x570-1.jpeg?resize=700%2C400&ssl=1 2x, https:\/\/i0.wp.com\/www.grieta.org.mx\/wp-content\/uploads\/2022\/03\/WhatsApp-Image-2022-03-03-at-12.47.58-PM-1140x570-1.jpeg?resize=1050%2C600&ssl=1 3x"},"classes":[]}],"_links":{"self":[{"href":"https:\/\/www.grieta.org.mx\/index.php\/wp-json\/wp\/v2\/posts\/44205","targetHints":{"allow":["GET"]}}],"collection":[{"href":"https:\/\/www.grieta.org.mx\/index.php\/wp-json\/wp\/v2\/posts"}],"about":[{"href":"https:\/\/www.grieta.org.mx\/index.php\/wp-json\/wp\/v2\/types\/post"}],"author":[{"embeddable":true,"href":"https:\/\/www.grieta.org.mx\/index.php\/wp-json\/wp\/v2\/users\/2"}],"replies":[{"embeddable":true,"href":"https:\/\/www.grieta.org.mx\/index.php\/wp-json\/wp\/v2\/comments?post=44205"}],"version-history":[{"count":1,"href":"https:\/\/www.grieta.org.mx\/index.php\/wp-json\/wp\/v2\/posts\/44205\/revisions"}],"predecessor-version":[{"id":44747,"href":"https:\/\/www.grieta.org.mx\/index.php\/wp-json\/wp\/v2\/posts\/44205\/revisions\/44747"}],"wp:featuredmedia":[{"embeddable":true,"href":"https:\/\/www.grieta.org.mx\/index.php\/wp-json\/wp\/v2\/media\/44206"}],"wp:attachment":[{"href":"https:\/\/www.grieta.org.mx\/index.php\/wp-json\/wp\/v2\/media?parent=44205"}],"wp:term":[{"taxonomy":"category","embeddable":true,"href":"https:\/\/www.grieta.org.mx\/index.php\/wp-json\/wp\/v2\/categories?post=44205"},{"taxonomy":"post_tag","embeddable":true,"href":"https:\/\/www.grieta.org.mx\/index.php\/wp-json\/wp\/v2\/tags?post=44205"}],"curies":[{"name":"wp","href":"https:\/\/api.w.org\/{rel}","templated":true}]}}