{"id":44192,"date":"2020-02-09T11:55:31","date_gmt":"2020-02-09T17:55:31","guid":{"rendered":"http:\/\/www.grieta.org.mx\/?p=44192"},"modified":"2020-02-12T12:31:06","modified_gmt":"2020-02-12T18:31:06","slug":"mexicanos-lanzan-busqueda-masiva-de-desaparecidos-en-veracruz-foco-de-la-tragedia","status":"publish","type":"post","link":"https:\/\/www.grieta.org.mx\/index.php\/2020\/02\/09\/mexicanos-lanzan-busqueda-masiva-de-desaparecidos-en-veracruz-foco-de-la-tragedia\/","title":{"rendered":"Mexicanos lanzan b\u00fasqueda masiva de desaparecidos en Veracruz, foco de la tragedia"},"content":{"rendered":"<figure id=\"attachment_44193\" aria-describedby=\"caption-attachment-44193\" style=\"width: 800px\" class=\"wp-caption aligncenter\"><img loading=\"lazy\" decoding=\"async\" data-attachment-id=\"44193\" data-permalink=\"https:\/\/www.grieta.org.mx\/index.php\/2020\/02\/09\/mexicanos-lanzan-busqueda-masiva-de-desaparecidos-en-veracruz-foco-de-la-tragedia\/https-_www-infobae-com_new-resizer_ccmcwrk1mbairvxmqtx0ulucgfe_750x0_filters-quality100_arc-anglerfish-arc2-prod-infobae-s3-amazonaws-com_public_ahupqhb6ofe2rc7aakxmgzbhyi\/\" data-orig-file=\"https:\/\/www.grieta.org.mx\/wp-content\/uploads\/2020\/02\/https-_www.infobae.com_new-resizer_CCMCwrK1MBaiRVxMqtx0uLUcGfE_750x0_filters-quality100_arc-anglerfish-arc2-prod-infobae.s3.amazonaws.com_public_AHUPQHB6OFE2RC7AAKXMGZBHYI.jpg\" data-orig-size=\"750,500\" data-comments-opened=\"0\" data-image-meta=\"{&quot;aperture&quot;:&quot;0&quot;,&quot;credit&quot;:&quot;&quot;,&quot;camera&quot;:&quot;&quot;,&quot;caption&quot;:&quot;&quot;,&quot;created_timestamp&quot;:&quot;0&quot;,&quot;copyright&quot;:&quot;&quot;,&quot;focal_length&quot;:&quot;0&quot;,&quot;iso&quot;:&quot;0&quot;,&quot;shutter_speed&quot;:&quot;0&quot;,&quot;title&quot;:&quot;&quot;,&quot;orientation&quot;:&quot;0&quot;}\" data-image-title=\"https _www.infobae.com_new-resizer_CCMCwrK1MBaiRVxMqtx0uLUcGfE=_750x0_filters quality(100)_arc-anglerfish-arc2-prod-infobae.s3.amazonaws.com_public_AHUPQHB6OFE2RC7AAKXMGZBHYI\" data-image-description=\"\" data-image-caption=\"\" data-medium-file=\"https:\/\/www.grieta.org.mx\/wp-content\/uploads\/2020\/02\/https-_www.infobae.com_new-resizer_CCMCwrK1MBaiRVxMqtx0uLUcGfE_750x0_filters-quality100_arc-anglerfish-arc2-prod-infobae.s3.amazonaws.com_public_AHUPQHB6OFE2RC7AAKXMGZBHYI-300x200.jpg\" data-large-file=\"https:\/\/www.grieta.org.mx\/wp-content\/uploads\/2020\/02\/https-_www.infobae.com_new-resizer_CCMCwrK1MBaiRVxMqtx0uLUcGfE_750x0_filters-quality100_arc-anglerfish-arc2-prod-infobae.s3.amazonaws.com_public_AHUPQHB6OFE2RC7AAKXMGZBHYI.jpg\" class=\"wp-image-44193\" src=\"http:\/\/www.grieta.org.mx\/wp-content\/uploads\/2020\/02\/https-_www.infobae.com_new-resizer_CCMCwrK1MBaiRVxMqtx0uLUcGfE_750x0_filters-quality100_arc-anglerfish-arc2-prod-infobae.s3.amazonaws.com_public_AHUPQHB6OFE2RC7AAKXMGZBHYI.jpg\" alt=\"\" width=\"800\" height=\"533\" srcset=\"https:\/\/www.grieta.org.mx\/wp-content\/uploads\/2020\/02\/https-_www.infobae.com_new-resizer_CCMCwrK1MBaiRVxMqtx0uLUcGfE_750x0_filters-quality100_arc-anglerfish-arc2-prod-infobae.s3.amazonaws.com_public_AHUPQHB6OFE2RC7AAKXMGZBHYI.jpg 750w, https:\/\/www.grieta.org.mx\/wp-content\/uploads\/2020\/02\/https-_www.infobae.com_new-resizer_CCMCwrK1MBaiRVxMqtx0uLUcGfE_750x0_filters-quality100_arc-anglerfish-arc2-prod-infobae.s3.amazonaws.com_public_AHUPQHB6OFE2RC7AAKXMGZBHYI-300x200.jpg 300w\" sizes=\"auto, (max-width: 800px) 100vw, 800px\" \/><figcaption id=\"caption-attachment-44193\" class=\"wp-caption-text\">Trabajadores forenses entierran cuerpos no reclamados en una fosa com\u00fan en el cementerio de San Rafael en Ciudad Ju\u00e1rez, M\u00e9xico, 28 de noviembre de 2018. Jose Luis Gonzalez. Reuters. Foto de archivo<\/figcaption><\/figure>\n<p> Lizbeth Diaz \/ INFOBAE<\/p>\n<p>CIUDAD DE M\u00c9XICO, 7 feb (Reuters) &#8211; Con picos y palas, cientos de mexicanos iniciar\u00e1n el lunes una nueva b\u00fasqueda de desaparecidos en el estado Veracruz, ubicado en el sureste del pa\u00eds y uno de los epicentros de este drama, en el mayor operativo de este tipo realizado hasta la fecha, seg\u00fan los organizadores.<\/p>\n<p>La b\u00fasqueda se produce pocas semanas despu\u00e9s de que se actualizara hasta 61,000 el n\u00famero de desaparecidos en M\u00e9xico desde el a\u00f1o 2006, cuando el gobierno del expresidente Felipe Calder\u00f3n inici\u00f3 la llamada &#8220;guerra contra el narcotr\u00e1fico&#8221;.<\/p>\n<p>Integrantes de 74 colectivos que durante a\u00f1os se han dedicado a labores de b\u00fasqueda, muchos de ellos familiares de desaparecidos, participar\u00e1n en el operativo, que durar\u00e1 cerca de dos semanas y presenta una novedad respecto a experiencias previas.<\/p>\n<p>&#8220;Esta es la primera vez que la brigada toma como eje la b\u00fasqueda en vida (de desaparecidos)&#8221;, dijo a Reuters Virginia Garay, cuyo hijo fue visto por \u00faltima vez en 2018 en el estado Nayarit, en la costa pac\u00edfica.<\/p>\n<p>Algunas actividades de rastreo de personas que permanecen en paradero desconocido se har\u00e1n en centros de detenci\u00f3n de Veracruz, bajo la premisa de que pueden estar vivos, seg\u00fan integrantes de la iniciativa, denominada como la V Brigada Nacional de B\u00fasqueda.<\/p>\n<p>Juan Carlos Trujillo, de la organizaci\u00f3n Enlaces Nacionales, dijo el viernes a la prensa que la brigada contar\u00e1 con 300 miembros, por lo que ser\u00e1 &#8220;la m\u00e1s grande&#8221; desde que hace cinco a\u00f1os se lanzaron este tipo de operativos. Trujillo denunci\u00f3 que, a pesar de las promesas del gobierno mexicano, &#8220;lamentablemente&#8221; los apoyos siguen siendo precarios.<\/p>\n<p>Los activistas creen que la cifra de desaparecidos es en realidad mayor porque muchas veces no se denuncia el delito o porque las mafias criminales utilizan pr\u00e1cticas que hacen cada vez m\u00e1s dif\u00edcil localizar los cuerpos de las v\u00edctimas.<\/p>\n<p>El caso m\u00e1s sonado de los \u00faltimos a\u00f1os en M\u00e9xico se dio en 2014 con la desaparici\u00f3n de 43 estudiantes de una escuela de magisterio rural en Ayotzinapa, en el estado sure\u00f1o Guerrero. En Veracruz, sin embargo, se han encontrado fosas clandestinas con m\u00e1s de un centenar de cuerpos en algunas ocasiones.<\/p>\n<p>(Reporte de Lizbeth Diaz; Editada por Ra\u00fal Cort\u00e9s y Sharay Angulo)<\/p>\n<p><a href=\"https:\/\/www.infobae.com\/america\/agencias\/2020\/02\/07\/mexicanos-lanzan-busqueda-masiva-de-desaparecidos-en-veracruz-foco-de-la-tragedia\/\">https:\/\/www.infobae.com\/america\/agencias\/2020\/02\/07\/mexicanos-lanzan-busqueda-masiva-de-desaparecidos-en-veracruz-foco-de-la-tragedia\/<\/a><\/p>\n","protected":false},"excerpt":{"rendered":"<p>Lizbeth Diaz \/ INFOBAE CIUDAD DE M\u00c9XICO, 7 feb (Reuters) &#8211; Con picos y palas, cientos de mexicanos iniciar\u00e1n el lunes una nueva b\u00fasqueda de desaparecidos en el estado Veracruz, &hellip; <a href=\"https:\/\/www.grieta.org.mx\/index.php\/2020\/02\/09\/mexicanos-lanzan-busqueda-masiva-de-desaparecidos-en-veracruz-foco-de-la-tragedia\/\" class=\"more-link\">Leer m\u00e1s<\/a><\/p>\n","protected":false},"author":2,"featured_media":44193,"comment_status":"closed","ping_status":"closed","sticky":false,"template":"","format":"standard","meta":{"ngg_post_thumbnail":0,"_jetpack_newsletter_access":"","_jetpack_dont_email_post_to_subs":false,"_jetpack_newsletter_tier_id":0,"_jetpack_memberships_contains_paywalled_content":false,"_jetpack_memberships_contains_paid_content":false,"footnotes":""},"categories":[80,1012,2,35],"tags":[2484,856],"class_list":["post-44192","post","type-post","status-publish","format-standard","has-post-thumbnail","hentry","category-cintillo","category-desaparecidos-en-veracruz","category-noticias-nacionales","category-veracruz","tag-buscadoras","tag-fosas-clandestinas","entry"],"jetpack_featured_media_url":"https:\/\/www.grieta.org.mx\/wp-content\/uploads\/2020\/02\/https-_www.infobae.com_new-resizer_CCMCwrK1MBaiRVxMqtx0uLUcGfE_750x0_filters-quality100_arc-anglerfish-arc2-prod-infobae.s3.amazonaws.com_public_AHUPQHB6OFE2RC7AAKXMGZBHYI.jpg","jetpack_sharing_enabled":true,"jetpack_shortlink":"https:\/\/wp.me\/p7ZJR4-buM","jetpack_likes_enabled":false,"jetpack-related-posts":[{"id":44195,"url":"https:\/\/www.grieta.org.mx\/index.php\/2020\/02\/03\/familiares-de-desaparecidos-botean-en-caseta-mexico-cuernavaca-veracruz-ciudad-de-mexico\/","url_meta":{"origin":44192,"position":0},"title":"Familiares de desaparecidos &#8220;botean&#8221; en caseta M\u00e9xico-Cuernavaca (Veracruz, Ciudad de M\u00e9xico)","author":"grieta","date":"3 febrero, 2020","format":false,"excerpt":"Jorge Gonz\u00e1lez \/ Imagen Radio La tarde de este lunes un grupo de aproximadamente 30 personas tomaron la caseta M\u00e9xico-Cuernavaca. Se reunieron en el kil\u00f3metro 23 + 750 de la autopista para realizar una protesta que consiste en tomar las taquillas de cobro tanto para ingresar como para salir de\u2026","rel":"","context":"En &quot;CINTILLO&quot;","block_context":{"text":"CINTILLO","link":"https:\/\/www.grieta.org.mx\/index.php\/category\/cintillo\/"},"img":{"alt_text":"","src":"https:\/\/i0.wp.com\/www.grieta.org.mx\/wp-content\/uploads\/2020\/02\/whatsapp_image_2020-02-03_at_3.jpg?resize=350%2C200&ssl=1","width":350,"height":200,"srcset":"https:\/\/i0.wp.com\/www.grieta.org.mx\/wp-content\/uploads\/2020\/02\/whatsapp_image_2020-02-03_at_3.jpg?resize=350%2C200&ssl=1 1x, https:\/\/i0.wp.com\/www.grieta.org.mx\/wp-content\/uploads\/2020\/02\/whatsapp_image_2020-02-03_at_3.jpg?resize=525%2C300&ssl=1 1.5x, https:\/\/i0.wp.com\/www.grieta.org.mx\/wp-content\/uploads\/2020\/02\/whatsapp_image_2020-02-03_at_3.jpg?resize=700%2C400&ssl=1 2x"},"classes":[]},{"id":44221,"url":"https:\/\/www.grieta.org.mx\/index.php\/2020\/02\/09\/familiares-de-desaparecidos-en-mexico-organizan-una-brigada-nacional-de-busqueda-veracruz\/","url_meta":{"origin":44192,"position":1},"title":"Familiares de desaparecidos en M\u00e9xico organizan una brigada nacional de b\u00fasqueda (Veracruz)","author":"grieta","date":"9 febrero, 2020","format":false,"excerpt":"Jos\u00e9 Beltr\u00e1n \/ Reuters Al menos 74 colectivos de familiares realizar\u00e1n recorridos en las comunidades de Papantla, Poza Rica, Tihuatl\u00e1n, Tuxpan y Guti\u00e9rrez Zamora, al norte de Veracruz. Este viernes 7 de febrero, alrededor de 300 personas de 21 estados participar\u00e1n en la Quinta Brigada Nacional de B\u00fasqueda de Personas\u2026","rel":"","context":"En &quot;CINTILLO&quot;","block_context":{"text":"CINTILLO","link":"https:\/\/www.grieta.org.mx\/index.php\/category\/cintillo\/"},"img":{"alt_text":"","src":"https:\/\/i0.wp.com\/www.grieta.org.mx\/wp-content\/uploads\/2020\/02\/5e3da9cde9ff717dd76b9c5e.jpg?resize=350%2C200&ssl=1","width":350,"height":200,"srcset":"https:\/\/i0.wp.com\/www.grieta.org.mx\/wp-content\/uploads\/2020\/02\/5e3da9cde9ff717dd76b9c5e.jpg?resize=350%2C200&ssl=1 1x, https:\/\/i0.wp.com\/www.grieta.org.mx\/wp-content\/uploads\/2020\/02\/5e3da9cde9ff717dd76b9c5e.jpg?resize=525%2C300&ssl=1 1.5x, https:\/\/i0.wp.com\/www.grieta.org.mx\/wp-content\/uploads\/2020\/02\/5e3da9cde9ff717dd76b9c5e.jpg?resize=700%2C400&ssl=1 2x, https:\/\/i0.wp.com\/www.grieta.org.mx\/wp-content\/uploads\/2020\/02\/5e3da9cde9ff717dd76b9c5e.jpg?resize=1050%2C600&ssl=1 3x"},"classes":[]},{"id":44218,"url":"https:\/\/www.grieta.org.mx\/index.php\/2020\/02\/09\/inicia-la-mayor-busqueda-de-desaparecidos-en-mexico-veracruz\/","url_meta":{"origin":44192,"position":2},"title":"Inicia la mayor b\u00fasqueda de desaparecidos en M\u00e9xico (Veracruz)","author":"grieta","date":"9 febrero, 2020","format":false,"excerpt":"Texto: Jos\u00e9 Ignacio De Alba \/ Pie de P\u00e1gina Foto: M\u00f3nica Gonz\u00e1lez Unas 350 personas de 21 estados del pa\u00eds inician en Veracruz una extensa jornada de localizaci\u00f3n de cuerpos. Mientras, el gobierno mexicano se mantiene al margen Papantla, Veracruz, es una de las zonas m\u00e1s peligrosas del pa\u00eds. Y\u2026","rel":"","context":"En &quot;CINTILLO&quot;","block_context":{"text":"CINTILLO","link":"https:\/\/www.grieta.org.mx\/index.php\/category\/cintillo\/"},"img":{"alt_text":"","src":"https:\/\/i0.wp.com\/www.grieta.org.mx\/wp-content\/uploads\/2020\/02\/pdp_brigadadebusqueda_monicagonzalez.jpg?resize=350%2C200&ssl=1","width":350,"height":200,"srcset":"https:\/\/i0.wp.com\/www.grieta.org.mx\/wp-content\/uploads\/2020\/02\/pdp_brigadadebusqueda_monicagonzalez.jpg?resize=350%2C200&ssl=1 1x, https:\/\/i0.wp.com\/www.grieta.org.mx\/wp-content\/uploads\/2020\/02\/pdp_brigadadebusqueda_monicagonzalez.jpg?resize=525%2C300&ssl=1 1.5x, https:\/\/i0.wp.com\/www.grieta.org.mx\/wp-content\/uploads\/2020\/02\/pdp_brigadadebusqueda_monicagonzalez.jpg?resize=700%2C400&ssl=1 2x"},"classes":[]},{"id":45648,"url":"https:\/\/www.grieta.org.mx\/index.php\/2020\/02\/26\/familias-de-desaparecidos-denuncian-campos-de-exterminio-en-veracruz\/","url_meta":{"origin":44192,"position":3},"title":"Familias de desaparecidos denuncian campos de exterminio en Veracruz","author":"Admin","date":"26 febrero, 2020","format":false,"excerpt":"Eliana Gilet \/ Sputnik News La quinta Brigada Nacional de B\u00fasqueda de personas desaparecidas en M\u00e9xico trabaj\u00f3 durante 15 d\u00edas en la zona norte del estado de Veracruz, particularmente afectado por la reiterada comisi\u00f3n de este delito de lesa humanidad, es decir, que no prescribe y que siempre puede ser\u2026","rel":"","context":"En &quot;CINTILLO&quot;","block_context":{"text":"CINTILLO","link":"https:\/\/www.grieta.org.mx\/index.php\/category\/cintillo\/"},"img":{"alt_text":"","src":"https:\/\/i0.wp.com\/www.grieta.org.mx\/wp-content\/uploads\/2020\/03\/Screenshot_2020-03-06-Familias-de-desaparecidos-denuncian-campos-de-exterminio-en-Veracruz.png?resize=350%2C200&ssl=1","width":350,"height":200,"srcset":"https:\/\/i0.wp.com\/www.grieta.org.mx\/wp-content\/uploads\/2020\/03\/Screenshot_2020-03-06-Familias-de-desaparecidos-denuncian-campos-de-exterminio-en-Veracruz.png?resize=350%2C200&ssl=1 1x, https:\/\/i0.wp.com\/www.grieta.org.mx\/wp-content\/uploads\/2020\/03\/Screenshot_2020-03-06-Familias-de-desaparecidos-denuncian-campos-de-exterminio-en-Veracruz.png?resize=525%2C300&ssl=1 1.5x, https:\/\/i0.wp.com\/www.grieta.org.mx\/wp-content\/uploads\/2020\/03\/Screenshot_2020-03-06-Familias-de-desaparecidos-denuncian-campos-de-exterminio-en-Veracruz.png?resize=700%2C400&ssl=1 2x, https:\/\/i0.wp.com\/www.grieta.org.mx\/wp-content\/uploads\/2020\/03\/Screenshot_2020-03-06-Familias-de-desaparecidos-denuncian-campos-de-exterminio-en-Veracruz.png?resize=1050%2C600&ssl=1 3x"},"classes":[]},{"id":45709,"url":"https:\/\/www.grieta.org.mx\/index.php\/2020\/02\/25\/la-ceav-quiere-bajar-la-cortina-presupuestal-en-el-tema-de-desaparecidos-colectivos-veracruz\/","url_meta":{"origin":44192,"position":4},"title":"La CEAV \u201cquiere bajar la cortina presupuestal\u201d en el tema de desaparecidos: colectivos (Veracruz)","author":"Admin","date":"25 febrero, 2020","format":false,"excerpt":"No\u00e9 Zavaleta \/ Proceso XALAPA, Ver. (apro).- Colectivos de desaparecidos de Veracruz, junto con activistas que acudieron a la Quinta Brigada Nacional de B\u00fasqueda, denunciaron que la Comisi\u00f3n Ejecutiva de Atenci\u00f3n a V\u00edctimas (CEAV) y su nueva administraci\u00f3n pretendan retirarles el apoyo alegando falta de presupuesto. En un comunicado emitido\u2026","rel":"","context":"En &quot;CINTILLO&quot;","block_context":{"text":"CINTILLO","link":"https:\/\/www.grieta.org.mx\/index.php\/category\/cintillo\/"},"img":{"alt_text":"","src":"https:\/\/i0.wp.com\/www.grieta.org.mx\/wp-content\/uploads\/2020\/03\/colectivo-desaparecidos-1-870x522.jpg?resize=350%2C200&ssl=1","width":350,"height":200,"srcset":"https:\/\/i0.wp.com\/www.grieta.org.mx\/wp-content\/uploads\/2020\/03\/colectivo-desaparecidos-1-870x522.jpg?resize=350%2C200&ssl=1 1x, https:\/\/i0.wp.com\/www.grieta.org.mx\/wp-content\/uploads\/2020\/03\/colectivo-desaparecidos-1-870x522.jpg?resize=525%2C300&ssl=1 1.5x, https:\/\/i0.wp.com\/www.grieta.org.mx\/wp-content\/uploads\/2020\/03\/colectivo-desaparecidos-1-870x522.jpg?resize=700%2C400&ssl=1 2x"},"classes":[]},{"id":10560,"url":"https:\/\/www.grieta.org.mx\/index.php\/2016\/09\/12\/desaparecidos-en-veracruz\/","url_meta":{"origin":44192,"position":5},"title":"Desaparecidos en Veracruz","author":"grieta","date":"12 septiembre, 2016","format":false,"excerpt":"El Colectivo Solecito Veracruzano contin\u00faa labores de b\u00fasqueda de desaparecidos 12\/09\/16. Mujeres que buscan fosas acusan que Fiscal\u00eda de Veracruz entorpece su b\u00fasqueda Animal Pol\u00edtico 29\/08\/16. Un narcocementerio llamado Veracruz Proceso 15\/08\/16. Encuentran 37 fosas clandestinas en ocho d\u00edas en Veracruz El Financiero 15\/08\/16. Encuentran fosas clandestinas en Veracruz, suman\u2026","rel":"","context":"En &quot;Desaparecidos&quot;","block_context":{"text":"Desaparecidos","link":"https:\/\/www.grieta.org.mx\/index.php\/category\/temas-nacionales\/desaparecidos\/"},"img":{"alt_text":"","src":"https:\/\/i0.wp.com\/www.grieta.org.mx\/wp-content\/uploads\/2018\/03\/14524434_1106112876131411_958039263622046936_o.jpg?resize=350%2C200&ssl=1","width":350,"height":200,"srcset":"https:\/\/i0.wp.com\/www.grieta.org.mx\/wp-content\/uploads\/2018\/03\/14524434_1106112876131411_958039263622046936_o.jpg?resize=350%2C200&ssl=1 1x, https:\/\/i0.wp.com\/www.grieta.org.mx\/wp-content\/uploads\/2018\/03\/14524434_1106112876131411_958039263622046936_o.jpg?resize=525%2C300&ssl=1 1.5x, https:\/\/i0.wp.com\/www.grieta.org.mx\/wp-content\/uploads\/2018\/03\/14524434_1106112876131411_958039263622046936_o.jpg?resize=700%2C400&ssl=1 2x"},"classes":[]}],"_links":{"self":[{"href":"https:\/\/www.grieta.org.mx\/index.php\/wp-json\/wp\/v2\/posts\/44192","targetHints":{"allow":["GET"]}}],"collection":[{"href":"https:\/\/www.grieta.org.mx\/index.php\/wp-json\/wp\/v2\/posts"}],"about":[{"href":"https:\/\/www.grieta.org.mx\/index.php\/wp-json\/wp\/v2\/types\/post"}],"author":[{"embeddable":true,"href":"https:\/\/www.grieta.org.mx\/index.php\/wp-json\/wp\/v2\/users\/2"}],"replies":[{"embeddable":true,"href":"https:\/\/www.grieta.org.mx\/index.php\/wp-json\/wp\/v2\/comments?post=44192"}],"version-history":[{"count":1,"href":"https:\/\/www.grieta.org.mx\/index.php\/wp-json\/wp\/v2\/posts\/44192\/revisions"}],"predecessor-version":[{"id":44194,"href":"https:\/\/www.grieta.org.mx\/index.php\/wp-json\/wp\/v2\/posts\/44192\/revisions\/44194"}],"wp:featuredmedia":[{"embeddable":true,"href":"https:\/\/www.grieta.org.mx\/index.php\/wp-json\/wp\/v2\/media\/44193"}],"wp:attachment":[{"href":"https:\/\/www.grieta.org.mx\/index.php\/wp-json\/wp\/v2\/media?parent=44192"}],"wp:term":[{"taxonomy":"category","embeddable":true,"href":"https:\/\/www.grieta.org.mx\/index.php\/wp-json\/wp\/v2\/categories?post=44192"},{"taxonomy":"post_tag","embeddable":true,"href":"https:\/\/www.grieta.org.mx\/index.php\/wp-json\/wp\/v2\/tags?post=44192"}],"curies":[{"name":"wp","href":"https:\/\/api.w.org\/{rel}","templated":true}]}}