{"id":44177,"date":"2020-02-10T20:22:00","date_gmt":"2020-02-11T02:22:00","guid":{"rendered":"http:\/\/www.grieta.org.mx\/?p=44177"},"modified":"2020-02-11T20:54:48","modified_gmt":"2020-02-12T02:54:48","slug":"ninos-solicitan-amparo-contra-construccion-del-hotel-riu-quintana-roo","status":"publish","type":"post","link":"https:\/\/www.grieta.org.mx\/index.php\/2020\/02\/10\/ninos-solicitan-amparo-contra-construccion-del-hotel-riu-quintana-roo\/","title":{"rendered":"Ni\u00f1os solicitan amparo contra construcci\u00f3n del hotel Riu (Quintana Roo)"},"content":{"rendered":"<p><img loading=\"lazy\" decoding=\"async\" data-attachment-id=\"44178\" data-permalink=\"https:\/\/www.grieta.org.mx\/index.php\/2020\/02\/10\/ninos-solicitan-amparo-contra-construccion-del-hotel-riu-quintana-roo\/hotelriu\/\" data-orig-file=\"https:\/\/www.grieta.org.mx\/wp-content\/uploads\/2020\/02\/HotelRiu.png\" data-orig-size=\"629,389\" data-comments-opened=\"0\" data-image-meta=\"{&quot;aperture&quot;:&quot;0&quot;,&quot;credit&quot;:&quot;&quot;,&quot;camera&quot;:&quot;&quot;,&quot;caption&quot;:&quot;&quot;,&quot;created_timestamp&quot;:&quot;0&quot;,&quot;copyright&quot;:&quot;&quot;,&quot;focal_length&quot;:&quot;0&quot;,&quot;iso&quot;:&quot;0&quot;,&quot;shutter_speed&quot;:&quot;0&quot;,&quot;title&quot;:&quot;&quot;,&quot;orientation&quot;:&quot;0&quot;}\" data-image-title=\"HotelRiu\" data-image-description=\"\" data-image-caption=\"\" data-medium-file=\"https:\/\/www.grieta.org.mx\/wp-content\/uploads\/2020\/02\/HotelRiu-300x186.png\" data-large-file=\"https:\/\/www.grieta.org.mx\/wp-content\/uploads\/2020\/02\/HotelRiu.png\" src=\"http:\/\/www.grieta.org.mx\/wp-content\/uploads\/2020\/02\/HotelRiu.png\" alt=\"\" width=\"629\" height=\"389\" class=\"aligncenter size-full wp-image-44178\" srcset=\"https:\/\/www.grieta.org.mx\/wp-content\/uploads\/2020\/02\/HotelRiu.png 629w, https:\/\/www.grieta.org.mx\/wp-content\/uploads\/2020\/02\/HotelRiu-300x186.png 300w\" sizes=\"auto, (max-width: 629px) 100vw, 629px\" \/><\/p>\n<p>Carlos \u00c1guila Arreola \/Foto: Juan Manuel Valdivia \/La Jornada Maya<\/p>\n<p>Canc\u00fan, Quintana Roo<br \/>\nBajo el argumento de que se violenta su derecho a un medio ambiente sano, el mismo que se us\u00f3 en el caso de Malec\u00f3n Tajamar, un grupo de seis menores solicit\u00f3 un amparo contra la edificaci\u00f3n del hotel Riviera Canc\u00fan, del emporio espa\u00f1ol Riu, inform\u00f3 Gerardo Sol\u00eds Barreto, representante legal de los infantes.<\/p>\n<p>\u201cHay una clara violaci\u00f3n contra los derechos ambientales y los ni\u00f1os han decidido actuar e iniciaron una acci\u00f3n legal por el ecocidio que se comete donde se construye el centro de hospedaje: el kil\u00f3metro 22.5 del bulevar Kukulc\u00e1n, en la tercera secci\u00f3n de la Zona Hotelera\u201d, dijo Sol\u00eds Barreto.<\/p>\n<p>Se trata de seis infantes cuyas edades fluct\u00faan entre los nueve y los 16 a\u00f1os; en los pr\u00f3ximos d\u00edas podr\u00edan sumarse al menos una decena m\u00e1s, que se buscar\u00eda sumar amparo ya interpuesto en los juzgados de distrito en la sede del Poder Judicial de la Federaci\u00f3n, ubicado sobre la avenida Andr\u00e9s Quintana Roo.<\/p>\n<p>El representante legal de los infantes sostuvo que la edificaci\u00f3n violenta el derecho de los infantes a tener y gozar un medio ambiente sano, e incluso llam\u00f3 a la sociedad cancunense a apoyar el esfuerzo ciudadano: \u201cExhortamos a que se sumen a esta lucha que hemos emprendido en contra de esos depredadores ambientales\u201d.<\/p>\n<p>Agreg\u00f3 que el recurso fue presentado en el Juzgado Octavo de Distrito, cuyo titular es Julio C\u00e9sar Ortiz Mendoza; los ni\u00f1os piden a la autoridad federal suspender de manera definitiva las obras que dieron inicio con el aval del ayuntamiento de Benito Ju\u00e1rez, que el pasado mi\u00e9rcoles 8 de enero otorg\u00f3 la licencia de construcci\u00f3n; los infantes tambi\u00e9n exigen la reparaci\u00f3n integral de los da\u00f1os.<\/p>\n<p>En la solicitud, los ni\u00f1os tambi\u00e9n reclaman a la autoridad municipal la expedici\u00f3n de la licencia de construcci\u00f3n 76231 con folio 4306\/19 expedida a Grupo Riu, que deja en claro que es un proyecto sobre duna costera y que presentar\u00e1 afectaciones por la demanda de servicios p\u00fablicos derivado de la sobre-densificaci\u00f3n en la zona.<\/p>\n<p>El abogado record\u00f3 que ese mismo instrumento jur\u00eddico fue interpuesto en el caso de Malec\u00f3n Tajamar, en el que los 113 menores se desistieron luego que el Juzgado S\u00e9ptimo de Distrito les solicitara 20 millones de pesos como fianza.<\/p>\n<p><a href=\"https:\/\/www.lajornadamaya.mx\/2020-02-10\/Ninos-solicitan-amparo-contra-construccion-del-hotel-Riu\" rel=\"noopener noreferrer\" target=\"_blank\">https:\/\/www.lajornadamaya.mx\/2020-02-10\/Ninos-solicitan-amparo-contra-construccion-del-hotel-Riu<\/a><\/p>\n","protected":false},"excerpt":{"rendered":"<p>Carlos \u00c1guila Arreola \/Foto: Juan Manuel Valdivia \/La Jornada Maya Canc\u00fan, Quintana Roo Bajo el argumento de que se violenta su derecho a un medio ambiente sano, el mismo que &hellip; <a href=\"https:\/\/www.grieta.org.mx\/index.php\/2020\/02\/10\/ninos-solicitan-amparo-contra-construccion-del-hotel-riu-quintana-roo\/\" class=\"more-link\">Leer m\u00e1s<\/a><\/p>\n","protected":false},"author":2,"featured_media":44178,"comment_status":"closed","ping_status":"closed","sticky":false,"template":"","format":"standard","meta":{"ngg_post_thumbnail":0,"_jetpack_newsletter_access":"","_jetpack_dont_email_post_to_subs":false,"_jetpack_newsletter_tier_id":0,"_jetpack_memberships_contains_paywalled_content":false,"_jetpack_memberships_contains_paid_content":false,"footnotes":""},"categories":[80,2749,2,28],"tags":[2346,1645,285],"class_list":["post-44177","post","type-post","status-publish","format-standard","has-post-thumbnail","hentry","category-cintillo","category-destruccion-y-contaminacion-ambiental-en-quintana-roo","category-noticias-nacionales","category-quintana-roo","tag-defensa-del-medio-ambiente","tag-industria-hotelera","tag-turismo","entry"],"jetpack_featured_media_url":"https:\/\/www.grieta.org.mx\/wp-content\/uploads\/2020\/02\/HotelRiu.png","jetpack_sharing_enabled":true,"jetpack_shortlink":"https:\/\/wp.me\/p7ZJR4-bux","jetpack_likes_enabled":false,"jetpack-related-posts":[{"id":69437,"url":"https:\/\/www.grieta.org.mx\/index.php\/2024\/08\/10\/madres-buscadoras-se-manifiestan-en-la-zona-hotelera-de-cancun-quintana-roo\/","url_meta":{"origin":44177,"position":0},"title":"Madres Buscadoras se manifiestan en la zona hotelera de Canc\u00fan (Quintana Roo)","author":"grieta","date":"10 agosto, 2024","format":false,"excerpt":"Sipse A ra\u00edz de una injusticia, las activistas se vieron en la necesidad de bloquear la vialidad. El grupo de activistas Madres Buscadoras de Canc\u00fan, se manifest\u00f3 esta tarde de s\u00e1bado, en el Boulevard Kukulkan ya que piden justicia ante un acto cometido en contra de una de las integrantes\u2026","rel":"","context":"En &quot;Abuso policiaco en Quintana Roo&quot;","block_context":{"text":"Abuso policiaco en Quintana Roo","link":"https:\/\/www.grieta.org.mx\/index.php\/category\/noticias-nacionales\/quintana-roo\/abuso-policiaco-en-quintana-roo\/"},"img":{"alt_text":"","src":"https:\/\/i0.wp.com\/www.grieta.org.mx\/wp-content\/uploads\/2024\/08\/Buscadoras-e1724118568880.jpg?resize=350%2C200&ssl=1","width":350,"height":200,"srcset":"https:\/\/i0.wp.com\/www.grieta.org.mx\/wp-content\/uploads\/2024\/08\/Buscadoras-e1724118568880.jpg?resize=350%2C200&ssl=1 1x, https:\/\/i0.wp.com\/www.grieta.org.mx\/wp-content\/uploads\/2024\/08\/Buscadoras-e1724118568880.jpg?resize=525%2C300&ssl=1 1.5x, https:\/\/i0.wp.com\/www.grieta.org.mx\/wp-content\/uploads\/2024\/08\/Buscadoras-e1724118568880.jpg?resize=700%2C400&ssl=1 2x"},"classes":[]},{"id":68844,"url":"https:\/\/www.grieta.org.mx\/index.php\/2024\/04\/29\/ambientalistas-clausuran-las-oficinas-de-semarnat-tras-calificarla-de-ecocida-quintana-roo\/","url_meta":{"origin":44177,"position":1},"title":"Ambientalistas &#8220;clausuran&#8221; las oficinas de Semarnat tras calificarla de ecocida (Quintana Roo)","author":"grieta","date":"29 abril, 2024","format":false,"excerpt":"Leslie Gordillo \/ NOTICARIBE PENINSULAR CANC\u00daN.- Un grupo de ambientalistas, representante de diferentes organismos y asociaciones civiles, se manifestaron en la zona hotelera de Canc\u00fan y clausuraron de manera simb\u00f3lica las oficinas de la Secretar\u00eda de Medio Ambiente y Recursos Naturales (Semarnat). La denuncia es que la Semarnat ha sido\u2026","rel":"","context":"En &quot;Campeche&quot;","block_context":{"text":"Campeche","link":"https:\/\/www.grieta.org.mx\/index.php\/category\/noticias-nacionales\/campeche\/"},"img":{"alt_text":"","src":"https:\/\/i0.wp.com\/www.grieta.org.mx\/wp-content\/uploads\/2024\/04\/ambientalitas-e1715552774254.jpg?resize=350%2C200&ssl=1","width":350,"height":200,"srcset":"https:\/\/i0.wp.com\/www.grieta.org.mx\/wp-content\/uploads\/2024\/04\/ambientalitas-e1715552774254.jpg?resize=350%2C200&ssl=1 1x, https:\/\/i0.wp.com\/www.grieta.org.mx\/wp-content\/uploads\/2024\/04\/ambientalitas-e1715552774254.jpg?resize=525%2C300&ssl=1 1.5x, https:\/\/i0.wp.com\/www.grieta.org.mx\/wp-content\/uploads\/2024\/04\/ambientalitas-e1715552774254.jpg?resize=700%2C400&ssl=1 2x"},"classes":[]},{"id":3590,"url":"https:\/\/www.grieta.org.mx\/index.php\/2016\/06\/20\/maestros-protestan-contra-la-evaluacion-del-magisterio-en-quintana-roo\/","url_meta":{"origin":44177,"position":2},"title":"Movilizaciones contra la Reforma Educativa y la evaluaci\u00f3n magisterial en Quintana Roo","author":"grieta","date":"20 junio, 2016","format":false,"excerpt":"20\/06\/16. Condenan colectivos y magisterio de Canc\u00fan represi\u00f3n en OaxacaIQ Canc\u00fan 16\/06\/16. Padres de familia cierran escuela primaria en Chetumal; no reconocen calificaciones de maestro cesado y los ni\u00f1os pierdenNoticaribe 14\/04\/16. Presentan queja formal contra intimidaci\u00f3n a ni\u00f1osSipse 14\/04\/16. Maestros despedidos pondr\u00e1n demanda contra la SEyCSipse 18\/03\/16. Padres de familia\u2026","rel":"","context":"En &quot;NOTICIAS NACIONALES&quot;","block_context":{"text":"NOTICIAS NACIONALES","link":"https:\/\/www.grieta.org.mx\/index.php\/category\/noticias-nacionales\/"},"img":{"alt_text":"","src":"https:\/\/i0.wp.com\/www.grieta.org.mx\/wp-content\/uploads\/2018\/03\/14524434_1106112876131411_958039263622046936_o.jpg?resize=350%2C200&ssl=1","width":350,"height":200,"srcset":"https:\/\/i0.wp.com\/www.grieta.org.mx\/wp-content\/uploads\/2018\/03\/14524434_1106112876131411_958039263622046936_o.jpg?resize=350%2C200&ssl=1 1x, https:\/\/i0.wp.com\/www.grieta.org.mx\/wp-content\/uploads\/2018\/03\/14524434_1106112876131411_958039263622046936_o.jpg?resize=525%2C300&ssl=1 1.5x, https:\/\/i0.wp.com\/www.grieta.org.mx\/wp-content\/uploads\/2018\/03\/14524434_1106112876131411_958039263622046936_o.jpg?resize=700%2C400&ssl=1 2x"},"classes":[]},{"id":65576,"url":"https:\/\/www.grieta.org.mx\/index.php\/2022\/10\/20\/marchan-activistas-contra-nulos-resultados-de-la-fiscalia-en-casos-de-desaparecidos-quintana-roo\/","url_meta":{"origin":44177,"position":3},"title":"Marchan activistas contra nulos resultados de la Fiscal\u00eda en casos de desaparecidos (Quintana Roo)","author":"grieta","date":"20 octubre, 2022","format":false,"excerpt":"Juan Morales \/ Grupo Pir\u00e1mide Canc\u00fan, Quintana Roo.- Miembros del colectivo Verdad, Memoria y Justicia marcharon en Canc\u00fan contra los nulos resultados de la Fiscal\u00eda General del Estado (FGE) en los reportes de personas desaparecidas, los cuales aumentaron durante septiembre con dos casos m\u00e1s. Los manifestantes arrancaron su protesta desde\u2026","rel":"","context":"En &quot;CINTILLO&quot;","block_context":{"text":"CINTILLO","link":"https:\/\/www.grieta.org.mx\/index.php\/category\/cintillo\/"},"img":{"alt_text":"","src":"https:\/\/i0.wp.com\/www.grieta.org.mx\/wp-content\/uploads\/2022\/10\/DesaparecidosQroo-e1666432285627.jpg?resize=350%2C200&ssl=1","width":350,"height":200,"srcset":"https:\/\/i0.wp.com\/www.grieta.org.mx\/wp-content\/uploads\/2022\/10\/DesaparecidosQroo-e1666432285627.jpg?resize=350%2C200&ssl=1 1x, https:\/\/i0.wp.com\/www.grieta.org.mx\/wp-content\/uploads\/2022\/10\/DesaparecidosQroo-e1666432285627.jpg?resize=525%2C300&ssl=1 1.5x, https:\/\/i0.wp.com\/www.grieta.org.mx\/wp-content\/uploads\/2022\/10\/DesaparecidosQroo-e1666432285627.jpg?resize=700%2C400&ssl=1 2x"},"classes":[]},{"id":57296,"url":"https:\/\/www.grieta.org.mx\/index.php\/2021\/03\/03\/cancun-ante-negativa-del-congreso-feministas-reafirman-su-lucha-por-aborto\/","url_meta":{"origin":44177,"position":4},"title":"Canc\u00fan; Ante negativa del Congreso, feministas reafirman su lucha por aborto (Quintana Roo)","author":"grieta","date":"3 marzo, 2021","format":false,"excerpt":"SalasM \/ La Verdad Noticias. \u201cLa lucha sigue\u201d, dice integrante del colectivo Resistencia Sorora, tras la no despenalizaci\u00f3n del aborto en Quintana Roo; preparan una serie de eventos. Con m\u00e1s de nueve eventos programados en Canc\u00fan, feministas seguir\u00e1n luchando para que la despenalizaci\u00f3n del aborto sea una realidad en Quintana\u2026","rel":"","context":"En &quot;CINTILLO&quot;","block_context":{"text":"CINTILLO","link":"https:\/\/www.grieta.org.mx\/index.php\/category\/cintillo\/"},"img":{"alt_text":"","src":"https:\/\/i0.wp.com\/www.grieta.org.mx\/wp-content\/uploads\/2021\/03\/CancunFeministas.png?resize=350%2C200&ssl=1","width":350,"height":200,"srcset":"https:\/\/i0.wp.com\/www.grieta.org.mx\/wp-content\/uploads\/2021\/03\/CancunFeministas.png?resize=350%2C200&ssl=1 1x, https:\/\/i0.wp.com\/www.grieta.org.mx\/wp-content\/uploads\/2021\/03\/CancunFeministas.png?resize=525%2C300&ssl=1 1.5x, https:\/\/i0.wp.com\/www.grieta.org.mx\/wp-content\/uploads\/2021\/03\/CancunFeministas.png?resize=700%2C400&ssl=1 2x"},"classes":[]},{"id":69329,"url":"https:\/\/www.grieta.org.mx\/index.php\/2024\/05\/31\/cancun-madres-buscadoras-responden-a-amenazas-de-los-hoteleros-quintana-roo\/","url_meta":{"origin":44177,"position":5},"title":"Canc\u00fan: Madres Buscadoras responden a amenazas de los hoteleros (Quintana Roo)","author":"grieta","date":"31 mayo, 2024","format":false,"excerpt":"Sipse Haciendo frente a las amenazas de presuntas denuncias en contra de los manifestantes o protestantes que cierren vialidades en la zona hotelera de Canc\u00fan, el colectivo Madres Buscadoras no dud\u00f3 en responder a los empresarios al indicar que continuar\u00e1n cerrando vialidades ante el mal trabajo del gobierno \u201cincompetente, represor\u2026","rel":"","context":"En &quot;CINTILLO&quot;","block_context":{"text":"CINTILLO","link":"https:\/\/www.grieta.org.mx\/index.php\/category\/cintillo\/"},"img":{"alt_text":"","src":"https:\/\/i0.wp.com\/www.grieta.org.mx\/wp-content\/uploads\/2024\/07\/MadresBuscadoras-e1721778349591.jpg?resize=350%2C200&ssl=1","width":350,"height":200,"srcset":"https:\/\/i0.wp.com\/www.grieta.org.mx\/wp-content\/uploads\/2024\/07\/MadresBuscadoras-e1721778349591.jpg?resize=350%2C200&ssl=1 1x, https:\/\/i0.wp.com\/www.grieta.org.mx\/wp-content\/uploads\/2024\/07\/MadresBuscadoras-e1721778349591.jpg?resize=525%2C300&ssl=1 1.5x, https:\/\/i0.wp.com\/www.grieta.org.mx\/wp-content\/uploads\/2024\/07\/MadresBuscadoras-e1721778349591.jpg?resize=700%2C400&ssl=1 2x"},"classes":[]}],"_links":{"self":[{"href":"https:\/\/www.grieta.org.mx\/index.php\/wp-json\/wp\/v2\/posts\/44177","targetHints":{"allow":["GET"]}}],"collection":[{"href":"https:\/\/www.grieta.org.mx\/index.php\/wp-json\/wp\/v2\/posts"}],"about":[{"href":"https:\/\/www.grieta.org.mx\/index.php\/wp-json\/wp\/v2\/types\/post"}],"author":[{"embeddable":true,"href":"https:\/\/www.grieta.org.mx\/index.php\/wp-json\/wp\/v2\/users\/2"}],"replies":[{"embeddable":true,"href":"https:\/\/www.grieta.org.mx\/index.php\/wp-json\/wp\/v2\/comments?post=44177"}],"version-history":[{"count":1,"href":"https:\/\/www.grieta.org.mx\/index.php\/wp-json\/wp\/v2\/posts\/44177\/revisions"}],"predecessor-version":[{"id":44179,"href":"https:\/\/www.grieta.org.mx\/index.php\/wp-json\/wp\/v2\/posts\/44177\/revisions\/44179"}],"wp:featuredmedia":[{"embeddable":true,"href":"https:\/\/www.grieta.org.mx\/index.php\/wp-json\/wp\/v2\/media\/44178"}],"wp:attachment":[{"href":"https:\/\/www.grieta.org.mx\/index.php\/wp-json\/wp\/v2\/media?parent=44177"}],"wp:term":[{"taxonomy":"category","embeddable":true,"href":"https:\/\/www.grieta.org.mx\/index.php\/wp-json\/wp\/v2\/categories?post=44177"},{"taxonomy":"post_tag","embeddable":true,"href":"https:\/\/www.grieta.org.mx\/index.php\/wp-json\/wp\/v2\/tags?post=44177"}],"curies":[{"name":"wp","href":"https:\/\/api.w.org\/{rel}","templated":true}]}}