{"id":44157,"date":"2020-02-06T11:58:03","date_gmt":"2020-02-06T17:58:03","guid":{"rendered":"http:\/\/www.grieta.org.mx\/?p=44157"},"modified":"2020-02-08T12:03:14","modified_gmt":"2020-02-08T18:03:14","slug":"conato-de-rina-entre-productores-agricolas-y-guardia-nacional-por-el-agua-chihuahua","status":"publish","type":"post","link":"https:\/\/www.grieta.org.mx\/index.php\/2020\/02\/06\/conato-de-rina-entre-productores-agricolas-y-guardia-nacional-por-el-agua-chihuahua\/","title":{"rendered":"Conato de ri\u00f1a entre productores agr\u00edcolas y Guardia Nacional por el agua (Chihuahua)"},"content":{"rendered":"<p>Genaro Fuentes | El Heraldo de Chihuahua<\/p>\n<p><img loading=\"lazy\" decoding=\"async\" data-attachment-id=\"44158\" data-permalink=\"https:\/\/www.grieta.org.mx\/index.php\/2020\/02\/06\/conato-de-rina-entre-productores-agricolas-y-guardia-nacional-por-el-agua-chihuahua\/productores\/\" data-orig-file=\"https:\/\/www.grieta.org.mx\/wp-content\/uploads\/2020\/02\/productores.jpeg\" data-orig-size=\"768,479\" data-comments-opened=\"0\" data-image-meta=\"{&quot;aperture&quot;:&quot;0&quot;,&quot;credit&quot;:&quot;&quot;,&quot;camera&quot;:&quot;&quot;,&quot;caption&quot;:&quot;&quot;,&quot;created_timestamp&quot;:&quot;0&quot;,&quot;copyright&quot;:&quot;&quot;,&quot;focal_length&quot;:&quot;0&quot;,&quot;iso&quot;:&quot;0&quot;,&quot;shutter_speed&quot;:&quot;0&quot;,&quot;title&quot;:&quot;&quot;,&quot;orientation&quot;:&quot;0&quot;}\" data-image-title=\"productores\" data-image-description=\"\" data-image-caption=\"\" data-medium-file=\"https:\/\/www.grieta.org.mx\/wp-content\/uploads\/2020\/02\/productores-300x187.jpeg\" data-large-file=\"https:\/\/www.grieta.org.mx\/wp-content\/uploads\/2020\/02\/productores.jpeg\" class=\"aligncenter  wp-image-44158\" src=\"http:\/\/www.grieta.org.mx\/wp-content\/uploads\/2020\/02\/productores.jpeg\" alt=\"\" width=\"802\" height=\"500\" srcset=\"https:\/\/www.grieta.org.mx\/wp-content\/uploads\/2020\/02\/productores.jpeg 768w, https:\/\/www.grieta.org.mx\/wp-content\/uploads\/2020\/02\/productores-300x187.jpeg 300w\" sizes=\"auto, (max-width: 802px) 100vw, 802px\" \/><\/p>\n<p>Camargo, Chih.- Cerca de 3 mil productores agr\u00edcolas de la zona de Camargo, La Cruz, Delicias y San Francisco de Conchos, se enfrentaron con elementos de la Guardia Nacional que resguardaban la presa La Boquilla desde ayer, para evitar que abrieran las compuertas y desfogar el agua.<\/p>\n<p>Desde la noche de ayer lunes, comenzaron a llegar los elementos de la Guardia Nacional a las compuertas de la presa La Boquilla y de inmediato los ejidatarios que hac\u00edan guardia en el lugar para evitar que la Comisi\u00f3n Nacional de Agua vaciaran empezaron a convocar a todos los agricultores de la regi\u00f3n.<\/p>\n<p>Fue cerca de las cinco de la tarde de este martes cuando los \u00e1nimos comenzaron a subir de tono y empezaron los empujones entre el grupo de antimotines de la Guardia Nacional y los ejidatarios que llegaron de los municipios de Camargo, La Cruz, Delicias y San Francisco de Conchos.<\/p>\n<p>Adem\u00e1s productores agr\u00edcolas pertenecientes a los m\u00f3dulos de riego 4 y 5, tomaron las v\u00edas del ferrocarril a la altura del crucero de la avenida Tecnol\u00f3gico de la ciudad de Delicias, en protesta por la presencia de los militares en la presa La Boquilla.<\/p>\n<p>Con tractores y camiones de volteo, los usuarios pertenecientes a distintos m\u00f3dulos de riego bloquearon las v\u00edas del tren, como hicieron ya en dos ocasiones anteriores en que la CONAGUA hab\u00eda amagado con abrir la presa.<\/p>\n<p>\u201cA los ciudadanos, a todos nos van a afectar. Para empezar el r\u00edo no est\u00e1 en condiciones de sobrellevar el agua, se va a quedar a medio camino\u2026 no est\u00e1 la presa para trasvasar, est\u00e1 al 65 por ciento y no tienen asegurado el ciclo agr\u00edcola de este a\u00f1o\u201d, expres\u00f3 un productor de nombre Samuel Garc\u00eda.<\/p>\n<p>Datos que manejaban los ejidatarios, se\u00f1alan que la Comisi\u00f3n Nacional del Agua pretende extraer mil millones de metros c\u00fabicos para el pago del l\u00edquido a los Estados Unidos.<\/p>\n<p>Cabe mencionar que otras movilizaciones se han reportado en tramos de la carretera federal 45, cerca del seccional de L\u00e1zaro C\u00e1rdenas y la ciudad de Camargo, donde tambi\u00e9n llevaron a cabo bloqueos.<\/p>\n<p><a href=\"https:\/\/www.elheraldodechihuahua.com.mx\/local\/delicias\/conato-de-rina-entre-productores-agricolas-y-guardia-nacional-por-el-agua-4791233.html\">https:\/\/www.elheraldodechihuahua.com.mx\/local\/delicias\/conato-de-rina-entre-productores-agricolas-y-guardia-nacional-por-el-agua-4791233.html<\/a><\/p>\n","protected":false},"excerpt":{"rendered":"<p>Genaro Fuentes | El Heraldo de Chihuahua Camargo, Chih.- Cerca de 3 mil productores agr\u00edcolas de la zona de Camargo, La Cruz, Delicias y San Francisco de Conchos, se enfrentaron &hellip; <a href=\"https:\/\/www.grieta.org.mx\/index.php\/2020\/02\/06\/conato-de-rina-entre-productores-agricolas-y-guardia-nacional-por-el-agua-chihuahua\/\" class=\"more-link\">Leer m\u00e1s<\/a><\/p>\n","protected":false},"author":2,"featured_media":44158,"comment_status":"closed","ping_status":"closed","sticky":false,"template":"","format":"standard","meta":{"ngg_post_thumbnail":0,"_jetpack_newsletter_access":"","_jetpack_dont_email_post_to_subs":false,"_jetpack_newsletter_tier_id":0,"_jetpack_memberships_contains_paywalled_content":false,"_jetpack_memberships_contains_paid_content":false,"footnotes":""},"categories":[12,80,1227,927,1402,83],"tags":[3064,764],"class_list":["post-44157","post","type-post","status-publish","format-standard","has-post-thumbnail","hentry","category-chihuahua","category-cintillo","category-conflictos-por-recursos-hidricos-en-chihuahua","category-mp-chihuahua","category-privatizacion-del-agua-en-chihuahua","category-temas-nacionales","tag-depojo","tag-privatizacion-del-agua","entry"],"jetpack_featured_media_url":"https:\/\/www.grieta.org.mx\/wp-content\/uploads\/2020\/02\/productores.jpeg","jetpack_sharing_enabled":true,"jetpack_shortlink":"https:\/\/wp.me\/p7ZJR4-bud","jetpack_likes_enabled":false,"jetpack-related-posts":[{"id":53183,"url":"https:\/\/www.grieta.org.mx\/index.php\/2020\/09\/09\/acusan-a-guardia-nacional-de-asesinar-a-pareja-de-productores-en-chihuahua\/","url_meta":{"origin":44157,"position":0},"title":"Acusan a Guardia Nacional de asesinar a pareja de productores en Chihuahua","author":"grieta","date":"9 septiembre, 2020","format":false,"excerpt":"Reporte \u00cdndigo\/Indigo Staff Foto: Reporte \u00cdndigo Elementos de la Guardia Nacional fueron acusados de asesinar a una pareja de productores en Chihuahua que participaban en el enfrentamiento con los uniformados por el control de la presa La Boquilla. Productores agr\u00edcolas del sur del estado, en la localidad de Delicias, aseguran\u2026","rel":"","context":"En &quot;Chihuahua&quot;","block_context":{"text":"Chihuahua","link":"https:\/\/www.grieta.org.mx\/index.php\/category\/noticias-nacionales\/chihuahua\/"},"img":{"alt_text":"","src":"https:\/\/i0.wp.com\/www.grieta.org.mx\/wp-content\/uploads\/2020\/09\/Foto.jpg?resize=350%2C200&ssl=1","width":350,"height":200,"srcset":"https:\/\/i0.wp.com\/www.grieta.org.mx\/wp-content\/uploads\/2020\/09\/Foto.jpg?resize=350%2C200&ssl=1 1x, https:\/\/i0.wp.com\/www.grieta.org.mx\/wp-content\/uploads\/2020\/09\/Foto.jpg?resize=525%2C300&ssl=1 1.5x, https:\/\/i0.wp.com\/www.grieta.org.mx\/wp-content\/uploads\/2020\/09\/Foto.jpg?resize=700%2C400&ssl=1 2x"},"classes":[]},{"id":47036,"url":"https:\/\/www.grieta.org.mx\/index.php\/2020\/03\/27\/conagua-desata-protestas-violentas-al-abrir-compuertas-de-presa-en-chihuahua\/","url_meta":{"origin":44157,"position":1},"title":"Conagua desata protestas violentas al abrir compuertas de presa en Chihuahua","author":"grieta","date":"27 marzo, 2020","format":false,"excerpt":"Proceso\/Patricia Mayorga CIUDAD DE M\u00c9XICO (apro).- La Comisi\u00f3n Nacional del Agua (Conagua) aprovech\u00f3 el confinamiento general ordenado por el gobierno de Chihuahua, para enviar a elementos de la Guardia Nacional, del Ej\u00e9rcito Mexicano y de la Polic\u00eda Federal, para abrir las compuertas de una de las principales presas de agua\u2026","rel":"","context":"En &quot;Chihuahua&quot;","block_context":{"text":"Chihuahua","link":"https:\/\/www.grieta.org.mx\/index.php\/category\/noticias-nacionales\/chihuahua\/"},"img":{"alt_text":"","src":"https:\/\/i0.wp.com\/www.grieta.org.mx\/wp-content\/uploads\/2018\/03\/14524434_1106112876131411_958039263622046936_o.jpg?resize=350%2C200&ssl=1","width":350,"height":200,"srcset":"https:\/\/i0.wp.com\/www.grieta.org.mx\/wp-content\/uploads\/2018\/03\/14524434_1106112876131411_958039263622046936_o.jpg?resize=350%2C200&ssl=1 1x, https:\/\/i0.wp.com\/www.grieta.org.mx\/wp-content\/uploads\/2018\/03\/14524434_1106112876131411_958039263622046936_o.jpg?resize=525%2C300&ssl=1 1.5x, https:\/\/i0.wp.com\/www.grieta.org.mx\/wp-content\/uploads\/2018\/03\/14524434_1106112876131411_958039263622046936_o.jpg?resize=700%2C400&ssl=1 2x"},"classes":[]},{"id":50898,"url":"https:\/\/www.grieta.org.mx\/index.php\/2020\/06\/11\/protestan-en-ojinaga-por-plan-para-enviar-agua-a-estados-unidos-chihuahua\/","url_meta":{"origin":44157,"position":2},"title":"Protestan en Ojinaga por plan para enviar agua a Estados Unidos (Chihuahua)","author":"grieta","date":"11 junio, 2020","format":false,"excerpt":"Proceso\/Patricia Mayorga CIUDAD DE M\u00c9XICO (apro).- Un grupo de productores y habitantes del municipio de Ojinaga tomaron el puente internacional de Presidio, Texas, y la caseta de la carretera a Chihuahua, e incendiaron tres veh\u00edculos del gobierno federal, frente a la presidencia municipal. Tambi\u00e9n retuvieron durante varias horas al delegado\u2026","rel":"","context":"En &quot;Chihuahua&quot;","block_context":{"text":"Chihuahua","link":"https:\/\/www.grieta.org.mx\/index.php\/category\/noticias-nacionales\/chihuahua\/"},"img":{"alt_text":"","src":"https:\/\/i0.wp.com\/www.grieta.org.mx\/wp-content\/uploads\/2020\/06\/ojinaga-3-870x459.jpg?resize=350%2C200&ssl=1","width":350,"height":200,"srcset":"https:\/\/i0.wp.com\/www.grieta.org.mx\/wp-content\/uploads\/2020\/06\/ojinaga-3-870x459.jpg?resize=350%2C200&ssl=1 1x, https:\/\/i0.wp.com\/www.grieta.org.mx\/wp-content\/uploads\/2020\/06\/ojinaga-3-870x459.jpg?resize=525%2C300&ssl=1 1.5x, https:\/\/i0.wp.com\/www.grieta.org.mx\/wp-content\/uploads\/2020\/06\/ojinaga-3-870x459.jpg?resize=700%2C400&ssl=1 2x"},"classes":[]},{"id":53837,"url":"https:\/\/www.grieta.org.mx\/index.php\/2020\/09\/24\/no-los-provoque-dispararon-de-pura-espalda-agricultor-herido-por-la-gn-en-chihuahua\/","url_meta":{"origin":44157,"position":3},"title":"\u201cNo los provoqu\u00e9, dispararon de pura espalda\u201d: agricultor herido por la GN en Chihuahua","author":"grieta","date":"24 septiembre, 2020","format":false,"excerpt":"Patricia Mayorga\/Proceso Foto: Proceso CHIHUAHUA, Chih. (apro).- El agricultor Jaime Torres confirm\u00f3 que efectivos de la Guardia Nacional (GN) dispararon contra \u00e9l y su esposa, J\u00e9ssica Silva Zamarripa, cuando regresaban a su casa despu\u00e9s de participar en la toma de la presa La Boquilla, en el municipio de San Francisco\u2026","rel":"","context":"En &quot;Chihuahua&quot;","block_context":{"text":"Chihuahua","link":"https:\/\/www.grieta.org.mx\/index.php\/category\/noticias-nacionales\/chihuahua\/"},"img":{"alt_text":"","src":"https:\/\/i0.wp.com\/www.grieta.org.mx\/wp-content\/uploads\/2020\/09\/conferencia-jaime-torres-870x522-1.jpg?resize=350%2C200&ssl=1","width":350,"height":200,"srcset":"https:\/\/i0.wp.com\/www.grieta.org.mx\/wp-content\/uploads\/2020\/09\/conferencia-jaime-torres-870x522-1.jpg?resize=350%2C200&ssl=1 1x, https:\/\/i0.wp.com\/www.grieta.org.mx\/wp-content\/uploads\/2020\/09\/conferencia-jaime-torres-870x522-1.jpg?resize=525%2C300&ssl=1 1.5x, https:\/\/i0.wp.com\/www.grieta.org.mx\/wp-content\/uploads\/2020\/09\/conferencia-jaime-torres-870x522-1.jpg?resize=700%2C400&ssl=1 2x"},"classes":[]},{"id":24217,"url":"https:\/\/www.grieta.org.mx\/index.php\/2018\/06\/26\/convoca-asamblea-popular-comunitaria-frente-vs-la-privatizacion-del-agua-chihuahua\/","url_meta":{"origin":44157,"position":4},"title":"Convoca Asamblea Popular Comunitaria frente vs la privatizaci\u00f3n del agua (Chihuahua)","author":"grieta","date":"26 junio, 2018","format":false,"excerpt":"Gustavo Ramos\/EL PUEBLO Ante el despojo de las empresas e industrias a comunidades, ejidos y zonas urbanas Al denunciar p\u00fablicamente de la concesi\u00f3n de un pozo comunitario a la filial de Coca-Cola en Sacramento Chihuahua, la Asamblea Popular Comunitaria convoc\u00f3 a los ciudadanos y organizaciones, conformar un frente contra la\u2026","rel":"","context":"En &quot;Chihuahua&quot;","block_context":{"text":"Chihuahua","link":"https:\/\/www.grieta.org.mx\/index.php\/category\/noticias-nacionales\/chihuahua\/"},"img":{"alt_text":"","src":"https:\/\/i0.wp.com\/www.grieta.org.mx\/wp-content\/uploads\/2018\/07\/Agua-chihuahua.jpg?resize=350%2C200&ssl=1","width":350,"height":200,"srcset":"https:\/\/i0.wp.com\/www.grieta.org.mx\/wp-content\/uploads\/2018\/07\/Agua-chihuahua.jpg?resize=350%2C200&ssl=1 1x, https:\/\/i0.wp.com\/www.grieta.org.mx\/wp-content\/uploads\/2018\/07\/Agua-chihuahua.jpg?resize=525%2C300&ssl=1 1.5x"},"classes":[]},{"id":35519,"url":"https:\/\/www.grieta.org.mx\/index.php\/2019\/06\/27\/galeria-guardia-nacional-extiende-muro-humano-a-zonas-semideserticas-chihuahua\/","url_meta":{"origin":44157,"position":5},"title":"Galer\u00eda: Guardia Nacional extiende \u2018muro humano\u2019 a zonas semides\u00e9rticas (Chihuahua)","author":"grieta","date":"27 junio, 2019","format":false,"excerpt":"Fotograf\u00edas: Rey R. Jauregui\/ LA VERDAD Ciudad Ju\u00e1rez \u2013 La Guardia Nacional (GN) endureci\u00f3 sus acciones para evitar el paso de migrantes hacia Estados Unidos al extender su patrullaje m\u00e1s all\u00e1 del r\u00edo Bravo, colocando vigilancia en la zona fronteriza entre Anapra, Ciudad Ju\u00e1rez y Sunland Park, Nuevo M\u00e9xico. Elementos\u2026","rel":"","context":"En &quot;Chihuahua&quot;","block_context":{"text":"Chihuahua","link":"https:\/\/www.grieta.org.mx\/index.php\/category\/noticias-nacionales\/chihuahua\/"},"img":{"alt_text":"","src":"https:\/\/i0.wp.com\/www.grieta.org.mx\/wp-content\/uploads\/2019\/06\/Militares-en-el-Muro-Rey-R.-Jauregui.jpeg?resize=350%2C200&ssl=1","width":350,"height":200,"srcset":"https:\/\/i0.wp.com\/www.grieta.org.mx\/wp-content\/uploads\/2019\/06\/Militares-en-el-Muro-Rey-R.-Jauregui.jpeg?resize=350%2C200&ssl=1 1x, https:\/\/i0.wp.com\/www.grieta.org.mx\/wp-content\/uploads\/2019\/06\/Militares-en-el-Muro-Rey-R.-Jauregui.jpeg?resize=525%2C300&ssl=1 1.5x, https:\/\/i0.wp.com\/www.grieta.org.mx\/wp-content\/uploads\/2019\/06\/Militares-en-el-Muro-Rey-R.-Jauregui.jpeg?resize=700%2C400&ssl=1 2x, https:\/\/i0.wp.com\/www.grieta.org.mx\/wp-content\/uploads\/2019\/06\/Militares-en-el-Muro-Rey-R.-Jauregui.jpeg?resize=1050%2C600&ssl=1 3x"},"classes":[]}],"_links":{"self":[{"href":"https:\/\/www.grieta.org.mx\/index.php\/wp-json\/wp\/v2\/posts\/44157","targetHints":{"allow":["GET"]}}],"collection":[{"href":"https:\/\/www.grieta.org.mx\/index.php\/wp-json\/wp\/v2\/posts"}],"about":[{"href":"https:\/\/www.grieta.org.mx\/index.php\/wp-json\/wp\/v2\/types\/post"}],"author":[{"embeddable":true,"href":"https:\/\/www.grieta.org.mx\/index.php\/wp-json\/wp\/v2\/users\/2"}],"replies":[{"embeddable":true,"href":"https:\/\/www.grieta.org.mx\/index.php\/wp-json\/wp\/v2\/comments?post=44157"}],"version-history":[{"count":1,"href":"https:\/\/www.grieta.org.mx\/index.php\/wp-json\/wp\/v2\/posts\/44157\/revisions"}],"predecessor-version":[{"id":44159,"href":"https:\/\/www.grieta.org.mx\/index.php\/wp-json\/wp\/v2\/posts\/44157\/revisions\/44159"}],"wp:featuredmedia":[{"embeddable":true,"href":"https:\/\/www.grieta.org.mx\/index.php\/wp-json\/wp\/v2\/media\/44158"}],"wp:attachment":[{"href":"https:\/\/www.grieta.org.mx\/index.php\/wp-json\/wp\/v2\/media?parent=44157"}],"wp:term":[{"taxonomy":"category","embeddable":true,"href":"https:\/\/www.grieta.org.mx\/index.php\/wp-json\/wp\/v2\/categories?post=44157"},{"taxonomy":"post_tag","embeddable":true,"href":"https:\/\/www.grieta.org.mx\/index.php\/wp-json\/wp\/v2\/tags?post=44157"}],"curies":[{"name":"wp","href":"https:\/\/api.w.org\/{rel}","templated":true}]}}