{"id":44153,"date":"2020-02-07T00:52:52","date_gmt":"2020-02-07T06:52:52","guid":{"rendered":"http:\/\/www.grieta.org.mx\/?p=44153"},"modified":"2020-02-08T11:54:55","modified_gmt":"2020-02-08T17:54:55","slug":"van-por-la-destitucion-de-comisionado-de-busqueda-de-desaparecidos-sinaloa","status":"publish","type":"post","link":"https:\/\/www.grieta.org.mx\/index.php\/2020\/02\/07\/van-por-la-destitucion-de-comisionado-de-busqueda-de-desaparecidos-sinaloa\/","title":{"rendered":"Van por la destituci\u00f3n de comisionado de b\u00fasqueda de desaparecidos (Sinaloa)"},"content":{"rendered":"<p>Marcos Vizcarra\/Revista Espejos<\/p>\n<p><img loading=\"lazy\" decoding=\"async\" data-attachment-id=\"44154\" data-permalink=\"https:\/\/www.grieta.org.mx\/index.php\/2020\/02\/07\/van-por-la-destitucion-de-comisionado-de-busqueda-de-desaparecidos-sinaloa\/descarga-8\/\" data-orig-file=\"https:\/\/www.grieta.org.mx\/wp-content\/uploads\/2020\/02\/descarga.jpeg\" data-orig-size=\"259,194\" data-comments-opened=\"0\" data-image-meta=\"{&quot;aperture&quot;:&quot;0&quot;,&quot;credit&quot;:&quot;&quot;,&quot;camera&quot;:&quot;&quot;,&quot;caption&quot;:&quot;&quot;,&quot;created_timestamp&quot;:&quot;0&quot;,&quot;copyright&quot;:&quot;&quot;,&quot;focal_length&quot;:&quot;0&quot;,&quot;iso&quot;:&quot;0&quot;,&quot;shutter_speed&quot;:&quot;0&quot;,&quot;title&quot;:&quot;&quot;,&quot;orientation&quot;:&quot;0&quot;}\" data-image-title=\"descarga\" data-image-description=\"\" data-image-caption=\"\" data-medium-file=\"https:\/\/www.grieta.org.mx\/wp-content\/uploads\/2020\/02\/descarga.jpeg\" data-large-file=\"https:\/\/www.grieta.org.mx\/wp-content\/uploads\/2020\/02\/descarga.jpeg\" class=\"aligncenter  wp-image-44154\" src=\"http:\/\/www.grieta.org.mx\/wp-content\/uploads\/2020\/02\/descarga.jpeg\" alt=\"\" width=\"800\" height=\"599\" \/><\/p>\n<p>El colectivo AEQUUS-Promoci\u00f3n y Defensa de Derechos Humanos y el colectivo Sabuesos Guerreras van por la destituci\u00f3n de Juan Carlos Saavedra Ortega, comisionado estatal de B\u00fasqueda de Personas Desaparecidas en Sinaloa.<\/p>\n<p>\u201cAsistiendo al Colectivo de familiares de personas desaparecidas denominado Sabuesos Guerreras A.C. se ha presentado una Demanda de Amparo, en la que fundamentalmente se impugna el proceso legislativo del Congreso del Estado de Sinaloa y los actos administrativos del Gobierno del Estado Sinaloa, en el nombramiento del C. Juan Carlos Saavedra Ortega, como Titular de la Comisi\u00f3n Estatal de B\u00fasqueda de Personas Desaparecidas\u201d, se se\u00f1al\u00f3 por el colectivo.<\/p>\n<p>V\u00edctor Caballero, abogado del colectivo, dijo que se observ\u00f3 el desempe\u00f1o del Comisionado y las denuncias expresadas por Sabuesos Guerreras sobre omisiones y la necesidad de que se reponga el proceso de elecci\u00f3n de comisionado, al mismo tiempo en que se encontr\u00f3 un sustento legal para la impugnaci\u00f3n.<\/p>\n<p>\u201cLo que hicimos fue buscar una figura jur\u00eddica que se llama tracto sucesivo, obviamente sobre el proceso legislativo y los actos administrativos que consideramos que son actos de tracto sucesivo, porque se repiten en cada momento en que esta persona se mantenga en el cargo<\/p>\n<p>\u201cEsta persona carec\u00eda de los requisitos que establece la Ley de Desaparici\u00f3n Forzada\u201d.<\/p>\n<p>El caso se present\u00f3 en l\u00ednea, con una solicitud de amparo en los juzgados federales con sede en Culiac\u00e1n, a la espera de que se designe un juzgado espec\u00edfico.<\/p>\n<p>El se\u00f1alamiento principal es la falta de experiencia del Comisionado de B\u00fasqueda, as\u00ed como la falta de consenso entre los colectivos de familiares de personas desaparecidas.<\/p>\n<p>\u201cEst\u00e1 lleno (el curr\u00edculum del comisionado) en actividades de rescate de persona, de Cruz Roja, de param\u00e9dicos y no hab\u00eda ning\u00fan antecedente que nos dijera que tuviera como referente en derechos humanos, salvo un curso que present\u00f3 en la Comisi\u00f3n de Derechos Humanos\u201d, se\u00f1al\u00f3 el abogado.<\/p>\n<p>En la solicitud de amparo se incluy\u00f3 que la designaci\u00f3n de Saavedra Ortega fue una imposici\u00f3n de Gobierno del Estado, avalado por el Congreso del Estado, sin atender las opiniones y posturas de diversas organizaciones.<\/p>\n<p><a href=\"http:\/\/revistaespejo.com\/2020\/02\/05\/van-por-la-destitucion-de-comisionado-de-busqueda-de-desaparecidos\/\">http:\/\/revistaespejo.com\/2020\/02\/05\/van-por-la-destitucion-de-comisionado-de-busqueda-de-desaparecidos\/<\/a><\/p>\n","protected":false},"excerpt":{"rendered":"<p>Marcos Vizcarra\/Revista Espejos El colectivo AEQUUS-Promoci\u00f3n y Defensa de Derechos Humanos y el colectivo Sabuesos Guerreras van por la destituci\u00f3n de Juan Carlos Saavedra Ortega, comisionado estatal de B\u00fasqueda de &hellip; <a href=\"https:\/\/www.grieta.org.mx\/index.php\/2020\/02\/07\/van-por-la-destitucion-de-comisionado-de-busqueda-de-desaparecidos-sinaloa\/\" class=\"more-link\">Leer m\u00e1s<\/a><\/p>\n","protected":false},"author":2,"featured_media":44154,"comment_status":"closed","ping_status":"closed","sticky":false,"template":"","format":"standard","meta":{"ngg_post_thumbnail":0,"_jetpack_newsletter_access":"","_jetpack_dont_email_post_to_subs":false,"_jetpack_newsletter_tier_id":0,"_jetpack_memberships_contains_paywalled_content":false,"_jetpack_memberships_contains_paid_content":false,"footnotes":""},"categories":[80,1203,30],"tags":[121],"class_list":["post-44153","post","type-post","status-publish","format-standard","has-post-thumbnail","hentry","category-cintillo","category-desaparecidos-en-sinaloa","category-sinaloa","tag-desaparecidos","entry"],"jetpack_featured_media_url":"https:\/\/www.grieta.org.mx\/wp-content\/uploads\/2020\/02\/descarga.jpeg","jetpack_sharing_enabled":true,"jetpack_shortlink":"https:\/\/wp.me\/p7ZJR4-bu9","jetpack_likes_enabled":false,"jetpack-related-posts":[{"id":36991,"url":"https:\/\/www.grieta.org.mx\/index.php\/2019\/07\/23\/que-deje-la-pala-sabuesos-guerreras-exigen-plan-de-trabajo-a-comisionado-estatal-de-busqueda-sinaloa\/","url_meta":{"origin":44153,"position":0},"title":"\u201cQue deje la pala\u201d Sabuesos Guerreras exigen plan de trabajo a Comisionado Estatal de B\u00fasqueda (Sinaloa)","author":"grieta","date":"23 julio, 2019","format":false,"excerpt":"Jorge Cuen \/ Espejo La presidenta del colectivo Sabuesos Guerreras pidi\u00f3 al Comisionado Estatal de B\u00fasqueda que \u2018deje la pala\u2019 y \u2018se ponga las pilas\u2019. Que\u00a0\u2018suelte la pala\u2019 y presente un plan de trabajo exigi\u00f3 el colectivo de b\u00fasqueda de desaparecidos, Sabuesos Guerreras A.C., al Comisionado Estatal de B\u00fasqueda, Juan\u2026","rel":"","context":"En &quot;CINTILLO&quot;","block_context":{"text":"CINTILLO","link":"https:\/\/www.grieta.org.mx\/index.php\/category\/cintillo\/"},"img":{"alt_text":"","src":"https:\/\/i0.wp.com\/www.grieta.org.mx\/wp-content\/uploads\/2019\/07\/sabuesos-1.jpg?resize=350%2C200&ssl=1","width":350,"height":200,"srcset":"https:\/\/i0.wp.com\/www.grieta.org.mx\/wp-content\/uploads\/2019\/07\/sabuesos-1.jpg?resize=350%2C200&ssl=1 1x, https:\/\/i0.wp.com\/www.grieta.org.mx\/wp-content\/uploads\/2019\/07\/sabuesos-1.jpg?resize=525%2C300&ssl=1 1.5x, https:\/\/i0.wp.com\/www.grieta.org.mx\/wp-content\/uploads\/2019\/07\/sabuesos-1.jpg?resize=700%2C400&ssl=1 2x, https:\/\/i0.wp.com\/www.grieta.org.mx\/wp-content\/uploads\/2019\/07\/sabuesos-1.jpg?resize=1050%2C600&ssl=1 3x"},"classes":[]},{"id":42925,"url":"https:\/\/www.grieta.org.mx\/index.php\/2020\/01\/11\/si-el-comisionado-de-busqueda-no-esta-dando-resultados-que-renuncie-sabuesos-guerreras-sinaloa\/","url_meta":{"origin":44153,"position":1},"title":"\u00abSi el comisionado de b\u00fasqueda no est\u00e1 dando resultados, que renuncie\u00bb, Sabuesos Guerreras (Sinaloa)","author":"grieta","date":"11 enero, 2020","format":false,"excerpt":"Jorge Cuen\/ESPEJO Coment\u00f3 que bajo su opini\u00f3n, la forma en la que mantienen silenciadas a las familias de desaparecidos es d\u00e1ndoles dinero y ah\u00ed es a donde se va todo el presupuesto de esta comisi\u00f3n. Debido a la alza que ha estado habiendo en la ciudad, Mar\u00eda Isabel Cruz Bernal,\u2026","rel":"","context":"En &quot;CINTILLO&quot;","block_context":{"text":"CINTILLO","link":"https:\/\/www.grieta.org.mx\/index.php\/category\/cintillo\/"},"img":{"alt_text":"","src":"https:\/\/i0.wp.com\/www.grieta.org.mx\/wp-content\/uploads\/2020\/01\/estamos_parados_en_una_gran_fosa_clandestina_activistas_de_sinaloa.jpg_219914347.jpg?resize=350%2C200&ssl=1","width":350,"height":200,"srcset":"https:\/\/i0.wp.com\/www.grieta.org.mx\/wp-content\/uploads\/2020\/01\/estamos_parados_en_una_gran_fosa_clandestina_activistas_de_sinaloa.jpg_219914347.jpg?resize=350%2C200&ssl=1 1x, https:\/\/i0.wp.com\/www.grieta.org.mx\/wp-content\/uploads\/2020\/01\/estamos_parados_en_una_gran_fosa_clandestina_activistas_de_sinaloa.jpg_219914347.jpg?resize=525%2C300&ssl=1 1.5x, https:\/\/i0.wp.com\/www.grieta.org.mx\/wp-content\/uploads\/2020\/01\/estamos_parados_en_una_gran_fosa_clandestina_activistas_de_sinaloa.jpg_219914347.jpg?resize=700%2C400&ssl=1 2x"},"classes":[]},{"id":66707,"url":"https:\/\/www.grieta.org.mx\/index.php\/2023\/03\/26\/colectivo-de-busqueda-tapiza-el-centro-de-culiacan-con-fichas-de-desaparecidos\/","url_meta":{"origin":44153,"position":2},"title":"Colectivo de b\u00fasqueda tapiza el centro de Culiac\u00e1n con fichas de desaparecidos","author":"grieta","date":"26 marzo, 2023","format":false,"excerpt":"Miembros del colectivo de b\u00fasqueda Sabuesos Guerreras en compa\u00f1\u00eda de la Comisi\u00f3n Estatal de B\u00fasqueda y la Polic\u00eda Municipal realizaron la pega de fichas El colectivo Sabuesos Guerreras peg\u00f3 las fichas de sus familiares desaparecidos en el centro de la ciudad. Foto: Manuela Bustamante | El Sol de Sinaloa Manuela\u2026","rel":"","context":"En &quot;Desaparecidos en Sinaloa&quot;","block_context":{"text":"Desaparecidos en Sinaloa","link":"https:\/\/www.grieta.org.mx\/index.php\/category\/noticias-nacionales\/sinaloa\/desaparecidos-en-sinaloa\/"},"img":{"alt_text":"","src":"https:\/\/i0.wp.com\/www.grieta.org.mx\/wp-content\/uploads\/2023\/03\/crearan-registro-de-desaparecidos-en-sonora-sinaloa-y-durango-172202-1.jpeg?resize=350%2C200&ssl=1","width":350,"height":200,"srcset":"https:\/\/i0.wp.com\/www.grieta.org.mx\/wp-content\/uploads\/2023\/03\/crearan-registro-de-desaparecidos-en-sonora-sinaloa-y-durango-172202-1.jpeg?resize=350%2C200&ssl=1 1x, https:\/\/i0.wp.com\/www.grieta.org.mx\/wp-content\/uploads\/2023\/03\/crearan-registro-de-desaparecidos-en-sonora-sinaloa-y-durango-172202-1.jpeg?resize=525%2C300&ssl=1 1.5x, https:\/\/i0.wp.com\/www.grieta.org.mx\/wp-content\/uploads\/2023\/03\/crearan-registro-de-desaparecidos-en-sonora-sinaloa-y-durango-172202-1.jpeg?resize=700%2C400&ssl=1 2x"},"classes":[]},{"id":56492,"url":"https:\/\/www.grieta.org.mx\/index.php\/2021\/01\/28\/agredieron-a-balazos-a-un-grupo-de-madres-que-busca-a-sus-hijos-desaparecidos-sinaloa\/","url_meta":{"origin":44153,"position":3},"title":"Agredieron a balazos a un grupo de madres que busca a sus hijos desaparecidos (Sinaloa)","author":"grieta","date":"28 enero, 2021","format":false,"excerpt":"INFOBAE CULIAC\u00c1N, SINALOA, 25ENERO2021.- El colectivo de buscadoras de desaparecidos en Sinaloa, Sabuesos Guerreras, fue agredida a balazos, despu\u00e9s de hallar restos humanos en una hacienda abandonada FOTO: JUAN CARLOS CRUZ\/CUARTOSCURO Un colectivo de madres rastreadoras de desaparecidos llamado \u201cSabuesos Guerreras\u201d fueron atacadas a balazos en\u00a0los alrededores de Culiacancito, en\u2026","rel":"","context":"En &quot;CINTILLO&quot;","block_context":{"text":"CINTILLO","link":"https:\/\/www.grieta.org.mx\/index.php\/category\/cintillo\/"},"img":{"alt_text":"","src":"https:\/\/i0.wp.com\/www.grieta.org.mx\/wp-content\/uploads\/2021\/01\/KACM34KTVVAVJIYFXFHVZ7UF7I.jpg?resize=350%2C200&ssl=1","width":350,"height":200,"srcset":"https:\/\/i0.wp.com\/www.grieta.org.mx\/wp-content\/uploads\/2021\/01\/KACM34KTVVAVJIYFXFHVZ7UF7I.jpg?resize=350%2C200&ssl=1 1x, https:\/\/i0.wp.com\/www.grieta.org.mx\/wp-content\/uploads\/2021\/01\/KACM34KTVVAVJIYFXFHVZ7UF7I.jpg?resize=525%2C300&ssl=1 1.5x, https:\/\/i0.wp.com\/www.grieta.org.mx\/wp-content\/uploads\/2021\/01\/KACM34KTVVAVJIYFXFHVZ7UF7I.jpg?resize=700%2C400&ssl=1 2x"},"classes":[]},{"id":34921,"url":"https:\/\/www.grieta.org.mx\/index.php\/2019\/06\/16\/nada-que-celebrar-en-el-dia-del-padre-sabuesos-guerreras-sinaloa\/","url_meta":{"origin":44153,"position":4},"title":"&#8220;Nada que celebrar&#8221; en el d\u00eda del padre: Sabuesos Guerreras (Sinaloa)","author":"grieta","date":"16 junio, 2019","format":false,"excerpt":"Jes\u00fas Verdugo \/ El Sol de Sinaloa Culiac\u00e1n,Sin.\u00a0El grupo de b\u00fasqueda de desaparecidos;\u00a0Sabuesos Guerreras A.C.\u00a0protest\u00f3 pac\u00edficamente\u00a0en el kiosko de la Plazuela Obreg\u00f3n a un costado de la Catedral colgando lonas con la leyenda \"no m\u00e1s desaparecidos\" y fotos de los hijos y familiares de sus integrantes. Mar\u00eda Isabel Bernal, dirigente\u2026","rel":"","context":"En &quot;CINTILLO&quot;","block_context":{"text":"CINTILLO","link":"https:\/\/www.grieta.org.mx\/index.php\/category\/cintillo\/"},"img":{"alt_text":"","src":"https:\/\/i0.wp.com\/www.grieta.org.mx\/wp-content\/uploads\/2019\/06\/sabuesos-guerreras-manifestacion-catedral-4-1-o89mlge361iz7fxyaf0c1tgbomndh4w4k23jcdfv60.jpeg?resize=350%2C200&ssl=1","width":350,"height":200,"srcset":"https:\/\/i0.wp.com\/www.grieta.org.mx\/wp-content\/uploads\/2019\/06\/sabuesos-guerreras-manifestacion-catedral-4-1-o89mlge361iz7fxyaf0c1tgbomndh4w4k23jcdfv60.jpeg?resize=350%2C200&ssl=1 1x, https:\/\/i0.wp.com\/www.grieta.org.mx\/wp-content\/uploads\/2019\/06\/sabuesos-guerreras-manifestacion-catedral-4-1-o89mlge361iz7fxyaf0c1tgbomndh4w4k23jcdfv60.jpeg?resize=525%2C300&ssl=1 1.5x, https:\/\/i0.wp.com\/www.grieta.org.mx\/wp-content\/uploads\/2019\/06\/sabuesos-guerreras-manifestacion-catedral-4-1-o89mlge361iz7fxyaf0c1tgbomndh4w4k23jcdfv60.jpeg?resize=700%2C400&ssl=1 2x, https:\/\/i0.wp.com\/www.grieta.org.mx\/wp-content\/uploads\/2019\/06\/sabuesos-guerreras-manifestacion-catedral-4-1-o89mlge361iz7fxyaf0c1tgbomndh4w4k23jcdfv60.jpeg?resize=1050%2C600&ssl=1 3x"},"classes":[]},{"id":34915,"url":"https:\/\/www.grieta.org.mx\/index.php\/2019\/06\/14\/ni-a-colectivos-informan-sobre-las-osamentas-en-sinaloa\/","url_meta":{"origin":44153,"position":5},"title":"Ni a colectivos informan sobre las osamentas en Sinaloa","author":"grieta","date":"14 junio, 2019","format":false,"excerpt":"Angelina Corral \/ El Debate Culiac\u00e1n, Sinaloa.- A las rastreadoras Sabuesos Guerreras las autoridades no les han informado c\u00f3mo van a contabilizar las osamentas de las fosas clandestinas, dijo Mar\u00eda Isabel Cruz. La presidenta de este colectivo indic\u00f3 que mediante amparos est\u00e1n buscando hacer visibles a las v\u00edctimas del delito\u2026","rel":"","context":"En &quot;CINTILLO&quot;","block_context":{"text":"CINTILLO","link":"https:\/\/www.grieta.org.mx\/index.php\/category\/cintillo\/"},"img":{"alt_text":"","src":"https:\/\/i0.wp.com\/www.grieta.org.mx\/wp-content\/uploads\/2018\/03\/14524434_1106112876131411_958039263622046936_o.jpg?resize=350%2C200&ssl=1","width":350,"height":200,"srcset":"https:\/\/i0.wp.com\/www.grieta.org.mx\/wp-content\/uploads\/2018\/03\/14524434_1106112876131411_958039263622046936_o.jpg?resize=350%2C200&ssl=1 1x, https:\/\/i0.wp.com\/www.grieta.org.mx\/wp-content\/uploads\/2018\/03\/14524434_1106112876131411_958039263622046936_o.jpg?resize=525%2C300&ssl=1 1.5x, https:\/\/i0.wp.com\/www.grieta.org.mx\/wp-content\/uploads\/2018\/03\/14524434_1106112876131411_958039263622046936_o.jpg?resize=700%2C400&ssl=1 2x"},"classes":[]}],"_links":{"self":[{"href":"https:\/\/www.grieta.org.mx\/index.php\/wp-json\/wp\/v2\/posts\/44153","targetHints":{"allow":["GET"]}}],"collection":[{"href":"https:\/\/www.grieta.org.mx\/index.php\/wp-json\/wp\/v2\/posts"}],"about":[{"href":"https:\/\/www.grieta.org.mx\/index.php\/wp-json\/wp\/v2\/types\/post"}],"author":[{"embeddable":true,"href":"https:\/\/www.grieta.org.mx\/index.php\/wp-json\/wp\/v2\/users\/2"}],"replies":[{"embeddable":true,"href":"https:\/\/www.grieta.org.mx\/index.php\/wp-json\/wp\/v2\/comments?post=44153"}],"version-history":[{"count":1,"href":"https:\/\/www.grieta.org.mx\/index.php\/wp-json\/wp\/v2\/posts\/44153\/revisions"}],"predecessor-version":[{"id":44156,"href":"https:\/\/www.grieta.org.mx\/index.php\/wp-json\/wp\/v2\/posts\/44153\/revisions\/44156"}],"wp:featuredmedia":[{"embeddable":true,"href":"https:\/\/www.grieta.org.mx\/index.php\/wp-json\/wp\/v2\/media\/44154"}],"wp:attachment":[{"href":"https:\/\/www.grieta.org.mx\/index.php\/wp-json\/wp\/v2\/media?parent=44153"}],"wp:term":[{"taxonomy":"category","embeddable":true,"href":"https:\/\/www.grieta.org.mx\/index.php\/wp-json\/wp\/v2\/categories?post=44153"},{"taxonomy":"post_tag","embeddable":true,"href":"https:\/\/www.grieta.org.mx\/index.php\/wp-json\/wp\/v2\/tags?post=44153"}],"curies":[{"name":"wp","href":"https:\/\/api.w.org\/{rel}","templated":true}]}}