{"id":44050,"date":"2020-02-01T12:48:50","date_gmt":"2020-02-01T18:48:50","guid":{"rendered":"http:\/\/www.grieta.org.mx\/?p=44050"},"modified":"2020-02-07T12:53:29","modified_gmt":"2020-02-07T18:53:29","slug":"faltan-a-salud-1000-mdp-para-medicinas-tabasco","status":"publish","type":"post","link":"https:\/\/www.grieta.org.mx\/index.php\/2020\/02\/01\/faltan-a-salud-1000-mdp-para-medicinas-tabasco\/","title":{"rendered":"Faltan a Salud 1000 mdp para medicinas (Tabasco)"},"content":{"rendered":"<figure id=\"attachment_44051\" aria-describedby=\"caption-attachment-44051\" style=\"width: 768px\" class=\"wp-caption aligncenter\"><img loading=\"lazy\" decoding=\"async\" data-attachment-id=\"44051\" data-permalink=\"https:\/\/www.grieta.org.mx\/index.php\/2020\/02\/01\/faltan-a-salud-1000-mdp-para-medicinas-tabasco\/attachment\/66\/\" data-orig-file=\"https:\/\/www.grieta.org.mx\/wp-content\/uploads\/2020\/02\/66.jpg\" data-orig-size=\"768,479\" data-comments-opened=\"0\" data-image-meta=\"{&quot;aperture&quot;:&quot;0&quot;,&quot;credit&quot;:&quot;&quot;,&quot;camera&quot;:&quot;&quot;,&quot;caption&quot;:&quot;&quot;,&quot;created_timestamp&quot;:&quot;0&quot;,&quot;copyright&quot;:&quot;&quot;,&quot;focal_length&quot;:&quot;0&quot;,&quot;iso&quot;:&quot;0&quot;,&quot;shutter_speed&quot;:&quot;0&quot;,&quot;title&quot;:&quot;&quot;,&quot;orientation&quot;:&quot;0&quot;}\" data-image-title=\"66\" data-image-description=\"\" data-image-caption=\"&lt;p&gt;Los medicamentos que faltan son los de enfermedades &amp;#8216;raras&amp;#8217; se\u00f1al\u00f3 la secretar\u00eda de salud. Foto: Javier Ch\u00e1vez&lt;\/p&gt;\n\" data-medium-file=\"https:\/\/www.grieta.org.mx\/wp-content\/uploads\/2020\/02\/66-300x187.jpg\" data-large-file=\"https:\/\/www.grieta.org.mx\/wp-content\/uploads\/2020\/02\/66.jpg\" class=\"wp-image-44051 size-full\" src=\"http:\/\/www.grieta.org.mx\/wp-content\/uploads\/2020\/02\/66.jpg\" alt=\"\" width=\"768\" height=\"479\" srcset=\"https:\/\/www.grieta.org.mx\/wp-content\/uploads\/2020\/02\/66.jpg 768w, https:\/\/www.grieta.org.mx\/wp-content\/uploads\/2020\/02\/66-300x187.jpg 300w\" sizes=\"auto, (max-width: 768px) 100vw, 768px\" \/><figcaption id=\"caption-attachment-44051\" class=\"wp-caption-text\">Los medicamentos que faltan son los de enfermedades &#8216;raras&#8217; se\u00f1al\u00f3 la secretar\u00eda de salud. Foto: Javier Ch\u00e1vez<\/figcaption><\/figure>\n<p>Rub\u00e9n Concepci\u00f3n G\u00f3ngora \/ El Heraldo de Tabasco <\/p>\n<p>Silvia Rold\u00e1n Fern\u00e1ndez reconoci\u00f3 que hay un desabasto de medicamentos en Tabasco de un 30 por ciento y que se requiere de mil millones de pesos para estar al 100 por ciento.<\/p>\n<p>La Secretaria de Salud digo que traen cubierto m\u00e1s o menos el 70 por ciento de abasto en las unidades, un poquito tal vez en los hospitales generales, que en los de alta especialidad, ah\u00ed traemos un 65-70, estamos en esa cobertura, subray\u00f3 la funcionaria estatal.<\/p>\n<p>Acentu\u00f3 que est\u00e1n procurando conseguir todo el medicamento de toda la gente que necesita, haciendo el mayor esfuerzo. Esto luego que familiares de pacientes de hospitales del estado de Tabasco denunciaron la falta de medicamentos en los nosocomios y debido a ello gastan entre 100 y mil 500 pesos por compra de medicinas.<\/p>\n<p>Indic\u00f3 \u201cacu\u00e9rdense que el presidente de la Rep\u00fablica, Andr\u00e9s Manuel L\u00f3pez Obrador, dijo esto va paulatino, que tal vez para diciembre esteremos respondiendo m\u00e1s a este asunto\u201d.<\/p>\n<p>Hay medicamentos que faltan y son de padecimientos m\u00e1s raros, porque lo com\u00fan lo tenemos. El medicamento para el c\u00e1ncer est\u00e1 blindado, estamos blindando toda la parte de enfermedades cr\u00f3nicas generativas, diabetes e hipertensi\u00f3n, que es por lo que m\u00e1s acude la gente.<\/p>\n<p>Pero si yo tengo una aneurisma y tengo que operarme ahorita, tiene que tener todo el equipo que va alrededor insumos, pues no los tengo todos, tengo que empezar a conseguir y ver de d\u00f3nde<\/p>\n<p>El presupuesto para medicamentos es enorme y va a aumentar con el tema del INSABI, en medicamentos el a\u00f1o pasado invertimos m\u00e1s de mil millones de pesos y llegamos al 70 por ciento, refiri\u00f3.<\/p>\n<p>La encargada de la salud de la entidad puntualiz\u00f3 que se necesita mil millones de peso para cubrir el 100 por ciento de medicamentos, y siempre tendremos algo que no haya. Existen pacientes que tienen patolog\u00edas que son verdaderamente raras y hay que conseguir los medicamentos afuera.<\/p>\n<p>Entramos a la compra consolidada del Instituto de Salud para el Bienestar en abril tiene empezar a llegar todo el medicamento y estamos comprando ahorita, destac\u00f3 Silvia Rold\u00e1n Fern\u00e1ndez.<\/p>\n<p><a href=\"https:\/\/www.elheraldodetabasco.com.mx\/local\/faltan-a-salud-1000-mdp-para-medicinas-4774385.html\">https:\/\/www.elheraldodetabasco.com.mx\/local\/faltan-a-salud-1000-mdp-para-medicinas-4774385.html<\/a><\/p>\n","protected":false},"excerpt":{"rendered":"<p>Rub\u00e9n Concepci\u00f3n G\u00f3ngora \/ El Heraldo de Tabasco Silvia Rold\u00e1n Fern\u00e1ndez reconoci\u00f3 que hay un desabasto de medicamentos en Tabasco de un 30 por ciento y que se requiere de &hellip; <a href=\"https:\/\/www.grieta.org.mx\/index.php\/2020\/02\/01\/faltan-a-salud-1000-mdp-para-medicinas-tabasco\/\" class=\"more-link\">Leer m\u00e1s<\/a><\/p>\n","protected":false},"author":2,"featured_media":44051,"comment_status":"closed","ping_status":"closed","sticky":false,"template":"","format":"standard","meta":{"ngg_post_thumbnail":0,"_jetpack_newsletter_access":"","_jetpack_dont_email_post_to_subs":false,"_jetpack_newsletter_tier_id":0,"_jetpack_memberships_contains_paywalled_content":false,"_jetpack_memberships_contains_paid_content":false,"footnotes":""},"categories":[80,2429,2,32],"tags":[1459,2366],"class_list":["post-44050","post","type-post","status-publish","format-standard","has-post-thumbnail","hentry","category-cintillo","category-crisis-del-sector-salud-en-tabasco","category-noticias-nacionales","category-tabasco","tag-crisis-sector-salud","tag-desabasto-de-medicinas","entry"],"jetpack_featured_media_url":"https:\/\/www.grieta.org.mx\/wp-content\/uploads\/2020\/02\/66.jpg","jetpack_sharing_enabled":true,"jetpack_shortlink":"https:\/\/wp.me\/p7ZJR4-bsu","jetpack_likes_enabled":false,"jetpack-related-posts":[{"id":40918,"url":"https:\/\/www.grieta.org.mx\/index.php\/2019\/10\/14\/no-hay-medicinas-por-combate-a-corrupcion-tabasco\/","url_meta":{"origin":44050,"position":0},"title":"No hay medicinas por combate a corrupci\u00f3n (Tabasco)","author":"grieta","date":"14 octubre, 2019","format":false,"excerpt":"Ruth P\u00e9rez Maga\u00f1a \/ El Heraldo de Tabasco A\u00fan y cuando la Secretar\u00eda de Salud de Tabasco a trav\u00e9s de la unidad jur\u00eddica tiene radicados expedientes de 2016 y 2017 por robo de medicamentos y est\u00e1n en proceso de resoluci\u00f3n, fue hasta el 2019 que aplic\u00f3 multas econ\u00f3micas que ascendieron\u2026","rel":"","context":"En &quot;CINTILLO&quot;","block_context":{"text":"CINTILLO","link":"https:\/\/www.grieta.org.mx\/index.php\/category\/cintillo\/"},"img":{"alt_text":"","src":"https:\/\/i0.wp.com\/www.grieta.org.mx\/wp-content\/uploads\/2019\/11\/locnohay.jpg?resize=350%2C200&ssl=1","width":350,"height":200,"srcset":"https:\/\/i0.wp.com\/www.grieta.org.mx\/wp-content\/uploads\/2019\/11\/locnohay.jpg?resize=350%2C200&ssl=1 1x, https:\/\/i0.wp.com\/www.grieta.org.mx\/wp-content\/uploads\/2019\/11\/locnohay.jpg?resize=525%2C300&ssl=1 1.5x, https:\/\/i0.wp.com\/www.grieta.org.mx\/wp-content\/uploads\/2019\/11\/locnohay.jpg?resize=700%2C400&ssl=1 2x"},"classes":[]},{"id":32716,"url":"https:\/\/www.grieta.org.mx\/index.php\/2019\/04\/25\/faltan-medicinas-para-usuarios-de-centros-de-salud-sinaloa\/","url_meta":{"origin":44050,"position":1},"title":"Faltan medicinas para usuarios de Centros de Salud (Sinaloa)","author":"grieta","date":"25 abril, 2019","format":false,"excerpt":"Blanca Regalado \/ El Debate Mazatl\u00e1n, Sinaloa.- Los usuarios de las unidades de la Secretar\u00eda de Salud padecen la falta de medicinas para tratar varios padecimientos. Entre los f\u00e1rmacos que no han podido surtir en los \u00faltimas d\u00edas en los centros de salud est\u00e1n \u00a0nifedipina, losart\u00e1n, hidroclorotiazida, \u00a0paracetamol e \u00a0insulina.\u2026","rel":"","context":"En &quot;CINTILLO&quot;","block_context":{"text":"CINTILLO","link":"https:\/\/www.grieta.org.mx\/index.php\/category\/cintillo\/"},"img":{"alt_text":"","src":"https:\/\/i0.wp.com\/www.grieta.org.mx\/wp-content\/uploads\/2019\/04\/no_hay_medicinas_en_el_centro_de_salu_en_mazatlan.jpg_219914347.jpg?resize=350%2C200&ssl=1","width":350,"height":200,"srcset":"https:\/\/i0.wp.com\/www.grieta.org.mx\/wp-content\/uploads\/2019\/04\/no_hay_medicinas_en_el_centro_de_salu_en_mazatlan.jpg_219914347.jpg?resize=350%2C200&ssl=1 1x, https:\/\/i0.wp.com\/www.grieta.org.mx\/wp-content\/uploads\/2019\/04\/no_hay_medicinas_en_el_centro_de_salu_en_mazatlan.jpg_219914347.jpg?resize=525%2C300&ssl=1 1.5x, https:\/\/i0.wp.com\/www.grieta.org.mx\/wp-content\/uploads\/2019\/04\/no_hay_medicinas_en_el_centro_de_salu_en_mazatlan.jpg_219914347.jpg?resize=700%2C400&ssl=1 2x"},"classes":[]},{"id":6598,"url":"https:\/\/www.grieta.org.mx\/index.php\/2015\/12\/13\/denuncian-medicos-de-tabasco-deficiencias-en-infraestructura-hospitalaria\/","url_meta":{"origin":44050,"position":2},"title":"Denuncian m\u00e9dicos de Tabasco deficiencias en infraestructura hospitalaria","author":"grieta","date":"13 diciembre, 2015","format":false,"excerpt":"Armando Guzm\u00e1n VILLAHERMOSA, Tab. (proceso.com.mx).- Cientos de m\u00e9dicos y enfermeras del sector salud y cl\u00ednicas privadas, as\u00ed como pol\u00edticos, maestros, empresarios y sociedad civil marcharon este domingo para exigir insumos, medicamentos y mejores condiciones de la infraestructura hospitalaria de la entidad. La denominada \u201cmarcha de batas blancas\u201d, arranc\u00f3 del hospital\u2026","rel":"","context":"En &quot;CINTILLO&quot;","block_context":{"text":"CINTILLO","link":"https:\/\/www.grieta.org.mx\/index.php\/category\/cintillo\/"},"img":{"alt_text":"","src":"https:\/\/i0.wp.com\/www.grieta.org.mx\/wp-content\/uploads\/2018\/03\/14524434_1106112876131411_958039263622046936_o.jpg?resize=350%2C200&ssl=1","width":350,"height":200,"srcset":"https:\/\/i0.wp.com\/www.grieta.org.mx\/wp-content\/uploads\/2018\/03\/14524434_1106112876131411_958039263622046936_o.jpg?resize=350%2C200&ssl=1 1x, https:\/\/i0.wp.com\/www.grieta.org.mx\/wp-content\/uploads\/2018\/03\/14524434_1106112876131411_958039263622046936_o.jpg?resize=525%2C300&ssl=1 1.5x, https:\/\/i0.wp.com\/www.grieta.org.mx\/wp-content\/uploads\/2018\/03\/14524434_1106112876131411_958039263622046936_o.jpg?resize=700%2C400&ssl=1 2x"},"classes":[]},{"id":30507,"url":"https:\/\/www.grieta.org.mx\/index.php\/2019\/03\/11\/garanticen-abasto-de-medicinas-o-renuncien-pide-doctor-a-silvano-y-a-titular-de-ssm-michoacan\/","url_meta":{"origin":44050,"position":3},"title":"Garanticen abasto de medicinas o renuncien, pide doctor a Silvano y a titular de SSM (Michoac\u00e1n)","author":"grieta","date":"11 marzo, 2019","format":false,"excerpt":"Benjam\u00edn \u00c1lvarez \/ Contramuro, 11 de marzo de 2019 El m\u00e9dico se manifest\u00f3 en la plaza de Armas para exigir el abasto de medicamentos en el servicio de salud estatal Morelia, Michoac\u00e1n. \u2013 El doctor Francisco del Toro Lugo se manifest\u00f3 en la plaza de Armas de Morelia con la\u2026","rel":"","context":"En &quot;CINTILLO&quot;","block_context":{"text":"CINTILLO","link":"https:\/\/www.grieta.org.mx\/index.php\/category\/cintillo\/"},"img":{"alt_text":"","src":"https:\/\/i0.wp.com\/www.grieta.org.mx\/wp-content\/uploads\/2019\/03\/17afc62f-ed30-43c1-a724-ba0fd295c473-960x500.jpg?resize=350%2C200&ssl=1","width":350,"height":200,"srcset":"https:\/\/i0.wp.com\/www.grieta.org.mx\/wp-content\/uploads\/2019\/03\/17afc62f-ed30-43c1-a724-ba0fd295c473-960x500.jpg?resize=350%2C200&ssl=1 1x, https:\/\/i0.wp.com\/www.grieta.org.mx\/wp-content\/uploads\/2019\/03\/17afc62f-ed30-43c1-a724-ba0fd295c473-960x500.jpg?resize=525%2C300&ssl=1 1.5x, https:\/\/i0.wp.com\/www.grieta.org.mx\/wp-content\/uploads\/2019\/03\/17afc62f-ed30-43c1-a724-ba0fd295c473-960x500.jpg?resize=700%2C400&ssl=1 2x"},"classes":[]},{"id":51539,"url":"https:\/\/www.grieta.org.mx\/index.php\/2020\/07\/02\/derechohabientes-denuncian-falta-de-medicamentos-en-issste-colima\/","url_meta":{"origin":44050,"position":4},"title":"Derechohabientes denuncian falta de medicamentos en ISSSTE Colima","author":"grieta","date":"2 julio, 2020","format":false,"excerpt":"Imagen: El Noticiero Anil\u00fa Salazar Mej\u00eda \/ El Noticiero erechohabientes del Issste Colima denuncian p\u00fablicamente de que hay varios medicamentos que faltan como son la insulina y el losartan, utilizados en enfermedades como la diabetes y la presi\u00f3n arterial, por lo que piden soluci\u00f3n a este desabasto. Los afectados, quienes\u2026","rel":"","context":"En &quot;CINTILLO&quot;","block_context":{"text":"CINTILLO","link":"https:\/\/www.grieta.org.mx\/index.php\/category\/cintillo\/"},"img":{"alt_text":"","src":"https:\/\/i0.wp.com\/www.grieta.org.mx\/wp-content\/uploads\/2020\/07\/insulina-1024x644-1-e1593710814946.jpg?resize=350%2C200&ssl=1","width":350,"height":200,"srcset":"https:\/\/i0.wp.com\/www.grieta.org.mx\/wp-content\/uploads\/2020\/07\/insulina-1024x644-1-e1593710814946.jpg?resize=350%2C200&ssl=1 1x, https:\/\/i0.wp.com\/www.grieta.org.mx\/wp-content\/uploads\/2020\/07\/insulina-1024x644-1-e1593710814946.jpg?resize=525%2C300&ssl=1 1.5x, https:\/\/i0.wp.com\/www.grieta.org.mx\/wp-content\/uploads\/2020\/07\/insulina-1024x644-1-e1593710814946.jpg?resize=700%2C400&ssl=1 2x"},"classes":[]},{"id":33846,"url":"https:\/\/www.grieta.org.mx\/index.php\/2019\/05\/22\/24-estados-en-crisis-de-doctores-y-medicamentos-en-el-issste-entre-ellos-colima\/","url_meta":{"origin":44050,"position":5},"title":"24 estados en crisis de doctores y medicamentos en el ISSSTE; entre ellos Colima","author":"grieta","date":"22 mayo, 2019","format":false,"excerpt":"CN COLIMANOTICIAS, 22 de mayo de 2019 M\u00e9xico.- Las afectaciones por los recortes al presupuesto del sector salud, que incluyen falta de m\u00e9dicos y enfermeras, escasez de medicamentos, reducci\u00f3n de apoyos a pasantes e incluso la cancelaci\u00f3n de aire acondicionado, se han extendido ya a hospitales de 24 estados, entre\u2026","rel":"","context":"En &quot;Baja California Sur&quot;","block_context":{"text":"Baja California Sur","link":"https:\/\/www.grieta.org.mx\/index.php\/category\/noticias-nacionales\/baja-california-sur\/"},"img":{"alt_text":"","src":"https:\/\/i0.wp.com\/www.grieta.org.mx\/wp-content\/uploads\/2019\/05\/directColimaNoticias.jpg?resize=350%2C200&ssl=1","width":350,"height":200,"srcset":"https:\/\/i0.wp.com\/www.grieta.org.mx\/wp-content\/uploads\/2019\/05\/directColimaNoticias.jpg?resize=350%2C200&ssl=1 1x, https:\/\/i0.wp.com\/www.grieta.org.mx\/wp-content\/uploads\/2019\/05\/directColimaNoticias.jpg?resize=525%2C300&ssl=1 1.5x, https:\/\/i0.wp.com\/www.grieta.org.mx\/wp-content\/uploads\/2019\/05\/directColimaNoticias.jpg?resize=700%2C400&ssl=1 2x"},"classes":[]}],"_links":{"self":[{"href":"https:\/\/www.grieta.org.mx\/index.php\/wp-json\/wp\/v2\/posts\/44050","targetHints":{"allow":["GET"]}}],"collection":[{"href":"https:\/\/www.grieta.org.mx\/index.php\/wp-json\/wp\/v2\/posts"}],"about":[{"href":"https:\/\/www.grieta.org.mx\/index.php\/wp-json\/wp\/v2\/types\/post"}],"author":[{"embeddable":true,"href":"https:\/\/www.grieta.org.mx\/index.php\/wp-json\/wp\/v2\/users\/2"}],"replies":[{"embeddable":true,"href":"https:\/\/www.grieta.org.mx\/index.php\/wp-json\/wp\/v2\/comments?post=44050"}],"version-history":[{"count":1,"href":"https:\/\/www.grieta.org.mx\/index.php\/wp-json\/wp\/v2\/posts\/44050\/revisions"}],"predecessor-version":[{"id":44052,"href":"https:\/\/www.grieta.org.mx\/index.php\/wp-json\/wp\/v2\/posts\/44050\/revisions\/44052"}],"wp:featuredmedia":[{"embeddable":true,"href":"https:\/\/www.grieta.org.mx\/index.php\/wp-json\/wp\/v2\/media\/44051"}],"wp:attachment":[{"href":"https:\/\/www.grieta.org.mx\/index.php\/wp-json\/wp\/v2\/media?parent=44050"}],"wp:term":[{"taxonomy":"category","embeddable":true,"href":"https:\/\/www.grieta.org.mx\/index.php\/wp-json\/wp\/v2\/categories?post=44050"},{"taxonomy":"post_tag","embeddable":true,"href":"https:\/\/www.grieta.org.mx\/index.php\/wp-json\/wp\/v2\/tags?post=44050"}],"curies":[{"name":"wp","href":"https:\/\/api.w.org\/{rel}","templated":true}]}}