{"id":4402,"date":"2015-08-02T01:16:02","date_gmt":"2015-08-02T01:16:02","guid":{"rendered":"http:\/\/50.22.11.12\/~grietaor\/?p=4402"},"modified":"2016-03-23T01:18:36","modified_gmt":"2016-03-23T01:18:36","slug":"periodistas-de-nuevo-leon-se-suman-a-exigencia-de-justicia-por-asesinato-de-ruben","status":"publish","type":"post","link":"https:\/\/www.grieta.org.mx\/index.php\/2015\/08\/02\/periodistas-de-nuevo-leon-se-suman-a-exigencia-de-justicia-por-asesinato-de-ruben\/","title":{"rendered":"Periodistas de Nuevo Le\u00f3n se suman a exigencia de justicia por asesinato de Rub\u00e9n"},"content":{"rendered":"<p>Proceso<\/p>\n<p>MONTERREY, N.L. (proceso.com.mx).- Periodistas de Nuevo Le\u00f3n protestaron esta tarde por el asesinato del fot\u00f3grafo de Proceso, Rub\u00e9n Espinosa, quien fue encontrado muerto el s\u00e1bado en el Distrito Federal.<\/p>\n<p>Una ofrenda floral luctuosa con la leyenda: \u201cPeriodistas: ni un muerto m\u00e1s\u201d, fue colocada al pie del Monumento de la Libertad de Expresi\u00f3n, en la zona de la Macroplaza, por la Asociaci\u00f3n de Periodistas de Nuevo Le\u00f3n Jos\u00e9 Alvarado Santos.<\/p>\n<p>Unos 15 comunicadores de medios locales, nacionales e internacionales, colocaron sus c\u00e1maras, grabadoras y libretas al pie de la corona de flores, en se\u00f1al de duelo por Espinosa Becerril, quien fue encontrado asesinado junto con cuatro personas en un departamento de la capital del pa\u00eds.<\/p>\n<p>En semanas anteriores, el fotoperiodista tuvo que dejar Veracruz, por amenazas y se refugi\u00f3 en el Distrito Federal, donde sigui\u00f3 trabajando hasta su muerte.<\/p>\n<p>A nombre de los comunicadores presentes, el reportero \u00c1ngel Ramos Trujillo, originario de Veracruz pero avecindado en Monterrey, mencion\u00f3 el talento de Espinosa, quien destac\u00f3 por su trabajo como periodista, pero tambi\u00e9n por su activismo por la libertad de expresi\u00f3n.<\/p>\n<p>Record\u00f3 que el fot\u00f3grafo trabaj\u00f3 en Xalapa junto a la corresponsal de Proceso, Regina Mart\u00ednez, quien fue tambi\u00e9n privada de la vida el 28 de abril del 2012.<\/p>\n<p>\u201cLa percepci\u00f3n de todos los compa\u00f1eros all\u00e1 en Veracruz es que Rub\u00e9n era una de las personas m\u00e1s visibles del movimiento que buscaba justicia no s\u00f3lo para Regina, sino para la m\u00e1s de una decena de compa\u00f1eros asesinados en Veracruz y eso le trajo muchos problemas, y ese fue uno de los motivos por los que fue perseguido y por lo que tuvo que abandonar Xalapa\u201d, dijo.<\/p>\n<p><a href=\"http:\/\/www.proceso.com.mx\/?p=412047\" target=\"_blank\">www.proceso.com.mx\/?p=412047<\/a><\/p>\n","protected":false},"excerpt":{"rendered":"<p>Proceso MONTERREY, N.L. (proceso.com.mx).- Periodistas de Nuevo Le\u00f3n protestaron esta tarde por el asesinato del fot\u00f3grafo de Proceso, Rub\u00e9n Espinosa, quien fue encontrado muerto el s\u00e1bado en el Distrito Federal. &hellip; <a href=\"https:\/\/www.grieta.org.mx\/index.php\/2015\/08\/02\/periodistas-de-nuevo-leon-se-suman-a-exigencia-de-justicia-por-asesinato-de-ruben\/\" class=\"more-link\">Leer m\u00e1s<\/a><\/p>\n","protected":false},"author":2,"featured_media":21928,"comment_status":"closed","ping_status":"open","sticky":false,"template":"","format":"standard","meta":{"ngg_post_thumbnail":0,"_jetpack_newsletter_access":"","_jetpack_dont_email_post_to_subs":false,"_jetpack_newsletter_tier_id":0,"_jetpack_memberships_contains_paywalled_content":false,"_jetpack_memberships_contains_paid_content":false,"footnotes":""},"categories":[80,202],"tags":[349,120],"class_list":["post-4402","post","type-post","status-publish","format-standard","has-post-thumbnail","hentry","category-cintillo","category-nuevo-leon","tag-narvarte","tag-violencia-contra-periodistas","entry"],"jetpack_featured_media_url":"https:\/\/www.grieta.org.mx\/wp-content\/uploads\/2018\/03\/14524434_1106112876131411_958039263622046936_o.jpg","jetpack_sharing_enabled":true,"jetpack_shortlink":"https:\/\/wp.me\/p7ZJR4-190","jetpack_likes_enabled":false,"jetpack-related-posts":[{"id":4872,"url":"https:\/\/www.grieta.org.mx\/index.php\/2015\/11\/01\/reporteros-camarografos-y-fotografos-de-nuevo-leon-recuerdan-con-altar-a-periodistas-asesinados\/","url_meta":{"origin":4402,"position":0},"title":"Reporteros, camar\u00f3grafos y fot\u00f3grafos de Nuevo Le\u00f3n recuerdan con altar a periodistas asesinados","author":"grieta","date":"1 noviembre, 2015","format":false,"excerpt":"01\/11\/15. En Nuevo Le\u00f3n, recuerdan con altar a Regina Mart\u00ednez y Rub\u00e9n EspinosaProceso","rel":"","context":"En &quot;NOTICIAS NACIONALES&quot;","block_context":{"text":"NOTICIAS NACIONALES","link":"https:\/\/www.grieta.org.mx\/index.php\/category\/noticias-nacionales\/"},"img":{"alt_text":"","src":"https:\/\/i0.wp.com\/www.grieta.org.mx\/wp-content\/uploads\/2018\/03\/14524434_1106112876131411_958039263622046936_o.jpg?resize=350%2C200&ssl=1","width":350,"height":200,"srcset":"https:\/\/i0.wp.com\/www.grieta.org.mx\/wp-content\/uploads\/2018\/03\/14524434_1106112876131411_958039263622046936_o.jpg?resize=350%2C200&ssl=1 1x, https:\/\/i0.wp.com\/www.grieta.org.mx\/wp-content\/uploads\/2018\/03\/14524434_1106112876131411_958039263622046936_o.jpg?resize=525%2C300&ssl=1 1.5x, https:\/\/i0.wp.com\/www.grieta.org.mx\/wp-content\/uploads\/2018\/03\/14524434_1106112876131411_958039263622046936_o.jpg?resize=700%2C400&ssl=1 2x"},"classes":[]},{"id":8916,"url":"https:\/\/www.grieta.org.mx\/index.php\/2015\/08\/03\/se-unen-en-morelia-a-protestas-por-el-asesinato-de-ruben-espinosa-becerril\/","url_meta":{"origin":4402,"position":1},"title":"Se unen en Morelia a protestas por el asesinato de Rub\u00e9n Espinosa Becerril","author":"Admin","date":"3 agosto, 2015","format":false,"excerpt":"\u201cNo m\u00e1s asesinatos de periodistas\u201d, se lee en la cartulina que se expuso en un evento del CMIC Morelia, Michoac\u00e1n (MiMorelia.com).- Reporteros de Michoac\u00e1n se suman a las protestas por el asesinato del fotoperiodista Rub\u00e9n Espinosa Becerril, quien fue encontrado muerto el pasado viernes junto con otras cuatro personas en\u2026","rel":"","context":"En &quot;CINTILLO&quot;","block_context":{"text":"CINTILLO","link":"https:\/\/www.grieta.org.mx\/index.php\/category\/cintillo\/"},"img":{"alt_text":"","src":"https:\/\/i0.wp.com\/www.grieta.org.mx\/wp-content\/uploads\/2018\/03\/14524434_1106112876131411_958039263622046936_o.jpg?resize=350%2C200&ssl=1","width":350,"height":200,"srcset":"https:\/\/i0.wp.com\/www.grieta.org.mx\/wp-content\/uploads\/2018\/03\/14524434_1106112876131411_958039263622046936_o.jpg?resize=350%2C200&ssl=1 1x, https:\/\/i0.wp.com\/www.grieta.org.mx\/wp-content\/uploads\/2018\/03\/14524434_1106112876131411_958039263622046936_o.jpg?resize=525%2C300&ssl=1 1.5x, https:\/\/i0.wp.com\/www.grieta.org.mx\/wp-content\/uploads\/2018\/03\/14524434_1106112876131411_958039263622046936_o.jpg?resize=700%2C400&ssl=1 2x"},"classes":[]},{"id":4871,"url":"https:\/\/www.grieta.org.mx\/index.php\/2015\/11\/01\/en-nuevo-leon-recuerdan-con-altar-a-regina-martinez-y-ruben-espinosa\/","url_meta":{"origin":4402,"position":2},"title":"En Nuevo Le\u00f3n, recuerdan con altar a Regina Mart\u00ednez y Rub\u00e9n Espinosa","author":"grieta","date":"1 noviembre, 2015","format":false,"excerpt":"Proceso JUAN ALBERTO CEDILLO MONTERREY, NL (proceso.com.mx).- Reporteros, camar\u00f3grafos y fot\u00f3grafos organizados en la Red de Periodistas del Noreste y la Asociaci\u00f3n de Periodistas Jos\u00e9 Alvarado colocaron un altar de muertos en honor a los colaboradores de Proceso, Regina Mart\u00ednez y Rub\u00e9n Espinosa, as\u00ed como a los colegas asesinados en\u2026","rel":"","context":"En &quot;CINTILLO&quot;","block_context":{"text":"CINTILLO","link":"https:\/\/www.grieta.org.mx\/index.php\/category\/cintillo\/"},"img":{"alt_text":"","src":"https:\/\/i0.wp.com\/www.grieta.org.mx\/wp-content\/uploads\/2018\/03\/14524434_1106112876131411_958039263622046936_o.jpg?resize=350%2C200&ssl=1","width":350,"height":200,"srcset":"https:\/\/i0.wp.com\/www.grieta.org.mx\/wp-content\/uploads\/2018\/03\/14524434_1106112876131411_958039263622046936_o.jpg?resize=350%2C200&ssl=1 1x, https:\/\/i0.wp.com\/www.grieta.org.mx\/wp-content\/uploads\/2018\/03\/14524434_1106112876131411_958039263622046936_o.jpg?resize=525%2C300&ssl=1 1.5x, https:\/\/i0.wp.com\/www.grieta.org.mx\/wp-content\/uploads\/2018\/03\/14524434_1106112876131411_958039263622046936_o.jpg?resize=700%2C400&ssl=1 2x"},"classes":[]},{"id":4403,"url":"https:\/\/www.grieta.org.mx\/index.php\/2015\/08\/02\/protestan-en-nuevo-leon-por-el-multihomicidio-en-la-narvarte\/","url_meta":{"origin":4402,"position":3},"title":"Protestan en Nuevo Le\u00f3n por el multihomicidio en la Narvarte","author":"grieta","date":"2 agosto, 2015","format":false,"excerpt":"02\/08\/15. Periodistas de Nuevo Le\u00f3n se suman a exigencia de justicia por asesinato de Rub\u00e9n Proceso","rel":"","context":"En &quot;NOTICIAS NACIONALES&quot;","block_context":{"text":"NOTICIAS NACIONALES","link":"https:\/\/www.grieta.org.mx\/index.php\/category\/noticias-nacionales\/"},"img":{"alt_text":"","src":"https:\/\/i0.wp.com\/www.grieta.org.mx\/wp-content\/uploads\/2018\/03\/14524434_1106112876131411_958039263622046936_o.jpg?resize=350%2C200&ssl=1","width":350,"height":200,"srcset":"https:\/\/i0.wp.com\/www.grieta.org.mx\/wp-content\/uploads\/2018\/03\/14524434_1106112876131411_958039263622046936_o.jpg?resize=350%2C200&ssl=1 1x, https:\/\/i0.wp.com\/www.grieta.org.mx\/wp-content\/uploads\/2018\/03\/14524434_1106112876131411_958039263622046936_o.jpg?resize=525%2C300&ssl=1 1.5x, https:\/\/i0.wp.com\/www.grieta.org.mx\/wp-content\/uploads\/2018\/03\/14524434_1106112876131411_958039263622046936_o.jpg?resize=700%2C400&ssl=1 2x"},"classes":[]},{"id":8918,"url":"https:\/\/www.grieta.org.mx\/index.php\/2015\/08\/03\/repudian-periodistas-michoacanos-el-asesinato-de-ruben-espinosa\/","url_meta":{"origin":4402,"position":4},"title":"Repudian periodistas michoacanos el asesinato de Rub\u00e9n Espinosa","author":"Admin","date":"3 agosto, 2015","format":false,"excerpt":"Tanto reporteros gr\u00e1ficos, as\u00ed como escritos exigieron adem\u00e1s un alto definitivo a las agresiones y asesinatos contra periodistas Por Carlos Arrieta Corresponsal Michoac\u00e1n.- De espaldas hacia la clase pol\u00edtica en los eventos convocados para este lunes y con pancartas, fue la manera en la que levantaron la voz los periodistas\u2026","rel":"","context":"En &quot;CINTILLO&quot;","block_context":{"text":"CINTILLO","link":"https:\/\/www.grieta.org.mx\/index.php\/category\/cintillo\/"},"img":{"alt_text":"","src":"https:\/\/i0.wp.com\/www.grieta.org.mx\/wp-content\/uploads\/2018\/03\/14524434_1106112876131411_958039263622046936_o.jpg?resize=350%2C200&ssl=1","width":350,"height":200,"srcset":"https:\/\/i0.wp.com\/www.grieta.org.mx\/wp-content\/uploads\/2018\/03\/14524434_1106112876131411_958039263622046936_o.jpg?resize=350%2C200&ssl=1 1x, https:\/\/i0.wp.com\/www.grieta.org.mx\/wp-content\/uploads\/2018\/03\/14524434_1106112876131411_958039263622046936_o.jpg?resize=525%2C300&ssl=1 1.5x, https:\/\/i0.wp.com\/www.grieta.org.mx\/wp-content\/uploads\/2018\/03\/14524434_1106112876131411_958039263622046936_o.jpg?resize=700%2C400&ssl=1 2x"},"classes":[]},{"id":7552,"url":"https:\/\/www.grieta.org.mx\/index.php\/2015\/08\/05\/protestaran-periodistas-de-tlaxcala-por-asesinato-de-ruben-espinosa\/","url_meta":{"origin":4402,"position":5},"title":"Protestar\u00e1n periodistas de Tlaxcala por asesinato de Rub\u00e9n Espinosa","author":"grieta","date":"5 agosto, 2015","format":false,"excerpt":"Alex G\u00f3mez\/Monitor Tlaxcala La Confederaci\u00f3n de Periodistas convoc\u00f3 a todos los integrantes del gremio en la entidad para llevar a cabo un acto de protesta por el asesinato del fotoperiodista Ruben Espinosa este 5 de agosto frente Palacio de Gobierno de Tlaxcala a las 18:30 hrs. Asimismo, la organizaci\u00f3n de\u2026","rel":"","context":"En &quot;CINTILLO&quot;","block_context":{"text":"CINTILLO","link":"https:\/\/www.grieta.org.mx\/index.php\/category\/cintillo\/"},"img":{"alt_text":"","src":"https:\/\/i0.wp.com\/www.grieta.org.mx\/wp-content\/uploads\/2018\/03\/14524434_1106112876131411_958039263622046936_o.jpg?resize=350%2C200&ssl=1","width":350,"height":200,"srcset":"https:\/\/i0.wp.com\/www.grieta.org.mx\/wp-content\/uploads\/2018\/03\/14524434_1106112876131411_958039263622046936_o.jpg?resize=350%2C200&ssl=1 1x, https:\/\/i0.wp.com\/www.grieta.org.mx\/wp-content\/uploads\/2018\/03\/14524434_1106112876131411_958039263622046936_o.jpg?resize=525%2C300&ssl=1 1.5x, https:\/\/i0.wp.com\/www.grieta.org.mx\/wp-content\/uploads\/2018\/03\/14524434_1106112876131411_958039263622046936_o.jpg?resize=700%2C400&ssl=1 2x"},"classes":[]}],"_links":{"self":[{"href":"https:\/\/www.grieta.org.mx\/index.php\/wp-json\/wp\/v2\/posts\/4402","targetHints":{"allow":["GET"]}}],"collection":[{"href":"https:\/\/www.grieta.org.mx\/index.php\/wp-json\/wp\/v2\/posts"}],"about":[{"href":"https:\/\/www.grieta.org.mx\/index.php\/wp-json\/wp\/v2\/types\/post"}],"author":[{"embeddable":true,"href":"https:\/\/www.grieta.org.mx\/index.php\/wp-json\/wp\/v2\/users\/2"}],"replies":[{"embeddable":true,"href":"https:\/\/www.grieta.org.mx\/index.php\/wp-json\/wp\/v2\/comments?post=4402"}],"version-history":[{"count":1,"href":"https:\/\/www.grieta.org.mx\/index.php\/wp-json\/wp\/v2\/posts\/4402\/revisions"}],"predecessor-version":[{"id":4404,"href":"https:\/\/www.grieta.org.mx\/index.php\/wp-json\/wp\/v2\/posts\/4402\/revisions\/4404"}],"wp:featuredmedia":[{"embeddable":true,"href":"https:\/\/www.grieta.org.mx\/index.php\/wp-json\/wp\/v2\/media\/21928"}],"wp:attachment":[{"href":"https:\/\/www.grieta.org.mx\/index.php\/wp-json\/wp\/v2\/media?parent=4402"}],"wp:term":[{"taxonomy":"category","embeddable":true,"href":"https:\/\/www.grieta.org.mx\/index.php\/wp-json\/wp\/v2\/categories?post=4402"},{"taxonomy":"post_tag","embeddable":true,"href":"https:\/\/www.grieta.org.mx\/index.php\/wp-json\/wp\/v2\/tags?post=4402"}],"curies":[{"name":"wp","href":"https:\/\/api.w.org\/{rel}","templated":true}]}}