{"id":43996,"date":"2020-02-06T23:57:12","date_gmt":"2020-02-07T05:57:12","guid":{"rendered":"http:\/\/www.grieta.org.mx\/?p=43996"},"modified":"2020-02-06T23:57:12","modified_gmt":"2020-02-07T05:57:12","slug":"entregan-cch-vallejo-tras-dos-dias-de-paro-ciudad-de-mexico","status":"publish","type":"post","link":"https:\/\/www.grieta.org.mx\/index.php\/2020\/02\/06\/entregan-cch-vallejo-tras-dos-dias-de-paro-ciudad-de-mexico\/","title":{"rendered":"Entregan CCH Vallejo tras dos d\u00edas de paro (Ciudad de M\u00e9xico)"},"content":{"rendered":"<p><img loading=\"lazy\" decoding=\"async\" data-attachment-id=\"43997\" data-permalink=\"https:\/\/www.grieta.org.mx\/index.php\/2020\/02\/06\/entregan-cch-vallejo-tras-dos-dias-de-paro-ciudad-de-mexico\/entregan-cch-vallejo-tras-dos-dias-de-paro-cdmx-feb\/\" data-orig-file=\"https:\/\/www.grieta.org.mx\/wp-content\/uploads\/2020\/02\/Entregan-CCH-Vallejo-tras-dos-d\u00edas-de-paro-cdmx-feb.jpg\" data-orig-size=\"664,498\" data-comments-opened=\"0\" data-image-meta=\"{&quot;aperture&quot;:&quot;0&quot;,&quot;credit&quot;:&quot;&quot;,&quot;camera&quot;:&quot;&quot;,&quot;caption&quot;:&quot;&quot;,&quot;created_timestamp&quot;:&quot;0&quot;,&quot;copyright&quot;:&quot;&quot;,&quot;focal_length&quot;:&quot;0&quot;,&quot;iso&quot;:&quot;0&quot;,&quot;shutter_speed&quot;:&quot;0&quot;,&quot;title&quot;:&quot;&quot;,&quot;orientation&quot;:&quot;0&quot;}\" data-image-title=\"Entregan CCH Vallejo tras dos d\u00edas de paro cdmx feb\" data-image-description=\"\" data-image-caption=\"\" data-medium-file=\"https:\/\/www.grieta.org.mx\/wp-content\/uploads\/2020\/02\/Entregan-CCH-Vallejo-tras-dos-d\u00edas-de-paro-cdmx-feb-300x225.jpg\" data-large-file=\"https:\/\/www.grieta.org.mx\/wp-content\/uploads\/2020\/02\/Entregan-CCH-Vallejo-tras-dos-d\u00edas-de-paro-cdmx-feb.jpg\" class=\"aligncenter  wp-image-43997\" src=\"http:\/\/www.grieta.org.mx\/wp-content\/uploads\/2020\/02\/Entregan-CCH-Vallejo-tras-dos-d\u00edas-de-paro-cdmx-feb.jpg\" alt=\"\" width=\"649\" height=\"487\" srcset=\"https:\/\/www.grieta.org.mx\/wp-content\/uploads\/2020\/02\/Entregan-CCH-Vallejo-tras-dos-d\u00edas-de-paro-cdmx-feb.jpg 664w, https:\/\/www.grieta.org.mx\/wp-content\/uploads\/2020\/02\/Entregan-CCH-Vallejo-tras-dos-d\u00edas-de-paro-cdmx-feb-300x225.jpg 300w\" sizes=\"auto, (max-width: 649px) 100vw, 649px\" \/><br \/>\n<em>El martes pasado, un grupo de alumnos decidi\u00f3 realizar un paro de labores. Foto: Cuartoscuro\/Archivo<\/em><\/p>\n<p>Notimex<\/p>\n<blockquote><p>Las actividades acad\u00e9micas y administrativas se reanudar\u00e1n ma\u00f1ana viernes 7 en los horarios acostumbrados<\/p><\/blockquote>\n<p>CIUDAD DE M\u00c9XICO.<\/p>\n<p>La Universidad Nacional Aut\u00f3noma de M\u00e9xico inform\u00f3 que esta tarde fueron entregadas a las autoridades las instalaciones del Colegio de Ciencias y Humanidades (CCH) plantel Vallejo.<\/p>\n<p>En un comunicado, la m\u00e1xima casa de estudios afirm\u00f3 que las actividades acad\u00e9micas y administrativas se reanudar\u00e1n ma\u00f1ana viernes 7 en los horarios acostumbrados.<\/p>\n<p>La entrega se dio luego de que un grupo de alumnos decidieron realizar un paro de labores en asambleas estudiantes el martes pasado.<\/p>\n<p>El CCH Vallejo se uni\u00f3 al paro que se mantiene desde hace varias semanas en la Preparatoria 9, as\u00ed como las facultades de Filosof\u00eda y Letras, Ciencias Pol\u00edticas, y la de Artes y Dise\u00f1o, contra el acoso sexual e inseguridad que denuncian existe en los planteles, y por el que en los \u00faltimos d\u00edas han cerrado m\u00e1s de 15 escuelas de la UNAM.<\/p>\n<p><a href=\"https:\/\/www.excelsior.com.mx\/comunidad\/entregan-cch-vallejo-tras-dos-dias-de-paro\/1362689\" target=\"_blank\" rel=\"noopener noreferrer\">https:\/\/www.excelsior.com.mx\/comunidad\/entregan-cch-vallejo-tras-dos-dias-de-paro\/1362689<\/a><\/p>\n","protected":false},"excerpt":{"rendered":"<p>El martes pasado, un grupo de alumnos decidi\u00f3 realizar un paro de labores. Foto: Cuartoscuro\/Archivo Notimex Las actividades acad\u00e9micas y administrativas se reanudar\u00e1n ma\u00f1ana viernes 7 en los horarios acostumbrados &hellip; <a href=\"https:\/\/www.grieta.org.mx\/index.php\/2020\/02\/06\/entregan-cch-vallejo-tras-dos-dias-de-paro-ciudad-de-mexico\/\" class=\"more-link\">Leer m\u00e1s<\/a><\/p>\n","protected":false},"author":2,"featured_media":43997,"comment_status":"closed","ping_status":"closed","sticky":false,"template":"","format":"standard","meta":{"ngg_post_thumbnail":0,"_jetpack_newsletter_access":"","_jetpack_dont_email_post_to_subs":false,"_jetpack_newsletter_tier_id":0,"_jetpack_memberships_contains_paywalled_content":false,"_jetpack_memberships_contains_paid_content":false,"footnotes":""},"categories":[80,14,916,2958,1138,2356,1670,2,83,1823,2388],"tags":[2442,1824,2566,1893,2683,1133,1565,1630],"class_list":["post-43996","post","type-post","status-publish","format-standard","has-post-thumbnail","hentry","category-cintillo","category-ciudad-de-mexico","category-privatizacion-del-la-educacion-publica","category-crisis-de-la-educacion-publica-en-la-ciudad-de-mexico","category-incremento-de-la-violencia-en-la-ciudad-de-mexico","category-incremento-en-la-violencia-en-la-ciudad-de-mexico","category-movilizaciones-y-protestas-de-estudiantes-de-la-ciudad-de-mexico","category-noticias-nacionales","category-temas-nacionales","category-violencia-contra-estudiantes","category-violencia-contra-las-mujeres-en-la-ciudad-de-mexico","tag-acoso-contra-estudiantes","tag-acoso-sexual","tag-crisis-en-el-sistema-educativo","tag-escuelas-en-paro","tag-estudiantes-organizados","tag-incremento-en-la-violencia","tag-violencia-contra-estudiantes","tag-violencia-contra-las-mujeres","entry"],"jetpack_featured_media_url":"https:\/\/www.grieta.org.mx\/wp-content\/uploads\/2020\/02\/Entregan-CCH-Vallejo-tras-dos-d\u00edas-de-paro-cdmx-feb.jpg","jetpack_sharing_enabled":true,"jetpack_shortlink":"https:\/\/wp.me\/p7ZJR4-brC","jetpack_likes_enabled":false,"jetpack-related-posts":[{"id":43859,"url":"https:\/\/www.grieta.org.mx\/index.php\/2020\/01\/31\/por-violencia-sexual-y-criminalizacion-paro-de-actividades-en-siete-escuelas-de-la-unam-ciudad-de-mexico\/","url_meta":{"origin":43996,"position":0},"title":"Por violencia sexual y criminalizaci\u00f3n, paro de actividades en siete escuelas de la UNAM (Ciudad de M\u00e9xico)","author":"grieta","date":"31 enero, 2020","format":false,"excerpt":"Contral\u00ednea Cuatro escuelas de la Universidad Nacional Aut\u00f3noma de M\u00e9xico se sumaron a los paros de actividades en demanda de soluci\u00f3n a la violencia sexual de g\u00e9nero que se padece en los recintos universitarios y del cese a la criminalizaci\u00f3n contra el movimiento feminista que reivindica el derecho de las\u2026","rel":"","context":"En &quot;CINTILLO&quot;","block_context":{"text":"CINTILLO","link":"https:\/\/www.grieta.org.mx\/index.php\/category\/cintillo\/"},"img":{"alt_text":"","src":"https:\/\/i0.wp.com\/www.grieta.org.mx\/wp-content\/uploads\/2020\/02\/Por-violencia-sexual-y-criminalizaci%C3%B3n-paro-de-actividades-en-siete-escuelas-de-la-UNAM-cdmx-ene.jpeg?resize=350%2C200&ssl=1","width":350,"height":200,"srcset":"https:\/\/i0.wp.com\/www.grieta.org.mx\/wp-content\/uploads\/2020\/02\/Por-violencia-sexual-y-criminalizaci%C3%B3n-paro-de-actividades-en-siete-escuelas-de-la-UNAM-cdmx-ene.jpeg?resize=350%2C200&ssl=1 1x, https:\/\/i0.wp.com\/www.grieta.org.mx\/wp-content\/uploads\/2020\/02\/Por-violencia-sexual-y-criminalizaci%C3%B3n-paro-de-actividades-en-siete-escuelas-de-la-UNAM-cdmx-ene.jpeg?resize=525%2C300&ssl=1 1.5x"},"classes":[]},{"id":41601,"url":"https:\/\/www.grieta.org.mx\/index.php\/2019\/11\/26\/prepa-7-cumple-una-semana-de-paro-sin-visos-de-solucion-ciudad-de-mexico\/","url_meta":{"origin":43996,"position":1},"title":"Prepa 7 cumple una semana de paro sin visos de soluci\u00f3n (Ciudad de M\u00e9xico)","author":"grieta","date":"26 noviembre, 2019","format":false,"excerpt":"Foto: Cuartoscuro\/Archivo 24 Horas Los j\u00f3venes que mantienen el paro de actividades solicitan la renuncia de la directora del plantel, Mar\u00eda del Carmen Rodr\u00edguez Quilant\u00e1n, por \u201chacer caso omiso a las denuncias que existen de acoso sexual y encubrimiento de casos de violencia\" Sin visos de di\u00e1logo, la Escuela Nacional\u2026","rel":"","context":"En &quot;CINTILLO&quot;","block_context":{"text":"CINTILLO","link":"https:\/\/www.grieta.org.mx\/index.php\/category\/cintillo\/"},"img":{"alt_text":"","src":"https:\/\/i0.wp.com\/www.grieta.org.mx\/wp-content\/uploads\/2019\/11\/Prepa-7-cumple-una-semana-de-paro-sin-visos-de-soluci%C3%B3n-cdmx-nov.jpg?resize=350%2C200&ssl=1","width":350,"height":200,"srcset":"https:\/\/i0.wp.com\/www.grieta.org.mx\/wp-content\/uploads\/2019\/11\/Prepa-7-cumple-una-semana-de-paro-sin-visos-de-soluci%C3%B3n-cdmx-nov.jpg?resize=350%2C200&ssl=1 1x, https:\/\/i0.wp.com\/www.grieta.org.mx\/wp-content\/uploads\/2019\/11\/Prepa-7-cumple-una-semana-de-paro-sin-visos-de-soluci%C3%B3n-cdmx-nov.jpg?resize=525%2C300&ssl=1 1.5x, https:\/\/i0.wp.com\/www.grieta.org.mx\/wp-content\/uploads\/2019\/11\/Prepa-7-cumple-una-semana-de-paro-sin-visos-de-soluci%C3%B3n-cdmx-nov.jpg?resize=700%2C400&ssl=1 2x"},"classes":[]},{"id":44006,"url":"https:\/\/www.grieta.org.mx\/index.php\/2020\/02\/06\/suman-16-escuelas-de-la-unam-en-paro-ciudad-de-mexico\/","url_meta":{"origin":43996,"position":2},"title":"Suman 16 escuelas de la UNAM en paro (Ciudad de M\u00e9xico)","author":"grieta","date":"6 febrero, 2020","format":false,"excerpt":"Foto: Archivo El Universal Teresa Moreno \/ El Universal Hoy se entreg\u00f3 CCH Vallejo, pero el plantel Oriente va a paro de 72 horas; mientras en Prepa 9, paristas nuevamente impidieron el paso de la directora Gabriela Mart\u00ednez, quien llevaba la respuesta a su pliego petitorio que envi\u00f3 el rector\u2026","rel":"","context":"En &quot;CINTILLO&quot;","block_context":{"text":"CINTILLO","link":"https:\/\/www.grieta.org.mx\/index.php\/category\/cintillo\/"},"img":{"alt_text":"","src":"https:\/\/i0.wp.com\/www.grieta.org.mx\/wp-content\/uploads\/2020\/02\/UNAM_-suman-16-escuelas-en-paro-cdmx-feb.jpg?resize=350%2C200","width":350,"height":200},"classes":[]},{"id":44010,"url":"https:\/\/www.grieta.org.mx\/index.php\/2020\/02\/06\/cecyt-7-del-ipn-analiza-realizar-paro-indefinido-ciudad-de-mexico\/","url_meta":{"origin":43996,"position":3},"title":"CECyT 7 del IPN analiza realizar paro indefinido (Ciudad de M\u00e9xico)","author":"grieta","date":"6 febrero, 2020","format":false,"excerpt":"Alumnos en Cecyt 7 del IPN. (Tomada de Rene Garc\u00eda) Selene Flores \/ Milenio En su pliego petitorio los alumnos del Centro de Estudios Cient\u00edficos y Tecnol\u00f3gicos (CECyT) 7 \u201cCuauht\u00e9moc\u201d, exigen entre otras cosas, el reabastecimiento de materiales de cada una de las especialidades t\u00e9cnicas y de los laboratorios de\u2026","rel":"","context":"En &quot;CINTILLO&quot;","block_context":{"text":"CINTILLO","link":"https:\/\/www.grieta.org.mx\/index.php\/category\/cintillo\/"},"img":{"alt_text":"","src":"https:\/\/i0.wp.com\/www.grieta.org.mx\/wp-content\/uploads\/2020\/02\/CECyT-7-del-IPN-analiza-realizar-paro-indefinido-cdmx-feb.jpg?resize=350%2C200&ssl=1","width":350,"height":200,"srcset":"https:\/\/i0.wp.com\/www.grieta.org.mx\/wp-content\/uploads\/2020\/02\/CECyT-7-del-IPN-analiza-realizar-paro-indefinido-cdmx-feb.jpg?resize=350%2C200&ssl=1 1x, https:\/\/i0.wp.com\/www.grieta.org.mx\/wp-content\/uploads\/2020\/02\/CECyT-7-del-IPN-analiza-realizar-paro-indefinido-cdmx-feb.jpg?resize=525%2C300&ssl=1 1.5x, https:\/\/i0.wp.com\/www.grieta.org.mx\/wp-content\/uploads\/2020\/02\/CECyT-7-del-IPN-analiza-realizar-paro-indefinido-cdmx-feb.jpg?resize=700%2C400&ssl=1 2x"},"classes":[]},{"id":41417,"url":"https:\/\/www.grieta.org.mx\/index.php\/2019\/11\/19\/encapuchados-toman-la-prepa-8-de-la-unam-por-violencia-de-genero-e-inseguridad-ciudad-de-mexico\/","url_meta":{"origin":43996,"position":4},"title":"Encapuchados toman la Prepa 8 de la UNAM por violencia de g\u00e9nero e inseguridad (Ciudad de M\u00e9xico)","author":"grieta","date":"19 noviembre, 2019","format":false,"excerpt":"Ixtlix\u00f3chitl L\u00f3pez \/ Proceso CIUDAD DE M\u00c9XICO (apro).- Un grupo de encapuchados tom\u00f3 este martes el plantel 8 de la Escuela Nacional Preparatoria de la UNAM \u201cMiguel E. Schulz\u201d, en protesta contra la violencia de g\u00e9nero y la inseguridad que se vive en el plantel. Los inconformes, quienes dijeron ser\u2026","rel":"","context":"En &quot;CINTILLO&quot;","block_context":{"text":"CINTILLO","link":"https:\/\/www.grieta.org.mx\/index.php\/category\/cintillo\/"},"img":{"alt_text":"","src":"https:\/\/i0.wp.com\/www.grieta.org.mx\/wp-content\/uploads\/2019\/11\/Encapuchados-toman-la-Prepa-8-de-la-UNAM-por-violencia-de-g%C3%A9nero-e-inseguridad-cdmx-nov.jpg?resize=350%2C200&ssl=1","width":350,"height":200,"srcset":"https:\/\/i0.wp.com\/www.grieta.org.mx\/wp-content\/uploads\/2019\/11\/Encapuchados-toman-la-Prepa-8-de-la-UNAM-por-violencia-de-g%C3%A9nero-e-inseguridad-cdmx-nov.jpg?resize=350%2C200&ssl=1 1x, https:\/\/i0.wp.com\/www.grieta.org.mx\/wp-content\/uploads\/2019\/11\/Encapuchados-toman-la-Prepa-8-de-la-UNAM-por-violencia-de-g%C3%A9nero-e-inseguridad-cdmx-nov.jpg?resize=525%2C300&ssl=1 1.5x"},"classes":[]},{"id":41692,"url":"https:\/\/www.grieta.org.mx\/index.php\/2019\/11\/29\/continuan-en-paro-las-preparatorias-5-7-8-y-9-de-la-unam-ciudad-de-mexico\/","url_meta":{"origin":43996,"position":5},"title":"CONTIN\u00daAN EN PARO LAS PREPARATORIAS 5, 7, 8 Y 9 DE LA UNAM (Ciudad de M\u00e9xico)","author":"grieta","date":"29 noviembre, 2019","format":false,"excerpt":"Reporte \u00cdndigo La ENES Le\u00f3n anunci\u00f3 la destituci\u00f3n de los dos profesores acusados de acoso Los planteles de las Preparatoria n\u00fameros 5, 7, 8 y 9, as\u00ed como de la Facultad de Filosof\u00eda y Letras, de la Universidad Nacional Aut\u00f3noma de M\u00e9xico, contin\u00faan en paro de actividades. Sin acuerdos, concluy\u00f3\u2026","rel":"","context":"En &quot;CINTILLO&quot;","block_context":{"text":"CINTILLO","link":"https:\/\/www.grieta.org.mx\/index.php\/category\/cintillo\/"},"img":{"alt_text":"","src":"https:\/\/i0.wp.com\/www.grieta.org.mx\/wp-content\/uploads\/2019\/11\/CONTIN%C3%9AAN-EN-PARO-LAS-PREPARATORIAS-5-7-8-Y-9-DE-LA-UNAM-cdmx-nov.jpg?resize=350%2C200","width":350,"height":200},"classes":[]}],"_links":{"self":[{"href":"https:\/\/www.grieta.org.mx\/index.php\/wp-json\/wp\/v2\/posts\/43996","targetHints":{"allow":["GET"]}}],"collection":[{"href":"https:\/\/www.grieta.org.mx\/index.php\/wp-json\/wp\/v2\/posts"}],"about":[{"href":"https:\/\/www.grieta.org.mx\/index.php\/wp-json\/wp\/v2\/types\/post"}],"author":[{"embeddable":true,"href":"https:\/\/www.grieta.org.mx\/index.php\/wp-json\/wp\/v2\/users\/2"}],"replies":[{"embeddable":true,"href":"https:\/\/www.grieta.org.mx\/index.php\/wp-json\/wp\/v2\/comments?post=43996"}],"version-history":[{"count":1,"href":"https:\/\/www.grieta.org.mx\/index.php\/wp-json\/wp\/v2\/posts\/43996\/revisions"}],"predecessor-version":[{"id":43998,"href":"https:\/\/www.grieta.org.mx\/index.php\/wp-json\/wp\/v2\/posts\/43996\/revisions\/43998"}],"wp:featuredmedia":[{"embeddable":true,"href":"https:\/\/www.grieta.org.mx\/index.php\/wp-json\/wp\/v2\/media\/43997"}],"wp:attachment":[{"href":"https:\/\/www.grieta.org.mx\/index.php\/wp-json\/wp\/v2\/media?parent=43996"}],"wp:term":[{"taxonomy":"category","embeddable":true,"href":"https:\/\/www.grieta.org.mx\/index.php\/wp-json\/wp\/v2\/categories?post=43996"},{"taxonomy":"post_tag","embeddable":true,"href":"https:\/\/www.grieta.org.mx\/index.php\/wp-json\/wp\/v2\/tags?post=43996"}],"curies":[{"name":"wp","href":"https:\/\/api.w.org\/{rel}","templated":true}]}}