{"id":43971,"date":"2020-02-01T23:53:36","date_gmt":"2020-02-02T05:53:36","guid":{"rendered":"http:\/\/www.grieta.org.mx\/?p=43971"},"modified":"2020-02-06T00:02:27","modified_gmt":"2020-02-06T06:02:27","slug":"aplica-inm-electrochoques-a-migrantes-en-tabasco","status":"publish","type":"post","link":"https:\/\/www.grieta.org.mx\/index.php\/2020\/02\/01\/aplica-inm-electrochoques-a-migrantes-en-tabasco\/","title":{"rendered":"Aplica INM electrochoques a migrantes en Tabasco"},"content":{"rendered":"<p><img loading=\"lazy\" decoding=\"async\" data-attachment-id=\"43972\" data-permalink=\"https:\/\/www.grieta.org.mx\/index.php\/2020\/02\/01\/aplica-inm-electrochoques-a-migrantes-en-tabasco\/tabasco-inm-621x354\/\" data-orig-file=\"https:\/\/www.grieta.org.mx\/wp-content\/uploads\/2020\/02\/tabasco-inm-621x354.jpg\" data-orig-size=\"621,354\" data-comments-opened=\"0\" data-image-meta=\"{&quot;aperture&quot;:&quot;0&quot;,&quot;credit&quot;:&quot;&quot;,&quot;camera&quot;:&quot;&quot;,&quot;caption&quot;:&quot;&quot;,&quot;created_timestamp&quot;:&quot;0&quot;,&quot;copyright&quot;:&quot;&quot;,&quot;focal_length&quot;:&quot;0&quot;,&quot;iso&quot;:&quot;0&quot;,&quot;shutter_speed&quot;:&quot;0&quot;,&quot;title&quot;:&quot;&quot;,&quot;orientation&quot;:&quot;0&quot;}\" data-image-title=\"tabasco-inm-621&amp;#215;354\" data-image-description=\"\" data-image-caption=\"\" data-medium-file=\"https:\/\/www.grieta.org.mx\/wp-content\/uploads\/2020\/02\/tabasco-inm-621x354-300x171.jpg\" data-large-file=\"https:\/\/www.grieta.org.mx\/wp-content\/uploads\/2020\/02\/tabasco-inm-621x354.jpg\" src=\"http:\/\/www.grieta.org.mx\/wp-content\/uploads\/2020\/02\/tabasco-inm-621x354.jpg\" alt=\"\" width=\"621\" height=\"354\" class=\"aligncenter size-full wp-image-43972\" srcset=\"https:\/\/www.grieta.org.mx\/wp-content\/uploads\/2020\/02\/tabasco-inm-621x354.jpg 621w, https:\/\/www.grieta.org.mx\/wp-content\/uploads\/2020\/02\/tabasco-inm-621x354-300x171.jpg 300w\" sizes=\"auto, (max-width: 621px) 100vw, 621px\" \/><\/p>\n<p>Redacci\u00f3n \/ Z\u00f3calo<\/p>\n<p>Ciudad de M\u00e9xico.- Pese a que la titular de la Comisi\u00f3n Nacional de los Derechos Humanos (CNDH), Rosario Piedra Ibarra, se\u00f1al\u00f3 que no hay agresiones por parte de la Guardia Nacional y el Instituto Nacional de Migraci\u00f3n a la caravana migrante y a quienes intentan transitar por el pa\u00eds, una mexicana evidenci\u00f3 que en una estaci\u00f3n migratoria de Tabasco dan choques el\u00e9ctricos para contener a los centroamericanos.<\/p>\n<p>\u201cNo justificamos ning\u00fan tipo de agresi\u00f3n, por m\u00ednima que sea, pero lo importante es que no se pusieron en riesgo sus vidas\u201d, afirm\u00f3 Piedra Ibarra, quien fue contradecida por las tres quejas que se han presentado ante la CNDH tras los enfrentamientos con integrantes de la caravana en Chiapas, las cuales son por rasgu\u00f1os, jaloneos y uso de gas pimienta de los elementos mexicanos.<\/p>\n<p>Adem\u00e1s, est\u00e1 la denuncia de la estudiantes Dulce Susana Jacobo Cruz, de 27 a\u00f1os, estudiante que se hizo pasar por una migrante de la caravana hasta ser encerrada en la Ciudad Industrial Villahermosa, Tabasco. Denunci\u00f3 el uso de descargas el\u00e9ctricas, incomunicaci\u00f3n e incluso amenazas de llevarse a menores deportados para atrapar a los migrantes cuando escaparon tras un mot\u00edn, lo que viola sus derechos humanos.<\/p>\n<p>    \u201cLas personas se sienten enga\u00f1adas. Ese no era el trato que estaban esperando. Si hubiesen sabido que estas eran las condiciones no hubiesen aceptado\u201d, se\u00f1ala la morelense originaria de Temixco. <\/p>\n<p>Por su parte, la Agencia de la ONU para los Refugiados (ACNUR) evidenci\u00f3 que 76% de las familias que integraron la caravana migrante afirmaron tener como intenci\u00f3n llegar a EU y solo 23% busca permanecer en M\u00e9xico, ya que aseguran que solo esperan libre tr\u00e1nsito por este pa\u00eds al no estar convencidos de los programas de empleo que se ofrecen.<\/p>\n<p>Agradecen cubanos<\/p>\n<p>En contraste, cientos de cubanos lograron ayer llegar a mitad del cruce internacional del Puente Reynosa-Hidalgo, en Tamaulipas, con banderas y flores blancas para expresar su agradecimiento a M\u00e9xico y Estados Unidos por arroparlos y resguardarlos.<\/p>\n<p>Defendieron su estancia en M\u00e9xico pues dijeron, no se encuentran trasgrediendo las leyes del pa\u00eds y por medio de la marcha, sino que solo deseaban agradecer que se les reciba con amor y se les permita a muchos de ellos, trabajar para continuar sosteni\u00e9ndose econ\u00f3micamente.<\/p>\n<p>Posteriormente, el contingente se dirigi\u00f3 justo a la mitad del cruce internacional donde entregaron flores blancas y otro documento firmado a elementos del CBP como agradecimiento para el Gobierno de los Estados Unidos.<\/p>\n<p>Combate a polleros<\/p>\n<p>El Instituto Nacional de Migraci\u00f3n (INM) revel\u00f3 que en M\u00e9xico operan m\u00e1s de 20 redes de traficantes de personas que cobran cantidades de dinero que pueden rebasar los 200 mil pesos por persona.<\/p>\n<p>Abund\u00f3 que, seg\u00fan las investigaciones, dichas organizaciones no solo prometen el traslado y resguardo de personas, sino tambi\u00e9n ofrecen hasta cinco intentos para lograr ingresar a los migrantes a M\u00e9xico o a Estados Unidos.<\/p>\n<p><a href=\"https:\/\/www.zocalo.com.mx\/new_site\/articulo\/aplica-inm-eletrochoques-a-migrantes-en-tabasco\">https:\/\/www.zocalo.com.mx\/new_site\/articulo\/aplica-inm-eletrochoques-a-migrantes-en-tabasco<\/a><\/p>\n","protected":false},"excerpt":{"rendered":"<p>Redacci\u00f3n \/ Z\u00f3calo Ciudad de M\u00e9xico.- Pese a que la titular de la Comisi\u00f3n Nacional de los Derechos Humanos (CNDH), Rosario Piedra Ibarra, se\u00f1al\u00f3 que no hay agresiones por parte &hellip; <a href=\"https:\/\/www.grieta.org.mx\/index.php\/2020\/02\/01\/aplica-inm-electrochoques-a-migrantes-en-tabasco\/\" class=\"more-link\">Leer m\u00e1s<\/a><\/p>\n","protected":false},"author":2,"featured_media":43972,"comment_status":"closed","ping_status":"closed","sticky":false,"template":"","format":"standard","meta":{"ngg_post_thumbnail":0,"_jetpack_newsletter_access":"","_jetpack_dont_email_post_to_subs":false,"_jetpack_newsletter_tier_id":0,"_jetpack_memberships_contains_paywalled_content":false,"_jetpack_memberships_contains_paid_content":false,"footnotes":""},"categories":[2203,80,86,2,2542,2622,32,83],"tags":[1410,739],"class_list":["post-43971","post","type-post","status-publish","format-standard","has-post-thumbnail","hentry","category-abuso-de-fuerzas-represivas-en-tabasco","category-cintillo","category-migrantes","category-noticias-nacionales","category-persecucion-y-criminalizacion-de-migrantes-en-tabasco","category-poblaciones-migrantes-en-tabasco","category-tabasco","category-temas-nacionales","tag-abusos-contra-migrantes","tag-violencia-contra-migrantes","entry"],"jetpack_featured_media_url":"https:\/\/www.grieta.org.mx\/wp-content\/uploads\/2020\/02\/tabasco-inm-621x354.jpg","jetpack_sharing_enabled":true,"jetpack_shortlink":"https:\/\/wp.me\/p7ZJR4-brd","jetpack_likes_enabled":false,"jetpack-related-posts":[{"id":53560,"url":"https:\/\/www.grieta.org.mx\/index.php\/2020\/08\/13\/denuncian-abusos-del-inm-contra-migrantes-en-tabasco\/","url_meta":{"origin":43971,"position":0},"title":"Denuncian abusos del INM contra migrantes en Tabasco","author":"grieta","date":"13 agosto, 2020","format":false,"excerpt":"Nora Bucio \/ MVS Esta organizaci\u00f3n manifest\u00f3 su repudio contra la violencia, la criminalizaci\u00f3n y atropello perpetrado por las autoridades contra las personas migrantes. El Equipo de la 72, hogar refugio para personas migrantes, denunci\u00f3 que el Instituto Nacional de Migraci\u00f3n (INM), ingres\u00f3 de manera violenta a un \u00e1rea de\u2026","rel":"","context":"En &quot;CINTILLO&quot;","block_context":{"text":"CINTILLO","link":"https:\/\/www.grieta.org.mx\/index.php\/category\/cintillo\/"},"img":{"alt_text":"","src":"https:\/\/i0.wp.com\/www.grieta.org.mx\/wp-content\/uploads\/2020\/09\/60d21f8a-inm.jpg?resize=350%2C200&ssl=1","width":350,"height":200},"classes":[]},{"id":56843,"url":"https:\/\/www.grieta.org.mx\/index.php\/2021\/02\/04\/ataque-a-migrantes-en-tabasco-deja-un-muerto-y-dos-heridos-inm-estaria-implicado\/","url_meta":{"origin":43971,"position":1},"title":"Ataque a migrantes en Tabasco deja un muerto y dos heridos; INM estar\u00eda implicado","author":"grieta","date":"4 febrero, 2021","format":false,"excerpt":"Las v\u00edctimas del ataque dijeron que los disparos en su contra provinieron de un veh\u00edculo con logos del Instituto Nacional de Migraci\u00f3n Redacci\u00f3n \/ Conexi\u00f3n Migrante Un muerto y dos heridos fue el saldo del ataque que presuntos elementos del Instituto Nacional de Migraci\u00f3n (INM) realizaron contra una camioneta en\u2026","rel":"","context":"En &quot;CINTILLO&quot;","block_context":{"text":"CINTILLO","link":"https:\/\/www.grieta.org.mx\/index.php\/category\/cintillo\/"},"img":{"alt_text":"","src":"https:\/\/i0.wp.com\/www.grieta.org.mx\/wp-content\/uploads\/2021\/02\/Ataque-a-migrantes-en-Tabasco-deja-un-muerto-y-dos-heridos-Movimiento-Migrante-Mesoamericano.jpg?resize=350%2C200&ssl=1","width":350,"height":200,"srcset":"https:\/\/i0.wp.com\/www.grieta.org.mx\/wp-content\/uploads\/2021\/02\/Ataque-a-migrantes-en-Tabasco-deja-un-muerto-y-dos-heridos-Movimiento-Migrante-Mesoamericano.jpg?resize=350%2C200&ssl=1 1x, https:\/\/i0.wp.com\/www.grieta.org.mx\/wp-content\/uploads\/2021\/02\/Ataque-a-migrantes-en-Tabasco-deja-un-muerto-y-dos-heridos-Movimiento-Migrante-Mesoamericano.jpg?resize=525%2C300&ssl=1 1.5x, https:\/\/i0.wp.com\/www.grieta.org.mx\/wp-content\/uploads\/2021\/02\/Ataque-a-migrantes-en-Tabasco-deja-un-muerto-y-dos-heridos-Movimiento-Migrante-Mesoamericano.jpg?resize=700%2C400&ssl=1 2x, https:\/\/i0.wp.com\/www.grieta.org.mx\/wp-content\/uploads\/2021\/02\/Ataque-a-migrantes-en-Tabasco-deja-un-muerto-y-dos-heridos-Movimiento-Migrante-Mesoamericano.jpg?resize=1050%2C600&ssl=1 3x"},"classes":[]},{"id":6561,"url":"https:\/\/www.grieta.org.mx\/index.php\/2016\/08\/08\/6561\/","url_meta":{"origin":43971,"position":2},"title":"Migrantes en Tabasco","author":"grieta","date":"8 agosto, 2016","format":false,"excerpt":"08\/08\/16. Denuncian que polic\u00edas de Tabasco participan en secuestros de migrantesProceso 11\/03\/16. Denuncia albergue \u201cLa 72\u201d reactivaci\u00f3n de operativos anti migratorios en Tenosique Proceso 17\/12\/15. Exigen migrantes freno a secuestro masivo en Tabasco Tabasco Hoy 24\/11\/15. Refugio de migrantes La 72 en alto riesgo pese a medidas de la CIDH\u2026","rel":"","context":"En &quot;Migrantes&quot;","block_context":{"text":"Migrantes","link":"https:\/\/www.grieta.org.mx\/index.php\/category\/temas-nacionales\/migrantes\/"},"img":{"alt_text":"","src":"https:\/\/i0.wp.com\/www.grieta.org.mx\/wp-content\/uploads\/2018\/03\/14524434_1106112876131411_958039263622046936_o.jpg?resize=350%2C200&ssl=1","width":350,"height":200,"srcset":"https:\/\/i0.wp.com\/www.grieta.org.mx\/wp-content\/uploads\/2018\/03\/14524434_1106112876131411_958039263622046936_o.jpg?resize=350%2C200&ssl=1 1x, https:\/\/i0.wp.com\/www.grieta.org.mx\/wp-content\/uploads\/2018\/03\/14524434_1106112876131411_958039263622046936_o.jpg?resize=525%2C300&ssl=1 1.5x, https:\/\/i0.wp.com\/www.grieta.org.mx\/wp-content\/uploads\/2018\/03\/14524434_1106112876131411_958039263622046936_o.jpg?resize=700%2C400&ssl=1 2x"},"classes":[]},{"id":43702,"url":"https:\/\/www.grieta.org.mx\/index.php\/2020\/01\/26\/confunden-a-estudiante-mexicana-con-migrantes-y-la-detienen-tabasco\/","url_meta":{"origin":43971,"position":3},"title":"Confunden a estudiante mexicana con migrantes y la detienen (Tabasco)","author":"grieta","date":"26 enero, 2020","format":false,"excerpt":"Redacci\u00f3n \/ La Verdad La estudiante que fue detenida por el Instituto Nacional de Migraci\u00f3n estuvo reclu\u00edda cinco d\u00edas. El Instituto Nacional de Migraci\u00f3n (INM) realiz\u00f3 la detenci\u00f3n de una mujer estudiante a la que confundi\u00f3 con los migrantes hondure\u00f1os. Se trata de Dulce \"N\", una estudiante originaria del estado\u2026","rel":"","context":"En &quot;Abuso de fuerzas represivas en Tabasco&quot;","block_context":{"text":"Abuso de fuerzas represivas en Tabasco","link":"https:\/\/www.grieta.org.mx\/index.php\/category\/noticias-nacionales\/tabasco\/abuso-de-fuerzas-represivas-en-tabasco\/"},"img":{"alt_text":"","src":"https:\/\/i0.wp.com\/www.grieta.org.mx\/wp-content\/uploads\/2020\/01\/https-_laverdadnoticias.com___export_1580061250258_sites_laverdad_img_2020_01_26_confunden_a_estudiante_mexicana_con_migrantes_y_la_detienen.jpg_1834093470.jpg?resize=350%2C200&ssl=1","width":350,"height":200,"srcset":"https:\/\/i0.wp.com\/www.grieta.org.mx\/wp-content\/uploads\/2020\/01\/https-_laverdadnoticias.com___export_1580061250258_sites_laverdad_img_2020_01_26_confunden_a_estudiante_mexicana_con_migrantes_y_la_detienen.jpg_1834093470.jpg?resize=350%2C200&ssl=1 1x, https:\/\/i0.wp.com\/www.grieta.org.mx\/wp-content\/uploads\/2020\/01\/https-_laverdadnoticias.com___export_1580061250258_sites_laverdad_img_2020_01_26_confunden_a_estudiante_mexicana_con_migrantes_y_la_detienen.jpg_1834093470.jpg?resize=525%2C300&ssl=1 1.5x, https:\/\/i0.wp.com\/www.grieta.org.mx\/wp-content\/uploads\/2020\/01\/https-_laverdadnoticias.com___export_1580061250258_sites_laverdad_img_2020_01_26_confunden_a_estudiante_mexicana_con_migrantes_y_la_detienen.jpg_1834093470.jpg?resize=700%2C400&ssl=1 2x, https:\/\/i0.wp.com\/www.grieta.org.mx\/wp-content\/uploads\/2020\/01\/https-_laverdadnoticias.com___export_1580061250258_sites_laverdad_img_2020_01_26_confunden_a_estudiante_mexicana_con_migrantes_y_la_detienen.jpg_1834093470.jpg?resize=1050%2C600&ssl=1 3x, https:\/\/i0.wp.com\/www.grieta.org.mx\/wp-content\/uploads\/2020\/01\/https-_laverdadnoticias.com___export_1580061250258_sites_laverdad_img_2020_01_26_confunden_a_estudiante_mexicana_con_migrantes_y_la_detienen.jpg_1834093470.jpg?resize=1400%2C800&ssl=1 4x"},"classes":[]},{"id":43740,"url":"https:\/\/www.grieta.org.mx\/index.php\/2020\/01\/22\/autoridades-detienen-a-mas-de-2-mil-migrantes-centroamericanos-en-tabasco-y-chiapas\/","url_meta":{"origin":43971,"position":4},"title":"Autoridades detienen a m\u00e1s de 2 mil migrantes centroamericanos en Tabasco y Chiapas","author":"grieta","date":"22 enero, 2020","format":false,"excerpt":"Redacci\u00f3n \/ Animal Pol\u00edtico Los agentes federales del INM encontraron a mil 300 migrantes en Tabasco y a 800 m\u00e1s en Chiapas; en las pr\u00f3ximas horas se determinar\u00e1 su condici\u00f3n jur\u00eddica. En un solo d\u00eda, el Instituto Nacional de Migraci\u00f3n (INM) asegur\u00f3 a m\u00e1s de 2 mil mujeres, hombres y\u2026","rel":"","context":"En &quot;Abuso de fuerzas represivas en Tabasco&quot;","block_context":{"text":"Abuso de fuerzas represivas en Tabasco","link":"https:\/\/www.grieta.org.mx\/index.php\/category\/noticias-nacionales\/tabasco\/abuso-de-fuerzas-represivas-en-tabasco\/"},"img":{"alt_text":"","src":"https:\/\/i0.wp.com\/www.grieta.org.mx\/wp-content\/uploads\/2020\/01\/cuartoscuro_739649_digital-e1579712765634.jpeg?resize=350%2C200&ssl=1","width":350,"height":200,"srcset":"https:\/\/i0.wp.com\/www.grieta.org.mx\/wp-content\/uploads\/2020\/01\/cuartoscuro_739649_digital-e1579712765634.jpeg?resize=350%2C200&ssl=1 1x, https:\/\/i0.wp.com\/www.grieta.org.mx\/wp-content\/uploads\/2020\/01\/cuartoscuro_739649_digital-e1579712765634.jpeg?resize=525%2C300&ssl=1 1.5x, https:\/\/i0.wp.com\/www.grieta.org.mx\/wp-content\/uploads\/2020\/01\/cuartoscuro_739649_digital-e1579712765634.jpeg?resize=700%2C400&ssl=1 2x, https:\/\/i0.wp.com\/www.grieta.org.mx\/wp-content\/uploads\/2020\/01\/cuartoscuro_739649_digital-e1579712765634.jpeg?resize=1050%2C600&ssl=1 3x, https:\/\/i0.wp.com\/www.grieta.org.mx\/wp-content\/uploads\/2020\/01\/cuartoscuro_739649_digital-e1579712765634.jpeg?resize=1400%2C800&ssl=1 4x"},"classes":[]},{"id":44310,"url":"https:\/\/www.grieta.org.mx\/index.php\/2020\/02\/12\/cndh-investiga-denuncias-por-maltrato-y-descargas-electricas-contra-migrantes-en-tabasco\/","url_meta":{"origin":43971,"position":5},"title":"CNDH investiga denuncias por maltrato y descargas el\u00e9ctricas contra migrantes en Tabasco","author":"grieta","date":"12 febrero, 2020","format":false,"excerpt":"En enero pasado, una estudiante mexicana que estuvo en la estaci\u00f3n \"El Anexo\", en Tabasco, denunci\u00f3 que los migrantes detenidos fueron maltratados, e incluso sometidos con descargas el\u00e9ctricas, por parte del personal del INM. ANIMAL POL\u00cdTICO La Comisi\u00f3n Nacional de los Derechos Humanos (CNDH) investiga las presuntas vulneraciones cometidas contra\u2026","rel":"","context":"En &quot;CINTILLO&quot;","block_context":{"text":"CINTILLO","link":"https:\/\/www.grieta.org.mx\/index.php\/category\/cintillo\/"},"img":{"alt_text":"","src":"https:\/\/i0.wp.com\/www.grieta.org.mx\/wp-content\/uploads\/2020\/02\/cndh_denuncias_maltrato_migrantes-e1581546296311.jpeg?resize=350%2C200&ssl=1","width":350,"height":200,"srcset":"https:\/\/i0.wp.com\/www.grieta.org.mx\/wp-content\/uploads\/2020\/02\/cndh_denuncias_maltrato_migrantes-e1581546296311.jpeg?resize=350%2C200&ssl=1 1x, https:\/\/i0.wp.com\/www.grieta.org.mx\/wp-content\/uploads\/2020\/02\/cndh_denuncias_maltrato_migrantes-e1581546296311.jpeg?resize=525%2C300&ssl=1 1.5x, https:\/\/i0.wp.com\/www.grieta.org.mx\/wp-content\/uploads\/2020\/02\/cndh_denuncias_maltrato_migrantes-e1581546296311.jpeg?resize=700%2C400&ssl=1 2x, https:\/\/i0.wp.com\/www.grieta.org.mx\/wp-content\/uploads\/2020\/02\/cndh_denuncias_maltrato_migrantes-e1581546296311.jpeg?resize=1050%2C600&ssl=1 3x, https:\/\/i0.wp.com\/www.grieta.org.mx\/wp-content\/uploads\/2020\/02\/cndh_denuncias_maltrato_migrantes-e1581546296311.jpeg?resize=1400%2C800&ssl=1 4x"},"classes":[]}],"_links":{"self":[{"href":"https:\/\/www.grieta.org.mx\/index.php\/wp-json\/wp\/v2\/posts\/43971","targetHints":{"allow":["GET"]}}],"collection":[{"href":"https:\/\/www.grieta.org.mx\/index.php\/wp-json\/wp\/v2\/posts"}],"about":[{"href":"https:\/\/www.grieta.org.mx\/index.php\/wp-json\/wp\/v2\/types\/post"}],"author":[{"embeddable":true,"href":"https:\/\/www.grieta.org.mx\/index.php\/wp-json\/wp\/v2\/users\/2"}],"replies":[{"embeddable":true,"href":"https:\/\/www.grieta.org.mx\/index.php\/wp-json\/wp\/v2\/comments?post=43971"}],"version-history":[{"count":1,"href":"https:\/\/www.grieta.org.mx\/index.php\/wp-json\/wp\/v2\/posts\/43971\/revisions"}],"predecessor-version":[{"id":43973,"href":"https:\/\/www.grieta.org.mx\/index.php\/wp-json\/wp\/v2\/posts\/43971\/revisions\/43973"}],"wp:featuredmedia":[{"embeddable":true,"href":"https:\/\/www.grieta.org.mx\/index.php\/wp-json\/wp\/v2\/media\/43972"}],"wp:attachment":[{"href":"https:\/\/www.grieta.org.mx\/index.php\/wp-json\/wp\/v2\/media?parent=43971"}],"wp:term":[{"taxonomy":"category","embeddable":true,"href":"https:\/\/www.grieta.org.mx\/index.php\/wp-json\/wp\/v2\/categories?post=43971"},{"taxonomy":"post_tag","embeddable":true,"href":"https:\/\/www.grieta.org.mx\/index.php\/wp-json\/wp\/v2\/tags?post=43971"}],"curies":[{"name":"wp","href":"https:\/\/api.w.org\/{rel}","templated":true}]}}