{"id":43919,"date":"2020-01-03T10:32:35","date_gmt":"2020-01-03T16:32:35","guid":{"rendered":"http:\/\/www.grieta.org.mx\/?p=43919"},"modified":"2020-02-05T11:30:09","modified_gmt":"2020-02-05T17:30:09","slug":"recuperan-ejidatarios-acuifero-concesionado-a-mina-penasquito","status":"publish","type":"post","link":"https:\/\/www.grieta.org.mx\/index.php\/2020\/01\/03\/recuperan-ejidatarios-acuifero-concesionado-a-mina-penasquito\/","title":{"rendered":"Recuperan ejidatarios acu\u00edfero concesionado a mina Pe\u00f1asquito"},"content":{"rendered":"<blockquote><p>Pobladores de Mazapil, Zacatecas, lograron que la empresa minera Newmont Goldcorp renunciara a 5 millones de m3 de agua al a\u00f1o que afectan el abasto de sus comunidades. Los ejidatarios celebran la resoluci\u00f3n, pero advierten que es insuficiente. Ese volumen representa 10 por ciento del l\u00edquido concesionado.<\/p><\/blockquote>\n<figure id=\"attachment_43920\" aria-describedby=\"caption-attachment-43920\" style=\"width: 1024px\" class=\"wp-caption aligncenter\"><img loading=\"lazy\" decoding=\"async\" data-attachment-id=\"43920\" data-permalink=\"https:\/\/www.grieta.org.mx\/index.php\/2020\/01\/03\/recuperan-ejidatarios-acuifero-concesionado-a-mina-penasquito\/foto-zacatecas_minas_vladimir_valtierra-1140x570\/\" data-orig-file=\"https:\/\/www.grieta.org.mx\/wp-content\/uploads\/2020\/02\/Foto-Zacatecas_minas_Vladimir_valtierra-1140x570.jpg\" data-orig-size=\"1140,570\" data-comments-opened=\"0\" data-image-meta=\"{&quot;aperture&quot;:&quot;0&quot;,&quot;credit&quot;:&quot;&quot;,&quot;camera&quot;:&quot;&quot;,&quot;caption&quot;:&quot;&quot;,&quot;created_timestamp&quot;:&quot;0&quot;,&quot;copyright&quot;:&quot;&quot;,&quot;focal_length&quot;:&quot;0&quot;,&quot;iso&quot;:&quot;0&quot;,&quot;shutter_speed&quot;:&quot;0&quot;,&quot;title&quot;:&quot;&quot;,&quot;orientation&quot;:&quot;1&quot;}\" data-image-title=\"Foto-Zacatecas_minas_Vladimir_valtierra-1140&amp;#215;570\" data-image-description=\"\" data-image-caption=\"&lt;p&gt;Foto: Adolfo Vladimir&lt;\/p&gt;\n\" data-medium-file=\"https:\/\/www.grieta.org.mx\/wp-content\/uploads\/2020\/02\/Foto-Zacatecas_minas_Vladimir_valtierra-1140x570-300x150.jpg\" data-large-file=\"https:\/\/www.grieta.org.mx\/wp-content\/uploads\/2020\/02\/Foto-Zacatecas_minas_Vladimir_valtierra-1140x570-1024x512.jpg\" src=\"http:\/\/www.grieta.org.mx\/wp-content\/uploads\/2020\/02\/Foto-Zacatecas_minas_Vladimir_valtierra-1140x570-1024x512.jpg\" alt=\"\" width=\"1024\" height=\"512\" class=\"size-large wp-image-43920\" srcset=\"https:\/\/www.grieta.org.mx\/wp-content\/uploads\/2020\/02\/Foto-Zacatecas_minas_Vladimir_valtierra-1140x570-1024x512.jpg 1024w, https:\/\/www.grieta.org.mx\/wp-content\/uploads\/2020\/02\/Foto-Zacatecas_minas_Vladimir_valtierra-1140x570-300x150.jpg 300w, https:\/\/www.grieta.org.mx\/wp-content\/uploads\/2020\/02\/Foto-Zacatecas_minas_Vladimir_valtierra-1140x570-768x384.jpg 768w, https:\/\/www.grieta.org.mx\/wp-content\/uploads\/2020\/02\/Foto-Zacatecas_minas_Vladimir_valtierra-1140x570-1000x500.jpg 1000w, https:\/\/www.grieta.org.mx\/wp-content\/uploads\/2020\/02\/Foto-Zacatecas_minas_Vladimir_valtierra-1140x570.jpg 1140w\" sizes=\"auto, (max-width: 1024px) 100vw, 1024px\" \/><figcaption id=\"caption-attachment-43920\" class=\"wp-caption-text\">Foto: Adolfo Vladimir<\/figcaption><\/figure>\n<p>Andro Aguilar \/ Pie de p\u00e1gina, 03 de enero de 2020.<br \/>\nEjidatarios de la comunidad Cedros, en Mazapil, Zacatecas, lograron que la empresa Newmont Goldcorp, que opera la mina Pe\u00f1asquito, renunciara a un acu\u00edfero concesionado para su uso en la explotaci\u00f3n de los minerales de la regi\u00f3n.<\/p>\n<p>Los pobladores suman ocho a\u00f1os de movilizaci\u00f3n contra la mina. Desde su operaci\u00f3n, un manantial se sec\u00f3 y se redujo el abasto de agua en varias comunidades de la regi\u00f3n.<\/p>\n<p>Este jueves, la Secretar\u00eda de Medio Ambiente y la Comisi\u00f3n Nacional del Agua (Conagua) informaron que la minera accedi\u00f3 a renunciar al aprovechamiento del acu\u00edfero Cedros.<\/p>\n<p>La mina Pe\u00f1asquito ten\u00eda concesionado aproximadamente 80 por ciento del volumen del acu\u00edfero. La Conagua determin\u00f3 en septiembre pasado que existe un d\u00e9ficit de 5 millones de metros c\u00fabicos (Mm3 ) anuales de agua.<\/p>\n<p>La minera renunci\u00f3 al aprovechamiento de ese l\u00edquido, lo que permitir\u00eda avanzar en su recuperaci\u00f3n.<\/p>\n<p>El agua cedida por la minera representa casi una d\u00e9cima parte de los 49 millones de m3 que tiene concesionados. La exigencia de los pobladores es recuperar al menos 25 millones de m3.<\/p>\n<p>De acuerdo con lo informado por el gobierno federal, la minera ya inici\u00f3 el tr\u00e1mite para modificar sus concesiones. A trav\u00e9s de un comunicado, las dependencias informaron tambi\u00e9n que se formalizar\u00e1 una declaraci\u00f3n para que en 2023 la minera ceda otros 4 (Mm3) anuales.<\/p>\n<p>El acuerdo difundido implica que, durante 2020 y 2021, la empresa debe invertir 100 millones de pesos para mejorar los servicios de agua potable. As\u00ed como drenaje y saneamiento, adem\u00e1s de incrementar la tecnificaci\u00f3n del riego y fomentaran el reuso de agua para la agricultura.<\/p>\n<p>Los ejidatarios reconocen la importancia de la inversi\u00f3n, sin embargo, advierten que no es suficiente.<\/p>\n<p>Con ese dinero, se\u00f1alan no se puede garantizar la construcci\u00f3n de una presa, una planta tratadora de aguas negras y una planta potabilizadora. Adem\u00e1s, la red el\u00e9ctrica.<\/p>\n<p>Francisco Pinedo Hern\u00e1ndez, dirigente del Frente de Comunidades Afectadas por la Miner\u00eda, se\u00f1al\u00f3 que la declaratoria debi\u00f3 haber sido realizada desde hace meses, \u201cpero nunca es tarde\u201d.<\/p>\n<p>\u201cAhora resulta que minera Pe\u00f1asquito aparece como la benevolente al regresar 5 millones de metros c\u00fabicos, ellos tienen concesionados 49 millones de metros c\u00fabicos. Nosotros le ped\u00edamos a Conagua que por lo menos les deber\u00eda de reducir la mitad unos 25 millones de metros c\u00fabicos\u201d, explica.<\/p>\n<p>Pinedo reconoci\u00f3 que la resoluci\u00f3n es un primer paso en su lucha por recuperar el agua.<\/p>\n<p>\u201cPor algo se empieza a nosotros nos congratula que se d\u00e9 el primer paso\u201d.<br \/>\nPero destac\u00f3 que se debe a la presi\u00f3n ejercida por los pobladores. Anunci\u00f3 que seguir\u00e1n insistiendo para que la empresa ceda un mayor volumen del l\u00edquido.<\/p>\n<p><strong>Esperan reivindicaci\u00f3n del gobierno con comunidades<\/strong><\/p>\n<p>El dirigente destac\u00f3, sin embargo, que el gobierno federal deber\u00eda emitir un dictamen para que las empresas mineras no sigan afectando a las comunidades donde est\u00e1n asentadas.<\/p>\n<p>\u201cEl gobierno tendr\u00eda la responsabilidad de anularles la concesi\u00f3n o en todo caso reducirles los vol\u00famenes. Ahora resulta que la minera aparece como la benevolente de estas comunidades. Cuando en realidad es la culpable de todos los estragos ambientales y de salud que hay en toda la regi\u00f3n del desierto zacatecano\u201d, reclam\u00f3.<\/p>\n<p>Pinedo, sin embargo, conf\u00eda en que la resoluci\u00f3n d\u00e9 pie a un cambio de rumbo en la postura del gobierno frente a las pol\u00edticas extractivistas.<\/p>\n<p>\u201cPensamos que puede ser el inicio para que la Cuarta Transformaci\u00f3n se reivindique con las comunidades afectadas por la miner\u00eda\u201d, se\u00f1ala.<\/p>\n<p>\u201cEste es apenas el anuncio pero nosotros Esperamos que t\u00e9cnicamente se demuestre que el acu\u00edfero tiene este volumen\u201d, advirti\u00f3.<\/p>\n<p>Queda pendiente que la Comisi\u00f3n Nacional del Agua determine con un estudio que del acu\u00edfero se pueden obtener a\u00fan los 50 millones de m3.<br \/>\nDurante las mesas de comisi\u00f3n se cre\u00f3 un comit\u00e9 conformado por un integrante de Conagua, un miembro del gobierno de Zacateca, otro m\u00e1s del municipio de Mazapil, unn representante de la minera y uno del Ejido Cedros.<\/p>\n<p>Se espera que el comit\u00e9 se re\u00fana la tercera semana de enero para determinar las obras a realizar y que la Conagua haga el estudio de disponibilidad del l\u00edquido.<\/p>\n<p><strong>Una larga batalla<\/strong><\/p>\n<p>La transnacional minera Newmont Goldcorp se asent\u00f3 a trav\u00e9s de los \u201cconvenios de ocupaci\u00f3n temporal\u201d por 30 a\u00f1os en el ejido Cedros.<br \/>\nLos ejidatarios reclaman que la empresa consigui\u00f3 ese acuerdo con informaci\u00f3n enga\u00f1osa. La minera pag\u00f3 50 centavos por cada m2 de tierra ocupada, y despu\u00e9s de la explotaci\u00f3n los terrenos quedar\u00edan est\u00e9riles.<\/p>\n<p>Se calcula que de ese territorio la empresa extraer\u00e1 en las siguientes dos d\u00e9cadas 13 millones de onzas de oro.<\/p>\n<p>Los ejidatarios han se\u00f1alado que la empresa se comprometi\u00f3 a no tocar el manantial que abastec\u00eda de agua a los habitantes, pero \u00e9ste se sec\u00f3 cuando la mina comenz\u00f3 a operar.<\/p>\n<p><strong>Intensifican la movilizaci\u00f3n<\/strong><\/p>\n<p>Desde marzo, los ejidatarios intensificaron sus protestas para recuperar la tierra y a favor del cuidado del medio ambiente. Cerraron la mina por casi tres meses.<\/p>\n<p>El 14 de junio, la secretaria de Gobernaci\u00f3n, Olga S\u00e1nchez Cordero, intervino para establecer mesas de trabajo y los ejidatarios levantaron el bloqueo.<\/p>\n<p>Ante el nulo avance durante dos meses, los ejidatarios volvieron a cerrar la mina en septiembre durante 15 d\u00edas, hasta que volvi\u00f3 a intervenir Segob.<\/p>\n<p>Los ejidatarios cerraron por tercera vez la mina el 23 de octubre pasado. Se retiraron tras la llegada de Polic\u00eda Estatal Preventiva, la Guardia Nacional y la Fiscal\u00eda General de Justicia del Estado. El gobernador de Zacatecas,<\/p>\n<p>Alejandro Tello, anunci\u00f3 que se libraron \u00f3rdenes de aprehensi\u00f3n en contra de algunos de los dirigentes del movimiento.<\/p>\n<p><a href=\"https:\/\/piedepagina.mx\/recuperan-ejidatarios-acuifero-concesionado-a-mina-penasquito\/\">https:\/\/piedepagina.mx\/recuperan-ejidatarios-acuifero-concesionado-a-mina-penasquito\/<\/a><\/p>\n","protected":false},"excerpt":{"rendered":"<p>Pobladores de Mazapil, Zacatecas, lograron que la empresa minera Newmont Goldcorp renunciara a 5 millones de m3 de agua al a\u00f1o que afectan el abasto de sus comunidades. Los ejidatarios &hellip; <a href=\"https:\/\/www.grieta.org.mx\/index.php\/2020\/01\/03\/recuperan-ejidatarios-acuifero-concesionado-a-mina-penasquito\/\" class=\"more-link\">Leer m\u00e1s<\/a><\/p>\n","protected":false},"author":2,"featured_media":43920,"comment_status":"closed","ping_status":"closed","sticky":false,"template":"","format":"standard","meta":{"ngg_post_thumbnail":0,"_jetpack_newsletter_access":"","_jetpack_dont_email_post_to_subs":false,"_jetpack_newsletter_tier_id":0,"_jetpack_memberships_contains_paywalled_content":false,"_jetpack_memberships_contains_paid_content":false,"footnotes":""},"categories":[80,1505,2862,1866,76],"tags":[1065,2846,874,764],"class_list":["post-43919","post","type-post","status-publish","format-standard","has-post-thumbnail","hentry","category-cintillo","category-danos-ambientales-y-a-la-salud-por-mineria-en-zacatecas","category-privatizacion-del-agua-en-zacatecas","category-resistencia-contra-la-mineria-en-zacatecas","category-zacatecas","tag-despojo-de-agua-y-tierras","tag-lucha-contra-la-mineria","tag-mineras-canadienses","tag-privatizacion-del-agua","entry"],"jetpack_featured_media_url":"https:\/\/www.grieta.org.mx\/wp-content\/uploads\/2020\/02\/Foto-Zacatecas_minas_Vladimir_valtierra-1140x570.jpg","jetpack_sharing_enabled":true,"jetpack_shortlink":"https:\/\/wp.me\/p7ZJR4-bqn","jetpack_likes_enabled":false,"jetpack-related-posts":[{"id":40535,"url":"https:\/\/www.grieta.org.mx\/index.php\/2019\/10\/24\/ejidatarios-de-zacatecas-critican-respaldo-de-amlo-a-la-empresa-newmont-goldcorp\/","url_meta":{"origin":43919,"position":0},"title":"Ejidatarios de Zacatecas critican respaldo de AMLO a la empresa Newmont Goldcorp","author":"grieta","date":"24 octubre, 2019","format":false,"excerpt":"\u00a0 Gloria Leticia D\u00edaz \/ Proceso, 24 de octubre de 2019 CIUDAD DE M\u00c9XICO (apro).- Ejidatarios de Cedros, municipio de Mazapil, Zacatecas, reprocharon el \u201crespaldo\u201d del presidente Andr\u00e9s Manuel L\u00f3pez Obrador a la empresa Newmont Goldcorp, propietaria de la minera Pe\u00f1asquito, instalada en su territorio desde hace 10 a\u00f1os. La\u2026","rel":"","context":"En &quot;CINTILLO&quot;","block_context":{"text":"CINTILLO","link":"https:\/\/www.grieta.org.mx\/index.php\/category\/cintillo\/"},"img":{"alt_text":"","src":"https:\/\/i0.wp.com\/www.grieta.org.mx\/wp-content\/uploads\/2019\/10\/876560e2ab93f2c0df-161005_minera_lgt8-c.jpg?resize=350%2C200&ssl=1","width":350,"height":200,"srcset":"https:\/\/i0.wp.com\/www.grieta.org.mx\/wp-content\/uploads\/2019\/10\/876560e2ab93f2c0df-161005_minera_lgt8-c.jpg?resize=350%2C200&ssl=1 1x, https:\/\/i0.wp.com\/www.grieta.org.mx\/wp-content\/uploads\/2019\/10\/876560e2ab93f2c0df-161005_minera_lgt8-c.jpg?resize=525%2C300&ssl=1 1.5x, https:\/\/i0.wp.com\/www.grieta.org.mx\/wp-content\/uploads\/2019\/10\/876560e2ab93f2c0df-161005_minera_lgt8-c.jpg?resize=700%2C400&ssl=1 2x, https:\/\/i0.wp.com\/www.grieta.org.mx\/wp-content\/uploads\/2019\/10\/876560e2ab93f2c0df-161005_minera_lgt8-c.jpg?resize=1050%2C600&ssl=1 3x"},"classes":[]},{"id":32995,"url":"https:\/\/www.grieta.org.mx\/index.php\/2019\/04\/30\/el-mayor-productor-de-oro-en-el-mundo-suspende-operaciones-en-mina-de-mexico-zacatecas\/","url_meta":{"origin":43919,"position":1},"title":"El mayor productor de oro en el mundo suspende operaciones en mina de M\u00e9xico (Zacatecas)","author":"grieta","date":"30 abril, 2019","format":false,"excerpt":"Redacci\u00f3n\/RT La compa\u00f1\u00eda Newmont Goldcorp suspendi\u00f3 operaciones este lunes en la mina a cielo abierto del Pe\u00f1asquito, en el estado de Zacatecas (centronorte de M\u00e9xico), por un presunto bloqueo realizado por parte de un contratista de camiones y miembros de la comunidad de Cedros. \"La compa\u00f1\u00eda tiene la intenci\u00f3n de\u2026","rel":"","context":"En &quot;CINTILLO&quot;","block_context":{"text":"CINTILLO","link":"https:\/\/www.grieta.org.mx\/index.php\/category\/cintillo\/"},"img":{"alt_text":"","src":"https:\/\/i0.wp.com\/www.grieta.org.mx\/wp-content\/uploads\/2019\/05\/5cc786dce9180f7e678b4567.jpg?resize=350%2C200&ssl=1","width":350,"height":200,"srcset":"https:\/\/i0.wp.com\/www.grieta.org.mx\/wp-content\/uploads\/2019\/05\/5cc786dce9180f7e678b4567.jpg?resize=350%2C200&ssl=1 1x, https:\/\/i0.wp.com\/www.grieta.org.mx\/wp-content\/uploads\/2019\/05\/5cc786dce9180f7e678b4567.jpg?resize=525%2C300&ssl=1 1.5x, https:\/\/i0.wp.com\/www.grieta.org.mx\/wp-content\/uploads\/2019\/05\/5cc786dce9180f7e678b4567.jpg?resize=700%2C400&ssl=1 2x"},"classes":[]},{"id":32988,"url":"https:\/\/www.grieta.org.mx\/index.php\/2019\/04\/25\/penasquito-pasa-a-ser-propiedad-de-newmont-mining\/","url_meta":{"origin":43919,"position":2},"title":"Pe\u00f1asquito pasa a ser propiedad de Newmont Mining","author":"grieta","date":"25 abril, 2019","format":false,"excerpt":"El Sol de Zacatecas con informaci\u00f3n de Reuters y AFP. Luego de la fusi\u00f3n que crea al mayor productor de oro en el mundo Zacatecas, Zac.- Minera Pe\u00f1asquito ha pasado a ser propiedad de Newmont Mining de manos de Goldcorp. Minera Pe\u00f1asquito es propietaria y operadora de la Mina Pe\u00f1asquito,\u2026","rel":"","context":"En &quot;CINTILLO&quot;","block_context":{"text":"CINTILLO","link":"https:\/\/www.grieta.org.mx\/index.php\/category\/cintillo\/"},"img":{"alt_text":"","src":"https:\/\/i0.wp.com\/www.grieta.org.mx\/wp-content\/uploads\/2019\/05\/2019042501.jpg?resize=350%2C200&ssl=1","width":350,"height":200,"srcset":"https:\/\/i0.wp.com\/www.grieta.org.mx\/wp-content\/uploads\/2019\/05\/2019042501.jpg?resize=350%2C200&ssl=1 1x, https:\/\/i0.wp.com\/www.grieta.org.mx\/wp-content\/uploads\/2019\/05\/2019042501.jpg?resize=525%2C300&ssl=1 1.5x, https:\/\/i0.wp.com\/www.grieta.org.mx\/wp-content\/uploads\/2019\/05\/2019042501.jpg?resize=700%2C400&ssl=1 2x"},"classes":[]},{"id":40089,"url":"https:\/\/www.grieta.org.mx\/index.php\/2019\/10\/08\/minera-penasquito-entre-el-negocio-y-la-vida-de-las-comunidades-de-mazapil-zacatecas\/","url_meta":{"origin":43919,"position":3},"title":"Minera Pe\u00f1asquito, entre el negocio y la vida de las comunidades de Mazapil (Zacatecas)","author":"grieta","date":"8 octubre, 2019","format":false,"excerpt":"Sergio El\u00edas Uribe Sierra y Grecia Eugenia Rodr\u00edguez Navarro \/ Revista Contral\u00ednea, 08 de octubre de 2019 El apuntalamiento del sistema econ\u00f3mico capitalista en la miner\u00eda y las pol\u00edticas de dominaci\u00f3n neoliberales han hecho del municipio de Mazapil, en el estado de Zacatecas, una de las caras m\u00e1s visibles del\u2026","rel":"","context":"En &quot;CINTILLO&quot;","block_context":{"text":"CINTILLO","link":"https:\/\/www.grieta.org.mx\/index.php\/category\/cintillo\/"},"img":{"alt_text":"","src":"https:\/\/i0.wp.com\/www.grieta.org.mx\/wp-content\/uploads\/2019\/10\/1-Misael-Valtierra-Cuartoscuro.jpg?resize=350%2C200&ssl=1","width":350,"height":200,"srcset":"https:\/\/i0.wp.com\/www.grieta.org.mx\/wp-content\/uploads\/2019\/10\/1-Misael-Valtierra-Cuartoscuro.jpg?resize=350%2C200&ssl=1 1x, https:\/\/i0.wp.com\/www.grieta.org.mx\/wp-content\/uploads\/2019\/10\/1-Misael-Valtierra-Cuartoscuro.jpg?resize=525%2C300&ssl=1 1.5x"},"classes":[]},{"id":36358,"url":"https:\/\/www.grieta.org.mx\/index.php\/2019\/05\/01\/acaba-mina-de-plata-con-agua-en-zacatecas\/","url_meta":{"origin":43919,"position":4},"title":"Acaba mina de plata con agua en Zacatecas","author":"grieta","date":"1 mayo, 2019","format":false,"excerpt":"El l\u00edder del Frente Popular de Lucha asegur\u00f3 que han devastado la actividad productiva de la regi\u00f3n Carlos Lara | El sol de M\u00e9xico, 19 de mayo de 20199 Cat\u00e1strofe y destrucci\u00f3n es lo que ha provocado la operaci\u00f3n de la Mina Pe\u00f1asquito en Zacatecas; el Frente Popular de Lucha\u2026","rel":"","context":"En &quot;Conflictos mineros en Zacatecas&quot;","block_context":{"text":"Conflictos mineros en Zacatecas","link":"https:\/\/www.grieta.org.mx\/index.php\/category\/noticias-nacionales\/zacatecas\/explotacion-y-precariedad-laboral-zacatecas\/conflictos-mineros-en-zacatecas\/"},"img":{"alt_text":"","src":"https:\/\/i0.wp.com\/www.grieta.org.mx\/wp-content\/uploads\/2019\/07\/mina.jpg?resize=350%2C200&ssl=1","width":350,"height":200,"srcset":"https:\/\/i0.wp.com\/www.grieta.org.mx\/wp-content\/uploads\/2019\/07\/mina.jpg?resize=350%2C200&ssl=1 1x, https:\/\/i0.wp.com\/www.grieta.org.mx\/wp-content\/uploads\/2019\/07\/mina.jpg?resize=525%2C300&ssl=1 1.5x, https:\/\/i0.wp.com\/www.grieta.org.mx\/wp-content\/uploads\/2019\/07\/mina.jpg?resize=700%2C400&ssl=1 2x"},"classes":[]},{"id":37494,"url":"https:\/\/www.grieta.org.mx\/index.php\/2019\/08\/05\/piden-investigar-y-sancionar-a-minera-penasquitos-por-danos-en-zacatecas\/","url_meta":{"origin":43919,"position":5},"title":"Piden investigar y sancionar a minera Pe\u00f1asquitos por da\u00f1os en Zacatecas","author":"grieta","date":"5 agosto, 2019","format":false,"excerpt":"El Estado est\u00e1 incurriendo las actividades de contaminaci\u00f3n ambiental y el despojo de las tierras de los ejidatarios afectados, afirman Manrique Gandaria | El Sol de M\u00e9xico, 5 de agosto de 2019 La organizaci\u00f3n de derechos humanos Red Solidaria D\u00e9cada contra la Impunidad y la Coordinadora Plan de Ayala, pudieron\u2026","rel":"","context":"En &quot;CINTILLO&quot;","block_context":{"text":"CINTILLO","link":"https:\/\/www.grieta.org.mx\/index.php\/category\/cintillo\/"},"img":{"alt_text":"","src":"https:\/\/i0.wp.com\/www.grieta.org.mx\/wp-content\/uploads\/2018\/03\/14524434_1106112876131411_958039263622046936_o.jpg?resize=350%2C200&ssl=1","width":350,"height":200,"srcset":"https:\/\/i0.wp.com\/www.grieta.org.mx\/wp-content\/uploads\/2018\/03\/14524434_1106112876131411_958039263622046936_o.jpg?resize=350%2C200&ssl=1 1x, https:\/\/i0.wp.com\/www.grieta.org.mx\/wp-content\/uploads\/2018\/03\/14524434_1106112876131411_958039263622046936_o.jpg?resize=525%2C300&ssl=1 1.5x, https:\/\/i0.wp.com\/www.grieta.org.mx\/wp-content\/uploads\/2018\/03\/14524434_1106112876131411_958039263622046936_o.jpg?resize=700%2C400&ssl=1 2x"},"classes":[]}],"_links":{"self":[{"href":"https:\/\/www.grieta.org.mx\/index.php\/wp-json\/wp\/v2\/posts\/43919","targetHints":{"allow":["GET"]}}],"collection":[{"href":"https:\/\/www.grieta.org.mx\/index.php\/wp-json\/wp\/v2\/posts"}],"about":[{"href":"https:\/\/www.grieta.org.mx\/index.php\/wp-json\/wp\/v2\/types\/post"}],"author":[{"embeddable":true,"href":"https:\/\/www.grieta.org.mx\/index.php\/wp-json\/wp\/v2\/users\/2"}],"replies":[{"embeddable":true,"href":"https:\/\/www.grieta.org.mx\/index.php\/wp-json\/wp\/v2\/comments?post=43919"}],"version-history":[{"count":1,"href":"https:\/\/www.grieta.org.mx\/index.php\/wp-json\/wp\/v2\/posts\/43919\/revisions"}],"predecessor-version":[{"id":43921,"href":"https:\/\/www.grieta.org.mx\/index.php\/wp-json\/wp\/v2\/posts\/43919\/revisions\/43921"}],"wp:featuredmedia":[{"embeddable":true,"href":"https:\/\/www.grieta.org.mx\/index.php\/wp-json\/wp\/v2\/media\/43920"}],"wp:attachment":[{"href":"https:\/\/www.grieta.org.mx\/index.php\/wp-json\/wp\/v2\/media?parent=43919"}],"wp:term":[{"taxonomy":"category","embeddable":true,"href":"https:\/\/www.grieta.org.mx\/index.php\/wp-json\/wp\/v2\/categories?post=43919"},{"taxonomy":"post_tag","embeddable":true,"href":"https:\/\/www.grieta.org.mx\/index.php\/wp-json\/wp\/v2\/tags?post=43919"}],"curies":[{"name":"wp","href":"https:\/\/api.w.org\/{rel}","templated":true}]}}