{"id":43884,"date":"2020-01-30T02:07:27","date_gmt":"2020-01-30T08:07:27","guid":{"rendered":"http:\/\/www.grieta.org.mx\/?p=43884"},"modified":"2020-02-02T02:22:46","modified_gmt":"2020-02-02T08:22:46","slug":"suman-8-escuelas-de-la-unam-en-paro-ciudad-de-mexico","status":"publish","type":"post","link":"https:\/\/www.grieta.org.mx\/index.php\/2020\/01\/30\/suman-8-escuelas-de-la-unam-en-paro-ciudad-de-mexico\/","title":{"rendered":"Suman 8 escuelas de la UNAM en paro (Ciudad de M\u00e9xico)"},"content":{"rendered":"<p><img loading=\"lazy\" decoding=\"async\" data-attachment-id=\"43885\" data-permalink=\"https:\/\/www.grieta.org.mx\/index.php\/2020\/01\/30\/suman-8-escuelas-de-la-unam-en-paro-ciudad-de-mexico\/suman-8-escuelas-de-la-unam-en-paro-cdmx-feb\/\" data-orig-file=\"https:\/\/www.grieta.org.mx\/wp-content\/uploads\/2020\/02\/Suman-8-escuelas-de-la-UNAM-en-paro-cdmx-feb.jpg\" data-orig-size=\"278,181\" data-comments-opened=\"0\" data-image-meta=\"{&quot;aperture&quot;:&quot;0&quot;,&quot;credit&quot;:&quot;&quot;,&quot;camera&quot;:&quot;&quot;,&quot;caption&quot;:&quot;&quot;,&quot;created_timestamp&quot;:&quot;0&quot;,&quot;copyright&quot;:&quot;&quot;,&quot;focal_length&quot;:&quot;0&quot;,&quot;iso&quot;:&quot;0&quot;,&quot;shutter_speed&quot;:&quot;0&quot;,&quot;title&quot;:&quot;&quot;,&quot;orientation&quot;:&quot;0&quot;}\" data-image-title=\"Suman 8 escuelas de la UNAM en paro cdmx feb\" data-image-description=\"\" data-image-caption=\"\" data-medium-file=\"https:\/\/www.grieta.org.mx\/wp-content\/uploads\/2020\/02\/Suman-8-escuelas-de-la-UNAM-en-paro-cdmx-feb.jpg\" data-large-file=\"https:\/\/www.grieta.org.mx\/wp-content\/uploads\/2020\/02\/Suman-8-escuelas-de-la-UNAM-en-paro-cdmx-feb.jpg\" class=\"aligncenter size-full wp-image-43885\" src=\"http:\/\/www.grieta.org.mx\/wp-content\/uploads\/2020\/02\/Suman-8-escuelas-de-la-UNAM-en-paro-cdmx-feb.jpg\" alt=\"\" width=\"278\" height=\"181\" \/><br \/>\n<em>Foto: Hugo Garc\u00eda<\/em><\/p>\n<p>Teresa Moreno \/ El Universal<\/p>\n<blockquote><p>Hasta el momento las preparatorias y facultades que han cerrado son: CCH Azcapotzalco, Prepas 1, 2, 3, 6, y 9, as\u00ed como Filosof\u00eda y Ciencias Pol\u00edticas<\/p><\/blockquote>\n<p>Hoy se fueron a paro cuatro planteles m\u00e1s de la Universidad Nacional Aut\u00f3noma de M\u00e9xico (UNAM). Hasta la noche del jueves sumaban ocho los planteles cerrados.<\/p>\n<p>Las preparatorias y facultades que pararon son: CCH Azcapotzalco, Prepas 1, 2, 3, 6, y 9, as\u00ed como las Facultades de Filosof\u00eda y Letras y Ciencias Pol\u00edticas y Sociales.<\/p>\n<p>Despu\u00e9s del llamado que hizo el rector Enrique Graue Wiechers a mantener el esp\u00edritu comunitario, hoy se fueron a paro las preparatorias 1 Gabino Barreda, 2 Erasmo Castellanos Quinto y 6 Antonio Caso, as\u00ed como la Facultad de Ciencias Pol\u00edticas y Sociales (FCPyS).<\/p>\n<p>Los estudiantes protestan por el acoso y violencia de g\u00e9nero en la instituci\u00f3n, pero tambi\u00e9n por la respuesta que ha tenido la rector\u00eda.<\/p>\n<p>El grupo Mujeres Organizadas de la Facultad de Ciencias Pol\u00edticas y Sociales tom\u00f3 las instalaciones de dicha entidad en Ciudad Universitaria, para protestar por la muerte del estudiante Jes\u00fas G\u00f3mez del CCH Azcapotzalco y por la violencia de g\u00e9nero que sufren las mujeres de otras escuelas de la UNAM.<\/p>\n<p>&#8220;Esta facultad ha sido tomada y permanecer\u00e1 cerrada hasta que se resuelvan satisfactoriamente todas las demandas de todos los planteles. Demandas que adem\u00e1s no son cosas que se deber\u00edan pedir, si no son cosas que deber\u00edan ya existir. Las mujeres de la FCPyS no se quedaron calladas s\u00f3lo porque no es nuestro plantel el que fue afectado directamente. \u00a1Nosotros s\u00ed sentimos la empat\u00eda de la rabia!&#8221;, se\u00f1alaron esta ma\u00f1ana en un comunicado.<\/p>\n<p>Luego de una asamblea estudiantil efectuada en la Escuela Nacional Preparatoria 2, integrantes del colectivo el Cubo y el colectivo feministas Alas Revolucionarias tomaron las instalaciones, lo cual gener\u00f3 una confrontaci\u00f3n entre estudiantes, donde hubo empujones y gritos. El paro durar\u00e1 72 horas.<\/p>\n<p>La Preparatoria 6 se fue a paro por ocho d\u00edas, as\u00ed como la 1.<\/p>\n<p>En medio de los paros en cuatro escuelas y luego de una nueva confrontaci\u00f3n entre estudiantes y padres de Familia en la Prepa 9, el rector se\u00f1al\u00f3 que, &#8220;frente a las muestras de intolerancia es preciso que los universitarios actuemos con prudencia&#8221;.<\/p>\n<p>Graue destac\u00f3 que la Universidad debe seguir atendiendo los reclamos de las mujeres que se sienten agraviadas y exigen -con raz\u00f3n- igualdad y respeto.<\/p>\n<p><a href=\"https:\/\/www.eluniversal.com.mx\/nacion\/sociedad\/suman-8-escuelas-de-la-unam-en-paro\" target=\"_blank\" rel=\"noopener noreferrer\">https:\/\/www.eluniversal.com.mx\/nacion\/sociedad\/suman-8-escuelas-de-la-unam-en-paro<\/a><\/p>\n","protected":false},"excerpt":{"rendered":"<p>Foto: Hugo Garc\u00eda Teresa Moreno \/ El Universal Hasta el momento las preparatorias y facultades que han cerrado son: CCH Azcapotzalco, Prepas 1, 2, 3, 6, y 9, as\u00ed como &hellip; <a href=\"https:\/\/www.grieta.org.mx\/index.php\/2020\/01\/30\/suman-8-escuelas-de-la-unam-en-paro-ciudad-de-mexico\/\" class=\"more-link\">Leer m\u00e1s<\/a><\/p>\n","protected":false},"author":2,"featured_media":43885,"comment_status":"closed","ping_status":"closed","sticky":false,"template":"","format":"standard","meta":{"ngg_post_thumbnail":0,"_jetpack_newsletter_access":"","_jetpack_dont_email_post_to_subs":false,"_jetpack_newsletter_tier_id":0,"_jetpack_memberships_contains_paywalled_content":false,"_jetpack_memberships_contains_paid_content":false,"footnotes":""},"categories":[80,14,916,2958,1670,2,83,1823,2388],"tags":[2566,1893,1565,2286],"class_list":["post-43884","post","type-post","status-publish","format-standard","has-post-thumbnail","hentry","category-cintillo","category-ciudad-de-mexico","category-privatizacion-del-la-educacion-publica","category-crisis-de-la-educacion-publica-en-la-ciudad-de-mexico","category-movilizaciones-y-protestas-de-estudiantes-de-la-ciudad-de-mexico","category-noticias-nacionales","category-temas-nacionales","category-violencia-contra-estudiantes","category-violencia-contra-las-mujeres-en-la-ciudad-de-mexico","tag-crisis-en-el-sistema-educativo","tag-escuelas-en-paro","tag-violencia-contra-estudiantes","tag-violencia-contra-la-mujer","entry"],"jetpack_featured_media_url":"https:\/\/www.grieta.org.mx\/wp-content\/uploads\/2020\/02\/Suman-8-escuelas-de-la-UNAM-en-paro-cdmx-feb.jpg","jetpack_sharing_enabled":true,"jetpack_shortlink":"https:\/\/wp.me\/p7ZJR4-bpO","jetpack_likes_enabled":false,"jetpack-related-posts":[{"id":43996,"url":"https:\/\/www.grieta.org.mx\/index.php\/2020\/02\/06\/entregan-cch-vallejo-tras-dos-dias-de-paro-ciudad-de-mexico\/","url_meta":{"origin":43884,"position":0},"title":"Entregan CCH Vallejo tras dos d\u00edas de paro (Ciudad de M\u00e9xico)","author":"grieta","date":"6 febrero, 2020","format":false,"excerpt":"El martes pasado, un grupo de alumnos decidi\u00f3 realizar un paro de labores. Foto: Cuartoscuro\/Archivo Notimex Las actividades acad\u00e9micas y administrativas se reanudar\u00e1n ma\u00f1ana viernes 7 en los horarios acostumbrados CIUDAD DE M\u00c9XICO. La Universidad Nacional Aut\u00f3noma de M\u00e9xico inform\u00f3 que esta tarde fueron entregadas a las autoridades las instalaciones\u2026","rel":"","context":"En &quot;CINTILLO&quot;","block_context":{"text":"CINTILLO","link":"https:\/\/www.grieta.org.mx\/index.php\/category\/cintillo\/"},"img":{"alt_text":"","src":"https:\/\/i0.wp.com\/www.grieta.org.mx\/wp-content\/uploads\/2020\/02\/Entregan-CCH-Vallejo-tras-dos-d%C3%ADas-de-paro-cdmx-feb.jpg?resize=350%2C200&ssl=1","width":350,"height":200,"srcset":"https:\/\/i0.wp.com\/www.grieta.org.mx\/wp-content\/uploads\/2020\/02\/Entregan-CCH-Vallejo-tras-dos-d%C3%ADas-de-paro-cdmx-feb.jpg?resize=350%2C200&ssl=1 1x, https:\/\/i0.wp.com\/www.grieta.org.mx\/wp-content\/uploads\/2020\/02\/Entregan-CCH-Vallejo-tras-dos-d%C3%ADas-de-paro-cdmx-feb.jpg?resize=525%2C300&ssl=1 1.5x"},"classes":[]},{"id":44006,"url":"https:\/\/www.grieta.org.mx\/index.php\/2020\/02\/06\/suman-16-escuelas-de-la-unam-en-paro-ciudad-de-mexico\/","url_meta":{"origin":43884,"position":1},"title":"Suman 16 escuelas de la UNAM en paro (Ciudad de M\u00e9xico)","author":"grieta","date":"6 febrero, 2020","format":false,"excerpt":"Foto: Archivo El Universal Teresa Moreno \/ El Universal Hoy se entreg\u00f3 CCH Vallejo, pero el plantel Oriente va a paro de 72 horas; mientras en Prepa 9, paristas nuevamente impidieron el paso de la directora Gabriela Mart\u00ednez, quien llevaba la respuesta a su pliego petitorio que envi\u00f3 el rector\u2026","rel":"","context":"En &quot;CINTILLO&quot;","block_context":{"text":"CINTILLO","link":"https:\/\/www.grieta.org.mx\/index.php\/category\/cintillo\/"},"img":{"alt_text":"","src":"https:\/\/i0.wp.com\/www.grieta.org.mx\/wp-content\/uploads\/2020\/02\/UNAM_-suman-16-escuelas-en-paro-cdmx-feb.jpg?resize=350%2C200","width":350,"height":200},"classes":[]},{"id":45221,"url":"https:\/\/www.grieta.org.mx\/index.php\/2020\/02\/25\/toman-direccion-y-paran-por-28-horas-en-cch-azcapo-ciudad-de-mexico\/","url_meta":{"origin":43884,"position":2},"title":"Toman direcci\u00f3n y paran por 28 horas en CCH Azcapo (Ciudad de M\u00e9xico)","author":"grieta","date":"25 febrero, 2020","format":false,"excerpt":"Por: Vania Pigeonutt Foto: Especial Pie de P\u00e1gina Estos hechos ocurren luego de que el viernes 21, dos sujetos entraron al campus y atacaron a una estudiante con un cutter; las clases se retomar\u00e1n el mi\u00e9rcoles 26 a las 7 de la ma\u00f1ana Estudiantes del Colegio de Ciencias y Humanidades\u2026","rel":"","context":"En &quot;CINTILLO&quot;","block_context":{"text":"CINTILLO","link":"https:\/\/www.grieta.org.mx\/index.php\/category\/cintillo\/"},"img":{"alt_text":"","src":"https:\/\/i0.wp.com\/www.grieta.org.mx\/wp-content\/uploads\/2020\/02\/Toman-direcci%C3%B3n-y-paran-por-28-horas-en-CCH-Azcapo-cdmx-feb.jpg?resize=350%2C200&ssl=1","width":350,"height":200,"srcset":"https:\/\/i0.wp.com\/www.grieta.org.mx\/wp-content\/uploads\/2020\/02\/Toman-direcci%C3%B3n-y-paran-por-28-horas-en-CCH-Azcapo-cdmx-feb.jpg?resize=350%2C200&ssl=1 1x, https:\/\/i0.wp.com\/www.grieta.org.mx\/wp-content\/uploads\/2020\/02\/Toman-direcci%C3%B3n-y-paran-por-28-horas-en-CCH-Azcapo-cdmx-feb.jpg?resize=525%2C300&ssl=1 1.5x, https:\/\/i0.wp.com\/www.grieta.org.mx\/wp-content\/uploads\/2020\/02\/Toman-direcci%C3%B3n-y-paran-por-28-horas-en-CCH-Azcapo-cdmx-feb.jpg?resize=700%2C400&ssl=1 2x"},"classes":[]},{"id":43881,"url":"https:\/\/www.grieta.org.mx\/index.php\/2020\/01\/30\/unam-estudiantes-toman-la-fcpys-en-solidaridad-con-otros-planteles-ciudad-de-mexico\/","url_meta":{"origin":43884,"position":3},"title":"UNAM: ESTUDIANTES TOMAN LA FCPYS EN SOLIDARIDAD CON OTROS PLANTELES (Ciudad de M\u00e9xico)","author":"grieta","date":"30 enero, 2020","format":false,"excerpt":"Reporte \u00cdndigo \u201cMujeres Organizadas\u201d inform\u00f3 que la Facultad \u201cpermanecer\u00e1 cerrada hasta que se resuelvan satisfactoriamente todas las demandas de todos lo planteles\u201d. Un grupo de estudiantes tom\u00f3 las instalaciones de la Facultad de Ciencias Pol\u00edticas y Sociales (FCPyS) de la Universidad Nacional Aut\u00f3noma de M\u00e9xico (UNAM). \u201cMujeres Organizadas\u201d inform\u00f3 que\u2026","rel":"","context":"En &quot;CINTILLO&quot;","block_context":{"text":"CINTILLO","link":"https:\/\/www.grieta.org.mx\/index.php\/category\/cintillo\/"},"img":{"alt_text":"","src":"https:\/\/i0.wp.com\/www.grieta.org.mx\/wp-content\/uploads\/2020\/02\/UNAM-ESTUDIANTES-TOMAN-LA-FCPYS-EN-SOLIDARIDAD-CON-OTROS-PLANTELES-cdmx-feb.jpg?resize=350%2C200&ssl=1","width":350,"height":200,"srcset":"https:\/\/i0.wp.com\/www.grieta.org.mx\/wp-content\/uploads\/2020\/02\/UNAM-ESTUDIANTES-TOMAN-LA-FCPYS-EN-SOLIDARIDAD-CON-OTROS-PLANTELES-cdmx-feb.jpg?resize=350%2C200&ssl=1 1x, https:\/\/i0.wp.com\/www.grieta.org.mx\/wp-content\/uploads\/2020\/02\/UNAM-ESTUDIANTES-TOMAN-LA-FCPYS-EN-SOLIDARIDAD-CON-OTROS-PLANTELES-cdmx-feb.jpg?resize=525%2C300&ssl=1 1.5x, https:\/\/i0.wp.com\/www.grieta.org.mx\/wp-content\/uploads\/2020\/02\/UNAM-ESTUDIANTES-TOMAN-LA-FCPYS-EN-SOLIDARIDAD-CON-OTROS-PLANTELES-cdmx-feb.jpg?resize=700%2C400&ssl=1 2x"},"classes":[]},{"id":43859,"url":"https:\/\/www.grieta.org.mx\/index.php\/2020\/01\/31\/por-violencia-sexual-y-criminalizacion-paro-de-actividades-en-siete-escuelas-de-la-unam-ciudad-de-mexico\/","url_meta":{"origin":43884,"position":4},"title":"Por violencia sexual y criminalizaci\u00f3n, paro de actividades en siete escuelas de la UNAM (Ciudad de M\u00e9xico)","author":"grieta","date":"31 enero, 2020","format":false,"excerpt":"Contral\u00ednea Cuatro escuelas de la Universidad Nacional Aut\u00f3noma de M\u00e9xico se sumaron a los paros de actividades en demanda de soluci\u00f3n a la violencia sexual de g\u00e9nero que se padece en los recintos universitarios y del cese a la criminalizaci\u00f3n contra el movimiento feminista que reivindica el derecho de las\u2026","rel":"","context":"En &quot;CINTILLO&quot;","block_context":{"text":"CINTILLO","link":"https:\/\/www.grieta.org.mx\/index.php\/category\/cintillo\/"},"img":{"alt_text":"","src":"https:\/\/i0.wp.com\/www.grieta.org.mx\/wp-content\/uploads\/2020\/02\/Por-violencia-sexual-y-criminalizaci%C3%B3n-paro-de-actividades-en-siete-escuelas-de-la-UNAM-cdmx-ene.jpeg?resize=350%2C200&ssl=1","width":350,"height":200,"srcset":"https:\/\/i0.wp.com\/www.grieta.org.mx\/wp-content\/uploads\/2020\/02\/Por-violencia-sexual-y-criminalizaci%C3%B3n-paro-de-actividades-en-siete-escuelas-de-la-UNAM-cdmx-ene.jpeg?resize=350%2C200&ssl=1 1x, https:\/\/i0.wp.com\/www.grieta.org.mx\/wp-content\/uploads\/2020\/02\/Por-violencia-sexual-y-criminalizaci%C3%B3n-paro-de-actividades-en-siete-escuelas-de-la-UNAM-cdmx-ene.jpeg?resize=525%2C300&ssl=1 1.5x"},"classes":[]},{"id":41113,"url":"https:\/\/www.grieta.org.mx\/index.php\/2019\/11\/13\/prepa-9-continua-en-paro-regresarian-a-clases-el-viernes-ciudad-de-mexico\/","url_meta":{"origin":43884,"position":5},"title":"Prepa 9 contin\u00faa en paro, regresar\u00edan a clases el viernes (Ciudad de M\u00e9xico)","author":"grieta","date":"13 noviembre, 2019","format":false,"excerpt":"Foto tomada de @Comunidad_UNAM Excelsior Por segundo d\u00eda consecutivo, un grupo de estudiantes mantiene cerrado el plantel ubicado en Insurgentes Norte 1698, colonia Lindavista CIUDAD DE M\u00c9XICO Alumnos de la Escuela Nacional Preparatoria n\u00famero 9 contin\u00faan este mi\u00e9rcoles el paro estudiantil para exigir que termine la violencia de g\u00e9nero en\u2026","rel":"","context":"En &quot;CINTILLO&quot;","block_context":{"text":"CINTILLO","link":"https:\/\/www.grieta.org.mx\/index.php\/category\/cintillo\/"},"img":{"alt_text":"","src":"https:\/\/i0.wp.com\/www.grieta.org.mx\/wp-content\/uploads\/2019\/11\/Prepa-9-contin%C3%BAa-en-paro-regresar%C3%ADan-a-clases-el-viernes-cdmx-nov.jpg?resize=350%2C200&ssl=1","width":350,"height":200,"srcset":"https:\/\/i0.wp.com\/www.grieta.org.mx\/wp-content\/uploads\/2019\/11\/Prepa-9-contin%C3%BAa-en-paro-regresar%C3%ADan-a-clases-el-viernes-cdmx-nov.jpg?resize=350%2C200&ssl=1 1x, https:\/\/i0.wp.com\/www.grieta.org.mx\/wp-content\/uploads\/2019\/11\/Prepa-9-contin%C3%BAa-en-paro-regresar%C3%ADan-a-clases-el-viernes-cdmx-nov.jpg?resize=525%2C300&ssl=1 1.5x"},"classes":[]}],"_links":{"self":[{"href":"https:\/\/www.grieta.org.mx\/index.php\/wp-json\/wp\/v2\/posts\/43884","targetHints":{"allow":["GET"]}}],"collection":[{"href":"https:\/\/www.grieta.org.mx\/index.php\/wp-json\/wp\/v2\/posts"}],"about":[{"href":"https:\/\/www.grieta.org.mx\/index.php\/wp-json\/wp\/v2\/types\/post"}],"author":[{"embeddable":true,"href":"https:\/\/www.grieta.org.mx\/index.php\/wp-json\/wp\/v2\/users\/2"}],"replies":[{"embeddable":true,"href":"https:\/\/www.grieta.org.mx\/index.php\/wp-json\/wp\/v2\/comments?post=43884"}],"version-history":[{"count":1,"href":"https:\/\/www.grieta.org.mx\/index.php\/wp-json\/wp\/v2\/posts\/43884\/revisions"}],"predecessor-version":[{"id":43886,"href":"https:\/\/www.grieta.org.mx\/index.php\/wp-json\/wp\/v2\/posts\/43884\/revisions\/43886"}],"wp:featuredmedia":[{"embeddable":true,"href":"https:\/\/www.grieta.org.mx\/index.php\/wp-json\/wp\/v2\/media\/43885"}],"wp:attachment":[{"href":"https:\/\/www.grieta.org.mx\/index.php\/wp-json\/wp\/v2\/media?parent=43884"}],"wp:term":[{"taxonomy":"category","embeddable":true,"href":"https:\/\/www.grieta.org.mx\/index.php\/wp-json\/wp\/v2\/categories?post=43884"},{"taxonomy":"post_tag","embeddable":true,"href":"https:\/\/www.grieta.org.mx\/index.php\/wp-json\/wp\/v2\/tags?post=43884"}],"curies":[{"name":"wp","href":"https:\/\/api.w.org\/{rel}","templated":true}]}}