{"id":43811,"date":"2020-01-24T14:59:56","date_gmt":"2020-01-24T20:59:56","guid":{"rendered":"http:\/\/www.grieta.org.mx\/?p=43811"},"modified":"2020-02-01T15:17:05","modified_gmt":"2020-02-01T21:17:05","slug":"familiares-de-personas-desaparecidas-en-jalisco-convocan-a-rueda-de-prensa-por-una-busqueda-e-identificacion-digna-adecuada-y-eficaz","status":"publish","type":"post","link":"https:\/\/www.grieta.org.mx\/index.php\/2020\/01\/24\/familiares-de-personas-desaparecidas-en-jalisco-convocan-a-rueda-de-prensa-por-una-busqueda-e-identificacion-digna-adecuada-y-eficaz\/","title":{"rendered":"Familiares de personas desaparecidas en Jalisco convocan a rueda de prensa \u201cpor una b\u00fasqueda e identificaci\u00f3n digna, adecuada y eficaz\u201d"},"content":{"rendered":"<p><img loading=\"lazy\" decoding=\"async\" data-attachment-id=\"43812\" data-permalink=\"https:\/\/www.grieta.org.mx\/index.php\/2020\/01\/24\/familiares-de-personas-desaparecidas-en-jalisco-convocan-a-rueda-de-prensa-por-una-busqueda-e-identificacion-digna-adecuada-y-eficaz\/photo4997182556587796569-1\/\" data-orig-file=\"https:\/\/www.grieta.org.mx\/wp-content\/uploads\/2020\/02\/photo4997182556587796569-1.jpg\" data-orig-size=\"1200,600\" data-comments-opened=\"0\" data-image-meta=\"{&quot;aperture&quot;:&quot;0&quot;,&quot;credit&quot;:&quot;&quot;,&quot;camera&quot;:&quot;&quot;,&quot;caption&quot;:&quot;&quot;,&quot;created_timestamp&quot;:&quot;0&quot;,&quot;copyright&quot;:&quot;&quot;,&quot;focal_length&quot;:&quot;0&quot;,&quot;iso&quot;:&quot;0&quot;,&quot;shutter_speed&quot;:&quot;0&quot;,&quot;title&quot;:&quot;&quot;,&quot;orientation&quot;:&quot;0&quot;}\" data-image-title=\"photo4997182556587796569-1\" data-image-description=\"\" data-image-caption=\"\" data-medium-file=\"https:\/\/www.grieta.org.mx\/wp-content\/uploads\/2020\/02\/photo4997182556587796569-1-300x150.jpg\" data-large-file=\"https:\/\/www.grieta.org.mx\/wp-content\/uploads\/2020\/02\/photo4997182556587796569-1-1024x512.jpg\" class=\"aligncenter wp-image-43812\" src=\"http:\/\/www.grieta.org.mx\/wp-content\/uploads\/2020\/02\/photo4997182556587796569-1-1024x512.jpg\" alt=\"\" width=\"799\" height=\"400\" srcset=\"https:\/\/www.grieta.org.mx\/wp-content\/uploads\/2020\/02\/photo4997182556587796569-1-1024x512.jpg 1024w, https:\/\/www.grieta.org.mx\/wp-content\/uploads\/2020\/02\/photo4997182556587796569-1-300x150.jpg 300w, https:\/\/www.grieta.org.mx\/wp-content\/uploads\/2020\/02\/photo4997182556587796569-1-768x384.jpg 768w, https:\/\/www.grieta.org.mx\/wp-content\/uploads\/2020\/02\/photo4997182556587796569-1-1000x500.jpg 1000w, https:\/\/www.grieta.org.mx\/wp-content\/uploads\/2020\/02\/photo4997182556587796569-1.jpg 1200w\" sizes=\"auto, (max-width: 799px) 100vw, 799px\" \/><\/p>\n<p>Foto: Zona Docs<\/p>\n<p><em>El colectivo de familiares de personas desaparecidas en Jalisco,\u00a0Por Amor a Ellxs, junto con organizaciones de la sociedad civil, convocaron a una conferencia de prensa para exponer la \u201cdimensi\u00f3n de la problem\u00e1tica\u201d de las desapariciones en Jalisco y la respuesta gubernamental frente a la crisis que coloc\u00f3 a la entidad como la primera en el pa\u00eds con m\u00e1s incidencia en este delito, y en la segunda con m\u00e1s cuerpos localizados en fosas clandestinas, durante el 2019.<\/em><\/p>\n<p>Redacci\u00f3n \/ Zona Docs<\/p>\n<p>Con el objetivo de demandar a las autoridades en Jalisco\u00a0<strong>\u201cuna b\u00fasqueda e identificaci\u00f3n digna, adecuada y eficaz\u201d\u00a0<\/strong>de las\u00a0<strong>personas que permanecen con identidad desconocida<\/strong>\u00a0dentro de las instalaciones del Instituto Jalisciense de Ciencias Forenses (IJCF), as\u00ed como, para\u00a0<strong>dimensionar la problem\u00e1tica de las desapariciones<\/strong>\u00a0en el estado<strong>, el colectivo de familiares de personas desaparecidas, Por Amor a Ellxs,<\/strong>\u00a0convoc\u00f3 junto a 14 organizaciones preocupadas por el tema, a una\u00a0<strong>conferencia de prensa ese domingo 26 de enero.<\/strong><\/p>\n<p><em>El Instituto Mexicano para el Desarrollo Comunitario A.C<\/em>\u00a0(IMDEC);\u00a0<em>T\u00f3mala. Un golpe de conciencia<\/em>;\u00a0<em>#NuestroPresupuesto<\/em>;\u00a0<em>FM4 Paso Libre<\/em>;\u00a0<em>Calle Sin Acoso<\/em>; el\u00a0<em>Comit\u00e9 de Participaci\u00f3n Social<\/em>;\u00a0<em>Delibera<\/em>;\u00a0<em>Yaaj<\/em>; el\u00a0<em>Centro de la Diversidad y los Derechos Sexuales<\/em>; entro otras organizaciones se sumaron a la convocatoria oficial.<\/p>\n<p>La acci\u00f3n se llevar\u00e1 a cabo a las\u00a0<strong>9:00 a.m. en el Parque Revoluci\u00f3n o Parque Rojo en el centro de Guadalajara<\/strong>\u00a0(esquina Av. Federalismo y Av. Vallarta) cerca de\u00a0<strong>la estatua de \u201cVenustiano Carranza\u201d.<\/strong><\/p>\n<p>En la conferencia de prensa, buscan tambi\u00e9n,\u00a0<strong>evidenciar la respuesta del gobierno del Estado, frente a la crisis de desapariciones y en materia forense<\/strong>\u00a0que, coloc\u00f3 a la entidad durante 2019, como\u00a0<strong>la primera con m\u00e1s desaparecidos (2 mil 100 casos)\u00a0<\/strong>y la\u00a0<strong>segunda con m\u00e1s cuerpos de personas exhumados de fosas clandestinas (213),\u00a0<\/strong>de acuerdo con el\u00a0<em>Informe Federal sobre<\/em>\u00a0<em>Localizaci\u00f3n de Fosas Clandestinas y el Registro Nacional de Personas Desaparecidas.<\/em><\/p>\n<p>Situaci\u00f3n que -seg\u00fan las cifras hist\u00f3ricas ofrecidas por las autoridades del Gobierno Federal-, ubica a\u00a0<strong>Jalisco<\/strong>\u00a0hasta el 31 de diciembre de 2019 y desde el a\u00f1o 1964, como el\u00a0<strong>segundo estado en el pa\u00eds con m\u00e1s personas desaparecidas.<\/strong><\/p>\n<p>De acuerdo con el\u00a0<em>Sistema de Informaci\u00f3n sobre V\u00edctimas de Desaparici\u00f3n (SISOVID)<\/em>\u00a0del gobierno estatal, de 2006 hasta noviembre de 2019, en Jalisco permanecen con paradero desconocido\u00a0<strong>8 mil 601 personas.<\/strong><\/p>\n<p><a href=\"https:\/\/www.zonadocs.mx\/2020\/01\/24\/familiares-de-personas-desaparecidas-en-jalisco-convocan-a-rueda-de-prensa-por-una-busqueda-e-identificacion-digna-adecuada-y-eficaz\/\">https:\/\/www.zonadocs.mx\/2020\/01\/24\/familiares-de-personas-desaparecidas-en-jalisco-convocan-a-rueda-de-prensa-por-una-busqueda-e-identificacion-digna-adecuada-y-eficaz\/<\/a><\/p>\n","protected":false},"excerpt":{"rendered":"<p>Foto: Zona Docs El colectivo de familiares de personas desaparecidas en Jalisco,\u00a0Por Amor a Ellxs, junto con organizaciones de la sociedad civil, convocaron a una conferencia de prensa para exponer &hellip; <a href=\"https:\/\/www.grieta.org.mx\/index.php\/2020\/01\/24\/familiares-de-personas-desaparecidas-en-jalisco-convocan-a-rueda-de-prensa-por-una-busqueda-e-identificacion-digna-adecuada-y-eficaz\/\" class=\"more-link\">Leer m\u00e1s<\/a><\/p>\n","protected":false},"author":2,"featured_media":43812,"comment_status":"closed","ping_status":"closed","sticky":false,"template":"","format":"standard","meta":{"ngg_post_thumbnail":0,"_jetpack_newsletter_access":"","_jetpack_dont_email_post_to_subs":false,"_jetpack_newsletter_tier_id":0,"_jetpack_memberships_contains_paywalled_content":false,"_jetpack_memberships_contains_paid_content":false,"footnotes":""},"categories":[80,87,1032,20,2,83],"tags":[1828,1668],"class_list":["post-43811","post","type-post","status-publish","format-standard","has-post-thumbnail","hentry","category-cintillo","category-desaparecidos","category-desaparecidos-en-jalisco","category-jalisco","category-noticias-nacionales","category-temas-nacionales","tag-busqueda-de-desaparecidos","tag-familiares-de-desaparecidos","entry"],"jetpack_featured_media_url":"https:\/\/www.grieta.org.mx\/wp-content\/uploads\/2020\/02\/photo4997182556587796569-1.jpg","jetpack_sharing_enabled":true,"jetpack_shortlink":"https:\/\/wp.me\/p7ZJR4-boD","jetpack_likes_enabled":false,"jetpack-related-posts":[{"id":59395,"url":"https:\/\/www.grieta.org.mx\/index.php\/2021\/05\/09\/guerreras-unidas-exigen-identificacion-inmediata-de-personas-localizadas-en-fosas-clandestinas-jalisco\/","url_meta":{"origin":43811,"position":0},"title":"Guerreras Unidas exigen identificaci\u00f3n inmediata de personas localizadas en fosas clandestinas (Jalisco)","author":"grieta","date":"9 mayo, 2021","format":false,"excerpt":"Foto: Zona Docs Con dos a\u00f1os de lucha, el Colectivo Guerreras Unidas por Chapala exige a las autoridades de Jalisco respuestas contundentes para saber si sus familiares han sido o no localizados en las fosas clandestinas localizadas en la regi\u00f3n en el \u00faltimo a\u00f1o. A la fecha, de las m\u00e1s\u2026","rel":"","context":"En &quot;CINTILLO&quot;","block_context":{"text":"CINTILLO","link":"https:\/\/www.grieta.org.mx\/index.php\/category\/cintillo\/"},"img":{"alt_text":"","src":"https:\/\/i0.wp.com\/www.grieta.org.mx\/wp-content\/uploads\/2021\/05\/Unknown-7-1-1080x608-1-e1621277089892.jpeg?resize=350%2C200&ssl=1","width":350,"height":200,"srcset":"https:\/\/i0.wp.com\/www.grieta.org.mx\/wp-content\/uploads\/2021\/05\/Unknown-7-1-1080x608-1-e1621277089892.jpeg?resize=350%2C200&ssl=1 1x, https:\/\/i0.wp.com\/www.grieta.org.mx\/wp-content\/uploads\/2021\/05\/Unknown-7-1-1080x608-1-e1621277089892.jpeg?resize=525%2C300&ssl=1 1.5x, https:\/\/i0.wp.com\/www.grieta.org.mx\/wp-content\/uploads\/2021\/05\/Unknown-7-1-1080x608-1-e1621277089892.jpeg?resize=700%2C400&ssl=1 2x"},"classes":[]},{"id":41969,"url":"https:\/\/www.grieta.org.mx\/index.php\/2019\/12\/03\/familiares-de-desaparecidos-reclamaron-la-falta-de-trabajos-y-de-resultados-jalisco\/","url_meta":{"origin":43811,"position":1},"title":"Familiares de desaparecidos reclamaron la falta de trabajos y de resultados (Jalisco)","author":"grieta","date":"3 diciembre, 2019","format":false,"excerpt":"Foto: Especial Juan Levario \/ El Diario NTR Durante la presentaci\u00f3n de un proyecto de colaboraci\u00f3n con expertos guatemaltecos para b\u00fasqueda de personas\u00a0en Jalisco, familiares de desaparecidos reclamaron a Enrique Ibarra Pedroza, secretario general de Gobierno,\u00a0y a otros funcionarios la falta de trabajos y de resultados. Representantes de los colectivos\u2026","rel":"","context":"En &quot;CINTILLO&quot;","block_context":{"text":"CINTILLO","link":"https:\/\/www.grieta.org.mx\/index.php\/category\/cintillo\/"},"img":{"alt_text":"","src":"https:\/\/i0.wp.com\/www.grieta.org.mx\/wp-content\/uploads\/2019\/12\/2019-12-02_11-12-13___5378.jpg?resize=350%2C200&ssl=1","width":350,"height":200,"srcset":"https:\/\/i0.wp.com\/www.grieta.org.mx\/wp-content\/uploads\/2019\/12\/2019-12-02_11-12-13___5378.jpg?resize=350%2C200&ssl=1 1x, https:\/\/i0.wp.com\/www.grieta.org.mx\/wp-content\/uploads\/2019\/12\/2019-12-02_11-12-13___5378.jpg?resize=525%2C300&ssl=1 1.5x, https:\/\/i0.wp.com\/www.grieta.org.mx\/wp-content\/uploads\/2019\/12\/2019-12-02_11-12-13___5378.jpg?resize=700%2C400&ssl=1 2x"},"classes":[]},{"id":51093,"url":"https:\/\/www.grieta.org.mx\/index.php\/2020\/06\/18\/familiares-y-amigos-continuan-busqueda-de-desaparecidos-en-chapala-jalisco\/","url_meta":{"origin":43811,"position":2},"title":"Familiares y amigos contin\u00faan b\u00fasqueda de desaparecidos en Chapala (Jalisco)","author":"grieta","date":"18 junio, 2020","format":false,"excerpt":"Foto: Pablo Toledo Pablo Toledo \/ UDGTV Familiares y amigos de personas desaparecidas en el municipio de Chapala contin\u00faan en la b\u00fasqueda incansable de sus seres queridos.\u00a0En esta ocasi\u00f3n realizaron una rueda de prensa en el municipio ribere\u00f1o para dar a conocer que pese a ya haber encontrado a algunos\u2026","rel":"","context":"En &quot;CINTILLO&quot;","block_context":{"text":"CINTILLO","link":"https:\/\/www.grieta.org.mx\/index.php\/category\/cintillo\/"},"img":{"alt_text":"","src":"https:\/\/i0.wp.com\/www.grieta.org.mx\/wp-content\/uploads\/2020\/06\/Desaparecidos-Pablo-Toledo-1-696x394.jpeg?resize=350%2C200&ssl=1","width":350,"height":200,"srcset":"https:\/\/i0.wp.com\/www.grieta.org.mx\/wp-content\/uploads\/2020\/06\/Desaparecidos-Pablo-Toledo-1-696x394.jpeg?resize=350%2C200&ssl=1 1x, https:\/\/i0.wp.com\/www.grieta.org.mx\/wp-content\/uploads\/2020\/06\/Desaparecidos-Pablo-Toledo-1-696x394.jpeg?resize=525%2C300&ssl=1 1.5x"},"classes":[]},{"id":64242,"url":"https:\/\/www.grieta.org.mx\/index.php\/2022\/05\/19\/nos-faltan-mas-de-100-mil-personas-desaparecidas-reclaman-en-guadalajara-familiares-a-autoridades-jalisco\/","url_meta":{"origin":43811,"position":3},"title":"\u201cNos faltan m\u00e1s de 100 mil personas desaparecidas: reclaman en Guadalajara familiares a autoridades (Jalisco)","author":"grieta","date":"19 mayo, 2022","format":false,"excerpt":"Foto: Zona Docs En la Glorieta de las y los Desaparecidos de Guadalajara, colectivos de personas desaparecidas se reunieron este mi\u00e9rcoles 18 de mayo, para denunciar que en M\u00e9xico hay m\u00e1s de 100 mil personas desaparecidas. Mario Marlos \/ Zona Docs Acompa\u00f1adas de los retratos de sus seres queridos, los\u2026","rel":"","context":"En &quot;CINTILLO&quot;","block_context":{"text":"CINTILLO","link":"https:\/\/www.grieta.org.mx\/index.php\/category\/cintillo\/"},"img":{"alt_text":"","src":"https:\/\/i0.wp.com\/www.grieta.org.mx\/wp-content\/uploads\/2022\/05\/photo5490347735354812367.jpg?resize=350%2C200&ssl=1","width":350,"height":200,"srcset":"https:\/\/i0.wp.com\/www.grieta.org.mx\/wp-content\/uploads\/2022\/05\/photo5490347735354812367.jpg?resize=350%2C200&ssl=1 1x, https:\/\/i0.wp.com\/www.grieta.org.mx\/wp-content\/uploads\/2022\/05\/photo5490347735354812367.jpg?resize=525%2C300&ssl=1 1.5x, https:\/\/i0.wp.com\/www.grieta.org.mx\/wp-content\/uploads\/2022\/05\/photo5490347735354812367.jpg?resize=700%2C400&ssl=1 2x, https:\/\/i0.wp.com\/www.grieta.org.mx\/wp-content\/uploads\/2022\/05\/photo5490347735354812367.jpg?resize=1050%2C600&ssl=1 3x"},"classes":[]},{"id":56175,"url":"https:\/\/www.grieta.org.mx\/index.php\/2021\/01\/08\/una-pandemia-qu-jalisce-no-cesa-la-crisis-de-desapariciones\/","url_meta":{"origin":43811,"position":4},"title":"Una pandemia que no cesa, la crisis de desapariciones (Jalisco)","author":"grieta","date":"8 enero, 2021","format":false,"excerpt":"Imagen: Anuario Independiente Mar\u00eda Fernanda Lattuada y Eric Sandoval \/ Zona Docs En M\u00e9xico, desde los a\u00f1os sesenta a la fecha han desaparecido 73 mil 201 personas*; de esta cifra, el 41% de estas personas son j\u00f3venes entre los 14 y 29 a\u00f1os. Jalisco con 11 mil 267 personas desaparecidas,\u2026","rel":"","context":"En &quot;CINTILLO&quot;","block_context":{"text":"CINTILLO","link":"https:\/\/www.grieta.org.mx\/index.php\/category\/cintillo\/"},"img":{"alt_text":"","src":"https:\/\/i0.wp.com\/www.grieta.org.mx\/wp-content\/uploads\/2021\/01\/Captura-de-Pantalla-2021-01-08-a-las-7.12.41.png?resize=350%2C200&ssl=1","width":350,"height":200,"srcset":"https:\/\/i0.wp.com\/www.grieta.org.mx\/wp-content\/uploads\/2021\/01\/Captura-de-Pantalla-2021-01-08-a-las-7.12.41.png?resize=350%2C200&ssl=1 1x, https:\/\/i0.wp.com\/www.grieta.org.mx\/wp-content\/uploads\/2021\/01\/Captura-de-Pantalla-2021-01-08-a-las-7.12.41.png?resize=525%2C300&ssl=1 1.5x, https:\/\/i0.wp.com\/www.grieta.org.mx\/wp-content\/uploads\/2021\/01\/Captura-de-Pantalla-2021-01-08-a-las-7.12.41.png?resize=700%2C400&ssl=1 2x"},"classes":[]},{"id":62225,"url":"https:\/\/www.grieta.org.mx\/index.php\/2021\/10\/07\/sin-consultar-a-familiares-de-personas-desaparecidas-fiscalia-de-jalisco-aprueba-reglamento-de-ley-de-desaparicion\/","url_meta":{"origin":43811,"position":5},"title":"Sin consultar a familiares de personas desaparecidas, Fiscal\u00eda de Jalisco aprueba reglamento de Ley de Desaparici\u00f3n","author":"grieta","date":"7 octubre, 2021","format":false,"excerpt":"Foto: Zona Docs Pese a que la Ley de Personas Desaparecidas de Jalisco establec\u00eda que todo reglamento o protocolo debe realizarse de manera conjunta, gobierno-familiares de personas desaparecidas, la Fiscal\u00eda del Estado de Jalisco decidi\u00f3 publicar sin consultar a nadie el reglamento que har\u00e1 operativa la legislaci\u00f3n para buscar a\u2026","rel":"","context":"En &quot;CINTILLO&quot;","block_context":{"text":"CINTILLO","link":"https:\/\/www.grieta.org.mx\/index.php\/category\/cintillo\/"},"img":{"alt_text":"","src":"https:\/\/i0.wp.com\/www.grieta.org.mx\/wp-content\/uploads\/2021\/10\/photo5001271279554243046-1068x712-1.jpg?resize=350%2C200&ssl=1","width":350,"height":200,"srcset":"https:\/\/i0.wp.com\/www.grieta.org.mx\/wp-content\/uploads\/2021\/10\/photo5001271279554243046-1068x712-1.jpg?resize=350%2C200&ssl=1 1x, https:\/\/i0.wp.com\/www.grieta.org.mx\/wp-content\/uploads\/2021\/10\/photo5001271279554243046-1068x712-1.jpg?resize=525%2C300&ssl=1 1.5x, https:\/\/i0.wp.com\/www.grieta.org.mx\/wp-content\/uploads\/2021\/10\/photo5001271279554243046-1068x712-1.jpg?resize=700%2C400&ssl=1 2x, https:\/\/i0.wp.com\/www.grieta.org.mx\/wp-content\/uploads\/2021\/10\/photo5001271279554243046-1068x712-1.jpg?resize=1050%2C600&ssl=1 3x"},"classes":[]}],"_links":{"self":[{"href":"https:\/\/www.grieta.org.mx\/index.php\/wp-json\/wp\/v2\/posts\/43811","targetHints":{"allow":["GET"]}}],"collection":[{"href":"https:\/\/www.grieta.org.mx\/index.php\/wp-json\/wp\/v2\/posts"}],"about":[{"href":"https:\/\/www.grieta.org.mx\/index.php\/wp-json\/wp\/v2\/types\/post"}],"author":[{"embeddable":true,"href":"https:\/\/www.grieta.org.mx\/index.php\/wp-json\/wp\/v2\/users\/2"}],"replies":[{"embeddable":true,"href":"https:\/\/www.grieta.org.mx\/index.php\/wp-json\/wp\/v2\/comments?post=43811"}],"version-history":[{"count":1,"href":"https:\/\/www.grieta.org.mx\/index.php\/wp-json\/wp\/v2\/posts\/43811\/revisions"}],"predecessor-version":[{"id":43813,"href":"https:\/\/www.grieta.org.mx\/index.php\/wp-json\/wp\/v2\/posts\/43811\/revisions\/43813"}],"wp:featuredmedia":[{"embeddable":true,"href":"https:\/\/www.grieta.org.mx\/index.php\/wp-json\/wp\/v2\/media\/43812"}],"wp:attachment":[{"href":"https:\/\/www.grieta.org.mx\/index.php\/wp-json\/wp\/v2\/media?parent=43811"}],"wp:term":[{"taxonomy":"category","embeddable":true,"href":"https:\/\/www.grieta.org.mx\/index.php\/wp-json\/wp\/v2\/categories?post=43811"},{"taxonomy":"post_tag","embeddable":true,"href":"https:\/\/www.grieta.org.mx\/index.php\/wp-json\/wp\/v2\/tags?post=43811"}],"curies":[{"name":"wp","href":"https:\/\/api.w.org\/{rel}","templated":true}]}}