{"id":4381,"date":"2015-11-16T00:00:43","date_gmt":"2015-11-16T00:00:43","guid":{"rendered":"http:\/\/50.22.11.12\/~grietaor\/?p=4381"},"modified":"2016-03-23T00:05:29","modified_gmt":"2016-03-23T00:05:29","slug":"next-energy-invertira-us100-millones-en-nl","status":"publish","type":"post","link":"https:\/\/www.grieta.org.mx\/index.php\/2015\/11\/16\/next-energy-invertira-us100-millones-en-nl\/","title":{"rendered":"Next Energy invertir\u00e1 US100 millones en NL"},"content":{"rendered":"<p>El Economista<\/p>\n<p>Provee electricidad a varios municipios, la mayor\u00eda de los cuales le deben en conjunto $40 millones.<\/p>\n<p>LOURDES FLORES<\/p>\n<p>Monterrey, NL. Next Energy invertir\u00e1 100 millones de d\u00f3lares en el 2016, en la ampliaci\u00f3n de un parque e\u00f3lico ubicado en el municipio de Santa Catarina, as\u00ed como en integrar tecnolog\u00eda de paneles solares para incrementar su oferta de energ\u00eda renovable, afirm\u00f3 H\u00e9ctor Mart\u00ednez Vivas, director general de la compa\u00f1\u00eda.<\/p>\n<p>\u201cVamos a ampliar esa planta con otros 55 megawatts de energ\u00eda e\u00f3lica y 14 turbinas, adem\u00e1s, vamos a tener 50 megawatts de paneles solares\u201d, afirm\u00f3 el directivo, al t\u00e9rmino del Foro de Proyectos de Infraestructura M\u00e9xico, en esta ciudad.<\/p>\n<p>\u201cEstamos hablando de 100 millones de d\u00f3lares de inversi\u00f3n, normalmente (buscamos) fondos de capital privado en Europa y Estados Unidos\u201d, indic\u00f3 el CEO de Next Energy.<\/p>\n<p>En el 2013, la compa\u00f1\u00eda de origen estadounidense, junto con Comexhidro Viento y Conduit Capital invirti\u00f3 50 millones de d\u00f3lares en la construcci\u00f3n del primer parque e\u00f3lico en Nuevo Le\u00f3n.<\/p>\n<p>La planta E\u00f3lica Santa Catarina se localiza sobre la carretera Monterrey\u2013Saltillo kil\u00f3metro 47.5, cuenta con ocho aerogeneradores de 135 metros de altura, con capacidad instalada de 22 megawatts.<\/p>\n<p>Esto le permite actualmente a Next Energy suministrar energ\u00eda el\u00e9ctrica para servicios p\u00fablicos a los municipios de Santa Catarina, Monterrey, San Pedro Garza Garc\u00eda, Apodaca, Escobedo, San Nicol\u00e1s de los Garza y Los Ramones.<\/p>\n<p>Se estima que con los 22 megawatts, el parque e\u00f3lico podr\u00eda proveer electricidad durante 20 a\u00f1os y generar ahorros a los municipios, seg\u00fan estim\u00f3 entonces Carlos Jinich, gerente general de Comexhidro.<\/p>\n<p>Sin embargo, le deben<\/p>\n<p>Pero el inconveniente es que Next Energy enfrenta adeudos de varios municipios, entre ellos la anterior administraci\u00f3n de Monterrey.<\/p>\n<p>\u201cTenemos varios meses en los que no se pagan las facturas, ya se fueron los (mun\u00edcipes responsables) del consumo de esa energ\u00eda, estamos en proceso de tratar de recuperar lo que se nos debe (\u2026) sumado alcanza 40 millones de pesos\u201d, afirm\u00f3.<\/p>\n<p>Coment\u00f3 que aunque el gobierno estatal \u201cni la debe ni la teme, los municipios argumentan que el Estado tiene un adeudo con ellos y por eso no les pagan\u201d.<\/p>\n<p>Reiter\u00f3 que con esta expansi\u00f3n prevista para el pr\u00f3ximo a\u00f1o seguir\u00e1n surtiendo energ\u00eda a los municipios pagadores, como San Pedro Garza Garc\u00eda y Apodaca.<\/p>\n<p><a href=\"http:\/\/eleconomista.com.mx\/estados\/2015\/11\/16\/next-energy-invertira-us100-millones-nl\" target=\"_blank\">eleconomista.com.mx\/estados\/2015\/11\/16\/next-energy-invertira-us100-millones-nl<\/a><\/p>\n","protected":false},"excerpt":{"rendered":"<p>El Economista Provee electricidad a varios municipios, la mayor\u00eda de los cuales le deben en conjunto $40 millones. LOURDES FLORES Monterrey, NL. Next Energy invertir\u00e1 100 millones de d\u00f3lares en &hellip; <a href=\"https:\/\/www.grieta.org.mx\/index.php\/2015\/11\/16\/next-energy-invertira-us100-millones-en-nl\/\" class=\"more-link\">Leer m\u00e1s<\/a><\/p>\n","protected":false},"author":2,"featured_media":21928,"comment_status":"closed","ping_status":"open","sticky":false,"template":"","format":"standard","meta":{"ngg_post_thumbnail":0,"_jetpack_newsletter_access":"","_jetpack_dont_email_post_to_subs":false,"_jetpack_newsletter_tier_id":0,"_jetpack_memberships_contains_paywalled_content":false,"_jetpack_memberships_contains_paid_content":false,"footnotes":""},"categories":[80,202,37],"tags":[177,262],"class_list":["post-4381","post","type-post","status-publish","format-standard","has-post-thumbnail","hentry","category-cintillo","category-nuevo-leon","category-parques-eolicos","tag-parque-eolico","tag-parque-solar","entry"],"jetpack_featured_media_url":"https:\/\/www.grieta.org.mx\/wp-content\/uploads\/2018\/03\/14524434_1106112876131411_958039263622046936_o.jpg","jetpack_sharing_enabled":true,"jetpack_shortlink":"https:\/\/wp.me\/p7ZJR4-18F","jetpack_likes_enabled":false,"jetpack-related-posts":[{"id":4378,"url":"https:\/\/www.grieta.org.mx\/index.php\/2016\/05\/30\/instalacion-de-parques-eolicos-y-de-paneles-solares-en-nuevo-leon\/","url_meta":{"origin":4381,"position":0},"title":"Parques e\u00f3licos y de paneles solares en Nuevo Le\u00f3n","author":"grieta","date":"30 mayo, 2016","format":false,"excerpt":"23\/05\/16. Destaca NL en energ\u00edas limpias: ColdwellEl Financiero 31\/01\/16. Hay 25 proyectos de energ\u00eda en proceso en Nuevo Le\u00f3n El Economista 16\/11\/15. Next Energy invertir\u00e1 US100 millones en NL El Economista","rel":"","context":"En &quot;NOTICIAS NACIONALES&quot;","block_context":{"text":"NOTICIAS NACIONALES","link":"https:\/\/www.grieta.org.mx\/index.php\/category\/noticias-nacionales\/"},"img":{"alt_text":"","src":"https:\/\/i0.wp.com\/www.grieta.org.mx\/wp-content\/uploads\/2018\/03\/14524434_1106112876131411_958039263622046936_o.jpg?resize=350%2C200&ssl=1","width":350,"height":200,"srcset":"https:\/\/i0.wp.com\/www.grieta.org.mx\/wp-content\/uploads\/2018\/03\/14524434_1106112876131411_958039263622046936_o.jpg?resize=350%2C200&ssl=1 1x, https:\/\/i0.wp.com\/www.grieta.org.mx\/wp-content\/uploads\/2018\/03\/14524434_1106112876131411_958039263622046936_o.jpg?resize=525%2C300&ssl=1 1.5x, https:\/\/i0.wp.com\/www.grieta.org.mx\/wp-content\/uploads\/2018\/03\/14524434_1106112876131411_958039263622046936_o.jpg?resize=700%2C400&ssl=1 2x"},"classes":[]},{"id":3075,"url":"https:\/\/www.grieta.org.mx\/index.php\/2015\/12\/15\/preven-900-mdd-para-energia-solar-tamaulipas\/","url_meta":{"origin":4381,"position":1},"title":"Prev\u00e9n 900 mdd para energ\u00eda solar (Tamaulipas)","author":"grieta","date":"15 diciembre, 2015","format":false,"excerpt":"El Mercurio de Tamaulipas Con el impulso de la reci\u00e9n aprobada LTE, en 2016 se invertir\u00e1n 900 millones de d\u00f3lares para sumar hasta 600 megawatts en tecnolog\u00eda solar en M\u00e9xico Jos\u00e9 Alberto Vald\u00e9s, presidente de la ANES. M\u00c9XICO, D.F.- Con el impulso de la reci\u00e9n aprobada Ley de Transici\u00f3n Energ\u00e9tica\u2026","rel":"","context":"En &quot;CINTILLO&quot;","block_context":{"text":"CINTILLO","link":"https:\/\/www.grieta.org.mx\/index.php\/category\/cintillo\/"},"img":{"alt_text":"","src":"https:\/\/i0.wp.com\/www.grieta.org.mx\/wp-content\/uploads\/2018\/03\/14524434_1106112876131411_958039263622046936_o.jpg?resize=350%2C200&ssl=1","width":350,"height":200,"srcset":"https:\/\/i0.wp.com\/www.grieta.org.mx\/wp-content\/uploads\/2018\/03\/14524434_1106112876131411_958039263622046936_o.jpg?resize=350%2C200&ssl=1 1x, https:\/\/i0.wp.com\/www.grieta.org.mx\/wp-content\/uploads\/2018\/03\/14524434_1106112876131411_958039263622046936_o.jpg?resize=525%2C300&ssl=1 1.5x, https:\/\/i0.wp.com\/www.grieta.org.mx\/wp-content\/uploads\/2018\/03\/14524434_1106112876131411_958039263622046936_o.jpg?resize=700%2C400&ssl=1 2x"},"classes":[]},{"id":17381,"url":"https:\/\/www.grieta.org.mx\/index.php\/2016\/07\/21\/con-inversion-de-350-mdd-arranca-parque-eolico-en-zacatecas\/","url_meta":{"origin":4381,"position":2},"title":"Con inversi\u00f3n de 350 mdd, arranca parque e\u00f3lico en Zacatecas","author":"grieta","date":"21 julio, 2016","format":false,"excerpt":"M\u00e9xico Power Group desarrolla el proyecto 'La Bufa', que estar\u00e1 integrado por 90 torres instaladas en una superficie mayor a 11 mil hect\u00e1reas. Corresponsal Isa\u00edas Le\u00f3n 21.07.2016 GUADALUPE, Zacatecas.- M\u00e9xico Power Group invertir\u00e1 350 millones de d\u00f3lares en la construcci\u00f3n de un parque de energ\u00eda e\u00f3lica en el estado de\u2026","rel":"","context":"En &quot;CINTILLO&quot;","block_context":{"text":"CINTILLO","link":"https:\/\/www.grieta.org.mx\/index.php\/category\/cintillo\/"},"img":{"alt_text":"","src":"https:\/\/i0.wp.com\/www.grieta.org.mx\/wp-content\/uploads\/2018\/03\/14524434_1106112876131411_958039263622046936_o.jpg?resize=350%2C200&ssl=1","width":350,"height":200,"srcset":"https:\/\/i0.wp.com\/www.grieta.org.mx\/wp-content\/uploads\/2018\/03\/14524434_1106112876131411_958039263622046936_o.jpg?resize=350%2C200&ssl=1 1x, https:\/\/i0.wp.com\/www.grieta.org.mx\/wp-content\/uploads\/2018\/03\/14524434_1106112876131411_958039263622046936_o.jpg?resize=525%2C300&ssl=1 1.5x, https:\/\/i0.wp.com\/www.grieta.org.mx\/wp-content\/uploads\/2018\/03\/14524434_1106112876131411_958039263622046936_o.jpg?resize=700%2C400&ssl=1 2x"},"classes":[]},{"id":15796,"url":"https:\/\/www.grieta.org.mx\/index.php\/2016\/07\/01\/coahuila-con-el-parque-solar-mas-grande-de-al\/","url_meta":{"origin":4381,"position":3},"title":"Coahuila, con el parque solar m\u00e1s grande de AL","author":"grieta","date":"1 julio, 2016","format":false,"excerpt":"Se colocar\u00e1n m\u00e1s de 2 millones de paneles Coahuila tendr\u00e1 el parque solar m\u00e1s grande de Latinoam\u00e9rica. La obra se ubicar\u00e1 en la regi\u00f3n Laguna y se proyecta poner m\u00e1s de 2 millones de paneles solares, que estar\u00e1n a cargo de Enel Green Power, inform\u00f3 en un comunicado Rub\u00e9n Moreira\u2026","rel":"","context":"En &quot;CINTILLO&quot;","block_context":{"text":"CINTILLO","link":"https:\/\/www.grieta.org.mx\/index.php\/category\/cintillo\/"},"img":{"alt_text":"","src":"https:\/\/i0.wp.com\/www.grieta.org.mx\/wp-content\/uploads\/2018\/03\/14524434_1106112876131411_958039263622046936_o.jpg?resize=350%2C200&ssl=1","width":350,"height":200,"srcset":"https:\/\/i0.wp.com\/www.grieta.org.mx\/wp-content\/uploads\/2018\/03\/14524434_1106112876131411_958039263622046936_o.jpg?resize=350%2C200&ssl=1 1x, https:\/\/i0.wp.com\/www.grieta.org.mx\/wp-content\/uploads\/2018\/03\/14524434_1106112876131411_958039263622046936_o.jpg?resize=525%2C300&ssl=1 1.5x, https:\/\/i0.wp.com\/www.grieta.org.mx\/wp-content\/uploads\/2018\/03\/14524434_1106112876131411_958039263622046936_o.jpg?resize=700%2C400&ssl=1 2x"},"classes":[]},{"id":2795,"url":"https:\/\/www.grieta.org.mx\/index.php\/2015\/07\/14\/enel-green-power-inicia-parque-eolico-en-zacatecas\/","url_meta":{"origin":4381,"position":4},"title":"Enel Green Power inicia parque e\u00f3lico en Zacatecas","author":"grieta","date":"14 julio, 2015","format":false,"excerpt":"Express Zacatecas Enel Green Power inicia parque e\u00f3lico en Zacatecas 14 Julio 2015 Escrito por Redacci\u00f3n La empresa italiana l\u00edder, invertir\u00e1 220 millones de d\u00f3lares en los municipios de Mazapil y Villa de Cos. \u201cVientos del Altiplano\u201d, tendr\u00e1 una capacidad instalada total de 100 MW y ser\u00e1 capaz de generar\u2026","rel":"","context":"En &quot;CINTILLO&quot;","block_context":{"text":"CINTILLO","link":"https:\/\/www.grieta.org.mx\/index.php\/category\/cintillo\/"},"img":{"alt_text":"","src":"https:\/\/i0.wp.com\/www.grieta.org.mx\/wp-content\/uploads\/2018\/03\/14524434_1106112876131411_958039263622046936_o.jpg?resize=350%2C200&ssl=1","width":350,"height":200,"srcset":"https:\/\/i0.wp.com\/www.grieta.org.mx\/wp-content\/uploads\/2018\/03\/14524434_1106112876131411_958039263622046936_o.jpg?resize=350%2C200&ssl=1 1x, https:\/\/i0.wp.com\/www.grieta.org.mx\/wp-content\/uploads\/2018\/03\/14524434_1106112876131411_958039263622046936_o.jpg?resize=525%2C300&ssl=1 1.5x, https:\/\/i0.wp.com\/www.grieta.org.mx\/wp-content\/uploads\/2018\/03\/14524434_1106112876131411_958039263622046936_o.jpg?resize=700%2C400&ssl=1 2x"},"classes":[]},{"id":4339,"url":"https:\/\/www.grieta.org.mx\/index.php\/2015\/07\/21\/proyectan-cuatro-parques-eolicos-en-puebla-jalisco-zacatecas-y-tamaulipas\/","url_meta":{"origin":4381,"position":5},"title":"Proyectan cuatro parques e\u00f3licos en Puebla, Jalisco, Zacatecas y Tamaulipas","author":"grieta","date":"21 julio, 2015","format":false,"excerpt":"El Economista JES\u00daS V\u00c1ZQUEZ Y MIGUEL HERN\u00c1NDEZ Canc\u00fan, QR. Tres parques e\u00f3licos buscan sus respectivas aprobaciones ambientales en Puebla, Jalisco y Zacatecas, mientras que un cuarto denominado Parque E\u00f3lico Reynosa, en Tamaulipas, recibi\u00f3 ya luz verde por parte de la Secretar\u00eda de Medio Ambiente y Recursos Naturales (Semarnat). Se trata\u2026","rel":"","context":"En &quot;CINTILLO&quot;","block_context":{"text":"CINTILLO","link":"https:\/\/www.grieta.org.mx\/index.php\/category\/cintillo\/"},"img":{"alt_text":"","src":"https:\/\/i0.wp.com\/www.grieta.org.mx\/wp-content\/uploads\/2018\/03\/14524434_1106112876131411_958039263622046936_o.jpg?resize=350%2C200&ssl=1","width":350,"height":200,"srcset":"https:\/\/i0.wp.com\/www.grieta.org.mx\/wp-content\/uploads\/2018\/03\/14524434_1106112876131411_958039263622046936_o.jpg?resize=350%2C200&ssl=1 1x, https:\/\/i0.wp.com\/www.grieta.org.mx\/wp-content\/uploads\/2018\/03\/14524434_1106112876131411_958039263622046936_o.jpg?resize=525%2C300&ssl=1 1.5x, https:\/\/i0.wp.com\/www.grieta.org.mx\/wp-content\/uploads\/2018\/03\/14524434_1106112876131411_958039263622046936_o.jpg?resize=700%2C400&ssl=1 2x"},"classes":[]}],"_links":{"self":[{"href":"https:\/\/www.grieta.org.mx\/index.php\/wp-json\/wp\/v2\/posts\/4381","targetHints":{"allow":["GET"]}}],"collection":[{"href":"https:\/\/www.grieta.org.mx\/index.php\/wp-json\/wp\/v2\/posts"}],"about":[{"href":"https:\/\/www.grieta.org.mx\/index.php\/wp-json\/wp\/v2\/types\/post"}],"author":[{"embeddable":true,"href":"https:\/\/www.grieta.org.mx\/index.php\/wp-json\/wp\/v2\/users\/2"}],"replies":[{"embeddable":true,"href":"https:\/\/www.grieta.org.mx\/index.php\/wp-json\/wp\/v2\/comments?post=4381"}],"version-history":[{"count":1,"href":"https:\/\/www.grieta.org.mx\/index.php\/wp-json\/wp\/v2\/posts\/4381\/revisions"}],"predecessor-version":[{"id":4383,"href":"https:\/\/www.grieta.org.mx\/index.php\/wp-json\/wp\/v2\/posts\/4381\/revisions\/4383"}],"wp:featuredmedia":[{"embeddable":true,"href":"https:\/\/www.grieta.org.mx\/index.php\/wp-json\/wp\/v2\/media\/21928"}],"wp:attachment":[{"href":"https:\/\/www.grieta.org.mx\/index.php\/wp-json\/wp\/v2\/media?parent=4381"}],"wp:term":[{"taxonomy":"category","embeddable":true,"href":"https:\/\/www.grieta.org.mx\/index.php\/wp-json\/wp\/v2\/categories?post=4381"},{"taxonomy":"post_tag","embeddable":true,"href":"https:\/\/www.grieta.org.mx\/index.php\/wp-json\/wp\/v2\/tags?post=4381"}],"curies":[{"name":"wp","href":"https:\/\/api.w.org\/{rel}","templated":true}]}}