{"id":43807,"date":"2020-01-24T14:44:08","date_gmt":"2020-01-24T20:44:08","guid":{"rendered":"http:\/\/www.grieta.org.mx\/?p=43807"},"modified":"2020-02-01T14:56:09","modified_gmt":"2020-02-01T20:56:09","slug":"hay-desabasto-de-medicamentos-para-la-atencion-de-cancer-infantil-jalisco","status":"publish","type":"post","link":"https:\/\/www.grieta.org.mx\/index.php\/2020\/01\/24\/hay-desabasto-de-medicamentos-para-la-atencion-de-cancer-infantil-jalisco\/","title":{"rendered":"Hay desabasto de medicamentos para la atenci\u00f3n de c\u00e1ncer infantil  (Jalisco)"},"content":{"rendered":"<p><img loading=\"lazy\" decoding=\"async\" data-attachment-id=\"43808\" data-permalink=\"https:\/\/www.grieta.org.mx\/index.php\/2020\/01\/24\/hay-desabasto-de-medicamentos-para-la-atencion-de-cancer-infantil-jalisco\/sin-seguro-popular-2\/\" data-orig-file=\"https:\/\/www.grieta.org.mx\/wp-content\/uploads\/2020\/02\/sin-seguro-popular-2.jpeg\" data-orig-size=\"768,479\" data-comments-opened=\"0\" data-image-meta=\"{&quot;aperture&quot;:&quot;0&quot;,&quot;credit&quot;:&quot;&quot;,&quot;camera&quot;:&quot;&quot;,&quot;caption&quot;:&quot;&quot;,&quot;created_timestamp&quot;:&quot;0&quot;,&quot;copyright&quot;:&quot;&quot;,&quot;focal_length&quot;:&quot;0&quot;,&quot;iso&quot;:&quot;0&quot;,&quot;shutter_speed&quot;:&quot;0&quot;,&quot;title&quot;:&quot;&quot;,&quot;orientation&quot;:&quot;0&quot;}\" data-image-title=\"sin seguro popular (2)\" data-image-description=\"\" data-image-caption=\"\" data-medium-file=\"https:\/\/www.grieta.org.mx\/wp-content\/uploads\/2020\/02\/sin-seguro-popular-2-300x187.jpeg\" data-large-file=\"https:\/\/www.grieta.org.mx\/wp-content\/uploads\/2020\/02\/sin-seguro-popular-2.jpeg\" class=\"aligncenter wp-image-43808\" src=\"http:\/\/www.grieta.org.mx\/wp-content\/uploads\/2020\/02\/sin-seguro-popular-2.jpeg\" alt=\"\" width=\"800\" height=\"499\" srcset=\"https:\/\/www.grieta.org.mx\/wp-content\/uploads\/2020\/02\/sin-seguro-popular-2.jpeg 768w, https:\/\/www.grieta.org.mx\/wp-content\/uploads\/2020\/02\/sin-seguro-popular-2-300x187.jpeg 300w\" sizes=\"auto, (max-width: 800px) 100vw, 800px\" \/><\/p>\n<p>Foto: Francisco Rodr\u00edguez \/ El Occidental<\/p>\n<p>Isaura L\u00f3pez \/ El Occidental<\/p>\n<p>Se lleg\u00f3 el d\u00eda que organizaciones civiles en Jalisco que velan por la salud de ni\u00f1as, ni\u00f1os y adolescentes con c\u00e1ncer tem\u00edan.<\/p>\n<p>En el Hospital General de Occidente (HGO) conocido como Zoquipan y en el Nuevo Hospital Civil de Guadalajara Juan I. Menchaca no hay vincristina, f\u00e1rmaco utilizado contra la leucemia aguda, inform\u00f3 la Asociaci\u00f3n Civil.<\/p>\n<p>El director General de los Hospitales Civiles de Guadalajara, Jaime Andrade Villanueva, confirm\u00f3 que en las unidades m\u00e9dicas Fray Antonio Alcalde y Juan I. Menchaca<b>\u00a0hay desabasto de medicamentos<\/b> para la atenci\u00f3n de c\u00e1ncer infantil.<\/p>\n<p>Andrade Villanueva advirti\u00f3 que la falta de medicamentos e insumos se presenta en varias \u00e1reas de alta especialidad lo atribuy\u00f3 al retraso de la compra consolidada de medicamentos por parte del Gobierno Federal.<\/p>\n<p>Por otro lado, derechohabientes del Instituto Mexicano del Seguro Social (IMSS) denuncian la falta de medicamentos, principalmente para personas con diabetes mellitus e hipertensi\u00f3n.<\/p>\n<p>Algunas personas tiene que hacer filas en los m\u00f3dulos de orientaci\u00f3n para que les entreguen un vale para el surtimiento del tratamiento faltante, estas historias son constantes a decir de varios entrevistados.<\/p>\n<p><a href=\"https:\/\/www.eloccidental.com.mx\/local\/hay-desabasto-de-medicamentos-para-la-atencion-de-cancer-infantil-4747197.html\">https:\/\/www.eloccidental.com.mx\/local\/hay-desabasto-de-medicamentos-para-la-atencion-de-cancer-infantil-4747197.html<\/a><\/p>\n","protected":false},"excerpt":{"rendered":"<p>Foto: Francisco Rodr\u00edguez \/ El Occidental Isaura L\u00f3pez \/ El Occidental Se lleg\u00f3 el d\u00eda que organizaciones civiles en Jalisco que velan por la salud de ni\u00f1as, ni\u00f1os y adolescentes &hellip; <a href=\"https:\/\/www.grieta.org.mx\/index.php\/2020\/01\/24\/hay-desabasto-de-medicamentos-para-la-atencion-de-cancer-infantil-jalisco\/\" class=\"more-link\">Leer m\u00e1s<\/a><\/p>\n","protected":false},"author":2,"featured_media":43808,"comment_status":"closed","ping_status":"closed","sticky":false,"template":"","format":"standard","meta":{"ngg_post_thumbnail":0,"_jetpack_newsletter_access":"","_jetpack_dont_email_post_to_subs":false,"_jetpack_newsletter_tier_id":0,"_jetpack_memberships_contains_paywalled_content":false,"_jetpack_memberships_contains_paid_content":false,"footnotes":""},"categories":[80,918,2535,20,1827,2303,2,83],"tags":[2367,2551,166,2362],"class_list":["post-43807","post","type-post","status-publish","format-standard","has-post-thumbnail","hentry","category-cintillo","category-privatizacion-del-sector-salud","category-crisis-del-sector-salud-en-jalisco","category-jalisco","category-la-ninez-en-la-tormenta-capitalista","category-la-ninez-en-la-tormenta-en-jalisco","category-noticias-nacionales","category-temas-nacionales","tag-crisis-en-el-sector-salud","tag-falta-de-medicinas","tag-imss","tag-la-ninez-en-la-tormenta","entry"],"jetpack_featured_media_url":"https:\/\/www.grieta.org.mx\/wp-content\/uploads\/2020\/02\/sin-seguro-popular-2.jpeg","jetpack_sharing_enabled":true,"jetpack_shortlink":"https:\/\/wp.me\/p7ZJR4-boz","jetpack_likes_enabled":false,"jetpack-related-posts":[{"id":45036,"url":"https:\/\/www.grieta.org.mx\/index.php\/2020\/02\/19\/hay-urgencia-nacional-de-medicamentos-contra-el-cancer-nariz-roja-jalisco\/","url_meta":{"origin":43807,"position":0},"title":"Hay urgencia nacional de medicamentos contra el c\u00e1ncer: Nariz Roja (Jalisco)","author":"grieta","date":"19 febrero, 2020","format":false,"excerpt":"Foto: El Occidental- Archivo Isaura L\u00f3pez \/ El Occidental Sin medicamentos no hay lucha contra el c\u00e1ncer. La Asociaci\u00f3n Civil Nariz Roja anuncia que no participar\u00e1 en el evento de la Secretar\u00eda de Salud Jalisco (SSJ) ante el desabasto de medicinas que hay en M\u00e9xico y en el territorio jalisciense\u2026","rel":"","context":"En &quot;CINTILLO&quot;","block_context":{"text":"CINTILLO","link":"https:\/\/www.grieta.org.mx\/index.php\/category\/cintillo\/"},"img":{"alt_text":"","src":"https:\/\/i0.wp.com\/www.grieta.org.mx\/wp-content\/uploads\/2020\/02\/exigen-medicamentos.jpg?resize=350%2C200&ssl=1","width":350,"height":200,"srcset":"https:\/\/i0.wp.com\/www.grieta.org.mx\/wp-content\/uploads\/2020\/02\/exigen-medicamentos.jpg?resize=350%2C200&ssl=1 1x, https:\/\/i0.wp.com\/www.grieta.org.mx\/wp-content\/uploads\/2020\/02\/exigen-medicamentos.jpg?resize=525%2C300&ssl=1 1.5x, https:\/\/i0.wp.com\/www.grieta.org.mx\/wp-content\/uploads\/2020\/02\/exigen-medicamentos.jpg?resize=700%2C400&ssl=1 2x"},"classes":[]},{"id":51509,"url":"https:\/\/www.grieta.org.mx\/index.php\/2020\/07\/03\/por-el-derecho-a-vivir-se-manifiestan-familiares-de-ninos-con-cancer-jalisco\/","url_meta":{"origin":43807,"position":1},"title":"\u201c\u00a1Por el derecho a vivir!\u201d, se manifiestan familiares de ni\u00f1os con c\u00e1ncer (Jalisco)","author":"grieta","date":"3 julio, 2020","format":false,"excerpt":"Foto: V\u00edctor Ch\u00e1vez Aseguran que los medicamentos llegan a cuentagotas o simplemente no llegan y muchos de ellos tienen que adquirirlos en el extranjero, pero a muy alto costo V\u00edctor Chavez \/ El Occidental Con el sol a plomo, padres, t\u00edos y abuelos de ni\u00f1os con c\u00e1ncer, algunos a pie\u2026","rel":"","context":"En &quot;CINTILLO&quot;","block_context":{"text":"CINTILLO","link":"https:\/\/www.grieta.org.mx\/index.php\/category\/cintillo\/"},"img":{"alt_text":"","src":"https:\/\/i0.wp.com\/www.grieta.org.mx\/wp-content\/uploads\/2020\/07\/Marcha-ni%C3%B1os-con-c%C3%A1ncer.jpg?resize=350%2C200&ssl=1","width":350,"height":200,"srcset":"https:\/\/i0.wp.com\/www.grieta.org.mx\/wp-content\/uploads\/2020\/07\/Marcha-ni%C3%B1os-con-c%C3%A1ncer.jpg?resize=350%2C200&ssl=1 1x, https:\/\/i0.wp.com\/www.grieta.org.mx\/wp-content\/uploads\/2020\/07\/Marcha-ni%C3%B1os-con-c%C3%A1ncer.jpg?resize=525%2C300&ssl=1 1.5x, https:\/\/i0.wp.com\/www.grieta.org.mx\/wp-content\/uploads\/2020\/07\/Marcha-ni%C3%B1os-con-c%C3%A1ncer.jpg?resize=700%2C400&ssl=1 2x"},"classes":[]},{"id":58981,"url":"https:\/\/www.grieta.org.mx\/index.php\/2021\/04\/21\/padres-protestan-por-falta-de-farmacos-para-sus-hijos\/","url_meta":{"origin":43807,"position":2},"title":"Padres protestan por falta de f\u00e1rmacos para sus hijos (Jalisco)","author":"grieta","date":"21 abril, 2021","format":false,"excerpt":"Foto: Jorge Alberto Mendoza Lauro Rodr\u00edguez \/\u00a0 El Diario NTR Ni\u00f1os con el s\u00edndrome de Morquio tipo A y sus padres se manifestaron ayer a las afueras de la Secretar\u00eda de Salud Jalisco (SSJ) para exigir que compre el medicamento para tratar la enfermedad. Los peque\u00f1os no cuentan con los\u2026","rel":"","context":"En &quot;CINTILLO&quot;","block_context":{"text":"CINTILLO","link":"https:\/\/www.grieta.org.mx\/index.php\/category\/cintillo\/"},"img":{"alt_text":"","src":"https:\/\/i0.wp.com\/www.grieta.org.mx\/wp-content\/uploads\/2021\/04\/2021-04-20_11-04-13___3518.jpg?resize=350%2C200&ssl=1","width":350,"height":200,"srcset":"https:\/\/i0.wp.com\/www.grieta.org.mx\/wp-content\/uploads\/2021\/04\/2021-04-20_11-04-13___3518.jpg?resize=350%2C200&ssl=1 1x, https:\/\/i0.wp.com\/www.grieta.org.mx\/wp-content\/uploads\/2021\/04\/2021-04-20_11-04-13___3518.jpg?resize=525%2C300&ssl=1 1.5x, https:\/\/i0.wp.com\/www.grieta.org.mx\/wp-content\/uploads\/2021\/04\/2021-04-20_11-04-13___3518.jpg?resize=700%2C400&ssl=1 2x"},"classes":[]},{"id":47932,"url":"https:\/\/www.grieta.org.mx\/index.php\/2020\/04\/15\/no-responde-la-universidad-autonoma-de-guadalajara-medicos-pasantes-jalisco\/","url_meta":{"origin":43807,"position":3},"title":"No responde la Universidad Aut\u00f3noma de Guadalajara: M\u00e9dicos pasantes (Jalisco)","author":"grieta","date":"15 abril, 2020","format":false,"excerpt":"Foto: Ilustratia tomada de www.uag.mx\/#services Los alumnos con preocupaci\u00f3n expresan que necesario ser atendidos para que puedan terminar su registro para el examen nacional de residencias m\u00e9dicas (Enarm) Rosario Bare\u00f1o \/ El Occidental A pesar de la reuni\u00f3n que sostuvieron autoridades de la Cruz Roja con m\u00e9dicos pasantes de la\u2026","rel":"","context":"En &quot;CINTILLO&quot;","block_context":{"text":"CINTILLO","link":"https:\/\/www.grieta.org.mx\/index.php\/category\/cintillo\/"},"img":{"alt_text":"","src":"https:\/\/i0.wp.com\/www.grieta.org.mx\/wp-content\/uploads\/2020\/04\/UAG-Hospital-Angel-Leano-atendera-Coronavirus-2-.jpg?resize=350%2C200&ssl=1","width":350,"height":200,"srcset":"https:\/\/i0.wp.com\/www.grieta.org.mx\/wp-content\/uploads\/2020\/04\/UAG-Hospital-Angel-Leano-atendera-Coronavirus-2-.jpg?resize=350%2C200&ssl=1 1x, https:\/\/i0.wp.com\/www.grieta.org.mx\/wp-content\/uploads\/2020\/04\/UAG-Hospital-Angel-Leano-atendera-Coronavirus-2-.jpg?resize=525%2C300&ssl=1 1.5x, https:\/\/i0.wp.com\/www.grieta.org.mx\/wp-content\/uploads\/2020\/04\/UAG-Hospital-Angel-Leano-atendera-Coronavirus-2-.jpg?resize=700%2C400&ssl=1 2x, https:\/\/i0.wp.com\/www.grieta.org.mx\/wp-content\/uploads\/2020\/04\/UAG-Hospital-Angel-Leano-atendera-Coronavirus-2-.jpg?resize=1050%2C600&ssl=1 3x, https:\/\/i0.wp.com\/www.grieta.org.mx\/wp-content\/uploads\/2020\/04\/UAG-Hospital-Angel-Leano-atendera-Coronavirus-2-.jpg?resize=1400%2C800&ssl=1 4x"},"classes":[]},{"id":51341,"url":"https:\/\/www.grieta.org.mx\/index.php\/2020\/06\/24\/cae-mas-personal-medico-contagiado-por-covid-19-jalisco\/","url_meta":{"origin":43807,"position":4},"title":"Cae m\u00e1s personal m\u00e9dico contagiado por Covid-19 (Jalisco)","author":"grieta","date":"24 junio, 2020","format":false,"excerpt":"Foto: Cuartoscuro V\u00edctor Ch\u00e1vez \/ El Occidental Con 14 casos m\u00e1s de contagios por Covid-19 entre personal m\u00e9dico, se lleg\u00f3 ya a 355 y es Guadalajara el municipio que abarca casi dos terceras partes y junto con Puerto Vallarta, con 85, evidentemente fueron alcanzados por el gran n\u00famero de personas\u2026","rel":"","context":"En &quot;CINTILLO&quot;","block_context":{"text":"CINTILLO","link":"https:\/\/www.grieta.org.mx\/index.php\/category\/cintillo\/"},"img":{"alt_text":"","src":"https:\/\/i0.wp.com\/www.grieta.org.mx\/wp-content\/uploads\/2020\/06\/Personal-m%C3%A9dico.jpg?resize=350%2C200&ssl=1","width":350,"height":200,"srcset":"https:\/\/i0.wp.com\/www.grieta.org.mx\/wp-content\/uploads\/2020\/06\/Personal-m%C3%A9dico.jpg?resize=350%2C200&ssl=1 1x, https:\/\/i0.wp.com\/www.grieta.org.mx\/wp-content\/uploads\/2020\/06\/Personal-m%C3%A9dico.jpg?resize=525%2C300&ssl=1 1.5x, https:\/\/i0.wp.com\/www.grieta.org.mx\/wp-content\/uploads\/2020\/06\/Personal-m%C3%A9dico.jpg?resize=700%2C400&ssl=1 2x"},"classes":[]},{"id":38830,"url":"https:\/\/www.grieta.org.mx\/index.php\/2019\/09\/05\/protestan-por-falta-de-medicamentos-contra-el-cancer-jalisco\/","url_meta":{"origin":43807,"position":5},"title":"Protestan por falta de medicamentos contra el c\u00e1ncer (Jalisco)","author":"grieta","date":"5 septiembre, 2019","format":false,"excerpt":"Foto: R. Rivas - El Informador Afectados explican que desde el pasado 20 de agosto no tienen tratamiento en el Hospital de Zapoquipan Rodrigo Rivas Uribe \/ El Informador Familiares de pacientes con c\u00e1ncer se manifestaron frente al Congreso de Jalisco\u00a0para\u00a0denunciar el desabasto de los medicamentos en hospitales p\u00fablicos\u00a0mismos que\u2026","rel":"","context":"En &quot;CINTILLO&quot;","block_context":{"text":"CINTILLO","link":"https:\/\/www.grieta.org.mx\/index.php\/category\/cintillo\/"},"img":{"alt_text":"","src":"https:\/\/i0.wp.com\/www.grieta.org.mx\/wp-content\/uploads\/2019\/09\/el_info__crop1567711099611.jpg_1970638775.jpg?resize=350%2C200&ssl=1","width":350,"height":200,"srcset":"https:\/\/i0.wp.com\/www.grieta.org.mx\/wp-content\/uploads\/2019\/09\/el_info__crop1567711099611.jpg_1970638775.jpg?resize=350%2C200&ssl=1 1x, https:\/\/i0.wp.com\/www.grieta.org.mx\/wp-content\/uploads\/2019\/09\/el_info__crop1567711099611.jpg_1970638775.jpg?resize=525%2C300&ssl=1 1.5x, https:\/\/i0.wp.com\/www.grieta.org.mx\/wp-content\/uploads\/2019\/09\/el_info__crop1567711099611.jpg_1970638775.jpg?resize=700%2C400&ssl=1 2x"},"classes":[]}],"_links":{"self":[{"href":"https:\/\/www.grieta.org.mx\/index.php\/wp-json\/wp\/v2\/posts\/43807","targetHints":{"allow":["GET"]}}],"collection":[{"href":"https:\/\/www.grieta.org.mx\/index.php\/wp-json\/wp\/v2\/posts"}],"about":[{"href":"https:\/\/www.grieta.org.mx\/index.php\/wp-json\/wp\/v2\/types\/post"}],"author":[{"embeddable":true,"href":"https:\/\/www.grieta.org.mx\/index.php\/wp-json\/wp\/v2\/users\/2"}],"replies":[{"embeddable":true,"href":"https:\/\/www.grieta.org.mx\/index.php\/wp-json\/wp\/v2\/comments?post=43807"}],"version-history":[{"count":1,"href":"https:\/\/www.grieta.org.mx\/index.php\/wp-json\/wp\/v2\/posts\/43807\/revisions"}],"predecessor-version":[{"id":43809,"href":"https:\/\/www.grieta.org.mx\/index.php\/wp-json\/wp\/v2\/posts\/43807\/revisions\/43809"}],"wp:featuredmedia":[{"embeddable":true,"href":"https:\/\/www.grieta.org.mx\/index.php\/wp-json\/wp\/v2\/media\/43808"}],"wp:attachment":[{"href":"https:\/\/www.grieta.org.mx\/index.php\/wp-json\/wp\/v2\/media?parent=43807"}],"wp:term":[{"taxonomy":"category","embeddable":true,"href":"https:\/\/www.grieta.org.mx\/index.php\/wp-json\/wp\/v2\/categories?post=43807"},{"taxonomy":"post_tag","embeddable":true,"href":"https:\/\/www.grieta.org.mx\/index.php\/wp-json\/wp\/v2\/tags?post=43807"}],"curies":[{"name":"wp","href":"https:\/\/api.w.org\/{rel}","templated":true}]}}