{"id":43804,"date":"2020-01-17T14:31:40","date_gmt":"2020-01-17T20:31:40","guid":{"rendered":"http:\/\/www.grieta.org.mx\/?p=43804"},"modified":"2020-02-01T14:42:31","modified_gmt":"2020-02-01T20:42:31","slug":"se-manifiestan-trabajadores-sindicalizados-de-tecoman-colima","status":"publish","type":"post","link":"https:\/\/www.grieta.org.mx\/index.php\/2020\/01\/17\/se-manifiestan-trabajadores-sindicalizados-de-tecoman-colima\/","title":{"rendered":"Se manifiestan trabajadores sindicalizados de Tecom\u00e1n (Colima)"},"content":{"rendered":"<p><img loading=\"lazy\" decoding=\"async\" data-attachment-id=\"43805\" data-permalink=\"https:\/\/www.grieta.org.mx\/index.php\/2020\/01\/17\/se-manifiestan-trabajadores-sindicalizados-de-tecoman-colima\/ayuntamiento-de-tecoman-1-e1507231558271-2\/\" data-orig-file=\"https:\/\/www.grieta.org.mx\/wp-content\/uploads\/2020\/02\/Ayuntamiento-de-Tecom\u00e1n-1-e1507231558271.jpg\" data-orig-size=\"993,640\" data-comments-opened=\"0\" data-image-meta=\"{&quot;aperture&quot;:&quot;0&quot;,&quot;credit&quot;:&quot;&quot;,&quot;camera&quot;:&quot;&quot;,&quot;caption&quot;:&quot;&quot;,&quot;created_timestamp&quot;:&quot;0&quot;,&quot;copyright&quot;:&quot;&quot;,&quot;focal_length&quot;:&quot;0&quot;,&quot;iso&quot;:&quot;0&quot;,&quot;shutter_speed&quot;:&quot;0&quot;,&quot;title&quot;:&quot;&quot;,&quot;orientation&quot;:&quot;0&quot;}\" data-image-title=\"Ayuntamiento-de-Tecom\u00e1n-1-e1507231558271\" data-image-description=\"\" data-image-caption=\"\" data-medium-file=\"https:\/\/www.grieta.org.mx\/wp-content\/uploads\/2020\/02\/Ayuntamiento-de-Tecom\u00e1n-1-e1507231558271-300x193.jpg\" data-large-file=\"https:\/\/www.grieta.org.mx\/wp-content\/uploads\/2020\/02\/Ayuntamiento-de-Tecom\u00e1n-1-e1507231558271.jpg\" class=\"aligncenter wp-image-43805\" src=\"http:\/\/www.grieta.org.mx\/wp-content\/uploads\/2020\/02\/Ayuntamiento-de-Tecom\u00e1n-1-e1507231558271.jpg\" alt=\"\" width=\"801\" height=\"516\" srcset=\"https:\/\/www.grieta.org.mx\/wp-content\/uploads\/2020\/02\/Ayuntamiento-de-Tecom\u00e1n-1-e1507231558271.jpg 993w, https:\/\/www.grieta.org.mx\/wp-content\/uploads\/2020\/02\/Ayuntamiento-de-Tecom\u00e1n-1-e1507231558271-300x193.jpg 300w, https:\/\/www.grieta.org.mx\/wp-content\/uploads\/2020\/02\/Ayuntamiento-de-Tecom\u00e1n-1-e1507231558271-768x495.jpg 768w, https:\/\/www.grieta.org.mx\/wp-content\/uploads\/2020\/02\/Ayuntamiento-de-Tecom\u00e1n-1-e1507231558271-776x500.jpg 776w\" sizes=\"auto, (max-width: 801px) 100vw, 801px\" \/><\/p>\n<p>Imagen: Ilustrativa<\/p>\n<p>Luis Rosales Ch\u00e1vez \/ Ecos de la Costa<\/p>\n<p>Trabajadores sindicalizados del Ayuntamiento de Tecom\u00e1n, encabezados por su l\u00edder Audelino Flores Jurado, se manifestaron en el exterior de la Presidencia Municipal para exigir al Gobierno de El\u00edas Lozano Ochoa el pago de la segunda parte del aguinaldo, que deber\u00eda haber sido depositada desde el pasado 15 de enero.<\/p>\n<p>En este sentido el l\u00edder sindical asegur\u00f3 que se requieren aproximadamente siete millones de pesos para el pago de esta prestaci\u00f3n y derecho que tienen todos los trabajadores y aunque precis\u00f3 que se les ha dicho que no hay dinero, se tiene conocimiento que actualmente el Ayuntamiento tiene alrededor de 11 millones de pesos \u201clo que les ajusta perfectamente para pagarnos\u201d.<\/p>\n<p>Lament\u00f3 que en varios medios de comunicaci\u00f3n se diera la noticia que este pago de la segunda parte del aguinaldo ya se hab\u00eda entregado a los trabajadores, lo cual es mentira, pues a nadie se le ha depositado lo que por ley les corresponde.<\/p>\n<p>Asegur\u00f3 que desde el d\u00eda de ayer (15 de enero) se tuvo comunicaci\u00f3n con el alcalde El\u00edas Lozano, quien se comprometi\u00f3 a revisar esa situaci\u00f3n y resolverla, pero \u201csali\u00f3 de la presidencia a mediod\u00eda y ya no regres\u00f3\u201d, mencion\u00f3 el l\u00edder sindical.<\/p>\n<p>Finalmente, Audelino Flores reiter\u00f3 que la fecha l\u00edmite de pago era el d\u00eda de ayer, 15 de enero, por lo que continuar\u00e1n exigiendo el pago correspondiente, \u201cno queremos conflictuarnos, nos deben y solo queremos que nos paguen\u201d.<\/p>\n<p><a href=\"https:\/\/www.ecosdelacosta.mx\/stories\/2473\">https:\/\/www.ecosdelacosta.mx\/stories\/2473<\/a><\/p>\n","protected":false},"excerpt":{"rendered":"<p>Imagen: Ilustrativa Luis Rosales Ch\u00e1vez \/ Ecos de la Costa Trabajadores sindicalizados del Ayuntamiento de Tecom\u00e1n, encabezados por su l\u00edder Audelino Flores Jurado, se manifestaron en el exterior de la &hellip; <a href=\"https:\/\/www.grieta.org.mx\/index.php\/2020\/01\/17\/se-manifiestan-trabajadores-sindicalizados-de-tecoman-colima\/\" class=\"more-link\">Leer m\u00e1s<\/a><\/p>\n","protected":false},"author":2,"featured_media":43805,"comment_status":"closed","ping_status":"closed","sticky":false,"template":"","format":"standard","meta":{"ngg_post_thumbnail":0,"_jetpack_newsletter_access":"","_jetpack_dont_email_post_to_subs":false,"_jetpack_newsletter_tier_id":0,"_jetpack_memberships_contains_paywalled_content":false,"_jetpack_memberships_contains_paid_content":false,"footnotes":""},"categories":[80,13,2191,2],"tags":[105,2991,1908],"class_list":["post-43804","post","type-post","status-publish","format-standard","has-post-thumbnail","hentry","category-cintillo","category-colima","category-conflictos-laborales-en-el-sector-publico-en-colima","category-noticias-nacionales","tag-derechos-laborales","tag-pago-de-aguinaldo","tag-trabajadores-publicos-sin-salario-ni-aguinaldo","entry"],"jetpack_featured_media_url":"https:\/\/www.grieta.org.mx\/wp-content\/uploads\/2020\/02\/Ayuntamiento-de-Tecom\u00e1n-1-e1507231558271.jpg","jetpack_sharing_enabled":true,"jetpack_shortlink":"https:\/\/wp.me\/p7ZJR4-bow","jetpack_likes_enabled":false,"jetpack-related-posts":[{"id":43146,"url":"https:\/\/www.grieta.org.mx\/index.php\/2020\/01\/16\/se-manifiestan-trabajadores-sindicalizados-de-tecoman-exigen-pago-de-la-segunda-parte-del-aguinaldo-colima\/","url_meta":{"origin":43804,"position":0},"title":"Se manifiestan trabajadores sindicalizados de Tecom\u00e1n; exigen pago de la segunda parte del aguinaldo (Colima)","author":"grieta","date":"16 enero, 2020","format":false,"excerpt":"Imagen: Ilustrativa Luis Rosales Ch\u00e1vez \/ CN COLIMANOTICIAS Tecom\u00e1n, Col.-\u00a0 Trabajadores sindicalizados del Ayuntamiento de Tecom\u00e1n, encabezados por su l\u00edder Audelino Flores Jurado, se manifestaron en el exterior de la presidencia municipal para exigir al gobierno de El\u00edas Lozano Ochoa el pago de la segunda parte del aguinaldo que deber\u00eda\u2026","rel":"","context":"En &quot;CINTILLO&quot;","block_context":{"text":"CINTILLO","link":"https:\/\/www.grieta.org.mx\/index.php\/category\/cintillo\/"},"img":{"alt_text":"","src":"https:\/\/i0.wp.com\/www.grieta.org.mx\/wp-content\/uploads\/2020\/01\/Ayuntamiento-de-Tecom%C3%A1n-1-e1507231558271.jpg?resize=350%2C200&ssl=1","width":350,"height":200,"srcset":"https:\/\/i0.wp.com\/www.grieta.org.mx\/wp-content\/uploads\/2020\/01\/Ayuntamiento-de-Tecom%C3%A1n-1-e1507231558271.jpg?resize=350%2C200&ssl=1 1x, https:\/\/i0.wp.com\/www.grieta.org.mx\/wp-content\/uploads\/2020\/01\/Ayuntamiento-de-Tecom%C3%A1n-1-e1507231558271.jpg?resize=525%2C300&ssl=1 1.5x, https:\/\/i0.wp.com\/www.grieta.org.mx\/wp-content\/uploads\/2020\/01\/Ayuntamiento-de-Tecom%C3%A1n-1-e1507231558271.jpg?resize=700%2C400&ssl=1 2x"},"classes":[]},{"id":37943,"url":"https:\/\/www.grieta.org.mx\/index.php\/2019\/08\/14\/sindicalizados-de-tecoman-exigen-pago-de-bonos-colima\/","url_meta":{"origin":43804,"position":1},"title":"Sindicalizados de Tecoman exigen pago de bonos (Colima)","author":"grieta","date":"14 agosto, 2019","format":false,"excerpt":"Foto: Peri\u00f3dico Avance 240 MILLONES DE PESOS ADEUDA EL AYUNTAMIENTO AL SINDICATO Redacci\u00f3n \/ Peri\u00f3dico Avance TECOM\u00c1N, COL.-Trabajadores sindicalizados del \u00e1rea de finanzas del ayuntamiento Tecom\u00e1n, se manifiestan en el ingreso a la oficina del tesorer\u00eda municipal, exigiendo el pago de algunas prestaciones, seg\u00fan lo inform\u00f3 el l\u00edder sindical Audelino\u2026","rel":"","context":"En &quot;CINTILLO&quot;","block_context":{"text":"CINTILLO","link":"https:\/\/www.grieta.org.mx\/index.php\/category\/cintillo\/"},"img":{"alt_text":"","src":"https:\/\/i0.wp.com\/www.grieta.org.mx\/wp-content\/uploads\/2019\/08\/SIND-840x560.jpg?resize=350%2C200&ssl=1","width":350,"height":200,"srcset":"https:\/\/i0.wp.com\/www.grieta.org.mx\/wp-content\/uploads\/2019\/08\/SIND-840x560.jpg?resize=350%2C200&ssl=1 1x, https:\/\/i0.wp.com\/www.grieta.org.mx\/wp-content\/uploads\/2019\/08\/SIND-840x560.jpg?resize=525%2C300&ssl=1 1.5x, https:\/\/i0.wp.com\/www.grieta.org.mx\/wp-content\/uploads\/2019\/08\/SIND-840x560.jpg?resize=700%2C400&ssl=1 2x"},"classes":[]},{"id":41147,"url":"https:\/\/www.grieta.org.mx\/index.php\/2019\/11\/14\/se-manifiestan-trabajadores-del-issste-por-incumplimiento-en-pago-de-prestaciones-colima\/","url_meta":{"origin":43804,"position":2},"title":"Se manifiestan trabajadores del ISSSTE por incumplimiento en pago de prestaciones (Colima)","author":"grieta","date":"14 noviembre, 2019","format":false,"excerpt":"Foto: Colima Noticias *Son m\u00e1s de 680 trabajadores de base afectados. Oscar Cervantes ( CN Colima Noticias Colima, Col.-\u00a0 Trabajadores del ISSSTE en Colima se manifestaron esta ma\u00f1ana en la cl\u00ednica Miguel Trejo, para exigir a oficinas centrales el cumplimiento de pago en algunas prestaciones. Con pancartas afuera de la\u2026","rel":"","context":"En &quot;CINTILLO&quot;","block_context":{"text":"CINTILLO","link":"https:\/\/www.grieta.org.mx\/index.php\/category\/cintillo\/"},"img":{"alt_text":"","src":"https:\/\/i0.wp.com\/www.grieta.org.mx\/wp-content\/uploads\/2019\/11\/Se-manifiestan-trabajadores-del-ISSSTE-por-incumplimiento-en-pago-de-prestaciones-696x522.jpg?resize=350%2C200&ssl=1","width":350,"height":200,"srcset":"https:\/\/i0.wp.com\/www.grieta.org.mx\/wp-content\/uploads\/2019\/11\/Se-manifiestan-trabajadores-del-ISSSTE-por-incumplimiento-en-pago-de-prestaciones-696x522.jpg?resize=350%2C200&ssl=1 1x, https:\/\/i0.wp.com\/www.grieta.org.mx\/wp-content\/uploads\/2019\/11\/Se-manifiestan-trabajadores-del-ISSSTE-por-incumplimiento-en-pago-de-prestaciones-696x522.jpg?resize=525%2C300&ssl=1 1.5x"},"classes":[]},{"id":42381,"url":"https:\/\/www.grieta.org.mx\/index.php\/2019\/12\/19\/profes-protestan-por-cobro-de-isr-colima\/","url_meta":{"origin":43804,"position":3},"title":"\u201cProfes\u201d protestan por cobro de ISR (Colima)","author":"grieta","date":"19 diciembre, 2019","format":false,"excerpt":"Imagen: Ilustrativa Heidi de Le\u00f3n Guti\u00e9rrez \/Diario Avanzada Colima, M\u00e9xico, Avanzada (18\/12\/2019).- Durante la entrega de nombramientos definitivos a maestros, los docentes exigieron al gobernador, Ignacio Peralta S\u00e1nchez que el aguinaldo no sea gravado con el Impuesto sobre la Renta (ISR). Antier a medio d\u00eda se realiz\u00f3 un evento para\u2026","rel":"","context":"En &quot;CINTILLO&quot;","block_context":{"text":"CINTILLO","link":"https:\/\/www.grieta.org.mx\/index.php\/category\/cintillo\/"},"img":{"alt_text":"","src":"https:\/\/i0.wp.com\/www.grieta.org.mx\/wp-content\/uploads\/2018\/03\/14524434_1106112876131411_958039263622046936_o.jpg?resize=350%2C200&ssl=1","width":350,"height":200,"srcset":"https:\/\/i0.wp.com\/www.grieta.org.mx\/wp-content\/uploads\/2018\/03\/14524434_1106112876131411_958039263622046936_o.jpg?resize=350%2C200&ssl=1 1x, https:\/\/i0.wp.com\/www.grieta.org.mx\/wp-content\/uploads\/2018\/03\/14524434_1106112876131411_958039263622046936_o.jpg?resize=525%2C300&ssl=1 1.5x, https:\/\/i0.wp.com\/www.grieta.org.mx\/wp-content\/uploads\/2018\/03\/14524434_1106112876131411_958039263622046936_o.jpg?resize=700%2C400&ssl=1 2x"},"classes":[]},{"id":55830,"url":"https:\/\/www.grieta.org.mx\/index.php\/2020\/12\/17\/chetumal-descuentos-en-pago-de-aguinaldos-ocasiona-manifestacion-de-trabajadores-en-el-ayuntamiento-de-opb\/","url_meta":{"origin":43804,"position":4},"title":"Chetumal: Descuentos en pago de aguinaldos ocasiona manifestaci\u00f3n de trabajadores en el Ayuntamiento de OPB","author":"grieta","date":"17 diciembre, 2020","format":false,"excerpt":"Rafael Brice\u00f1o \/ Noticaribe CHETUMAL, MX.- Ante el descuento realizado en el pago de sus aguinaldos, trabajadores sindicalizados en el ayuntamiento de Oth\u00f3n P. Blanco, realizaron una manifestaci\u00f3n frente al Palacio Municipal para exigir el reembolso y denunciar la falta de atenci\u00f3n del alcalde Otoniel Segovia Mart\u00ednez y el oficial\u2026","rel":"","context":"En &quot;CINTILLO&quot;","block_context":{"text":"CINTILLO","link":"https:\/\/www.grieta.org.mx\/index.php\/category\/cintillo\/"},"img":{"alt_text":"","src":"https:\/\/i0.wp.com\/www.grieta.org.mx\/wp-content\/uploads\/2020\/12\/AguinaldoOPB-e1608333319832.png?resize=350%2C200&ssl=1","width":350,"height":200,"srcset":"https:\/\/i0.wp.com\/www.grieta.org.mx\/wp-content\/uploads\/2020\/12\/AguinaldoOPB-e1608333319832.png?resize=350%2C200&ssl=1 1x, https:\/\/i0.wp.com\/www.grieta.org.mx\/wp-content\/uploads\/2020\/12\/AguinaldoOPB-e1608333319832.png?resize=525%2C300&ssl=1 1.5x, https:\/\/i0.wp.com\/www.grieta.org.mx\/wp-content\/uploads\/2020\/12\/AguinaldoOPB-e1608333319832.png?resize=700%2C400&ssl=1 2x"},"classes":[]},{"id":64443,"url":"https:\/\/www.grieta.org.mx\/index.php\/2022\/06\/23\/se-manifiestan-trabajadores-del-dif-tecoman-por-impago-de-prestaciones-colima\/","url_meta":{"origin":43804,"position":5},"title":"Se manifiestan trabajadores del DIF Tecom\u00e1n por impago de prestaciones (Colima)","author":"grieta","date":"23 junio, 2022","format":false,"excerpt":"trabajaImagen: El Comantario Yensuni L\u00f3pez Aldape \/ El Comentario Este jueves (23), trabajadores y trabajadoras del\u00a0DIF municipal de Tecom\u00e1n\u00a0se\u00a0manifestaron\u00a0en protesta por el\u00a0impago\u00a0de diversas\u00a0prestaciones\u00a0y tambi\u00e9n como parte de la resistencia que los\u00a0bur\u00f3cratas\u00a0anunciaron que realizar\u00edan por las condiciones labores y el\u00a0incremento salario\u00a0que consideran fue injusto. En esta ocasi\u00f3n, los\u00a0sindicalizados\u00a0hicieron acto de presencia\u2026","rel":"","context":"En &quot;CINTILLO&quot;","block_context":{"text":"CINTILLO","link":"https:\/\/www.grieta.org.mx\/index.php\/category\/cintillo\/"},"img":{"alt_text":"","src":"https:\/\/i0.wp.com\/www.grieta.org.mx\/wp-content\/uploads\/2022\/06\/45fac328fb06e72fd6a7e650de71cd95-780x470-1.jpg?resize=350%2C200&ssl=1","width":350,"height":200,"srcset":"https:\/\/i0.wp.com\/www.grieta.org.mx\/wp-content\/uploads\/2022\/06\/45fac328fb06e72fd6a7e650de71cd95-780x470-1.jpg?resize=350%2C200&ssl=1 1x, https:\/\/i0.wp.com\/www.grieta.org.mx\/wp-content\/uploads\/2022\/06\/45fac328fb06e72fd6a7e650de71cd95-780x470-1.jpg?resize=525%2C300&ssl=1 1.5x, https:\/\/i0.wp.com\/www.grieta.org.mx\/wp-content\/uploads\/2022\/06\/45fac328fb06e72fd6a7e650de71cd95-780x470-1.jpg?resize=700%2C400&ssl=1 2x"},"classes":[]}],"_links":{"self":[{"href":"https:\/\/www.grieta.org.mx\/index.php\/wp-json\/wp\/v2\/posts\/43804","targetHints":{"allow":["GET"]}}],"collection":[{"href":"https:\/\/www.grieta.org.mx\/index.php\/wp-json\/wp\/v2\/posts"}],"about":[{"href":"https:\/\/www.grieta.org.mx\/index.php\/wp-json\/wp\/v2\/types\/post"}],"author":[{"embeddable":true,"href":"https:\/\/www.grieta.org.mx\/index.php\/wp-json\/wp\/v2\/users\/2"}],"replies":[{"embeddable":true,"href":"https:\/\/www.grieta.org.mx\/index.php\/wp-json\/wp\/v2\/comments?post=43804"}],"version-history":[{"count":1,"href":"https:\/\/www.grieta.org.mx\/index.php\/wp-json\/wp\/v2\/posts\/43804\/revisions"}],"predecessor-version":[{"id":43806,"href":"https:\/\/www.grieta.org.mx\/index.php\/wp-json\/wp\/v2\/posts\/43804\/revisions\/43806"}],"wp:featuredmedia":[{"embeddable":true,"href":"https:\/\/www.grieta.org.mx\/index.php\/wp-json\/wp\/v2\/media\/43805"}],"wp:attachment":[{"href":"https:\/\/www.grieta.org.mx\/index.php\/wp-json\/wp\/v2\/media?parent=43804"}],"wp:term":[{"taxonomy":"category","embeddable":true,"href":"https:\/\/www.grieta.org.mx\/index.php\/wp-json\/wp\/v2\/categories?post=43804"},{"taxonomy":"post_tag","embeddable":true,"href":"https:\/\/www.grieta.org.mx\/index.php\/wp-json\/wp\/v2\/tags?post=43804"}],"curies":[{"name":"wp","href":"https:\/\/api.w.org\/{rel}","templated":true}]}}