{"id":43801,"date":"2020-01-30T14:23:42","date_gmt":"2020-01-30T20:23:42","guid":{"rendered":"http:\/\/www.grieta.org.mx\/?p=43801"},"modified":"2020-02-01T14:31:30","modified_gmt":"2020-02-01T20:31:30","slug":"se-manifiestan-combatientes-de-incendios-forestales-colima","status":"publish","type":"post","link":"https:\/\/www.grieta.org.mx\/index.php\/2020\/01\/30\/se-manifiestan-combatientes-de-incendios-forestales-colima\/","title":{"rendered":"Se manifiestan combatientes de incendios forestales (Colima)"},"content":{"rendered":"<p><img loading=\"lazy\" decoding=\"async\" data-attachment-id=\"43802\" data-permalink=\"https:\/\/www.grieta.org.mx\/index.php\/2020\/01\/30\/se-manifiestan-combatientes-de-incendios-forestales-colima\/se-manifiestan-combatientes-de-incendios-forestales-696x522\/\" data-orig-file=\"https:\/\/www.grieta.org.mx\/wp-content\/uploads\/2020\/02\/Se-manifiestan-combatientes-de-incendios-forestales-696x522.jpg\" data-orig-size=\"696,522\" data-comments-opened=\"0\" data-image-meta=\"{&quot;aperture&quot;:&quot;0&quot;,&quot;credit&quot;:&quot;&quot;,&quot;camera&quot;:&quot;&quot;,&quot;caption&quot;:&quot;&quot;,&quot;created_timestamp&quot;:&quot;0&quot;,&quot;copyright&quot;:&quot;&quot;,&quot;focal_length&quot;:&quot;0&quot;,&quot;iso&quot;:&quot;0&quot;,&quot;shutter_speed&quot;:&quot;0&quot;,&quot;title&quot;:&quot;&quot;,&quot;orientation&quot;:&quot;0&quot;}\" data-image-title=\"Se-manifiestan-combatientes-de-incendios-forestales-696&amp;#215;522\" data-image-description=\"\" data-image-caption=\"\" data-medium-file=\"https:\/\/www.grieta.org.mx\/wp-content\/uploads\/2020\/02\/Se-manifiestan-combatientes-de-incendios-forestales-696x522-300x225.jpg\" data-large-file=\"https:\/\/www.grieta.org.mx\/wp-content\/uploads\/2020\/02\/Se-manifiestan-combatientes-de-incendios-forestales-696x522.jpg\" class=\"aligncenter wp-image-43802\" src=\"http:\/\/www.grieta.org.mx\/wp-content\/uploads\/2020\/02\/Se-manifiestan-combatientes-de-incendios-forestales-696x522.jpg\" alt=\"\" width=\"800\" height=\"600\" srcset=\"https:\/\/www.grieta.org.mx\/wp-content\/uploads\/2020\/02\/Se-manifiestan-combatientes-de-incendios-forestales-696x522.jpg 696w, https:\/\/www.grieta.org.mx\/wp-content\/uploads\/2020\/02\/Se-manifiestan-combatientes-de-incendios-forestales-696x522-300x225.jpg 300w, https:\/\/www.grieta.org.mx\/wp-content\/uploads\/2020\/02\/Se-manifiestan-combatientes-de-incendios-forestales-696x522-667x500.jpg 667w\" sizes=\"auto, (max-width: 800px) 100vw, 800px\" \/><\/p>\n<p>Foto: Colima Noticias<\/p>\n<p><strong><em>Les entregaron equipo que no cumple con las normas que establece la Secretar\u00eda del Trabajo; veh\u00edculos est\u00e1n en mal estado por recorte presupuestal<\/em><\/strong>.<\/p>\n<p>Oscar Cervantes \/ Colima Noticias<\/p>\n<p>Colima, Col.-\u00a0 Combatientes de incendios forestales se manifestaron esta ma\u00f1ana en la Comisi\u00f3n Nacional Forestal, tras recibir equipo y uniformes que no cumplen con las normas que establece la Secretar\u00eda del Trabajo, poni\u00e9ndose en riesgo la integridad f\u00edsica del trabajador.<\/p>\n<p>A pesar de que inici\u00f3 la temporada de incendios forestales de este a\u00f1o, los 44 trabajadores de Conafor se dijeron molestos y advirtieron que no aceptar\u00e1n ese tipo de uniformes.<\/p>\n<p>Entrevistada al respecto, la secretaria general de la Conafor, Socorro Herrera D\u00edaz, a\u00f1adi\u00f3 que, adem\u00e1s, los veh\u00edculos se encuentran con fallas mec\u00e1nicas y no disponen de las adecuaciones para poder laborar.<\/p>\n<div class=\"td-g-rec td-g-rec-id-content_inline \"><\/div>\n<p>Indic\u00f3 que fueron un total de 2,400 trabajadores afectados en la Rep\u00fablica Mexicana, de los cuales 44 son de Colima.<\/p>\n<p>Lament\u00f3 que esta situaci\u00f3n refiera al presupuesto que ha sido proporcionado por parte del presidente de la Rep\u00fablica.<\/p>\n<p>Explic\u00f3 que los uniformes son 100% algod\u00f3n, lo que puede ocasionar que se quemen cuando combatan incidentes.<\/p>\n<p>La l\u00edder sostuvo que\u00a0tanto el Comit\u00e9 como la Conafor deben llegar a un acuerdo a la brevedad, debido a que est\u00e1n pr\u00f3ximas las fechas de incendios forestales.<\/p>\n<p>Advirti\u00f3 que los combatientes de incendios no acudir\u00e1n a los siniestros de no recibir el equipo adecuado.<\/p>\n<p>En ese sentido, a\u00f1adi\u00f3 que el uniforme debi\u00f3 entregarse completo en noviembre del a\u00f1o pasado, sin embargo apenas se los quisieron otorgar a finales de este mes.<\/p>\n<p>Cabe hacer menci\u00f3n\u00a0que el reglamento de la Secretar\u00eda de Trabajo y Previsi\u00f3n Social, en las normas 017 y y 113, son los que establecen los estatutos del uso de uniforme.<\/p>\n<p><a href=\"https:\/\/www.colimanoticias.com\/se-manifiestan-combatientes-de-incendios-forestales\/\">https:\/\/www.colimanoticias.com\/se-manifiestan-combatientes-de-incendios-forestales\/<\/a><\/p>\n","protected":false},"excerpt":{"rendered":"<p>Foto: Colima Noticias Les entregaron equipo que no cumple con las normas que establece la Secretar\u00eda del Trabajo; veh\u00edculos est\u00e1n en mal estado por recorte presupuestal. Oscar Cervantes \/ Colima &hellip; <a href=\"https:\/\/www.grieta.org.mx\/index.php\/2020\/01\/30\/se-manifiestan-combatientes-de-incendios-forestales-colima\/\" class=\"more-link\">Leer m\u00e1s<\/a><\/p>\n","protected":false},"author":2,"featured_media":43802,"comment_status":"closed","ping_status":"closed","sticky":false,"template":"","format":"standard","meta":{"ngg_post_thumbnail":0,"_jetpack_newsletter_access":"","_jetpack_dont_email_post_to_subs":false,"_jetpack_newsletter_tier_id":0,"_jetpack_memberships_contains_paywalled_content":false,"_jetpack_memberships_contains_paid_content":false,"footnotes":""},"categories":[80,13,2191,2],"tags":[105],"class_list":["post-43801","post","type-post","status-publish","format-standard","has-post-thumbnail","hentry","category-cintillo","category-colima","category-conflictos-laborales-en-el-sector-publico-en-colima","category-noticias-nacionales","tag-derechos-laborales","entry"],"jetpack_featured_media_url":"https:\/\/www.grieta.org.mx\/wp-content\/uploads\/2020\/02\/Se-manifiestan-combatientes-de-incendios-forestales-696x522.jpg","jetpack_sharing_enabled":true,"jetpack_shortlink":"https:\/\/wp.me\/p7ZJR4-bot","jetpack_likes_enabled":false,"jetpack-related-posts":[{"id":33981,"url":"https:\/\/www.grieta.org.mx\/index.php\/2019\/05\/28\/protestan-brigadistas-por-recorte-a-presupuesto-de-conafor-michoacan\/","url_meta":{"origin":43801,"position":0},"title":"Protestan brigadistas por recorte a presupuesto de Conafor  (Michoac\u00e1n)","author":"grieta","date":"28 mayo, 2019","format":false,"excerpt":"28 de mayo de 2019. F\u00e1tima Alfaro\/Quadrat\u00edn MORELIA, Mich., 28 de mayo de 2019.- Brigadistas y combatientes de incendios forestales se manifiestan en el exterior de la delegaci\u00f3n en Michoac\u00e1n de la Comisi\u00f3n Nacional Forestal (Conafor), en protesta por el recorte de alrededor del 60 por ciento en el presupuesto\u2026","rel":"","context":"En &quot;CINTILLO&quot;","block_context":{"text":"CINTILLO","link":"https:\/\/www.grieta.org.mx\/index.php\/category\/cintillo\/"},"img":{"alt_text":"","src":"https:\/\/i0.wp.com\/www.grieta.org.mx\/wp-content\/uploads\/2019\/05\/brigadista-incendio-1-1160x700.jpg?resize=350%2C200&ssl=1","width":350,"height":200,"srcset":"https:\/\/i0.wp.com\/www.grieta.org.mx\/wp-content\/uploads\/2019\/05\/brigadista-incendio-1-1160x700.jpg?resize=350%2C200&ssl=1 1x, https:\/\/i0.wp.com\/www.grieta.org.mx\/wp-content\/uploads\/2019\/05\/brigadista-incendio-1-1160x700.jpg?resize=525%2C300&ssl=1 1.5x, https:\/\/i0.wp.com\/www.grieta.org.mx\/wp-content\/uploads\/2019\/05\/brigadista-incendio-1-1160x700.jpg?resize=700%2C400&ssl=1 2x, https:\/\/i0.wp.com\/www.grieta.org.mx\/wp-content\/uploads\/2019\/05\/brigadista-incendio-1-1160x700.jpg?resize=1050%2C600&ssl=1 3x"},"classes":[]},{"id":29682,"url":"https:\/\/www.grieta.org.mx\/index.php\/2019\/02\/01\/en-el-limbo-laboral-trabajadores-eventuales-de-la-conafor-en-colima\/","url_meta":{"origin":43801,"position":1},"title":"En el limbo laboral trabajadores eventuales de la CONAFOR en Colima","author":"grieta","date":"1 febrero, 2019","format":false,"excerpt":"La dependencia no los ha recontratado, pero tampoco los ha liquidado de manera oficial y conforme a la ley. Edgardo Zamora|CN COLIMANOTICIAS Colima, Col.- Un total de 13 trabajadores eventuales de la Gerencia Estatal de la Comisi\u00f3n Nacional Forestal (CONAFOR) en Colima, se encuentran en el limbo laboral ya que\u2026","rel":"","context":"En &quot;CINTILLO&quot;","block_context":{"text":"CINTILLO","link":"https:\/\/www.grieta.org.mx\/index.php\/category\/cintillo\/"},"img":{"alt_text":"","src":"https:\/\/i0.wp.com\/www.grieta.org.mx\/wp-content\/uploads\/2019\/02\/CONAFOR.jpg?resize=350%2C200&ssl=1","width":350,"height":200,"srcset":"https:\/\/i0.wp.com\/www.grieta.org.mx\/wp-content\/uploads\/2019\/02\/CONAFOR.jpg?resize=350%2C200&ssl=1 1x, https:\/\/i0.wp.com\/www.grieta.org.mx\/wp-content\/uploads\/2019\/02\/CONAFOR.jpg?resize=525%2C300&ssl=1 1.5x, https:\/\/i0.wp.com\/www.grieta.org.mx\/wp-content\/uploads\/2019\/02\/CONAFOR.jpg?resize=700%2C400&ssl=1 2x"},"classes":[]},{"id":30246,"url":"https:\/\/www.grieta.org.mx\/index.php\/2019\/02\/01\/empleados-de-conafor-denuncian-despidos-irregulares-en-colima\/","url_meta":{"origin":43801,"position":2},"title":"Empleados de Conafor denuncian despidos irregulares en Colima","author":"grieta","date":"1 febrero, 2019","format":false,"excerpt":"Los inconformes afirmaron que el pasado 7 de enero, el suplente legal de Conafor en Colima, Casto Lerdo les notific\u00f3 de manera verbal y no oficial, que ya no se presentaran a trabajar Martha de la Torre\/ El Heraldo de M\u00e9xico, 1 de Febrero de 2019. Un total de 13\u2026","rel":"","context":"En &quot;CINTILLO&quot;","block_context":{"text":"CINTILLO","link":"https:\/\/www.grieta.org.mx\/index.php\/category\/cintillo\/"},"img":{"alt_text":"","src":"https:\/\/i0.wp.com\/www.grieta.org.mx\/wp-content\/uploads\/2019\/03\/Captura-de-pantalla-2019-02-01-a-las-16.33.55-e1549060473343.png?resize=350%2C200&ssl=1","width":350,"height":200,"srcset":"https:\/\/i0.wp.com\/www.grieta.org.mx\/wp-content\/uploads\/2019\/03\/Captura-de-pantalla-2019-02-01-a-las-16.33.55-e1549060473343.png?resize=350%2C200&ssl=1 1x, https:\/\/i0.wp.com\/www.grieta.org.mx\/wp-content\/uploads\/2019\/03\/Captura-de-pantalla-2019-02-01-a-las-16.33.55-e1549060473343.png?resize=525%2C300&ssl=1 1.5x"},"classes":[]},{"id":34713,"url":"https:\/\/www.grieta.org.mx\/index.php\/2019\/05\/28\/brigadistas-de-conafor-demandan-el-pago-de-mas-de-un-millon-de-pesos-michoacan\/","url_meta":{"origin":43801,"position":3},"title":"Brigadistas de Conafor demandan el pago de m\u00e1s de un mill\u00f3n de pesos  (Michoac\u00e1n)","author":"grieta","date":"28 mayo, 2019","format":false,"excerpt":"Brigadistas de Conafor demandan el pago de m\u00e1s de un mill\u00f3n de pesos Erandi Torres Mart\u00ednez\/ Cambio de Michoac\u00e1n, 28 de mayo de 2019. Morelia, Michoac\u00e1n.- Los recortes presupuestales que ejerci\u00f3 el gobierno de la Rep\u00fablica sobre la Comisi\u00f3n Nacional Forestal (Conafor) afectaron a los brigadistas de la representaci\u00f3n nacional\u2026","rel":"","context":"En &quot;CINTILLO&quot;","block_context":{"text":"CINTILLO","link":"https:\/\/www.grieta.org.mx\/index.php\/category\/cintillo\/"},"img":{"alt_text":"","src":"https:\/\/i0.wp.com\/www.grieta.org.mx\/wp-content\/uploads\/2019\/06\/75906964c1c709a06b282e0492d802acbrigadistas.jpg?resize=350%2C200&ssl=1","width":350,"height":200,"srcset":"https:\/\/i0.wp.com\/www.grieta.org.mx\/wp-content\/uploads\/2019\/06\/75906964c1c709a06b282e0492d802acbrigadistas.jpg?resize=350%2C200&ssl=1 1x, https:\/\/i0.wp.com\/www.grieta.org.mx\/wp-content\/uploads\/2019\/06\/75906964c1c709a06b282e0492d802acbrigadistas.jpg?resize=525%2C300&ssl=1 1.5x, https:\/\/i0.wp.com\/www.grieta.org.mx\/wp-content\/uploads\/2019\/06\/75906964c1c709a06b282e0492d802acbrigadistas.jpg?resize=700%2C400&ssl=1 2x, https:\/\/i0.wp.com\/www.grieta.org.mx\/wp-content\/uploads\/2019\/06\/75906964c1c709a06b282e0492d802acbrigadistas.jpg?resize=1050%2C600&ssl=1 3x"},"classes":[]},{"id":30592,"url":"https:\/\/www.grieta.org.mx\/index.php\/2019\/02\/01\/empleados-de-conafor-denuncian-despidos-irregulares-en-colima-2\/","url_meta":{"origin":43801,"position":4},"title":"Empleados de Conafor denuncian despidos irregulares en Colima","author":"grieta","date":"1 febrero, 2019","format":false,"excerpt":"Los inconformes afirmaron que el pasado 7 de enero, el suplente legal de Conafor en Colima, Casto Lerdo les notific\u00f3 de manera verbal y no oficial, que ya no se presentaran a trabajar Martha de la Torre \/ El Heraldo de M\u00e9xico, 01 de Febrero de 2019 Un total de\u2026","rel":"","context":"En &quot;CINTILLO&quot;","block_context":{"text":"CINTILLO","link":"https:\/\/www.grieta.org.mx\/index.php\/category\/cintillo\/"},"img":{"alt_text":"","src":"https:\/\/i0.wp.com\/www.grieta.org.mx\/wp-content\/uploads\/2019\/03\/Captura-de-pantalla-2019-02-01-a-las-16.33.55-e1549060473343-1.png?resize=350%2C200&ssl=1","width":350,"height":200,"srcset":"https:\/\/i0.wp.com\/www.grieta.org.mx\/wp-content\/uploads\/2019\/03\/Captura-de-pantalla-2019-02-01-a-las-16.33.55-e1549060473343-1.png?resize=350%2C200&ssl=1 1x, https:\/\/i0.wp.com\/www.grieta.org.mx\/wp-content\/uploads\/2019\/03\/Captura-de-pantalla-2019-02-01-a-las-16.33.55-e1549060473343-1.png?resize=525%2C300&ssl=1 1.5x"},"classes":[]},{"id":36399,"url":"https:\/\/www.grieta.org.mx\/index.php\/2019\/07\/15\/recortes-presupuestales-a-conafor-complican-control-de-fuego-en-sian-kaan-proteccion-civil-de-q-roo\/","url_meta":{"origin":43801,"position":5},"title":"Recortes presupuestales a Conafor complican control de fuego en Sian Ka\u2019an: Protecci\u00f3n Civil de Q Roo","author":"grieta","date":"15 julio, 2019","format":false,"excerpt":"Redacci\u00f3n\/Animal Pol\u00edtico El control del incendios forestal en la reserva ecol\u00f3gica de la biosfera de Sian Ka\u2019an, en Quintana Roo, que ha consumido 600 hect\u00e1reas de pastizales, se ha complicado por la falta de personal para combatir este tipo de en la Comisi\u00f3n Nacional Forestal (Conafor), derivada de los recortes\u2026","rel":"","context":"En &quot;CINTILLO&quot;","block_context":{"text":"CINTILLO","link":"https:\/\/www.grieta.org.mx\/index.php\/category\/cintillo\/"},"img":{"alt_text":"","src":"https:\/\/i0.wp.com\/www.grieta.org.mx\/wp-content\/uploads\/2019\/07\/incendio-e1563198542362.jpg?resize=350%2C200&ssl=1","width":350,"height":200,"srcset":"https:\/\/i0.wp.com\/www.grieta.org.mx\/wp-content\/uploads\/2019\/07\/incendio-e1563198542362.jpg?resize=350%2C200&ssl=1 1x, https:\/\/i0.wp.com\/www.grieta.org.mx\/wp-content\/uploads\/2019\/07\/incendio-e1563198542362.jpg?resize=525%2C300&ssl=1 1.5x"},"classes":[]}],"_links":{"self":[{"href":"https:\/\/www.grieta.org.mx\/index.php\/wp-json\/wp\/v2\/posts\/43801","targetHints":{"allow":["GET"]}}],"collection":[{"href":"https:\/\/www.grieta.org.mx\/index.php\/wp-json\/wp\/v2\/posts"}],"about":[{"href":"https:\/\/www.grieta.org.mx\/index.php\/wp-json\/wp\/v2\/types\/post"}],"author":[{"embeddable":true,"href":"https:\/\/www.grieta.org.mx\/index.php\/wp-json\/wp\/v2\/users\/2"}],"replies":[{"embeddable":true,"href":"https:\/\/www.grieta.org.mx\/index.php\/wp-json\/wp\/v2\/comments?post=43801"}],"version-history":[{"count":1,"href":"https:\/\/www.grieta.org.mx\/index.php\/wp-json\/wp\/v2\/posts\/43801\/revisions"}],"predecessor-version":[{"id":43803,"href":"https:\/\/www.grieta.org.mx\/index.php\/wp-json\/wp\/v2\/posts\/43801\/revisions\/43803"}],"wp:featuredmedia":[{"embeddable":true,"href":"https:\/\/www.grieta.org.mx\/index.php\/wp-json\/wp\/v2\/media\/43802"}],"wp:attachment":[{"href":"https:\/\/www.grieta.org.mx\/index.php\/wp-json\/wp\/v2\/media?parent=43801"}],"wp:term":[{"taxonomy":"category","embeddable":true,"href":"https:\/\/www.grieta.org.mx\/index.php\/wp-json\/wp\/v2\/categories?post=43801"},{"taxonomy":"post_tag","embeddable":true,"href":"https:\/\/www.grieta.org.mx\/index.php\/wp-json\/wp\/v2\/tags?post=43801"}],"curies":[{"name":"wp","href":"https:\/\/api.w.org\/{rel}","templated":true}]}}