{"id":43798,"date":"2020-01-29T14:14:07","date_gmt":"2020-01-29T20:14:07","guid":{"rendered":"http:\/\/www.grieta.org.mx\/?p=43798"},"modified":"2020-02-01T14:22:33","modified_gmt":"2020-02-01T20:22:33","slug":"colima-estaria-maquillando-cifras-de-robos-senala-ong","status":"publish","type":"post","link":"https:\/\/www.grieta.org.mx\/index.php\/2020\/01\/29\/colima-estaria-maquillando-cifras-de-robos-senala-ong\/","title":{"rendered":"Colima estar\u00eda \u201cmaquillando\u201d cifras de robos, se\u00f1ala ONG"},"content":{"rendered":"<p>Colima, M\u00e9xico, Avanzada (29\/01\/2020).- \u00a0La organizaci\u00f3n nacional Causa Com\u00fan alert\u00f3 que varias entidades del pa\u00eds, entre ellas Colima, observan anomal\u00eda al momento de registrar alguno de los diversos delitos que se cometen.<\/p>\n<p>La ONG \u2013 especialista en analizar las estad\u00edsticas sobre violencia en M\u00e9xico- clasific\u00f3 como una anomal\u00eda que Colima haya reportado una disminuci\u00f3n de los robos con violencia entre el 2018 y 2019 de un 56 por ciento, es decir, 568 incidentes menos.<\/p>\n<p>La asociaci\u00f3n Causa en Com\u00fan\u00a0 expuso que en el apartado de robo de veh\u00edculo con violencia, Colima no registr\u00f3 ning\u00fan caso en 2018 ni 2019.<\/p>\n<p>Mientras que el \u00a0Estado de M\u00e9xico reporta 5,153 robos de veh\u00edculos con violencia menos entre 2018 y 2019<\/p>\n<p>La organizaci\u00f3n sentenci\u00f3 que a pesar de la grave situaci\u00f3n de inseguridad en el pa\u00eds, algunos datos de delitos del Secretariado Ejecutivo del Sistema Nacional de Seguridad P\u00fablica (SESNSP) \u00a0presentan serias anomal\u00edas, principalmente, los de feminicidio, secuestro y extorsi\u00f3n y robos.<\/p>\n<p>Se\u00f1ala que algunos estados no registran \u00a0ciertos \u00a0delitos, pese a tener numerosos casos, y el SESNSP no hace aclaraci\u00f3n alguna al respecto.<\/p>\n<p>\u201cEl riesgo que se corre es que se difunda la idea de que estas entidades est\u00e9n atacando eficazmente la violencia cuando, en realidad, no la reportan. Estas anomal\u00edas indican que la ciudadan\u00eda no reporta los delitos, y que las instituciones no promueven la denuncia, no generan confianza entre la ciudadan\u00eda y\/o, posiblemente, manipulan sus cifras de incidencia delictiva\u201d.<\/p>\n<p><a href=\"https:\/\/www.diarioavanzada.com.mx\/?p=10048%20?\">https:\/\/www.diarioavanzada.com.mx\/?p=10048%20?<\/a><\/p>\n","protected":false},"excerpt":{"rendered":"<p>Colima, M\u00e9xico, Avanzada (29\/01\/2020).- \u00a0La organizaci\u00f3n nacional Causa Com\u00fan alert\u00f3 que varias entidades del pa\u00eds, entre ellas Colima, observan anomal\u00eda al momento de registrar alguno de los diversos delitos que &hellip; <a href=\"https:\/\/www.grieta.org.mx\/index.php\/2020\/01\/29\/colima-estaria-maquillando-cifras-de-robos-senala-ong\/\" class=\"more-link\">Leer m\u00e1s<\/a><\/p>\n","protected":false},"author":2,"featured_media":21928,"comment_status":"closed","ping_status":"closed","sticky":false,"template":"","format":"standard","meta":{"ngg_post_thumbnail":0,"_jetpack_newsletter_access":"","_jetpack_dont_email_post_to_subs":false,"_jetpack_newsletter_tier_id":0,"_jetpack_memberships_contains_paywalled_content":false,"_jetpack_memberships_contains_paid_content":false,"footnotes":""},"categories":[80,13,1126,2],"tags":[3024,1133],"class_list":["post-43798","post","type-post","status-publish","format-standard","has-post-thumbnail","hentry","category-cintillo","category-colima","category-incremento-en-la-violencia-en-colima","category-noticias-nacionales","tag-aumento-de-la-violencia","tag-incremento-en-la-violencia","entry"],"jetpack_featured_media_url":"https:\/\/www.grieta.org.mx\/wp-content\/uploads\/2018\/03\/14524434_1106112876131411_958039263622046936_o.jpg","jetpack_sharing_enabled":true,"jetpack_shortlink":"https:\/\/wp.me\/p7ZJR4-boq","jetpack_likes_enabled":false,"jetpack-related-posts":[{"id":41463,"url":"https:\/\/www.grieta.org.mx\/index.php\/2019\/11\/23\/aumenta-la-violencia-en-colima\/","url_meta":{"origin":43798,"position":0},"title":"Aumenta la violencia en Colima","author":"grieta","date":"23 noviembre, 2019","format":false,"excerpt":"Foto: Ilustrativa Heidi de Le\u00f3n Gutierrez \/ Diario Avanzada Colima, M\u00e9xico, Avanzada (23\/11\/2019).- El Observatorio Nacional\u00a0 Ciudadano ubic\u00f3 a Colima como uno de los nueve estados m\u00e1s peligrosos del pa\u00eds. La entidad se encuentra en la lista de los lugares con un alto nivel de violencia, junto con Zacatecas, Estado\u2026","rel":"","context":"En &quot;CINTILLO&quot;","block_context":{"text":"CINTILLO","link":"https:\/\/www.grieta.org.mx\/index.php\/category\/cintillo\/"},"img":{"alt_text":"","src":"https:\/\/i0.wp.com\/www.grieta.org.mx\/wp-content\/uploads\/2019\/11\/colimaviolencia-focus-min0.1-0.11-983-557.jpg?resize=350%2C200&ssl=1","width":350,"height":200,"srcset":"https:\/\/i0.wp.com\/www.grieta.org.mx\/wp-content\/uploads\/2019\/11\/colimaviolencia-focus-min0.1-0.11-983-557.jpg?resize=350%2C200&ssl=1 1x, https:\/\/i0.wp.com\/www.grieta.org.mx\/wp-content\/uploads\/2019\/11\/colimaviolencia-focus-min0.1-0.11-983-557.jpg?resize=525%2C300&ssl=1 1.5x, https:\/\/i0.wp.com\/www.grieta.org.mx\/wp-content\/uploads\/2019\/11\/colimaviolencia-focus-min0.1-0.11-983-557.jpg?resize=700%2C400&ssl=1 2x"},"classes":[]},{"id":42859,"url":"https:\/\/www.grieta.org.mx\/index.php\/2020\/01\/06\/colima-aparece-en-rojo-en-siete-de-once-delitos-que-se-monitorean\/","url_meta":{"origin":43798,"position":1},"title":"Colima aparece en rojo en siete de once delitos que se monitorean","author":"grieta","date":"6 enero, 2020","format":false,"excerpt":"Imagen: Diario Avanzada Heidi de Le\u00f3n Guti\u00e9rrez \/ Diario Avanzada Colima, M\u00e9xico, Avanzada (06\/01\/2020).- Los homicidios, la extorsi\u00f3n, los robos a negocio, el narcomenudeo, las lesiones, la violaci\u00f3n sexual y la violencia familiar son los delitos en los que el estado de Colima se encuentra por arriba de la media\u2026","rel":"","context":"En &quot;CINTILLO&quot;","block_context":{"text":"CINTILLO","link":"https:\/\/www.grieta.org.mx\/index.php\/category\/cintillo\/"},"img":{"alt_text":"","src":"https:\/\/i0.wp.com\/www.grieta.org.mx\/wp-content\/uploads\/2020\/01\/Colima-con-olor-a-muerte-1005x500-1.jpg?resize=350%2C200&ssl=1","width":350,"height":200,"srcset":"https:\/\/i0.wp.com\/www.grieta.org.mx\/wp-content\/uploads\/2020\/01\/Colima-con-olor-a-muerte-1005x500-1.jpg?resize=350%2C200&ssl=1 1x, https:\/\/i0.wp.com\/www.grieta.org.mx\/wp-content\/uploads\/2020\/01\/Colima-con-olor-a-muerte-1005x500-1.jpg?resize=525%2C300&ssl=1 1.5x, https:\/\/i0.wp.com\/www.grieta.org.mx\/wp-content\/uploads\/2020\/01\/Colima-con-olor-a-muerte-1005x500-1.jpg?resize=700%2C400&ssl=1 2x"},"classes":[]},{"id":48230,"url":"https:\/\/www.grieta.org.mx\/index.php\/2020\/04\/23\/tasa-de-asesinatos-de-colima-es-cuatro-veces-mayor-que-el-promedio-nacional\/","url_meta":{"origin":43798,"position":2},"title":"Tasa de asesinatos de Colima es cuatro veces mayor que el promedio nacional","author":"grieta","date":"23 abril, 2020","format":false,"excerpt":"Imagen: Diario Avanzada Redacci\u00f3n \/ Diario Avanzada Colima, M\u00e9xico, Avanzada (23\/04\/2020).- En el estado de Colima, la tasa de homicidios dolosos es casi cuatro veces superior a la media nacional, con 20.63 casos por cada 100 mil habitantes en el periodo de enero a marzo de 2020, un poco mayor\u2026","rel":"","context":"En &quot;CINTILLO&quot;","block_context":{"text":"CINTILLO","link":"https:\/\/www.grieta.org.mx\/index.php\/category\/cintillo\/"},"img":{"alt_text":"","src":"https:\/\/i0.wp.com\/www.grieta.org.mx\/wp-content\/uploads\/2020\/04\/Promedio-Homicidios.jpg?resize=350%2C200&ssl=1","width":350,"height":200,"srcset":"https:\/\/i0.wp.com\/www.grieta.org.mx\/wp-content\/uploads\/2020\/04\/Promedio-Homicidios.jpg?resize=350%2C200&ssl=1 1x, https:\/\/i0.wp.com\/www.grieta.org.mx\/wp-content\/uploads\/2020\/04\/Promedio-Homicidios.jpg?resize=525%2C300&ssl=1 1.5x, https:\/\/i0.wp.com\/www.grieta.org.mx\/wp-content\/uploads\/2020\/04\/Promedio-Homicidios.jpg?resize=700%2C400&ssl=1 2x, https:\/\/i0.wp.com\/www.grieta.org.mx\/wp-content\/uploads\/2020\/04\/Promedio-Homicidios.jpg?resize=1050%2C600&ssl=1 3x, https:\/\/i0.wp.com\/www.grieta.org.mx\/wp-content\/uploads\/2020\/04\/Promedio-Homicidios.jpg?resize=1400%2C800&ssl=1 4x"},"classes":[]},{"id":46768,"url":"https:\/\/www.grieta.org.mx\/index.php\/2020\/03\/25\/colima-rebasa-la-media-nacional-en-siete-delitos-de-alto-impacto\/","url_meta":{"origin":43798,"position":3},"title":"Colima rebasa la media nacional en siete delitos de alto impacto","author":"grieta","date":"25 marzo, 2020","format":false,"excerpt":"Foto: Diario Avanzada Redacci\u00f3n \/ Avanzada Colima, M\u00e9xico, Avanzada (25\/03\/2020).- En siete de nueve delitos de alto impacto, la tasa de incidencia del estado de Colima es superior a la media nacional, de acuerdo con un estudio realizado por la agrupaci\u00f3n \u201c\u00bfC\u00f3mo vamos? Colima\u201d. Conforme al an\u00e1lisis realizado, los delitos\u2026","rel":"","context":"En &quot;CINTILLO&quot;","block_context":{"text":"CINTILLO","link":"https:\/\/www.grieta.org.mx\/index.php\/category\/cintillo\/"},"img":{"alt_text":"","src":"https:\/\/i0.wp.com\/www.grieta.org.mx\/wp-content\/uploads\/2020\/03\/Homicidios-dolosos.jpg?resize=350%2C200&ssl=1","width":350,"height":200,"srcset":"https:\/\/i0.wp.com\/www.grieta.org.mx\/wp-content\/uploads\/2020\/03\/Homicidios-dolosos.jpg?resize=350%2C200&ssl=1 1x, https:\/\/i0.wp.com\/www.grieta.org.mx\/wp-content\/uploads\/2020\/03\/Homicidios-dolosos.jpg?resize=525%2C300&ssl=1 1.5x"},"classes":[]},{"id":63022,"url":"https:\/\/www.grieta.org.mx\/index.php\/2022\/01\/08\/en-2020-676-mujeres-murieron-de-forma-violenta-en-colima-reconoce-el-gobierno-colima\/","url_meta":{"origin":43798,"position":4},"title":"En 2020, 676 mujeres murieron de forma violenta en Colima, reconoce el gobierno (Colima)","author":"grieta","date":"8 enero, 2022","format":false,"excerpt":"Imagen: Diario Avanzada Heidi de Le\u00f3n Guti\u00e9rrez \/ Diario Avanzada Colima, M\u00e9xico, Avanzada (07\/01\/2022).- En el Plan Estatal de Desarrollo, el Gobierno de Colima recoci\u00f3 que en 2020 un total de 676 mujeres murieron de forma violenta, una cifra exponencialmente superior a la que reconoci\u00f3 la administraci\u00f3n de Ignacio Peralta\u2026","rel":"","context":"En &quot;CINTILLO&quot;","block_context":{"text":"CINTILLO","link":"https:\/\/www.grieta.org.mx\/index.php\/category\/cintillo\/"},"img":{"alt_text":"","src":"https:\/\/i0.wp.com\/www.grieta.org.mx\/wp-content\/uploads\/2022\/01\/image-92.png?resize=350%2C200&ssl=1","width":350,"height":200},"classes":[]},{"id":43789,"url":"https:\/\/www.grieta.org.mx\/index.php\/2020\/01\/28\/colima-es-el-primer-lugar-en-homicidios-a-nivel-nacional\/","url_meta":{"origin":43798,"position":5},"title":"Colima es el primer lugar en homicidios a nivel nacional","author":"grieta","date":"28 enero, 2020","format":false,"excerpt":"Foto: El Noticiero de Colima Jaime Obispo Mart\u00ednez \/ El Noticiero de Colima Colima se mantiene en el primer lugar nacional en el promedio de incidencia delictiva por cada 100 mil habitantes en homicidios dolosos, de acuerdo con los datos del Secretariado Ejecutivo del Sistema Nacional de Seguridad P\u00fablica sobre\u2026","rel":"","context":"En &quot;CINTILLO&quot;","block_context":{"text":"CINTILLO","link":"https:\/\/www.grieta.org.mx\/index.php\/category\/cintillo\/"},"img":{"alt_text":"","src":"https:\/\/i0.wp.com\/www.grieta.org.mx\/wp-content\/uploads\/2020\/02\/Jard%C3%ADn-Nu%C3%B1ez-Colima.png?resize=350%2C200&ssl=1","width":350,"height":200,"srcset":"https:\/\/i0.wp.com\/www.grieta.org.mx\/wp-content\/uploads\/2020\/02\/Jard%C3%ADn-Nu%C3%B1ez-Colima.png?resize=350%2C200&ssl=1 1x, https:\/\/i0.wp.com\/www.grieta.org.mx\/wp-content\/uploads\/2020\/02\/Jard%C3%ADn-Nu%C3%B1ez-Colima.png?resize=525%2C300&ssl=1 1.5x, https:\/\/i0.wp.com\/www.grieta.org.mx\/wp-content\/uploads\/2020\/02\/Jard%C3%ADn-Nu%C3%B1ez-Colima.png?resize=700%2C400&ssl=1 2x"},"classes":[]}],"_links":{"self":[{"href":"https:\/\/www.grieta.org.mx\/index.php\/wp-json\/wp\/v2\/posts\/43798","targetHints":{"allow":["GET"]}}],"collection":[{"href":"https:\/\/www.grieta.org.mx\/index.php\/wp-json\/wp\/v2\/posts"}],"about":[{"href":"https:\/\/www.grieta.org.mx\/index.php\/wp-json\/wp\/v2\/types\/post"}],"author":[{"embeddable":true,"href":"https:\/\/www.grieta.org.mx\/index.php\/wp-json\/wp\/v2\/users\/2"}],"replies":[{"embeddable":true,"href":"https:\/\/www.grieta.org.mx\/index.php\/wp-json\/wp\/v2\/comments?post=43798"}],"version-history":[{"count":1,"href":"https:\/\/www.grieta.org.mx\/index.php\/wp-json\/wp\/v2\/posts\/43798\/revisions"}],"predecessor-version":[{"id":43800,"href":"https:\/\/www.grieta.org.mx\/index.php\/wp-json\/wp\/v2\/posts\/43798\/revisions\/43800"}],"wp:featuredmedia":[{"embeddable":true,"href":"https:\/\/www.grieta.org.mx\/index.php\/wp-json\/wp\/v2\/media\/21928"}],"wp:attachment":[{"href":"https:\/\/www.grieta.org.mx\/index.php\/wp-json\/wp\/v2\/media?parent=43798"}],"wp:term":[{"taxonomy":"category","embeddable":true,"href":"https:\/\/www.grieta.org.mx\/index.php\/wp-json\/wp\/v2\/categories?post=43798"},{"taxonomy":"post_tag","embeddable":true,"href":"https:\/\/www.grieta.org.mx\/index.php\/wp-json\/wp\/v2\/tags?post=43798"}],"curies":[{"name":"wp","href":"https:\/\/api.w.org\/{rel}","templated":true}]}}