{"id":43792,"date":"2020-01-27T13:54:48","date_gmt":"2020-01-27T19:54:48","guid":{"rendered":"http:\/\/www.grieta.org.mx\/?p=43792"},"modified":"2020-02-01T14:04:17","modified_gmt":"2020-02-01T20:04:17","slug":"dejan-sin-seguridad-social-a-pensionados-de-capdam-colima","status":"publish","type":"post","link":"https:\/\/www.grieta.org.mx\/index.php\/2020\/01\/27\/dejan-sin-seguridad-social-a-pensionados-de-capdam-colima\/","title":{"rendered":"Dejan sin seguridad social a pensionados de CAPDAM (Colima)"},"content":{"rendered":"<p><img loading=\"lazy\" decoding=\"async\" data-attachment-id=\"43793\" data-permalink=\"https:\/\/www.grieta.org.mx\/index.php\/2020\/01\/27\/dejan-sin-seguridad-social-a-pensionados-de-capdam-colima\/3334306d1dc095cc26210508ee618ec7-9\/\" data-orig-file=\"https:\/\/www.grieta.org.mx\/wp-content\/uploads\/2020\/02\/3334306d1dc095cc26210508ee618ec7-9.jpg\" data-orig-size=\"1140,712\" data-comments-opened=\"0\" data-image-meta=\"{&quot;aperture&quot;:&quot;0&quot;,&quot;credit&quot;:&quot;&quot;,&quot;camera&quot;:&quot;&quot;,&quot;caption&quot;:&quot;&quot;,&quot;created_timestamp&quot;:&quot;0&quot;,&quot;copyright&quot;:&quot;&quot;,&quot;focal_length&quot;:&quot;0&quot;,&quot;iso&quot;:&quot;0&quot;,&quot;shutter_speed&quot;:&quot;0&quot;,&quot;title&quot;:&quot;&quot;,&quot;orientation&quot;:&quot;0&quot;}\" data-image-title=\"3334306d1dc095cc26210508ee618ec7-9\" data-image-description=\"\" data-image-caption=\"\" data-medium-file=\"https:\/\/www.grieta.org.mx\/wp-content\/uploads\/2020\/02\/3334306d1dc095cc26210508ee618ec7-9-300x187.jpg\" data-large-file=\"https:\/\/www.grieta.org.mx\/wp-content\/uploads\/2020\/02\/3334306d1dc095cc26210508ee618ec7-9-1024x640.jpg\" class=\"aligncenter wp-image-43793\" src=\"http:\/\/www.grieta.org.mx\/wp-content\/uploads\/2020\/02\/3334306d1dc095cc26210508ee618ec7-9-1024x640.jpg\" alt=\"\" width=\"799\" height=\"499\" srcset=\"https:\/\/www.grieta.org.mx\/wp-content\/uploads\/2020\/02\/3334306d1dc095cc26210508ee618ec7-9-1024x640.jpg 1024w, https:\/\/www.grieta.org.mx\/wp-content\/uploads\/2020\/02\/3334306d1dc095cc26210508ee618ec7-9-300x187.jpg 300w, https:\/\/www.grieta.org.mx\/wp-content\/uploads\/2020\/02\/3334306d1dc095cc26210508ee618ec7-9-768x480.jpg 768w, https:\/\/www.grieta.org.mx\/wp-content\/uploads\/2020\/02\/3334306d1dc095cc26210508ee618ec7-9-801x500.jpg 801w, https:\/\/www.grieta.org.mx\/wp-content\/uploads\/2020\/02\/3334306d1dc095cc26210508ee618ec7-9.jpg 1140w\" sizes=\"auto, (max-width: 799px) 100vw, 799px\" \/><\/p>\n<p>Foto: El Comentario<\/p>\n<p>Juan Ram\u00f3n Negrete Jim\u00e9nez \/ El Comentario<\/p>\n<p>Trabajadores agrupados en la\u00a0<strong>Federaci\u00f3n de Sindicatos de Ayuntamientos, Organismos Descentralizados y Gobierno del Estado de Colima<\/strong>\u00a0denunciaron que empleados que est\u00e1n recibiendo el\u00a0<strong>beneficio de la pensi\u00f3n<\/strong>\u00a0se est\u00e1n quedando en estado de\u00a0<strong>indefensi\u00f3n<\/strong>, como es el caso de\u00a0<strong>trabajadores<\/strong>\u00a0del municipio de\u00a0<strong>Manzanillo<\/strong>, a los que dieron de\u00a0<strong>baja del Seguro Social<\/strong>\u00a0y\u00a0<strong>no est\u00e1n recibiendo el servicio m\u00e9dico<\/strong>.<\/p>\n<p>Lo anterior fue se\u00f1alado por el dirigente del\u00a0<strong>Sindicato de Trabajadores al Servicio de la Comisi\u00f3n de Agua Potable, Drenaje y Alcantarillado de Manzanillo<\/strong>\u00a0(Capdam),\u00a0<strong>Omar S\u00e1nchez<\/strong>, quien a\u00f1adi\u00f3 que ni el\u00a0<strong>Instituto de Pensiones del Estado<\/strong>, el\u00a0<strong>Ayuntamiento de Manzanillo<\/strong>\u00a0o la\u00a0<strong>Capdam<\/strong>, les pueden dar el servicio y\u00a0<strong>ninguno se quiere responsabilizar<\/strong>\u00a0de pagarles a esos trabajadores pensionados el servicio de la seguridad social.<\/p>\n<p>Destac\u00f3 que \u201csi se\u00a0<strong>enferma un trabajador<\/strong>, ni el\u00a0<strong>Instituto de Pensiones ni el Ayuntamiento quieren hacerse cargo<\/strong>, entonces, \u00bfqui\u00e9n les va a dar el servicio de la seguridad social? Si se\u00a0<strong>accidenta un trabajador<\/strong>\u00a0o se agrava de alg\u00fan padecimiento, se va a morir porque\u00a0<strong>ya no tiene la protecci\u00f3n del Instituto Mexicano del Seguro Social<\/strong>\u201d.<\/p>\n<p>Omar S\u00e1nchez dijo que \u201cen este momento son\u00a0<strong>cinco o seis los trabajadores que fueron dados de baja<\/strong>, pero se prev\u00e9 que en breve la\u00a0<strong>cifra subir\u00e1 24<\/strong>, por eso estamos haciendo la denuncia de que derivado de las\u00a0<strong>lagunas legales<\/strong>\u00a0que hay en la\u00a0<strong>Ley de Pensiones del Estado<\/strong>, les\u00a0<strong>quitaron el servicio m\u00e9dico<\/strong>\u201d.<\/p>\n<p><a href=\"https:\/\/elcomentario.ucol.mx\/dejan-sin-seguridad-social-a-pensionados-de-capdam\/\">https:\/\/elcomentario.ucol.mx\/dejan-sin-seguridad-social-a-pensionados-de-capdam\/<\/a><\/p>\n","protected":false},"excerpt":{"rendered":"<p>Foto: El Comentario Juan Ram\u00f3n Negrete Jim\u00e9nez \/ El Comentario Trabajadores agrupados en la\u00a0Federaci\u00f3n de Sindicatos de Ayuntamientos, Organismos Descentralizados y Gobierno del Estado de Colima\u00a0denunciaron que empleados que est\u00e1n &hellip; <a href=\"https:\/\/www.grieta.org.mx\/index.php\/2020\/01\/27\/dejan-sin-seguridad-social-a-pensionados-de-capdam-colima\/\" class=\"more-link\">Leer m\u00e1s<\/a><\/p>\n","protected":false},"author":2,"featured_media":43793,"comment_status":"closed","ping_status":"closed","sticky":false,"template":"","format":"standard","meta":{"ngg_post_thumbnail":0,"_jetpack_newsletter_access":"","_jetpack_dont_email_post_to_subs":false,"_jetpack_newsletter_tier_id":0,"_jetpack_memberships_contains_paywalled_content":false,"_jetpack_memberships_contains_paid_content":false,"footnotes":""},"categories":[80,13,2191,910,2,83],"tags":[203,2321,1117],"class_list":["post-43792","post","type-post","status-publish","format-standard","has-post-thumbnail","hentry","category-cintillo","category-colima","category-conflictos-laborales-en-el-sector-publico-en-colima","category-explotacion-y-precariedad-laboral","category-noticias-nacionales","category-temas-nacionales","tag-pensionados","tag-trabajadores-sin-seguro-social","tag-violacion-de-derechos-laborales","entry"],"jetpack_featured_media_url":"https:\/\/www.grieta.org.mx\/wp-content\/uploads\/2020\/02\/3334306d1dc095cc26210508ee618ec7-9.jpg","jetpack_sharing_enabled":true,"jetpack_shortlink":"https:\/\/wp.me\/p7ZJR4-bok","jetpack_likes_enabled":false,"jetpack-related-posts":[{"id":56616,"url":"https:\/\/www.grieta.org.mx\/index.php\/2021\/01\/28\/se-manifiestan-trabajadores-jubilados-y-pensionados-de-pemex-colima\/","url_meta":{"origin":43792,"position":0},"title":"Se manifiestan trabajadores jubilados y pensionados de Pemex (Colima)","author":"grieta","date":"28 enero, 2021","format":false,"excerpt":"Imagen: Colima Noticias Oscar Cervantes \/ Colima Noticias Colima, Col.-\u00a0Un grupo de trabajadores jubilados y pensionados de Petr\u00f3leos Mexicanos (PEMEX), se manifestaron pac\u00edficamente para exigir el respeto a sus derechos laborales y que de inmediato se reactive su acceso a servicios m\u00e9dicos integrales. A las afueras de las instalaciones de\u2026","rel":"","context":"En &quot;CINTILLO&quot;","block_context":{"text":"CINTILLO","link":"https:\/\/www.grieta.org.mx\/index.php\/category\/cintillo\/"},"img":{"alt_text":"","src":"https:\/\/i0.wp.com\/www.grieta.org.mx\/wp-content\/uploads\/2018\/03\/14524434_1106112876131411_958039263622046936_o.jpg?resize=350%2C200&ssl=1","width":350,"height":200,"srcset":"https:\/\/i0.wp.com\/www.grieta.org.mx\/wp-content\/uploads\/2018\/03\/14524434_1106112876131411_958039263622046936_o.jpg?resize=350%2C200&ssl=1 1x, https:\/\/i0.wp.com\/www.grieta.org.mx\/wp-content\/uploads\/2018\/03\/14524434_1106112876131411_958039263622046936_o.jpg?resize=525%2C300&ssl=1 1.5x, https:\/\/i0.wp.com\/www.grieta.org.mx\/wp-content\/uploads\/2018\/03\/14524434_1106112876131411_958039263622046936_o.jpg?resize=700%2C400&ssl=1 2x"},"classes":[]},{"id":53148,"url":"https:\/\/www.grieta.org.mx\/index.php\/2020\/09\/05\/dolores-gonzalez-exige-a-diputados-federales-busquen-resolver-servicio-medico-en-clinica-del-issste-colima\/","url_meta":{"origin":43792,"position":1},"title":"Dolores Gonz\u00e1lez exige a diputados federales busquen resolver servicio m\u00e9dico en cl\u00ednica del ISSSTE Colima","author":"grieta","date":"5 septiembre, 2020","format":false,"excerpt":"Foto: Colima Noticias Edgardo Zamora \/ Colima Noticias Colima, Col.- La dirigente de la secci\u00f3n 30 del Sindicato Nacional de Trabajadores de la Secretar\u00eda de Salud, Dolores Gonz\u00e1lez Meza, hizo un llamado en\u00e9rgico a diputados federales para que resuelvan el servicio en la cl\u00ednica del ISSSTE para trabajadores de la\u2026","rel":"","context":"En &quot;CINTILLO&quot;","block_context":{"text":"CINTILLO","link":"https:\/\/www.grieta.org.mx\/index.php\/category\/cintillo\/"},"img":{"alt_text":"","src":"https:\/\/i0.wp.com\/www.grieta.org.mx\/wp-content\/uploads\/2020\/09\/issste-covid-19-colima-696x522-1.jpeg?resize=350%2C200&ssl=1","width":350,"height":200,"srcset":"https:\/\/i0.wp.com\/www.grieta.org.mx\/wp-content\/uploads\/2020\/09\/issste-covid-19-colima-696x522-1.jpeg?resize=350%2C200&ssl=1 1x, https:\/\/i0.wp.com\/www.grieta.org.mx\/wp-content\/uploads\/2020\/09\/issste-covid-19-colima-696x522-1.jpeg?resize=525%2C300&ssl=1 1.5x"},"classes":[]},{"id":57337,"url":"https:\/\/www.grieta.org.mx\/index.php\/2021\/03\/05\/denuncia-disidencia-del-snte-39-deficiencias-en-ley-de-pensiones-y-servicio-medico-colima\/","url_meta":{"origin":43792,"position":2},"title":"Denuncia disidencia del SNTE 39 deficiencias en Ley de Pensiones y servicio m\u00e9dico (Colima)","author":"grieta","date":"5 marzo, 2021","format":false,"excerpt":"Foto: El Comentario Francis Bravo \/ El Comentario Luego de se\u00f1alar deficiencias en la prestaci\u00f3n de servicio m\u00e9dico, as\u00ed como legales y constitucionales en la Ley de Pensiones de los Servidores P\u00fablicos del estado de Colima, el movimiento \u201cSomos la Base\u201d de la Secci\u00f3n 39 del SNTE, analiza la posibilidad\u2026","rel":"","context":"En &quot;CINTILLO&quot;","block_context":{"text":"CINTILLO","link":"https:\/\/www.grieta.org.mx\/index.php\/category\/cintillo\/"},"img":{"alt_text":"","src":"https:\/\/i0.wp.com\/www.grieta.org.mx\/wp-content\/uploads\/2021\/03\/6a62e374a381a0dddd8eb5e1b94ac5d9.jpg?resize=350%2C200&ssl=1","width":350,"height":200,"srcset":"https:\/\/i0.wp.com\/www.grieta.org.mx\/wp-content\/uploads\/2021\/03\/6a62e374a381a0dddd8eb5e1b94ac5d9.jpg?resize=350%2C200&ssl=1 1x, https:\/\/i0.wp.com\/www.grieta.org.mx\/wp-content\/uploads\/2021\/03\/6a62e374a381a0dddd8eb5e1b94ac5d9.jpg?resize=525%2C300&ssl=1 1.5x, https:\/\/i0.wp.com\/www.grieta.org.mx\/wp-content\/uploads\/2021\/03\/6a62e374a381a0dddd8eb5e1b94ac5d9.jpg?resize=700%2C400&ssl=1 2x, https:\/\/i0.wp.com\/www.grieta.org.mx\/wp-content\/uploads\/2021\/03\/6a62e374a381a0dddd8eb5e1b94ac5d9.jpg?resize=1050%2C600&ssl=1 3x"},"classes":[]},{"id":57333,"url":"https:\/\/www.grieta.org.mx\/index.php\/2021\/03\/05\/continuaran-las-protestas-de-jubilados-por-pagos-de-pensiones-con-umas-colima\/","url_meta":{"origin":43792,"position":3},"title":"Continuar\u00e1n las protestas de jubilados por pagos de pensiones con UMA\u2019s (Colima)","author":"grieta","date":"5 marzo, 2021","format":false,"excerpt":"Foto: El Comentario Francis Bravo \/ El Comentario Durante una protesta por la determinaci\u00f3n de la Suprema Corte de Justicia de la Nacional (SCJN) para que las pensiones a trabajadores jubilados se paguen en UMA\u2019s (Unidad de Medida y Actualizaci\u00f3n), el 9 de marzo se realizar\u00e1 otra marcha a la\u2026","rel":"","context":"En &quot;CINTILLO&quot;","block_context":{"text":"CINTILLO","link":"https:\/\/www.grieta.org.mx\/index.php\/category\/cintillo\/"},"img":{"alt_text":"","src":"https:\/\/i0.wp.com\/www.grieta.org.mx\/wp-content\/uploads\/2021\/03\/5fa9db2e335ef69a4eeb9fe7974d61f4.jpg?resize=350%2C200&ssl=1","width":350,"height":200,"srcset":"https:\/\/i0.wp.com\/www.grieta.org.mx\/wp-content\/uploads\/2021\/03\/5fa9db2e335ef69a4eeb9fe7974d61f4.jpg?resize=350%2C200&ssl=1 1x, https:\/\/i0.wp.com\/www.grieta.org.mx\/wp-content\/uploads\/2021\/03\/5fa9db2e335ef69a4eeb9fe7974d61f4.jpg?resize=525%2C300&ssl=1 1.5x, https:\/\/i0.wp.com\/www.grieta.org.mx\/wp-content\/uploads\/2021\/03\/5fa9db2e335ef69a4eeb9fe7974d61f4.jpg?resize=700%2C400&ssl=1 2x"},"classes":[]},{"id":66120,"url":"https:\/\/www.grieta.org.mx\/index.php\/2023\/01\/19\/exigen-destituir-a-encargada-de-direccion-en-imss-manzanillo-colima\/","url_meta":{"origin":43792,"position":4},"title":"Exigen destituir a encargada de direcci\u00f3n en IMSS Manzanillo (Colima)","author":"grieta","date":"19 enero, 2023","format":false,"excerpt":"Imagen: Edgardo Zamora Edgardo Zamora \/ El Occidental MANZANILLO, Colima (OEM-Informex).- Trabajadores del IMSS Manzanillo laboran bajo protesta, ya que exigen la destituci\u00f3n de la encargada de la direcci\u00f3n, Mar\u00eda Luz L\u00f3pez Bola\u00f1os, a quien denuncian de presunto acoso laboral, hostigamiento y abusos. Los trabajadores pertenecen a la Secci\u00f3n 25\u2026","rel":"","context":"En &quot;CINTILLO&quot;","block_context":{"text":"CINTILLO","link":"https:\/\/www.grieta.org.mx\/index.php\/category\/cintillo\/"},"img":{"alt_text":"","src":"https:\/\/i0.wp.com\/www.grieta.org.mx\/wp-content\/uploads\/2023\/01\/IMSS-Manzanillo.jpg?resize=350%2C200&ssl=1","width":350,"height":200,"srcset":"https:\/\/i0.wp.com\/www.grieta.org.mx\/wp-content\/uploads\/2023\/01\/IMSS-Manzanillo.jpg?resize=350%2C200&ssl=1 1x, https:\/\/i0.wp.com\/www.grieta.org.mx\/wp-content\/uploads\/2023\/01\/IMSS-Manzanillo.jpg?resize=525%2C300&ssl=1 1.5x, https:\/\/i0.wp.com\/www.grieta.org.mx\/wp-content\/uploads\/2023\/01\/IMSS-Manzanillo.jpg?resize=700%2C400&ssl=1 2x"},"classes":[]},{"id":19812,"url":"https:\/\/www.grieta.org.mx\/index.php\/2016\/08\/12\/conflictos-laborales-de-trabajadores-del-estado-en-colima\/","url_meta":{"origin":43792,"position":5},"title":"Conflictos laborales de trabajadores del Estado en Colima","author":"grieta","date":"12 agosto, 2016","format":false,"excerpt":"12\/08\/16. Se manifiestan trabajadores del INAH ColimaPerriodismo","rel":"","context":"En &quot;Colima&quot;","block_context":{"text":"Colima","link":"https:\/\/www.grieta.org.mx\/index.php\/category\/noticias-nacionales\/colima\/"},"img":{"alt_text":"","src":"https:\/\/i0.wp.com\/www.grieta.org.mx\/wp-content\/uploads\/2018\/03\/14524434_1106112876131411_958039263622046936_o.jpg?resize=350%2C200&ssl=1","width":350,"height":200,"srcset":"https:\/\/i0.wp.com\/www.grieta.org.mx\/wp-content\/uploads\/2018\/03\/14524434_1106112876131411_958039263622046936_o.jpg?resize=350%2C200&ssl=1 1x, https:\/\/i0.wp.com\/www.grieta.org.mx\/wp-content\/uploads\/2018\/03\/14524434_1106112876131411_958039263622046936_o.jpg?resize=525%2C300&ssl=1 1.5x, https:\/\/i0.wp.com\/www.grieta.org.mx\/wp-content\/uploads\/2018\/03\/14524434_1106112876131411_958039263622046936_o.jpg?resize=700%2C400&ssl=1 2x"},"classes":[]}],"_links":{"self":[{"href":"https:\/\/www.grieta.org.mx\/index.php\/wp-json\/wp\/v2\/posts\/43792","targetHints":{"allow":["GET"]}}],"collection":[{"href":"https:\/\/www.grieta.org.mx\/index.php\/wp-json\/wp\/v2\/posts"}],"about":[{"href":"https:\/\/www.grieta.org.mx\/index.php\/wp-json\/wp\/v2\/types\/post"}],"author":[{"embeddable":true,"href":"https:\/\/www.grieta.org.mx\/index.php\/wp-json\/wp\/v2\/users\/2"}],"replies":[{"embeddable":true,"href":"https:\/\/www.grieta.org.mx\/index.php\/wp-json\/wp\/v2\/comments?post=43792"}],"version-history":[{"count":1,"href":"https:\/\/www.grieta.org.mx\/index.php\/wp-json\/wp\/v2\/posts\/43792\/revisions"}],"predecessor-version":[{"id":43794,"href":"https:\/\/www.grieta.org.mx\/index.php\/wp-json\/wp\/v2\/posts\/43792\/revisions\/43794"}],"wp:featuredmedia":[{"embeddable":true,"href":"https:\/\/www.grieta.org.mx\/index.php\/wp-json\/wp\/v2\/media\/43793"}],"wp:attachment":[{"href":"https:\/\/www.grieta.org.mx\/index.php\/wp-json\/wp\/v2\/media?parent=43792"}],"wp:term":[{"taxonomy":"category","embeddable":true,"href":"https:\/\/www.grieta.org.mx\/index.php\/wp-json\/wp\/v2\/categories?post=43792"},{"taxonomy":"post_tag","embeddable":true,"href":"https:\/\/www.grieta.org.mx\/index.php\/wp-json\/wp\/v2\/tags?post=43792"}],"curies":[{"name":"wp","href":"https:\/\/api.w.org\/{rel}","templated":true}]}}