{"id":43777,"date":"2020-01-13T22:05:05","date_gmt":"2020-01-14T04:05:05","guid":{"rendered":"http:\/\/www.grieta.org.mx\/?p=43777"},"modified":"2020-01-31T22:11:56","modified_gmt":"2020-02-01T04:11:56","slug":"sindicalizados-toman-rectoria-y-tesoreria-de-las-universidad-michoacana","status":"publish","type":"post","link":"https:\/\/www.grieta.org.mx\/index.php\/2020\/01\/13\/sindicalizados-toman-rectoria-y-tesoreria-de-las-universidad-michoacana\/","title":{"rendered":"Sindicalizados toman Rector\u00eda y Tesorer\u00eda de las Universidad Michoacana"},"content":{"rendered":"<figure id=\"attachment_43778\" aria-describedby=\"caption-attachment-43778\" style=\"width: 800px\" class=\"wp-caption aligncenter\"><img loading=\"lazy\" decoding=\"async\" data-attachment-id=\"43778\" data-permalink=\"https:\/\/www.grieta.org.mx\/index.php\/2020\/01\/13\/sindicalizados-toman-rectoria-y-tesoreria-de-las-universidad-michoacana\/unviersidadmichoacana_1201_charbelllucio\/\" data-orig-file=\"https:\/\/www.grieta.org.mx\/wp-content\/uploads\/2020\/01\/unviersidadmichoacana_1201_charbelllucio.jpg\" data-orig-size=\"651,400\" data-comments-opened=\"0\" data-image-meta=\"{&quot;aperture&quot;:&quot;0&quot;,&quot;credit&quot;:&quot;&quot;,&quot;camera&quot;:&quot;&quot;,&quot;caption&quot;:&quot;&quot;,&quot;created_timestamp&quot;:&quot;0&quot;,&quot;copyright&quot;:&quot;&quot;,&quot;focal_length&quot;:&quot;0&quot;,&quot;iso&quot;:&quot;0&quot;,&quot;shutter_speed&quot;:&quot;0&quot;,&quot;title&quot;:&quot;&quot;,&quot;orientation&quot;:&quot;0&quot;}\" data-image-title=\"unviersidadmichoacana_1201_charbelllucio\" data-image-description=\"\" data-image-caption=\"&lt;p&gt;Foto: Charbell Lucio&lt;\/p&gt;\n\" data-medium-file=\"https:\/\/www.grieta.org.mx\/wp-content\/uploads\/2020\/01\/unviersidadmichoacana_1201_charbelllucio-300x184.jpg\" data-large-file=\"https:\/\/www.grieta.org.mx\/wp-content\/uploads\/2020\/01\/unviersidadmichoacana_1201_charbelllucio.jpg\" class=\"wp-image-43778\" src=\"http:\/\/www.grieta.org.mx\/wp-content\/uploads\/2020\/01\/unviersidadmichoacana_1201_charbelllucio.jpg\" alt=\"\" width=\"800\" height=\"492\" srcset=\"https:\/\/www.grieta.org.mx\/wp-content\/uploads\/2020\/01\/unviersidadmichoacana_1201_charbelllucio.jpg 651w, https:\/\/www.grieta.org.mx\/wp-content\/uploads\/2020\/01\/unviersidadmichoacana_1201_charbelllucio-300x184.jpg 300w\" sizes=\"auto, (max-width: 800px) 100vw, 800px\" \/><figcaption id=\"caption-attachment-43778\" class=\"wp-caption-text\">Foto: Charbell Lucio<\/figcaption><\/figure>\n<p>Carlos Arrieta, Corresponsal \/ El Universal, 13 de enero de 2020<br \/>\nMorelia, Michoac\u00e1n.- Integrantes del Sindicato \u00danico de Empleados de la Universidad Michoacana tomaron este lunes las oficinas de las Rector\u00eda, la Tesorer\u00eda y el Departamento de N\u00f3minas de la casa de estudios para exigir que les paguen sus sueldos y aguinaldo pendientes.<\/p>\n<p>Las autoridades universitarias confirmaron que la actividad acad\u00e9mica no se ha visto afectada, pero s\u00ed la administrativa, por las \u00e1reas tomadas con reducidos grupos del SUEUM.<\/p>\n<p>Los agremiados de esa expresi\u00f3n Sindical se han visto afectados en el pago de sus dos quincenas de diciembre, el aguinaldo y la prima vacacional porque su dirigencia se ha negado a firmar el acuerdo para las modificaciones al sistema de pensiones y jubilaciones de las UMSNH.<\/p>\n<p>Esa condicionante la fij\u00f3 el gobierno federal el 21 de diciembre del 2018, para que la m\u00e1xima casa de estudios accediera a fondos extraordinarios y aminorar la crisis que enfrenta.<\/p>\n<p>La cl\u00e1usula establece que solo podr\u00e1n acceder a esos recursos, los agremiados de los sindicatos que firmen las modificaciones al sistema de pensiones y jubilaciones a propuestas por la Rector\u00eda.<\/p>\n<p>En este caso, el pasado lunes, el Sindicato de Profesores de la Universidad Michoacana (SPUM) y el Sindicato de Trabajadores de la Universidad Michoacana (STUMICH) firmaron dicho acuerdo y ya accedieron a los recursos.<\/p>\n<p>Caso contrario, el del Sindicato \u00danico de Empleados de la Universidad Michoacana, se neg\u00f3 a avalar el documento, lo que dej\u00f3 sin pago a sus agremiados.<\/p>\n<p>En consecuencia, sus cuatro mandos medios, mil 703 trabajadores administrativos y 826 jubilados, no tuvieron ese beneficio por una decisi\u00f3n de sus liderazgos, lo que provoc\u00f3 unas desbandada en ese sindicato.<\/p>\n<p>Los empleados administrativos buscan ya su adhesi\u00f3n al STUMICH, para acceder a los recursos extraordinarios y que les sean saldados los pagos pendientes.<\/p>\n<p>Los agremiados, informaron que decidieron abandonar esa expresi\u00f3n sindical, en algunos casos por corruptelas y malas decisiones de su liderazgo que los han perjudicado en lo econ\u00f3mico.<\/p>\n<p>A pesar de lo anterior, el SUEUM emplaz\u00f3 a huelga para este pr\u00f3ximo 16 de enero.<\/p>\n<p><a href=\"https:\/\/www.eluniversal.com.mx\/estados\/universidad-michoacana-sindicalizados-toman-rectoria-y-tesoreria\">https:\/\/www.eluniversal.com.mx\/estados\/universidad-michoacana-sindicalizados-toman-rectoria-y-tesoreria<\/a><\/p>\n","protected":false},"excerpt":{"rendered":"<p>Carlos Arrieta, Corresponsal \/ El Universal, 13 de enero de 2020 Morelia, Michoac\u00e1n.- Integrantes del Sindicato \u00danico de Empleados de la Universidad Michoacana tomaron este lunes las oficinas de las &hellip; <a href=\"https:\/\/www.grieta.org.mx\/index.php\/2020\/01\/13\/sindicalizados-toman-rectoria-y-tesoreria-de-las-universidad-michoacana\/\" class=\"more-link\">Leer m\u00e1s<\/a><\/p>\n","protected":false},"author":2,"featured_media":43778,"comment_status":"closed","ping_status":"closed","sticky":false,"template":"","format":"standard","meta":{"ngg_post_thumbnail":0,"_jetpack_newsletter_access":"","_jetpack_dont_email_post_to_subs":false,"_jetpack_newsletter_tier_id":0,"_jetpack_memberships_contains_paywalled_content":false,"_jetpack_memberships_contains_paid_content":false,"footnotes":""},"categories":[80,999,2210,2840,21,2752],"tags":[2250,2841,2476,894,1550],"class_list":["post-43777","post","type-post","status-publish","format-standard","has-post-thumbnail","hentry","category-cintillo","category-conflictos-laborales-en-michoacan","category-crisis-en-el-sistema-educativo-de-michoacan","category-explotacion-y-precariedad-laboral-en-michoacan","category-michoacan","category-precariedad-laboral-en-michoacan","tag-conflictos-laborales-en-el-sector-publico","tag-explotacion-y-precariedad-laboral","tag-huelgas-universitarias","tag-pensiones","tag-precariedad-presupuestal","entry"],"jetpack_featured_media_url":"https:\/\/www.grieta.org.mx\/wp-content\/uploads\/2020\/01\/unviersidadmichoacana_1201_charbelllucio.jpg","jetpack_sharing_enabled":true,"jetpack_shortlink":"https:\/\/wp.me\/p7ZJR4-bo5","jetpack_likes_enabled":false,"jetpack-related-posts":[{"id":43264,"url":"https:\/\/www.grieta.org.mx\/index.php\/2020\/01\/21\/sueum-tomara-oficinas-administrativas-de-la-umsnh-el-jueves-michoacan\/","url_meta":{"origin":43777,"position":0},"title":"SUEUM tomar\u00e1 oficinas administrativas de la UMSNH el jueves  (Michoac\u00e1n)","author":"grieta","date":"21 enero, 2020","format":false,"excerpt":"Por Guadalupe Mart\u00ednez \/ Mi Morelia, 21 de enero de 2020 Morelia, Michoac\u00e1n (MiMorelia.com).- Integrantes del Consejo General de Huelga del Sindicato \u00danico de Empleados de la Universidad Michoacana (SUEUM) aprobaron tomar de manera indefinida este jueves todas las oficinas administrativas de la Casa de Hidalgo en protesta por los\u2026","rel":"","context":"En &quot;CINTILLO&quot;","block_context":{"text":"CINTILLO","link":"https:\/\/www.grieta.org.mx\/index.php\/category\/cintillo\/"},"img":{"alt_text":"","src":"https:\/\/i0.wp.com\/www.grieta.org.mx\/wp-content\/uploads\/2020\/01\/mimorelia_sueum_umsnh_huelga.jpg?resize=350%2C200&ssl=1","width":350,"height":200,"srcset":"https:\/\/i0.wp.com\/www.grieta.org.mx\/wp-content\/uploads\/2020\/01\/mimorelia_sueum_umsnh_huelga.jpg?resize=350%2C200&ssl=1 1x, https:\/\/i0.wp.com\/www.grieta.org.mx\/wp-content\/uploads\/2020\/01\/mimorelia_sueum_umsnh_huelga.jpg?resize=525%2C300&ssl=1 1.5x"},"classes":[]},{"id":47014,"url":"https:\/\/www.grieta.org.mx\/index.php\/2020\/03\/26\/denuncia-sueum-falta-de-pagos-pese-a-acuerdo-michoacan\/","url_meta":{"origin":43777,"position":1},"title":"Denuncia SUEUM falta de pagos pese a acuerdo (Michoac\u00e1n)","author":"grieta","date":"26 marzo, 2020","format":false,"excerpt":"\u00a0 Los trabajadores aseguraron que con estas acciones se violan y violentan el estado de derecho y las leyes \u00a0 Yelitza Mendoza | El Sol de Zamora, 26 de marzo de 2020 Morelia, Michoac\u00e1n, (OEM-Infomex).- Pese a la firma de convenio realizada el pasado 18 de marzo con la Universidad\u2026","rel":"","context":"En &quot;CINTILLO&quot;","block_context":{"text":"CINTILLO","link":"https:\/\/www.grieta.org.mx\/index.php\/category\/cintillo\/"},"img":{"alt_text":"","src":"https:\/\/i0.wp.com\/www.grieta.org.mx\/wp-content\/uploads\/2020\/03\/Firma-convenio-SUEUM.jpg?resize=350%2C200&ssl=1","width":350,"height":200,"srcset":"https:\/\/i0.wp.com\/www.grieta.org.mx\/wp-content\/uploads\/2020\/03\/Firma-convenio-SUEUM.jpg?resize=350%2C200&ssl=1 1x, https:\/\/i0.wp.com\/www.grieta.org.mx\/wp-content\/uploads\/2020\/03\/Firma-convenio-SUEUM.jpg?resize=525%2C300&ssl=1 1.5x, https:\/\/i0.wp.com\/www.grieta.org.mx\/wp-content\/uploads\/2020\/03\/Firma-convenio-SUEUM.jpg?resize=700%2C400&ssl=1 2x"},"classes":[]},{"id":42407,"url":"https:\/\/www.grieta.org.mx\/index.php\/2019\/12\/13\/paralizan-la-umsnh-por-12-horas-sueum-rechaza-jubilaciones-y-pensiones-michoacan\/","url_meta":{"origin":43777,"position":2},"title":"Paralizan la UMSNH por 12 horas; SUEUM rechaza jubilaciones y pensiones (Michoac\u00e1n)","author":"grieta","date":"13 diciembre, 2019","format":false,"excerpt":"Luego de m\u00e1s de tres horas de discusi\u00f3n, autoridades de la Universidad Michoacana de San Nicol\u00e1s de Hidalgo (UMSNH y miembros del Consejo General de Huelga acordaron la formaci\u00f3n de una comisi\u00f3n para dar otra revisada al documento. Juan Bustos \/ La Voz de Michoac\u00e1n, 13 de diciembre de 2019\u2026","rel":"","context":"En &quot;CINTILLO&quot;","block_context":{"text":"CINTILLO","link":"https:\/\/www.grieta.org.mx\/index.php\/category\/cintillo\/"},"img":{"alt_text":"","src":"https:\/\/i0.wp.com\/www.grieta.org.mx\/wp-content\/uploads\/2019\/12\/umsnh-1.jpg?resize=350%2C200&ssl=1","width":350,"height":200,"srcset":"https:\/\/i0.wp.com\/www.grieta.org.mx\/wp-content\/uploads\/2019\/12\/umsnh-1.jpg?resize=350%2C200&ssl=1 1x, https:\/\/i0.wp.com\/www.grieta.org.mx\/wp-content\/uploads\/2019\/12\/umsnh-1.jpg?resize=525%2C300&ssl=1 1.5x, https:\/\/i0.wp.com\/www.grieta.org.mx\/wp-content\/uploads\/2019\/12\/umsnh-1.jpg?resize=700%2C400&ssl=1 2x"},"classes":[]},{"id":43781,"url":"https:\/\/www.grieta.org.mx\/index.php\/2020\/01\/28\/marchan-sindicados-en-morelia-en-demanda-de-sus-pagos-atrasados\/","url_meta":{"origin":43777,"position":3},"title":"Marchan sindicados en Morelia en demanda de sus pagos atrasados","author":"grieta","date":"28 enero, 2020","format":false,"excerpt":"Uriel Morales P\u00e9rez \/Quadrat\u00edn, 28 de enero de 2019 MORELIA, Mich., 28 de enero de 2020.- Trabajadores del sector educativo en Michoac\u00e1n participan en la marcha en calles de Morelia en demanda de cumplimiento a pliegos petitorios que por meses se arrastran como pendientes. En el contingente se encuentran integrantes\u2026","rel":"","context":"En &quot;CINTILLO&quot;","block_context":{"text":"CINTILLO","link":"https:\/\/www.grieta.org.mx\/index.php\/category\/cintillo\/"},"img":{"alt_text":"","src":"https:\/\/i0.wp.com\/www.grieta.org.mx\/wp-content\/uploads\/2020\/01\/images.jpg?resize=350%2C200&ssl=1","width":350,"height":200,"srcset":"https:\/\/i0.wp.com\/www.grieta.org.mx\/wp-content\/uploads\/2020\/01\/images.jpg?resize=350%2C200&ssl=1 1x, https:\/\/i0.wp.com\/www.grieta.org.mx\/wp-content\/uploads\/2020\/01\/images.jpg?resize=525%2C300&ssl=1 1.5x"},"classes":[]},{"id":67606,"url":"https:\/\/www.grieta.org.mx\/index.php\/2023\/05\/15\/insuficiente-el-incremento-salarial-a-los-maestros-cnte-michoacan\/","url_meta":{"origin":43777,"position":4},"title":"Insuficiente, el incremento salarial a los maestros: CNTE (Michoac\u00e1n)","author":"grieta","date":"15 mayo, 2023","format":false,"excerpt":"Dirigente de fracci\u00f3n magisterial se\u00f1ala que el aumento debe superar al 10 por ciento, dado que los aumentos no se aplican directa a ingresos","rel":"","context":"En &quot;CINTILLO&quot;","block_context":{"text":"CINTILLO","link":"https:\/\/www.grieta.org.mx\/index.php\/category\/cintillo\/"},"img":{"alt_text":"","src":"https:\/\/i0.wp.com\/www.grieta.org.mx\/wp-content\/uploads\/2023\/09\/CNTE-2-marcha-acg.jpg?resize=350%2C200&ssl=1","width":350,"height":200,"srcset":"https:\/\/i0.wp.com\/www.grieta.org.mx\/wp-content\/uploads\/2023\/09\/CNTE-2-marcha-acg.jpg?resize=350%2C200&ssl=1 1x, https:\/\/i0.wp.com\/www.grieta.org.mx\/wp-content\/uploads\/2023\/09\/CNTE-2-marcha-acg.jpg?resize=525%2C300&ssl=1 1.5x, https:\/\/i0.wp.com\/www.grieta.org.mx\/wp-content\/uploads\/2023\/09\/CNTE-2-marcha-acg.jpg?resize=700%2C400&ssl=1 2x, https:\/\/i0.wp.com\/www.grieta.org.mx\/wp-content\/uploads\/2023\/09\/CNTE-2-marcha-acg.jpg?resize=1050%2C600&ssl=1 3x, https:\/\/i0.wp.com\/www.grieta.org.mx\/wp-content\/uploads\/2023\/09\/CNTE-2-marcha-acg.jpg?resize=1400%2C800&ssl=1 4x"},"classes":[]},{"id":43268,"url":"https:\/\/www.grieta.org.mx\/index.php\/2019\/12\/26\/mil-trabajadores-del-sueum-presentaran-demandas-contra-rector-michoacan\/","url_meta":{"origin":43777,"position":5},"title":"Mil trabajadores del SUEUM presentar\u00e1n demandas contra rector  (Michoac\u00e1n)","author":"grieta","date":"26 diciembre, 2019","format":false,"excerpt":"Las demandas ser\u00e1n debido a la falta de pago de aguinaldo Por Guadalupe Mart\u00ednez \/ Mi Morelia,26 de diciembre de 2019 Morelia, Michoac\u00e1n (MiMorelia.com).- Aproximadamente mil agremiados al Sindicato \u00danico de Empleados de la Universidad Michoacana (SUEUM) presentar\u00e1n demandas individuales ante la Direcci\u00f3n del Trabajo y Previsi\u00f3n Social (DTPS) en\u2026","rel":"","context":"En &quot;CINTILLO&quot;","block_context":{"text":"CINTILLO","link":"https:\/\/www.grieta.org.mx\/index.php\/category\/cintillo\/"},"img":{"alt_text":"","src":"https:\/\/i0.wp.com\/www.grieta.org.mx\/wp-content\/uploads\/2020\/01\/mimorelia_aguinaldo_pagos.jpg?resize=350%2C200&ssl=1","width":350,"height":200,"srcset":"https:\/\/i0.wp.com\/www.grieta.org.mx\/wp-content\/uploads\/2020\/01\/mimorelia_aguinaldo_pagos.jpg?resize=350%2C200&ssl=1 1x, https:\/\/i0.wp.com\/www.grieta.org.mx\/wp-content\/uploads\/2020\/01\/mimorelia_aguinaldo_pagos.jpg?resize=525%2C300&ssl=1 1.5x"},"classes":[]}],"_links":{"self":[{"href":"https:\/\/www.grieta.org.mx\/index.php\/wp-json\/wp\/v2\/posts\/43777","targetHints":{"allow":["GET"]}}],"collection":[{"href":"https:\/\/www.grieta.org.mx\/index.php\/wp-json\/wp\/v2\/posts"}],"about":[{"href":"https:\/\/www.grieta.org.mx\/index.php\/wp-json\/wp\/v2\/types\/post"}],"author":[{"embeddable":true,"href":"https:\/\/www.grieta.org.mx\/index.php\/wp-json\/wp\/v2\/users\/2"}],"replies":[{"embeddable":true,"href":"https:\/\/www.grieta.org.mx\/index.php\/wp-json\/wp\/v2\/comments?post=43777"}],"version-history":[{"count":1,"href":"https:\/\/www.grieta.org.mx\/index.php\/wp-json\/wp\/v2\/posts\/43777\/revisions"}],"predecessor-version":[{"id":43780,"href":"https:\/\/www.grieta.org.mx\/index.php\/wp-json\/wp\/v2\/posts\/43777\/revisions\/43780"}],"wp:featuredmedia":[{"embeddable":true,"href":"https:\/\/www.grieta.org.mx\/index.php\/wp-json\/wp\/v2\/media\/43778"}],"wp:attachment":[{"href":"https:\/\/www.grieta.org.mx\/index.php\/wp-json\/wp\/v2\/media?parent=43777"}],"wp:term":[{"taxonomy":"category","embeddable":true,"href":"https:\/\/www.grieta.org.mx\/index.php\/wp-json\/wp\/v2\/categories?post=43777"},{"taxonomy":"post_tag","embeddable":true,"href":"https:\/\/www.grieta.org.mx\/index.php\/wp-json\/wp\/v2\/tags?post=43777"}],"curies":[{"name":"wp","href":"https:\/\/api.w.org\/{rel}","templated":true}]}}