{"id":43708,"date":"2020-01-17T12:23:27","date_gmt":"2020-01-17T18:23:27","guid":{"rendered":"http:\/\/www.grieta.org.mx\/?p=43708"},"modified":"2020-01-29T12:31:00","modified_gmt":"2020-01-29T18:31:00","slug":"mortandad-de-especies-acuaticas-por-fugas-de-hidrocarburos-en-papantla-veracruz","status":"publish","type":"post","link":"https:\/\/www.grieta.org.mx\/index.php\/2020\/01\/17\/mortandad-de-especies-acuaticas-por-fugas-de-hidrocarburos-en-papantla-veracruz\/","title":{"rendered":"Mortandad de especies acu\u00e1ticas por fugas de hidrocarburos en Papantla (Veracruz)"},"content":{"rendered":"<p><img loading=\"lazy\" decoding=\"async\" data-attachment-id=\"43709\" data-permalink=\"https:\/\/www.grieta.org.mx\/index.php\/2020\/01\/17\/mortandad-de-especies-acuaticas-por-fugas-de-hidrocarburos-en-papantla-veracruz\/https-_www-vanguardiaveracruz-mx_wp-content_uploads_2020_01_1-fuga-programada-2\/\" data-orig-file=\"https:\/\/www.grieta.org.mx\/wp-content\/uploads\/2020\/01\/https-_www.vanguardiaveracruz.mx_wp-content_uploads_2020_01_1.-fuga-programada-2.jpg\" data-orig-size=\"1200,628\" data-comments-opened=\"0\" data-image-meta=\"{&quot;aperture&quot;:&quot;0&quot;,&quot;credit&quot;:&quot;&quot;,&quot;camera&quot;:&quot;&quot;,&quot;caption&quot;:&quot;&quot;,&quot;created_timestamp&quot;:&quot;0&quot;,&quot;copyright&quot;:&quot;&quot;,&quot;focal_length&quot;:&quot;0&quot;,&quot;iso&quot;:&quot;0&quot;,&quot;shutter_speed&quot;:&quot;0&quot;,&quot;title&quot;:&quot;&quot;,&quot;orientation&quot;:&quot;0&quot;}\" data-image-title=\"https _www.vanguardiaveracruz.mx_wp-content_uploads_2020_01_1.-fuga-programada-2\" data-image-description=\"\" data-image-caption=\"\" data-medium-file=\"https:\/\/www.grieta.org.mx\/wp-content\/uploads\/2020\/01\/https-_www.vanguardiaveracruz.mx_wp-content_uploads_2020_01_1.-fuga-programada-2-300x157.jpg\" data-large-file=\"https:\/\/www.grieta.org.mx\/wp-content\/uploads\/2020\/01\/https-_www.vanguardiaveracruz.mx_wp-content_uploads_2020_01_1.-fuga-programada-2-1024x536.jpg\" class=\"aligncenter wp-image-43709\" src=\"http:\/\/www.grieta.org.mx\/wp-content\/uploads\/2020\/01\/https-_www.vanguardiaveracruz.mx_wp-content_uploads_2020_01_1.-fuga-programada-2-1024x536.jpg\" alt=\"\" width=\"800\" height=\"419\" srcset=\"https:\/\/www.grieta.org.mx\/wp-content\/uploads\/2020\/01\/https-_www.vanguardiaveracruz.mx_wp-content_uploads_2020_01_1.-fuga-programada-2-1024x536.jpg 1024w, https:\/\/www.grieta.org.mx\/wp-content\/uploads\/2020\/01\/https-_www.vanguardiaveracruz.mx_wp-content_uploads_2020_01_1.-fuga-programada-2-300x157.jpg 300w, https:\/\/www.grieta.org.mx\/wp-content\/uploads\/2020\/01\/https-_www.vanguardiaveracruz.mx_wp-content_uploads_2020_01_1.-fuga-programada-2-768x402.jpg 768w, https:\/\/www.grieta.org.mx\/wp-content\/uploads\/2020\/01\/https-_www.vanguardiaveracruz.mx_wp-content_uploads_2020_01_1.-fuga-programada-2-955x500.jpg 955w, https:\/\/www.grieta.org.mx\/wp-content\/uploads\/2020\/01\/https-_www.vanguardiaveracruz.mx_wp-content_uploads_2020_01_1.-fuga-programada-2.jpg 1200w\" sizes=\"auto, (max-width: 800px) 100vw, 800px\" \/><\/p>\n<p>Juan Olmedo \/ Vanguardia<\/p>\n<p><strong>Esta situaci\u00f3n ha causado contaminaci\u00f3n de mantos acu\u00edferos, mortandad de especies y malestar entre la poblaci\u00f3n<\/strong><\/p>\n<p>Papantla, Ver.\u2013 Luego de realizar un recorrido por diversos puntos del municipio donde se han registrado fugas de hidrocarburos, el coordinador regional de la Secretar\u00eda de Protecci\u00f3n Civil, Oth\u00f3n Guti\u00e9rrez del \u00c1ngel, detect\u00f3 que la empresa petrolera ha contenido los escurrimientos, pero no saneado las \u00e1reas afectadas.<\/p>\n<p><img loading=\"lazy\" decoding=\"async\" data-attachment-id=\"43710\" data-permalink=\"https:\/\/www.grieta.org.mx\/index.php\/2020\/01\/17\/mortandad-de-especies-acuaticas-por-fugas-de-hidrocarburos-en-papantla-veracruz\/https-_www-vanguardiaveracruz-mx_wp-content_uploads_2020_01_1-fuga-programada-3\/\" data-orig-file=\"https:\/\/www.grieta.org.mx\/wp-content\/uploads\/2020\/01\/https-_www.vanguardiaveracruz.mx_wp-content_uploads_2020_01_1.-fuga-programada-3.jpg\" data-orig-size=\"1200,628\" data-comments-opened=\"0\" data-image-meta=\"{&quot;aperture&quot;:&quot;0&quot;,&quot;credit&quot;:&quot;&quot;,&quot;camera&quot;:&quot;&quot;,&quot;caption&quot;:&quot;&quot;,&quot;created_timestamp&quot;:&quot;0&quot;,&quot;copyright&quot;:&quot;&quot;,&quot;focal_length&quot;:&quot;0&quot;,&quot;iso&quot;:&quot;0&quot;,&quot;shutter_speed&quot;:&quot;0&quot;,&quot;title&quot;:&quot;&quot;,&quot;orientation&quot;:&quot;0&quot;}\" data-image-title=\"https _www.vanguardiaveracruz.mx_wp-content_uploads_2020_01_1.-fuga-programada-3\" data-image-description=\"\" data-image-caption=\"\" data-medium-file=\"https:\/\/www.grieta.org.mx\/wp-content\/uploads\/2020\/01\/https-_www.vanguardiaveracruz.mx_wp-content_uploads_2020_01_1.-fuga-programada-3-300x157.jpg\" data-large-file=\"https:\/\/www.grieta.org.mx\/wp-content\/uploads\/2020\/01\/https-_www.vanguardiaveracruz.mx_wp-content_uploads_2020_01_1.-fuga-programada-3-1024x536.jpg\" class=\"aligncenter wp-image-43710\" src=\"http:\/\/www.grieta.org.mx\/wp-content\/uploads\/2020\/01\/https-_www.vanguardiaveracruz.mx_wp-content_uploads_2020_01_1.-fuga-programada-3-1024x536.jpg\" alt=\"\" width=\"800\" height=\"419\" srcset=\"https:\/\/www.grieta.org.mx\/wp-content\/uploads\/2020\/01\/https-_www.vanguardiaveracruz.mx_wp-content_uploads_2020_01_1.-fuga-programada-3-1024x536.jpg 1024w, https:\/\/www.grieta.org.mx\/wp-content\/uploads\/2020\/01\/https-_www.vanguardiaveracruz.mx_wp-content_uploads_2020_01_1.-fuga-programada-3-300x157.jpg 300w, https:\/\/www.grieta.org.mx\/wp-content\/uploads\/2020\/01\/https-_www.vanguardiaveracruz.mx_wp-content_uploads_2020_01_1.-fuga-programada-3-768x402.jpg 768w, https:\/\/www.grieta.org.mx\/wp-content\/uploads\/2020\/01\/https-_www.vanguardiaveracruz.mx_wp-content_uploads_2020_01_1.-fuga-programada-3-955x500.jpg 955w, https:\/\/www.grieta.org.mx\/wp-content\/uploads\/2020\/01\/https-_www.vanguardiaveracruz.mx_wp-content_uploads_2020_01_1.-fuga-programada-3.jpg 1200w\" sizes=\"auto, (max-width: 800px) 100vw, 800px\" \/><\/p>\n<p>Cuestionado al respecto, el funcionario destac\u00f3 que se han detectado este tipo de incidentes en localidades como: Emiliano Zapata, Reforma Escol\u00edn, Talaxca, Donato M\u00e1rquez, Vicente Herrera, Tres Cruces, as\u00ed como Pital y Mozutla. Esta situaci\u00f3n ha causado contaminaci\u00f3n de mantos acu\u00edferos, mortandad de especies y malestar entre la poblaci\u00f3n.<\/p>\n<p><img loading=\"lazy\" decoding=\"async\" data-attachment-id=\"43711\" data-permalink=\"https:\/\/www.grieta.org.mx\/index.php\/2020\/01\/17\/mortandad-de-especies-acuaticas-por-fugas-de-hidrocarburos-en-papantla-veracruz\/https-_www-vanguardiaveracruz-mx_wp-content_uploads_2020_01_1-fuga-programada-4\/\" data-orig-file=\"https:\/\/www.grieta.org.mx\/wp-content\/uploads\/2020\/01\/https-_www.vanguardiaveracruz.mx_wp-content_uploads_2020_01_1.-fuga-programada-4.jpg\" data-orig-size=\"1200,628\" data-comments-opened=\"0\" data-image-meta=\"{&quot;aperture&quot;:&quot;0&quot;,&quot;credit&quot;:&quot;&quot;,&quot;camera&quot;:&quot;&quot;,&quot;caption&quot;:&quot;&quot;,&quot;created_timestamp&quot;:&quot;0&quot;,&quot;copyright&quot;:&quot;&quot;,&quot;focal_length&quot;:&quot;0&quot;,&quot;iso&quot;:&quot;0&quot;,&quot;shutter_speed&quot;:&quot;0&quot;,&quot;title&quot;:&quot;&quot;,&quot;orientation&quot;:&quot;0&quot;}\" data-image-title=\"https _www.vanguardiaveracruz.mx_wp-content_uploads_2020_01_1.-fuga-programada-4\" data-image-description=\"\" data-image-caption=\"\" data-medium-file=\"https:\/\/www.grieta.org.mx\/wp-content\/uploads\/2020\/01\/https-_www.vanguardiaveracruz.mx_wp-content_uploads_2020_01_1.-fuga-programada-4-300x157.jpg\" data-large-file=\"https:\/\/www.grieta.org.mx\/wp-content\/uploads\/2020\/01\/https-_www.vanguardiaveracruz.mx_wp-content_uploads_2020_01_1.-fuga-programada-4-1024x536.jpg\" class=\"aligncenter wp-image-43711\" src=\"http:\/\/www.grieta.org.mx\/wp-content\/uploads\/2020\/01\/https-_www.vanguardiaveracruz.mx_wp-content_uploads_2020_01_1.-fuga-programada-4-1024x536.jpg\" alt=\"\" width=\"800\" height=\"419\" srcset=\"https:\/\/www.grieta.org.mx\/wp-content\/uploads\/2020\/01\/https-_www.vanguardiaveracruz.mx_wp-content_uploads_2020_01_1.-fuga-programada-4-1024x536.jpg 1024w, https:\/\/www.grieta.org.mx\/wp-content\/uploads\/2020\/01\/https-_www.vanguardiaveracruz.mx_wp-content_uploads_2020_01_1.-fuga-programada-4-300x157.jpg 300w, https:\/\/www.grieta.org.mx\/wp-content\/uploads\/2020\/01\/https-_www.vanguardiaveracruz.mx_wp-content_uploads_2020_01_1.-fuga-programada-4-768x402.jpg 768w, https:\/\/www.grieta.org.mx\/wp-content\/uploads\/2020\/01\/https-_www.vanguardiaveracruz.mx_wp-content_uploads_2020_01_1.-fuga-programada-4-955x500.jpg 955w, https:\/\/www.grieta.org.mx\/wp-content\/uploads\/2020\/01\/https-_www.vanguardiaveracruz.mx_wp-content_uploads_2020_01_1.-fuga-programada-4.jpg 1200w\" sizes=\"auto, (max-width: 800px) 100vw, 800px\" \/><\/p>\n<p>La indolencia de la empresa petrolera ser\u00e1 denunciada este viernes en la reuni\u00f3n de autoridades conocida como Mesa para la construcci\u00f3n de la paz, donde el funcionario asistir\u00e1 como invitado, con el objetivo de que esta situaci\u00f3n sea atendida con prontitud.<\/p>\n<p><a href=\"https:\/\/www.vanguardiaveracruz.mx\/mortandad-de-especies-acuaticas-por-fugas-de-hidrocarburos-en-papantla\/\">https:\/\/www.vanguardiaveracruz.mx\/mortandad-de-especies-acuaticas-por-fugas-de-hidrocarburos-en-papantla\/<\/a><\/p>\n","protected":false},"excerpt":{"rendered":"<p>Juan Olmedo \/ Vanguardia Esta situaci\u00f3n ha causado contaminaci\u00f3n de mantos acu\u00edferos, mortandad de especies y malestar entre la poblaci\u00f3n Papantla, Ver.\u2013 Luego de realizar un recorrido por diversos puntos &hellip; <a href=\"https:\/\/www.grieta.org.mx\/index.php\/2020\/01\/17\/mortandad-de-especies-acuaticas-por-fugas-de-hidrocarburos-en-papantla-veracruz\/\" class=\"more-link\">Leer m\u00e1s<\/a><\/p>\n","protected":false},"author":2,"featured_media":43709,"comment_status":"closed","ping_status":"closed","sticky":false,"template":"","format":"standard","meta":{"ngg_post_thumbnail":0,"_jetpack_newsletter_access":"","_jetpack_dont_email_post_to_subs":false,"_jetpack_newsletter_tier_id":0,"_jetpack_memberships_contains_paywalled_content":false,"_jetpack_memberships_contains_paid_content":false,"footnotes":""},"categories":[80,2500,2,2110,35],"tags":[2111,425,2177,1689],"class_list":["post-43708","post","type-post","status-publish","format-standard","has-post-thumbnail","hentry","category-cintillo","category-danos-ambientales-por-desarrollo-industrial","category-noticias-nacionales","category-problemas-de-salud-por-contaminacion-ambiental","category-veracruz","tag-contaminacion","tag-contaminacion-agua","tag-contaminacion-de-acuiferos","tag-danos-ambientales","entry"],"jetpack_featured_media_url":"https:\/\/www.grieta.org.mx\/wp-content\/uploads\/2020\/01\/https-_www.vanguardiaveracruz.mx_wp-content_uploads_2020_01_1.-fuga-programada-2.jpg","jetpack_sharing_enabled":true,"jetpack_shortlink":"https:\/\/wp.me\/p7ZJR4-bmY","jetpack_likes_enabled":false,"jetpack-related-posts":[{"id":43958,"url":"https:\/\/www.grieta.org.mx\/index.php\/2020\/01\/31\/no-para-la-contaminacion-de-pemex-en-escolin-de-papantla-veracruz\/","url_meta":{"origin":43708,"position":0},"title":"No para la contaminaci\u00f3n de Pemex en Escol\u00edn de Papantla  (Veracruz)","author":"grieta","date":"31 enero, 2020","format":false,"excerpt":"Juan Olmedo \/ Vanguardia Papantla, Ver.- Una vez m\u00e1s Petr\u00f3leos Mexicanos (Pemex) es orquestador de un caso de contaminaci\u00f3n en la localidad Reforma Escol\u00edn, denunci\u00f3 la agente municipal de esa localidad, Pastora Garc\u00eda Jim\u00e9nez, quien dijo que por su localidad atraviesa una enorme red de ductos y pozos que no\u2026","rel":"","context":"En &quot;CINTILLO&quot;","block_context":{"text":"CINTILLO","link":"https:\/\/www.grieta.org.mx\/index.php\/category\/cintillo\/"},"img":{"alt_text":"","src":"https:\/\/i0.wp.com\/www.grieta.org.mx\/wp-content\/uploads\/2020\/02\/https-_www.vanguardiaveracruz.mx_wp-content_uploads_2020_01_EEEE-2.jpg?resize=350%2C200&ssl=1","width":350,"height":200,"srcset":"https:\/\/i0.wp.com\/www.grieta.org.mx\/wp-content\/uploads\/2020\/02\/https-_www.vanguardiaveracruz.mx_wp-content_uploads_2020_01_EEEE-2.jpg?resize=350%2C200&ssl=1 1x, https:\/\/i0.wp.com\/www.grieta.org.mx\/wp-content\/uploads\/2020\/02\/https-_www.vanguardiaveracruz.mx_wp-content_uploads_2020_01_EEEE-2.jpg?resize=525%2C300&ssl=1 1.5x, https:\/\/i0.wp.com\/www.grieta.org.mx\/wp-content\/uploads\/2020\/02\/https-_www.vanguardiaveracruz.mx_wp-content_uploads_2020_01_EEEE-2.jpg?resize=700%2C400&ssl=1 2x, https:\/\/i0.wp.com\/www.grieta.org.mx\/wp-content\/uploads\/2020\/02\/https-_www.vanguardiaveracruz.mx_wp-content_uploads_2020_01_EEEE-2.jpg?resize=1050%2C600&ssl=1 3x"},"classes":[]},{"id":69856,"url":"https:\/\/www.grieta.org.mx\/index.php\/2024\/09\/19\/papantla-veracruz-bajo-amenaza-contaminacion-de-hidrocarburos-se-agudiza-con-las-lluvias\/","url_meta":{"origin":43708,"position":1},"title":"Papantla, Veracruz bajo amenaza: contaminaci\u00f3n de hidrocarburos se agudiza con las lluvias","author":"grieta","date":"19 septiembre, 2024","format":false,"excerpt":"Sare Fabres \/ Avispa Midia \u00a0 Habitantes de la comunidad de Ojital Viejo, en el municipio de Papantla, Veracruz, accionaron un bloqueo carretero entre las comunidades de El Chote \u2013 Coatzintla durante inicios de esta semana para exigir a la paraestatal, Petr\u00f3leos Mexicanos (PEMEX), la remediaci\u00f3n inmediata frente a constantes\u2026","rel":"","context":"En &quot;CINTILLO&quot;","block_context":{"text":"CINTILLO","link":"https:\/\/www.grieta.org.mx\/index.php\/category\/cintillo\/"},"img":{"alt_text":"","src":"https:\/\/i0.wp.com\/www.grieta.org.mx\/wp-content\/uploads\/2024\/09\/Screenshot-2024-09-27-at-17-46-46-Papantla-Veracruz-bajo-amenaza-contaminacion-de-hidrocarburos-se-agudiza-con-las-lluvias-Avispa-Midia.jpg?resize=350%2C200&ssl=1","width":350,"height":200,"srcset":"https:\/\/i0.wp.com\/www.grieta.org.mx\/wp-content\/uploads\/2024\/09\/Screenshot-2024-09-27-at-17-46-46-Papantla-Veracruz-bajo-amenaza-contaminacion-de-hidrocarburos-se-agudiza-con-las-lluvias-Avispa-Midia.jpg?resize=350%2C200&ssl=1 1x, https:\/\/i0.wp.com\/www.grieta.org.mx\/wp-content\/uploads\/2024\/09\/Screenshot-2024-09-27-at-17-46-46-Papantla-Veracruz-bajo-amenaza-contaminacion-de-hidrocarburos-se-agudiza-con-las-lluvias-Avispa-Midia.jpg?resize=525%2C300&ssl=1 1.5x, https:\/\/i0.wp.com\/www.grieta.org.mx\/wp-content\/uploads\/2024\/09\/Screenshot-2024-09-27-at-17-46-46-Papantla-Veracruz-bajo-amenaza-contaminacion-de-hidrocarburos-se-agudiza-con-las-lluvias-Avispa-Midia.jpg?resize=700%2C400&ssl=1 2x, https:\/\/i0.wp.com\/www.grieta.org.mx\/wp-content\/uploads\/2024\/09\/Screenshot-2024-09-27-at-17-46-46-Papantla-Veracruz-bajo-amenaza-contaminacion-de-hidrocarburos-se-agudiza-con-las-lluvias-Avispa-Midia.jpg?resize=1050%2C600&ssl=1 3x, https:\/\/i0.wp.com\/www.grieta.org.mx\/wp-content\/uploads\/2024\/09\/Screenshot-2024-09-27-at-17-46-46-Papantla-Veracruz-bajo-amenaza-contaminacion-de-hidrocarburos-se-agudiza-con-las-lluvias-Avispa-Midia.jpg?resize=1400%2C800&ssl=1 4x"},"classes":[]},{"id":44189,"url":"https:\/\/www.grieta.org.mx\/index.php\/2020\/01\/02\/contaminacion-ha-afectado-pesca-en-veracruz-puerto\/","url_meta":{"origin":43708,"position":2},"title":"Contaminaci\u00f3n ha afectado pesca en Veracruz Puerto","author":"grieta","date":"2 enero, 2020","format":false,"excerpt":"Heladio Castro \/ Imagen del Golfo La baja pesca se debe a contaminantes vertidos desde la ciudad de Veracruz, adem\u00e1s de la mortandad \u201cque todos callan\u201d, acus\u00f3 el presidente de la Coalici\u00f3n de Pescadores, Marineros y Transportistas de Veracruz, Nicol\u00e1s Rivera Dom\u00ednguez. Factores como la poca operaci\u00f3n de las plantas\u2026","rel":"","context":"En &quot;CINTILLO&quot;","block_context":{"text":"CINTILLO","link":"https:\/\/www.grieta.org.mx\/index.php\/category\/cintillo\/"},"img":{"alt_text":"","src":"https:\/\/i0.wp.com\/www.grieta.org.mx\/wp-content\/uploads\/2020\/02\/577186_d.jgp_.jpg?resize=350%2C200&ssl=1","width":350,"height":200,"srcset":"https:\/\/i0.wp.com\/www.grieta.org.mx\/wp-content\/uploads\/2020\/02\/577186_d.jgp_.jpg?resize=350%2C200&ssl=1 1x, https:\/\/i0.wp.com\/www.grieta.org.mx\/wp-content\/uploads\/2020\/02\/577186_d.jgp_.jpg?resize=525%2C300&ssl=1 1.5x"},"classes":[]},{"id":44186,"url":"https:\/\/www.grieta.org.mx\/index.php\/2020\/02\/04\/obra-inconclusa-foco-de-contaminacion-en-papantla-veracruz\/","url_meta":{"origin":43708,"position":3},"title":"Obra inconclusa, foco de contaminaci\u00f3n, en Papantla (Veracruz)","author":"grieta","date":"4 febrero, 2020","format":false,"excerpt":"Juan Olmedo \/ Vanguardia Papantla, Ver.- Desde agosto de 2018, vecinos de la ampliaci\u00f3n de la colonia Emiliano Zapata 2, han denunciado que una obra de drenaje no fue concluida, por lo que ahora se ha convertido en una pestilente fuente de contaminaci\u00f3n y enfermedades por la exposici\u00f3n a heces\u2026","rel":"","context":"En &quot;CINTILLO&quot;","block_context":{"text":"CINTILLO","link":"https:\/\/www.grieta.org.mx\/index.php\/category\/cintillo\/"},"img":{"alt_text":"","src":"https:\/\/i0.wp.com\/www.grieta.org.mx\/wp-content\/uploads\/2020\/02\/https-_www.vanguardiaveracruz.mx_wp-content_uploads_2020_02_AA2-2.jpg?resize=350%2C200&ssl=1","width":350,"height":200,"srcset":"https:\/\/i0.wp.com\/www.grieta.org.mx\/wp-content\/uploads\/2020\/02\/https-_www.vanguardiaveracruz.mx_wp-content_uploads_2020_02_AA2-2.jpg?resize=350%2C200&ssl=1 1x, https:\/\/i0.wp.com\/www.grieta.org.mx\/wp-content\/uploads\/2020\/02\/https-_www.vanguardiaveracruz.mx_wp-content_uploads_2020_02_AA2-2.jpg?resize=525%2C300&ssl=1 1.5x, https:\/\/i0.wp.com\/www.grieta.org.mx\/wp-content\/uploads\/2020\/02\/https-_www.vanguardiaveracruz.mx_wp-content_uploads_2020_02_AA2-2.jpg?resize=700%2C400&ssl=1 2x, https:\/\/i0.wp.com\/www.grieta.org.mx\/wp-content\/uploads\/2020\/02\/https-_www.vanguardiaveracruz.mx_wp-content_uploads_2020_02_AA2-2.jpg?resize=1050%2C600&ssl=1 3x"},"classes":[]},{"id":45185,"url":"https:\/\/www.grieta.org.mx\/index.php\/2019\/11\/24\/en-veracruz-mas-de-2-mil-pozos-con-fracking-devastan-medioambiente-y-salud\/","url_meta":{"origin":43708,"position":4},"title":"En Veracruz, m\u00e1s de 2 mil pozos con fracking devastan medioambiente y salud","author":"Admin","date":"24 noviembre, 2019","format":false,"excerpt":"Jordana Gonzalez \/ Contral\u00ednea Partos prematuros, da\u00f1os a la salud, empobrecimiento, contaminaci\u00f3n de la agricultura, el aire y el agua son algunas de las consecuencias de la introducci\u00f3n de la fractura hidr\u00e1ulica para extraer combustibles f\u00f3siles en Papantla, Veracruz, denunci\u00f3 la Coordinadora de Acci\u00f3n Solidaria en Defensa del Territorio Huasteca\u2026","rel":"","context":"En &quot;CINTILLO&quot;","block_context":{"text":"CINTILLO","link":"https:\/\/www.grieta.org.mx\/index.php\/category\/cintillo\/"},"img":{"alt_text":"","src":"https:\/\/i0.wp.com\/www.grieta.org.mx\/wp-content\/uploads\/2020\/02\/123rf-fracking-1-1.jpg?resize=350%2C200&ssl=1","width":350,"height":200,"srcset":"https:\/\/i0.wp.com\/www.grieta.org.mx\/wp-content\/uploads\/2020\/02\/123rf-fracking-1-1.jpg?resize=350%2C200&ssl=1 1x, https:\/\/i0.wp.com\/www.grieta.org.mx\/wp-content\/uploads\/2020\/02\/123rf-fracking-1-1.jpg?resize=525%2C300&ssl=1 1.5x"},"classes":[]},{"id":63473,"url":"https:\/\/www.grieta.org.mx\/index.php\/2022\/02\/17\/denuncian-contaminacion-provocada-por-empresas-del-puerto-de-veracruz\/","url_meta":{"origin":43708,"position":5},"title":"Denuncian contaminaci\u00f3n provocada por empresas del puerto de Veracruz","author":"grieta","date":"17 febrero, 2022","format":false,"excerpt":"Jos\u00e9 Juan Garc\u00eda \/ AVC Noticias El presidente de la Cooperativa Escollera Norte de la ciudad de Veracruz, \u00c1ngel Contreras V\u00e1zquez, denunci\u00f3 que empresas establecidas en el recinto portuario contaminan la bah\u00eda posiblemente con qu\u00edmicos desde hace varios a\u00f1os, lo cual provoc\u00f3 una ca\u00edda en la producci\u00f3n pesquera en la\u2026","rel":"","context":"En &quot;CINTILLO&quot;","block_context":{"text":"CINTILLO","link":"https:\/\/www.grieta.org.mx\/index.php\/category\/cintillo\/"},"img":{"alt_text":"","src":"https:\/\/i0.wp.com\/www.grieta.org.mx\/wp-content\/uploads\/2022\/02\/indice3.jpg?resize=350%2C200","width":350,"height":200,"srcset":"https:\/\/i0.wp.com\/www.grieta.org.mx\/wp-content\/uploads\/2022\/02\/indice3.jpg?resize=350%2C200 1x, https:\/\/i0.wp.com\/www.grieta.org.mx\/wp-content\/uploads\/2022\/02\/indice3.jpg?resize=525%2C300 1.5x, https:\/\/i0.wp.com\/www.grieta.org.mx\/wp-content\/uploads\/2022\/02\/indice3.jpg?resize=700%2C400 2x"},"classes":[]}],"_links":{"self":[{"href":"https:\/\/www.grieta.org.mx\/index.php\/wp-json\/wp\/v2\/posts\/43708","targetHints":{"allow":["GET"]}}],"collection":[{"href":"https:\/\/www.grieta.org.mx\/index.php\/wp-json\/wp\/v2\/posts"}],"about":[{"href":"https:\/\/www.grieta.org.mx\/index.php\/wp-json\/wp\/v2\/types\/post"}],"author":[{"embeddable":true,"href":"https:\/\/www.grieta.org.mx\/index.php\/wp-json\/wp\/v2\/users\/2"}],"replies":[{"embeddable":true,"href":"https:\/\/www.grieta.org.mx\/index.php\/wp-json\/wp\/v2\/comments?post=43708"}],"version-history":[{"count":1,"href":"https:\/\/www.grieta.org.mx\/index.php\/wp-json\/wp\/v2\/posts\/43708\/revisions"}],"predecessor-version":[{"id":43712,"href":"https:\/\/www.grieta.org.mx\/index.php\/wp-json\/wp\/v2\/posts\/43708\/revisions\/43712"}],"wp:featuredmedia":[{"embeddable":true,"href":"https:\/\/www.grieta.org.mx\/index.php\/wp-json\/wp\/v2\/media\/43709"}],"wp:attachment":[{"href":"https:\/\/www.grieta.org.mx\/index.php\/wp-json\/wp\/v2\/media?parent=43708"}],"wp:term":[{"taxonomy":"category","embeddable":true,"href":"https:\/\/www.grieta.org.mx\/index.php\/wp-json\/wp\/v2\/categories?post=43708"},{"taxonomy":"post_tag","embeddable":true,"href":"https:\/\/www.grieta.org.mx\/index.php\/wp-json\/wp\/v2\/tags?post=43708"}],"curies":[{"name":"wp","href":"https:\/\/api.w.org\/{rel}","templated":true}]}}