{"id":43699,"date":"2020-01-26T11:31:18","date_gmt":"2020-01-26T17:31:18","guid":{"rendered":"http:\/\/www.grieta.org.mx\/?p=43699"},"modified":"2020-01-29T11:34:47","modified_gmt":"2020-01-29T17:34:47","slug":"brujas-del-mar-exigen-justicia-por-asesinato-de-activistas-veracruz","status":"publish","type":"post","link":"https:\/\/www.grieta.org.mx\/index.php\/2020\/01\/26\/brujas-del-mar-exigen-justicia-por-asesinato-de-activistas-veracruz\/","title":{"rendered":"Brujas del Mar exigen justicia por asesinato de activistas (Veracruz)"},"content":{"rendered":"<p><img loading=\"lazy\" decoding=\"async\" data-attachment-id=\"43700\" data-permalink=\"https:\/\/www.grieta.org.mx\/index.php\/2020\/01\/26\/brujas-del-mar-exigen-justicia-por-asesinato-de-activistas-veracruz\/https-_www-vanguardiaveracruz-mx_wp-content_uploads_2020_01_ver-brujas\/\" data-orig-file=\"https:\/\/www.grieta.org.mx\/wp-content\/uploads\/2020\/01\/https-_www.vanguardiaveracruz.mx_wp-content_uploads_2020_01_ver-brujas.jpg\" data-orig-size=\"1240,680\" data-comments-opened=\"0\" data-image-meta=\"{&quot;aperture&quot;:&quot;0&quot;,&quot;credit&quot;:&quot;&quot;,&quot;camera&quot;:&quot;&quot;,&quot;caption&quot;:&quot;&quot;,&quot;created_timestamp&quot;:&quot;0&quot;,&quot;copyright&quot;:&quot;&quot;,&quot;focal_length&quot;:&quot;0&quot;,&quot;iso&quot;:&quot;0&quot;,&quot;shutter_speed&quot;:&quot;0&quot;,&quot;title&quot;:&quot;&quot;,&quot;orientation&quot;:&quot;0&quot;}\" data-image-title=\"https _www.vanguardiaveracruz.mx_wp-content_uploads_2020_01_ver-brujas\" data-image-description=\"\" data-image-caption=\"\" data-medium-file=\"https:\/\/www.grieta.org.mx\/wp-content\/uploads\/2020\/01\/https-_www.vanguardiaveracruz.mx_wp-content_uploads_2020_01_ver-brujas-300x165.jpg\" data-large-file=\"https:\/\/www.grieta.org.mx\/wp-content\/uploads\/2020\/01\/https-_www.vanguardiaveracruz.mx_wp-content_uploads_2020_01_ver-brujas-1024x562.jpg\" class=\"aligncenter wp-image-43700\" src=\"http:\/\/www.grieta.org.mx\/wp-content\/uploads\/2020\/01\/https-_www.vanguardiaveracruz.mx_wp-content_uploads_2020_01_ver-brujas-1024x562.jpg\" alt=\"\" width=\"800\" height=\"439\" srcset=\"https:\/\/www.grieta.org.mx\/wp-content\/uploads\/2020\/01\/https-_www.vanguardiaveracruz.mx_wp-content_uploads_2020_01_ver-brujas-1024x562.jpg 1024w, https:\/\/www.grieta.org.mx\/wp-content\/uploads\/2020\/01\/https-_www.vanguardiaveracruz.mx_wp-content_uploads_2020_01_ver-brujas-300x165.jpg 300w, https:\/\/www.grieta.org.mx\/wp-content\/uploads\/2020\/01\/https-_www.vanguardiaveracruz.mx_wp-content_uploads_2020_01_ver-brujas-768x421.jpg 768w, https:\/\/www.grieta.org.mx\/wp-content\/uploads\/2020\/01\/https-_www.vanguardiaveracruz.mx_wp-content_uploads_2020_01_ver-brujas-912x500.jpg 912w, https:\/\/www.grieta.org.mx\/wp-content\/uploads\/2020\/01\/https-_www.vanguardiaveracruz.mx_wp-content_uploads_2020_01_ver-brujas.jpg 1240w\" sizes=\"auto, (max-width: 800px) 100vw, 800px\" \/><\/p>\n<p>Andr\u00e9s Salom\u00f3n \/ Vanguardia<\/p>\n<p>Veracruz, Ver.- Con mantas y algunas cruces en color rosa, el colectivo Brujas del Mar realiz\u00f3 una protesta pac\u00edfica en el z\u00f3calo de la ciudad, para exigir justicia en apoyo a la movilizaci\u00f3n nacional por los feminicidios de dos activistas, asegur\u00f3 Arussi Unda, vocera del colectivo.<\/p>\n<p>\u201cEs una exigencia de justicia por los feminicidios de Isabel y Yunuen, que eran activistas por los derechos de las mujeres. Pedimos protecci\u00f3n para los activistas\u201d.<\/p>\n<p>Dijo que se est\u00e1 demandando al gobierno federal que pare la violencia contra la mujer, asimismo, lament\u00f3 que pese a las miles de protestas sigan ocurriendo feminicidios en el pa\u00eds como en el caso de Yunuen e Isabel.<\/p>\n<p>\u201cTratamos de mantener nuestro respeto con la autoridad y s\u00ed nos llama la atenci\u00f3n la<\/p>\n<p>movilizaci\u00f3n policiaca en eventos como \u00e9stos, pero esperamos que s\u00f3lo sea una medida de protecci\u00f3n y vigilar\u201d.<\/p>\n<p>La vocera de la agrupaci\u00f3n hizo referencia que aunque este movimiento es nuevo, han recibido varias denuncias de mujeres que han sido v\u00edctimas de alg\u00fan tipo de violencia.<\/p>\n<p>Coment\u00f3 que aunque el grupo de mujeres no ha sufrido agresiones de parte de la autoridad, en cada movilizaci\u00f3n han percibido un aumento de la presencia policial.<\/p>\n<p><a href=\"https:\/\/www.vanguardiaveracruz.mx\/brujas-del-mar-exigen-justicia-por-asesinato-de-activistas\/\">https:\/\/www.vanguardiaveracruz.mx\/brujas-del-mar-exigen-justicia-por-asesinato-de-activistas\/<\/a><\/p>\n","protected":false},"excerpt":{"rendered":"<p>Andr\u00e9s Salom\u00f3n \/ Vanguardia Veracruz, Ver.- Con mantas y algunas cruces en color rosa, el colectivo Brujas del Mar realiz\u00f3 una protesta pac\u00edfica en el z\u00f3calo de la ciudad, para &hellip; <a href=\"https:\/\/www.grieta.org.mx\/index.php\/2020\/01\/26\/brujas-del-mar-exigen-justicia-por-asesinato-de-activistas-veracruz\/\" class=\"more-link\">Leer m\u00e1s<\/a><\/p>\n","protected":false},"author":2,"featured_media":43700,"comment_status":"closed","ping_status":"closed","sticky":false,"template":"","format":"standard","meta":{"ngg_post_thumbnail":0,"_jetpack_newsletter_access":"","_jetpack_dont_email_post_to_subs":false,"_jetpack_newsletter_tier_id":0,"_jetpack_memberships_contains_paywalled_content":false,"_jetpack_memberships_contains_paid_content":false,"footnotes":""},"categories":[2502,80,1902,1984,2,35],"tags":[2806,81,2248],"class_list":["post-43699","post","type-post","status-publish","format-standard","has-post-thumbnail","hentry","category-asesinato-de-activistas-en-veracruz","category-cintillo","category-feminicidios-en-veracruz","category-movilizacion-en-contra-de-la-violencia-hacia-las-mujeres-en-veracruz","category-noticias-nacionales","category-veracruz","tag-asesinato-de-mujeres","tag-feminicidios","tag-luchas-de-las-mujeres","entry"],"jetpack_featured_media_url":"https:\/\/www.grieta.org.mx\/wp-content\/uploads\/2020\/01\/https-_www.vanguardiaveracruz.mx_wp-content_uploads_2020_01_ver-brujas.jpg","jetpack_sharing_enabled":true,"jetpack_shortlink":"https:\/\/wp.me\/p7ZJR4-bmP","jetpack_likes_enabled":false,"jetpack-related-posts":[{"id":27908,"url":"https:\/\/www.grieta.org.mx\/index.php\/2018\/11\/25\/segun-activistas-van-40-feminicidios-en-zona-norte-de-veracruz-este-ano\/","url_meta":{"origin":43699,"position":0},"title":"Seg\u00fan activistas, van 40 feminicidios en zona norte de Veracruz, este a\u00f1o","author":"grieta","date":"25 noviembre, 2018","format":false,"excerpt":"Lidia L\u00f3pez \/ Alcalorpol\u00edtico.com En la zona norte de Veracruz en lo que va del 2018 se registran 40 feminicidios, advirtieron activistas que acusaron la indiferencia y burocracia del Gobierno ante estos casos. Integrantes de diversas agrupaciones feministas, como el Observatorio Ciudadano Nacional de Feminicidio y \u201cCat\u00f3licas por el Derecho\u2026","rel":"","context":"En &quot;Feminicidios&quot;","block_context":{"text":"Feminicidios","link":"https:\/\/www.grieta.org.mx\/index.php\/category\/temas-nacionales\/feminicidios\/"},"img":{"alt_text":"","src":"https:\/\/i0.wp.com\/www.grieta.org.mx\/wp-content\/uploads\/2018\/12\/173610zapatos_1_1.jpg?resize=350%2C200&ssl=1","width":350,"height":200,"srcset":"https:\/\/i0.wp.com\/www.grieta.org.mx\/wp-content\/uploads\/2018\/12\/173610zapatos_1_1.jpg?resize=350%2C200&ssl=1 1x, https:\/\/i0.wp.com\/www.grieta.org.mx\/wp-content\/uploads\/2018\/12\/173610zapatos_1_1.jpg?resize=525%2C300&ssl=1 1.5x"},"classes":[]},{"id":47304,"url":"https:\/\/www.grieta.org.mx\/index.php\/2020\/04\/01\/fernanda-acosta-vocera-de-brujas-del-mar-no-necesitamos-un-permiso-para-exigir-que-se-acabe-con-la-violencia-machista-veracruz\/","url_meta":{"origin":43699,"position":1},"title":"Fernanda Acosta, vocera de &#8216;Brujas del Mar&#8217;: \u201cNo necesitamos un permiso para exigir que se acabe con la violencia machista\u201d (Veracruz)","author":"Admin","date":"1 abril, 2020","format":false,"excerpt":"Jos\u00e9 An. Montero \/ Nuevatribuna Una entrevista de Dulce Moctezuma y Jos\u00e9 An. Montero | Si la situaci\u00f3n mexicana es grave, la del estado de Veracruz puede considerarse atroz. Los 147 feminicidios de 2019, para una poblaci\u00f3n de algo m\u00e1s de ocho millones, han obligado al estado de Veracruz a\u2026","rel":"","context":"En &quot;CINTILLO&quot;","block_context":{"text":"CINTILLO","link":"https:\/\/www.grieta.org.mx\/index.php\/category\/cintillo\/"},"img":{"alt_text":"","src":"https:\/\/i0.wp.com\/www.grieta.org.mx\/wp-content\/uploads\/2020\/04\/https-_www.nuevatribuna.es_media_nuevatribuna_images_2020_03_31_2020033120131067711.jpg?resize=350%2C200&ssl=1","width":350,"height":200,"srcset":"https:\/\/i0.wp.com\/www.grieta.org.mx\/wp-content\/uploads\/2020\/04\/https-_www.nuevatribuna.es_media_nuevatribuna_images_2020_03_31_2020033120131067711.jpg?resize=350%2C200&ssl=1 1x, https:\/\/i0.wp.com\/www.grieta.org.mx\/wp-content\/uploads\/2020\/04\/https-_www.nuevatribuna.es_media_nuevatribuna_images_2020_03_31_2020033120131067711.jpg?resize=525%2C300&ssl=1 1.5x, https:\/\/i0.wp.com\/www.grieta.org.mx\/wp-content\/uploads\/2020\/04\/https-_www.nuevatribuna.es_media_nuevatribuna_images_2020_03_31_2020033120131067711.jpg?resize=700%2C400&ssl=1 2x"},"classes":[]},{"id":53329,"url":"https:\/\/www.grieta.org.mx\/index.php\/2020\/08\/30\/mas-activistas-se-suman-a-la-huelga-de-hambre-por-crimenes-de-odio-en-veracruz\/","url_meta":{"origin":43699,"position":2},"title":"M\u00e1s activistas se suman a la huelga de hambre por cr\u00edmenes de odio en Veracruz","author":"grieta","date":"30 agosto, 2020","format":false,"excerpt":"Jos\u00e9 Mart\u00edn \/ Vanguardia de Veracruz Xalapa, Ver.- Por lo menos seis integrantes de la comunidad L\u00e9sbico, Gay, Bisexual, Travesti, Transexual, Transg\u00e9nero e Intersexual (LGBTTTI) mantienen una huelga de hambre como protesta ante el incremento de cr\u00edmenes de odio, y crueldad con la que se ataca a las mujeres trans.\u2026","rel":"","context":"En &quot;CINTILLO&quot;","block_context":{"text":"CINTILLO","link":"https:\/\/www.grieta.org.mx\/index.php\/category\/cintillo\/"},"img":{"alt_text":"","src":"https:\/\/i0.wp.com\/www.grieta.org.mx\/wp-content\/uploads\/2020\/09\/mas2.jpg?resize=350%2C200&ssl=1","width":350,"height":200,"srcset":"https:\/\/i0.wp.com\/www.grieta.org.mx\/wp-content\/uploads\/2020\/09\/mas2.jpg?resize=350%2C200&ssl=1 1x, https:\/\/i0.wp.com\/www.grieta.org.mx\/wp-content\/uploads\/2020\/09\/mas2.jpg?resize=525%2C300&ssl=1 1.5x, https:\/\/i0.wp.com\/www.grieta.org.mx\/wp-content\/uploads\/2020\/09\/mas2.jpg?resize=700%2C400&ssl=1 2x, https:\/\/i0.wp.com\/www.grieta.org.mx\/wp-content\/uploads\/2020\/09\/mas2.jpg?resize=1050%2C600&ssl=1 3x"},"classes":[]},{"id":47309,"url":"https:\/\/www.grieta.org.mx\/index.php\/2020\/04\/02\/feminicidios-emergencia-nacional-colocan-manta-contra-la-violencia-veracruz\/","url_meta":{"origin":43699,"position":3},"title":"&#8220;Feminicidios emergencia nacional&#8221;; colocan manta contra la violencia (Veracruz)","author":"Admin","date":"2 abril, 2020","format":false,"excerpt":"V\u00cdCTOR M. TORIZ \/ La silla rota Una manta con el mensaje \"Feminicidios Emergencia Nacional; No + violencia de g\u00e9nero\", fue colocada en la glorieta de \"Los voladores de Papantla\", en la zona tur\u00edstica de Boca del R\u00edo. El mensaje fue elaborado por integrantes de la colectiva feminista Colmena Verde,\u2026","rel":"","context":"En &quot;CINTILLO&quot;","block_context":{"text":"CINTILLO","link":"https:\/\/www.grieta.org.mx\/index.php\/category\/cintillo\/"},"img":{"alt_text":"","src":"https:\/\/i0.wp.com\/www.grieta.org.mx\/wp-content\/uploads\/2020\/04\/whatsappimage20200402at09.57.33-focus-0-0-983-557.jpg?resize=350%2C200&ssl=1","width":350,"height":200,"srcset":"https:\/\/i0.wp.com\/www.grieta.org.mx\/wp-content\/uploads\/2020\/04\/whatsappimage20200402at09.57.33-focus-0-0-983-557.jpg?resize=350%2C200&ssl=1 1x, https:\/\/i0.wp.com\/www.grieta.org.mx\/wp-content\/uploads\/2020\/04\/whatsappimage20200402at09.57.33-focus-0-0-983-557.jpg?resize=525%2C300&ssl=1 1.5x, https:\/\/i0.wp.com\/www.grieta.org.mx\/wp-content\/uploads\/2020\/04\/whatsappimage20200402at09.57.33-focus-0-0-983-557.jpg?resize=700%2C400&ssl=1 2x"},"classes":[]},{"id":32481,"url":"https:\/\/www.grieta.org.mx\/index.php\/2019\/04\/03\/temen-activistas-que-crimen-de-abiram-quede-impune-veracruz\/","url_meta":{"origin":43699,"position":4},"title":"Temen activistas que crimen de Abir\u00e1m quede impune (Veracruz)","author":"grieta","date":"3 abril, 2019","format":false,"excerpt":"Juan David Castilla \/ El Dem\u00f3crata Un grupo de activistas protest\u00f3 frente a Palacio de Gobierno para exigir a las autoridades que el crimen de Abir\u00e1m Hern\u00e1ndez no quede en la impunidad. Ana\u00eds Palacios P\u00e9rez, quien ha formado parte de colectivos de familiares de desaparecidos, denunci\u00f3 que a cinco d\u00edas\u2026","rel":"","context":"En &quot;CINTILLO&quot;","block_context":{"text":"CINTILLO","link":"https:\/\/www.grieta.org.mx\/index.php\/category\/cintillo\/"},"img":{"alt_text":"","src":"https:\/\/i0.wp.com\/www.grieta.org.mx\/wp-content\/uploads\/2019\/04\/Screenshot_2019-04-25-Temen-activistas-que-crimen-de-Abir%C3%A1m-quede-impune-El-Dem%C3%B3crata.jpg?resize=350%2C200&ssl=1","width":350,"height":200,"srcset":"https:\/\/i0.wp.com\/www.grieta.org.mx\/wp-content\/uploads\/2019\/04\/Screenshot_2019-04-25-Temen-activistas-que-crimen-de-Abir%C3%A1m-quede-impune-El-Dem%C3%B3crata.jpg?resize=350%2C200&ssl=1 1x, https:\/\/i0.wp.com\/www.grieta.org.mx\/wp-content\/uploads\/2019\/04\/Screenshot_2019-04-25-Temen-activistas-que-crimen-de-Abir%C3%A1m-quede-impune-El-Dem%C3%B3crata.jpg?resize=525%2C300&ssl=1 1.5x, https:\/\/i0.wp.com\/www.grieta.org.mx\/wp-content\/uploads\/2019\/04\/Screenshot_2019-04-25-Temen-activistas-que-crimen-de-Abir%C3%A1m-quede-impune-El-Dem%C3%B3crata.jpg?resize=700%2C400&ssl=1 2x, https:\/\/i0.wp.com\/www.grieta.org.mx\/wp-content\/uploads\/2019\/04\/Screenshot_2019-04-25-Temen-activistas-que-crimen-de-Abir%C3%A1m-quede-impune-El-Dem%C3%B3crata.jpg?resize=1050%2C600&ssl=1 3x, https:\/\/i0.wp.com\/www.grieta.org.mx\/wp-content\/uploads\/2019\/04\/Screenshot_2019-04-25-Temen-activistas-que-crimen-de-Abir%C3%A1m-quede-impune-El-Dem%C3%B3crata.jpg?resize=1400%2C800&ssl=1 4x"},"classes":[]},{"id":53692,"url":"https:\/\/www.grieta.org.mx\/index.php\/2020\/09\/16\/feministas-realizan-el-antigrita-en-el-zocalo-de-veracruz\/","url_meta":{"origin":43699,"position":5},"title":"Feministas realizan el &#8220;antigrita&#8221; en el Z\u00f3calo de Veracruz","author":"Admin","date":"16 septiembre, 2020","format":false,"excerpt":"Lorena Garc\u00eda \/ La silla rota Veracruz En manifestaci\u00f3n portaron banderas de M\u00e9xico y quemaron un mu\u00f1eco de tela que representaba al Presidente de la Rep\u00fablica Andr\u00e9s Manuel L\u00f3pez Obrador Veracruz, Ver.- Congregadas en el Z\u00f3calo de Veracruz, activistas de los derechos de las mujeres realizaron el \"antigrita\", para protestar\u2026","rel":"","context":"En &quot;CINTILLO&quot;","block_context":{"text":"CINTILLO","link":"https:\/\/www.grieta.org.mx\/index.php\/category\/cintillo\/"},"img":{"alt_text":"","src":"https:\/\/i0.wp.com\/www.grieta.org.mx\/wp-content\/uploads\/2020\/09\/d6413029ef4f4db3b663ee5187826e5a-focus-0-0-983-557.jpg?resize=350%2C200&ssl=1","width":350,"height":200,"srcset":"https:\/\/i0.wp.com\/www.grieta.org.mx\/wp-content\/uploads\/2020\/09\/d6413029ef4f4db3b663ee5187826e5a-focus-0-0-983-557.jpg?resize=350%2C200&ssl=1 1x, https:\/\/i0.wp.com\/www.grieta.org.mx\/wp-content\/uploads\/2020\/09\/d6413029ef4f4db3b663ee5187826e5a-focus-0-0-983-557.jpg?resize=525%2C300&ssl=1 1.5x, https:\/\/i0.wp.com\/www.grieta.org.mx\/wp-content\/uploads\/2020\/09\/d6413029ef4f4db3b663ee5187826e5a-focus-0-0-983-557.jpg?resize=700%2C400&ssl=1 2x"},"classes":[]}],"_links":{"self":[{"href":"https:\/\/www.grieta.org.mx\/index.php\/wp-json\/wp\/v2\/posts\/43699","targetHints":{"allow":["GET"]}}],"collection":[{"href":"https:\/\/www.grieta.org.mx\/index.php\/wp-json\/wp\/v2\/posts"}],"about":[{"href":"https:\/\/www.grieta.org.mx\/index.php\/wp-json\/wp\/v2\/types\/post"}],"author":[{"embeddable":true,"href":"https:\/\/www.grieta.org.mx\/index.php\/wp-json\/wp\/v2\/users\/2"}],"replies":[{"embeddable":true,"href":"https:\/\/www.grieta.org.mx\/index.php\/wp-json\/wp\/v2\/comments?post=43699"}],"version-history":[{"count":1,"href":"https:\/\/www.grieta.org.mx\/index.php\/wp-json\/wp\/v2\/posts\/43699\/revisions"}],"predecessor-version":[{"id":43701,"href":"https:\/\/www.grieta.org.mx\/index.php\/wp-json\/wp\/v2\/posts\/43699\/revisions\/43701"}],"wp:featuredmedia":[{"embeddable":true,"href":"https:\/\/www.grieta.org.mx\/index.php\/wp-json\/wp\/v2\/media\/43700"}],"wp:attachment":[{"href":"https:\/\/www.grieta.org.mx\/index.php\/wp-json\/wp\/v2\/media?parent=43699"}],"wp:term":[{"taxonomy":"category","embeddable":true,"href":"https:\/\/www.grieta.org.mx\/index.php\/wp-json\/wp\/v2\/categories?post=43699"},{"taxonomy":"post_tag","embeddable":true,"href":"https:\/\/www.grieta.org.mx\/index.php\/wp-json\/wp\/v2\/tags?post=43699"}],"curies":[{"name":"wp","href":"https:\/\/api.w.org\/{rel}","templated":true}]}}