{"id":43673,"date":"2020-01-27T01:34:27","date_gmt":"2020-01-27T07:34:27","guid":{"rendered":"http:\/\/www.grieta.org.mx\/?p=43673"},"modified":"2020-01-29T01:42:57","modified_gmt":"2020-01-29T07:42:57","slug":"detienen-de-forma-arbitraria-a-activista-feminista-por-mediar-conflicto-en-prepa-9-de-la-unam-ciudad-de-mexico","status":"publish","type":"post","link":"https:\/\/www.grieta.org.mx\/index.php\/2020\/01\/27\/detienen-de-forma-arbitraria-a-activista-feminista-por-mediar-conflicto-en-prepa-9-de-la-unam-ciudad-de-mexico\/","title":{"rendered":"Detienen de forma arbitraria a activista feminista por mediar conflicto en prepa 9 de la UNAM (Ciudad de M\u00e9xico)"},"content":{"rendered":"<p><img loading=\"lazy\" decoding=\"async\" data-attachment-id=\"43674\" data-permalink=\"https:\/\/www.grieta.org.mx\/index.php\/2020\/01\/27\/detienen-de-forma-arbitraria-a-activista-feminista-por-mediar-conflicto-en-prepa-9-de-la-unam-ciudad-de-mexico\/detienen-de-forma-arbitraria-a-activista-feminista-por-mediar-conflicto-en-prepa-9-de-la-unam-cdmx-ene\/\" data-orig-file=\"https:\/\/www.grieta.org.mx\/wp-content\/uploads\/2020\/01\/Detienen-de-forma-arbitraria-a-activista-feminista-por-mediar-conflicto-en-prepa-9-de-la-UNAM-cdmx-ene.jpeg\" data-orig-size=\"640,427\" data-comments-opened=\"0\" data-image-meta=\"{&quot;aperture&quot;:&quot;0&quot;,&quot;credit&quot;:&quot;&quot;,&quot;camera&quot;:&quot;&quot;,&quot;caption&quot;:&quot;&quot;,&quot;created_timestamp&quot;:&quot;0&quot;,&quot;copyright&quot;:&quot;&quot;,&quot;focal_length&quot;:&quot;0&quot;,&quot;iso&quot;:&quot;0&quot;,&quot;shutter_speed&quot;:&quot;0&quot;,&quot;title&quot;:&quot;&quot;,&quot;orientation&quot;:&quot;0&quot;}\" data-image-title=\"Detienen de forma arbitraria a activista feminista por mediar conflicto en prepa 9 de la UNAM cdmx ene\" data-image-description=\"\" data-image-caption=\"\" data-medium-file=\"https:\/\/www.grieta.org.mx\/wp-content\/uploads\/2020\/01\/Detienen-de-forma-arbitraria-a-activista-feminista-por-mediar-conflicto-en-prepa-9-de-la-UNAM-cdmx-ene-300x200.jpeg\" data-large-file=\"https:\/\/www.grieta.org.mx\/wp-content\/uploads\/2020\/01\/Detienen-de-forma-arbitraria-a-activista-feminista-por-mediar-conflicto-en-prepa-9-de-la-UNAM-cdmx-ene.jpeg\" class=\"aligncenter  wp-image-43674\" src=\"http:\/\/www.grieta.org.mx\/wp-content\/uploads\/2020\/01\/Detienen-de-forma-arbitraria-a-activista-feminista-por-mediar-conflicto-en-prepa-9-de-la-UNAM-cdmx-ene.jpeg\" alt=\"\" width=\"637\" height=\"425\" srcset=\"https:\/\/www.grieta.org.mx\/wp-content\/uploads\/2020\/01\/Detienen-de-forma-arbitraria-a-activista-feminista-por-mediar-conflicto-en-prepa-9-de-la-UNAM-cdmx-ene.jpeg 640w, https:\/\/www.grieta.org.mx\/wp-content\/uploads\/2020\/01\/Detienen-de-forma-arbitraria-a-activista-feminista-por-mediar-conflicto-en-prepa-9-de-la-UNAM-cdmx-ene-300x200.jpeg 300w\" sizes=\"auto, (max-width: 637px) 100vw, 637px\" \/><br \/>\n<em>FOTO: ROGELIO MORALES\/CUARTOSCURO.COM<\/em><\/p>\n<p>Daniel Moncada \/ Diario Basta<\/p>\n<blockquote><p>Elementos de la Secretar\u00eda de Seguridad Ciudadana de la capital, detuvieron de manera arbitraria, a la activista feminista Rosa Salazar, despu\u00e9s de que logr\u00f3 evitar que las agresiones que sufrieron activistas en la Escuela Nacional Preparatoria 9 Pedro de Alba, por parte de presuntos porros, estudiantes y padres de familia, escalaran a circunstancias mayores.<\/p><\/blockquote>\n<p>Al parecer, la administraci\u00f3n universitaria de Enrique Graue Wichers pretende criminalizar el activismo pol\u00edtico que busca erradicar la violencia de g\u00e9nero en la m\u00e1xima casa de estudios, si se confirma que la activista feminista y defensora de derechos humanos, Rosa Salazar, es denunciada por la UNAM por usurpaci\u00f3n de funciones sin argumentos, cuando no hab\u00edan representantes siquiera de rector\u00eda en el lugar de las agresiones.<\/p>\n<p>De acuerdo con testigos, Rosa Salazar fue encapsulada por supuestos padres de familia azuzados por profesores de este plantel de la m\u00e1xima casa de estudios, quienes la llevaron con las autoridades policiales, mismas que fueron omisas ante los altercados en los que se agredi\u00f3 f\u00edsicamente a los activistas universitarios que mantienen la toma del plantel, por la inacci\u00f3n de las autoridades universitarias para resolver la violencia de g\u00e9nero.<\/p>\n<p><img loading=\"lazy\" decoding=\"async\" data-attachment-id=\"43675\" data-permalink=\"https:\/\/www.grieta.org.mx\/index.php\/2020\/01\/27\/detienen-de-forma-arbitraria-a-activista-feminista-por-mediar-conflicto-en-prepa-9-de-la-unam-ciudad-de-mexico\/cuartoscuro_740855_digital-640x427\/\" data-orig-file=\"https:\/\/www.grieta.org.mx\/wp-content\/uploads\/2020\/01\/cuartoscuro_740855_digital-640x427.jpeg\" data-orig-size=\"640,427\" data-comments-opened=\"0\" data-image-meta=\"{&quot;aperture&quot;:&quot;0&quot;,&quot;credit&quot;:&quot;&quot;,&quot;camera&quot;:&quot;&quot;,&quot;caption&quot;:&quot;&quot;,&quot;created_timestamp&quot;:&quot;0&quot;,&quot;copyright&quot;:&quot;&quot;,&quot;focal_length&quot;:&quot;0&quot;,&quot;iso&quot;:&quot;0&quot;,&quot;shutter_speed&quot;:&quot;0&quot;,&quot;title&quot;:&quot;&quot;,&quot;orientation&quot;:&quot;0&quot;}\" data-image-title=\"cuartoscuro_740855_digital-640&amp;#215;427\" data-image-description=\"\" data-image-caption=\"\" data-medium-file=\"https:\/\/www.grieta.org.mx\/wp-content\/uploads\/2020\/01\/cuartoscuro_740855_digital-640x427-300x200.jpeg\" data-large-file=\"https:\/\/www.grieta.org.mx\/wp-content\/uploads\/2020\/01\/cuartoscuro_740855_digital-640x427.jpeg\" class=\"aligncenter  wp-image-43675\" src=\"http:\/\/www.grieta.org.mx\/wp-content\/uploads\/2020\/01\/cuartoscuro_740855_digital-640x427.jpeg\" alt=\"\" width=\"628\" height=\"419\" srcset=\"https:\/\/www.grieta.org.mx\/wp-content\/uploads\/2020\/01\/cuartoscuro_740855_digital-640x427.jpeg 640w, https:\/\/www.grieta.org.mx\/wp-content\/uploads\/2020\/01\/cuartoscuro_740855_digital-640x427-300x200.jpeg 300w\" sizes=\"auto, (max-width: 628px) 100vw, 628px\" \/><br \/>\n<em>FOTO: ROGELIO MORALES\/CUARTOSCURO.COM<\/em><\/p>\n<p>Sin conocer los cargos por los que fue detenida, Rosa Salazar fue trasladada a un juez c\u00edvico en la alcald\u00eda Gustavo A. Madero, en un principio abordo de una patrulla tipo pick up con n\u00famero MX-005-G1, sin embargo, despu\u00e9s decidieron trasladar a la activista feminista al Ministerio P\u00fablico n\u00famero 5 que est\u00e1 ubicado en el Deportivo Los Galeana, en la misma demarcaci\u00f3n.<\/p>\n<p>\u201cDesconocemos la causa concreta del por qu\u00e9 la rodearon y comenzaron a pedirle a los polic\u00edas de la Secretar\u00eda de Seguridad Ciudadana que se encontraban en el lugar, en la parte de afuera del plantel, para que la detuvieran. Desconocemos bajo qu\u00e9 cargos.\u201d, expres\u00f3 Victor Caballero, del Colectivo Aequus, dedicado a defender derechos humanos.<\/p>\n<p>Adem\u00e1s, a trav\u00e9s de un comunicado, el Colectivo Aequus inform\u00f3 que \u201cla compa\u00f1era no tuvo injerencia alguna en los hechos, salvo que se ofreci\u00f3 para mediar entre las personas que pretend\u00edan ingresar de manera violenta al plantel y las y los estudiantes del movimiento que mantienen el paro\u201d.<\/p>\n<p>Por ello, adicionaron a la queja presentada ante la Comisi\u00f3n de Derechos Humanos de la Ciudad de M\u00e9xico, con folio folio 00866320, donde denunciaron omisi\u00f3n de la SSC capitalina y la UNAM, \u201cpara que se considere a la compa\u00f1era Rosa Salazar como v\u00edctima de graves violaciones a sus derechos humanos, por parte de los polic\u00edas de la unidad ya se\u00f1alada y que fueron quienes ejecutaron la privaci\u00f3n ilegal de su libertad personal\u201d.<\/p>\n<p><a href=\"http:\/\/diariobasta.com\/2020\/01\/27\/detienen-de-forma-arbitraria-a-activista-feminista-por-mediar-conflicto-en-prepa-9-de-la-unam\/\" target=\"_blank\" rel=\"noopener noreferrer\">http:\/\/diariobasta.com\/2020\/01\/27\/detienen-de-forma-arbitraria-a-activista-feminista-por-mediar-conflicto-en-prepa-9-de-la-unam\/<\/a><\/p>\n","protected":false},"excerpt":{"rendered":"<p>FOTO: ROGELIO MORALES\/CUARTOSCURO.COM Daniel Moncada \/ Diario Basta Elementos de la Secretar\u00eda de Seguridad Ciudadana de la capital, detuvieron de manera arbitraria, a la activista feminista Rosa Salazar, despu\u00e9s de &hellip; <a href=\"https:\/\/www.grieta.org.mx\/index.php\/2020\/01\/27\/detienen-de-forma-arbitraria-a-activista-feminista-por-mediar-conflicto-en-prepa-9-de-la-unam-ciudad-de-mexico\/\" class=\"more-link\">Leer m\u00e1s<\/a><\/p>\n","protected":false},"author":2,"featured_media":43674,"comment_status":"closed","ping_status":"closed","sticky":false,"template":"","format":"standard","meta":{"ngg_post_thumbnail":0,"_jetpack_newsletter_access":"","_jetpack_dont_email_post_to_subs":false,"_jetpack_newsletter_tier_id":0,"_jetpack_memberships_contains_paywalled_content":false,"_jetpack_memberships_contains_paid_content":false,"footnotes":""},"categories":[2804,80,14,916,2958,1821,1670,2,1699,83,1823],"tags":[2204,2566,1893,2683,130,1692,1565],"class_list":["post-43673","post","type-post","status-publish","format-standard","has-post-thumbnail","hentry","category-abuso-policiaco-y-tortura-en-la-ciudad-de-mexico","category-cintillo","category-ciudad-de-mexico","category-privatizacion-del-la-educacion-publica","category-crisis-de-la-educacion-publica-en-la-ciudad-de-mexico","category-detenciones-ilegales-en-la-ciudad-de-mexico","category-movilizaciones-y-protestas-de-estudiantes-de-la-ciudad-de-mexico","category-noticias-nacionales","category-represion-a-estudiantes-en-la-ciudad-de-mexico","category-temas-nacionales","category-violencia-contra-estudiantes","tag-abuso-de-fuerzas-represivas","tag-crisis-en-el-sistema-educativo","tag-escuelas-en-paro","tag-estudiantes-organizados","tag-represion","tag-represion-a-estudiantes","tag-violencia-contra-estudiantes","entry"],"jetpack_featured_media_url":"https:\/\/www.grieta.org.mx\/wp-content\/uploads\/2020\/01\/Detienen-de-forma-arbitraria-a-activista-feminista-por-mediar-conflicto-en-prepa-9-de-la-UNAM-cdmx-ene.jpeg","jetpack_sharing_enabled":true,"jetpack_shortlink":"https:\/\/wp.me\/p7ZJR4-bmp","jetpack_likes_enabled":false,"jetpack-related-posts":[{"id":43878,"url":"https:\/\/www.grieta.org.mx\/index.php\/2020\/01\/29\/amenaza-de-bomba-contra-colectiva-feminista-provoca-desalojo-de-la-fes-aragon-ciudad-de-mexico\/","url_meta":{"origin":43673,"position":0},"title":"Amenaza de bomba contra colectiva feminista provoca desalojo de la FES Arag\u00f3n (Ciudad de M\u00e9xico)","author":"grieta","date":"29 enero, 2020","format":false,"excerpt":"Animal Pol\u00edtico El presunto responsable de la amenaza \"fue puesto a disposici\u00f3n de las autoridades\", indic\u00f3 la FES Arag\u00f3n de la UNAM. La Facultad de Estudios Superiores Arag\u00f3n de la UNAM confirm\u00f3 que este mi\u00e9rcoles hubo un desalojo de sus instalaciones por una amenaza de bomba contra una colectiva feminista.\u2026","rel":"","context":"En &quot;CINTILLO&quot;","block_context":{"text":"CINTILLO","link":"https:\/\/www.grieta.org.mx\/index.php\/category\/cintillo\/"},"img":{"alt_text":"","src":"https:\/\/i0.wp.com\/www.grieta.org.mx\/wp-content\/uploads\/2020\/02\/Amenaza-de-bomba-contra-colectiva-feminista-provoca-desalojo-de-la-FES-Arag%C3%B3n-cdmx-feb.jpg?resize=350%2C200&ssl=1","width":350,"height":200,"srcset":"https:\/\/i0.wp.com\/www.grieta.org.mx\/wp-content\/uploads\/2020\/02\/Amenaza-de-bomba-contra-colectiva-feminista-provoca-desalojo-de-la-FES-Arag%C3%B3n-cdmx-feb.jpg?resize=350%2C200&ssl=1 1x, https:\/\/i0.wp.com\/www.grieta.org.mx\/wp-content\/uploads\/2020\/02\/Amenaza-de-bomba-contra-colectiva-feminista-provoca-desalojo-de-la-FES-Arag%C3%B3n-cdmx-feb.jpg?resize=525%2C300&ssl=1 1.5x, https:\/\/i0.wp.com\/www.grieta.org.mx\/wp-content\/uploads\/2020\/02\/Amenaza-de-bomba-contra-colectiva-feminista-provoca-desalojo-de-la-FES-Arag%C3%B3n-cdmx-feb.jpg?resize=700%2C400&ssl=1 2x"},"classes":[]},{"id":44010,"url":"https:\/\/www.grieta.org.mx\/index.php\/2020\/02\/06\/cecyt-7-del-ipn-analiza-realizar-paro-indefinido-ciudad-de-mexico\/","url_meta":{"origin":43673,"position":1},"title":"CECyT 7 del IPN analiza realizar paro indefinido (Ciudad de M\u00e9xico)","author":"grieta","date":"6 febrero, 2020","format":false,"excerpt":"Alumnos en Cecyt 7 del IPN. (Tomada de Rene Garc\u00eda) Selene Flores \/ Milenio En su pliego petitorio los alumnos del Centro de Estudios Cient\u00edficos y Tecnol\u00f3gicos (CECyT) 7 \u201cCuauht\u00e9moc\u201d, exigen entre otras cosas, el reabastecimiento de materiales de cada una de las especialidades t\u00e9cnicas y de los laboratorios de\u2026","rel":"","context":"En &quot;CINTILLO&quot;","block_context":{"text":"CINTILLO","link":"https:\/\/www.grieta.org.mx\/index.php\/category\/cintillo\/"},"img":{"alt_text":"","src":"https:\/\/i0.wp.com\/www.grieta.org.mx\/wp-content\/uploads\/2020\/02\/CECyT-7-del-IPN-analiza-realizar-paro-indefinido-cdmx-feb.jpg?resize=350%2C200&ssl=1","width":350,"height":200,"srcset":"https:\/\/i0.wp.com\/www.grieta.org.mx\/wp-content\/uploads\/2020\/02\/CECyT-7-del-IPN-analiza-realizar-paro-indefinido-cdmx-feb.jpg?resize=350%2C200&ssl=1 1x, https:\/\/i0.wp.com\/www.grieta.org.mx\/wp-content\/uploads\/2020\/02\/CECyT-7-del-IPN-analiza-realizar-paro-indefinido-cdmx-feb.jpg?resize=525%2C300&ssl=1 1.5x, https:\/\/i0.wp.com\/www.grieta.org.mx\/wp-content\/uploads\/2020\/02\/CECyT-7-del-IPN-analiza-realizar-paro-indefinido-cdmx-feb.jpg?resize=700%2C400&ssl=1 2x"},"classes":[]},{"id":41407,"url":"https:\/\/www.grieta.org.mx\/index.php\/2019\/11\/19\/estudiantes-protestan-frente-a-antigua-escuela-de-medicina-ciudad-de-mexico\/","url_meta":{"origin":43673,"position":2},"title":"Estudiantes protestan frente a Antigua Escuela de Medicina (Ciudad de M\u00e9xico)","author":"grieta","date":"19 noviembre, 2019","format":false,"excerpt":"Foto: Teresa Moreno Teresa Moreno \/ El Universal Reclaman la soluci\u00f3n inmediata de los 13 casos de violencia de g\u00e9nero que se han denunciado en la Preparatoria 4 y la FES Cuautitl\u00e1n CDMX.- Integrantes de la Central de Estudiantes Universitarios se manifiestan esta ma\u00f1ana frente a la Antigua Escuela de\u2026","rel":"","context":"En &quot;CINTILLO&quot;","block_context":{"text":"CINTILLO","link":"https:\/\/www.grieta.org.mx\/index.php\/category\/cintillo\/"},"img":{"alt_text":"","src":"https:\/\/i0.wp.com\/www.grieta.org.mx\/wp-content\/uploads\/2019\/11\/Estudiantes-protestan-frente-a-Antigua-Escuela-de-medicina-cdmx-nov.jpg?resize=350%2C200","width":350,"height":200},"classes":[]},{"id":43859,"url":"https:\/\/www.grieta.org.mx\/index.php\/2020\/01\/31\/por-violencia-sexual-y-criminalizacion-paro-de-actividades-en-siete-escuelas-de-la-unam-ciudad-de-mexico\/","url_meta":{"origin":43673,"position":3},"title":"Por violencia sexual y criminalizaci\u00f3n, paro de actividades en siete escuelas de la UNAM (Ciudad de M\u00e9xico)","author":"grieta","date":"31 enero, 2020","format":false,"excerpt":"Contral\u00ednea Cuatro escuelas de la Universidad Nacional Aut\u00f3noma de M\u00e9xico se sumaron a los paros de actividades en demanda de soluci\u00f3n a la violencia sexual de g\u00e9nero que se padece en los recintos universitarios y del cese a la criminalizaci\u00f3n contra el movimiento feminista que reivindica el derecho de las\u2026","rel":"","context":"En &quot;CINTILLO&quot;","block_context":{"text":"CINTILLO","link":"https:\/\/www.grieta.org.mx\/index.php\/category\/cintillo\/"},"img":{"alt_text":"","src":"https:\/\/i0.wp.com\/www.grieta.org.mx\/wp-content\/uploads\/2020\/02\/Por-violencia-sexual-y-criminalizaci%C3%B3n-paro-de-actividades-en-siete-escuelas-de-la-UNAM-cdmx-ene.jpeg?resize=350%2C200&ssl=1","width":350,"height":200,"srcset":"https:\/\/i0.wp.com\/www.grieta.org.mx\/wp-content\/uploads\/2020\/02\/Por-violencia-sexual-y-criminalizaci%C3%B3n-paro-de-actividades-en-siete-escuelas-de-la-UNAM-cdmx-ene.jpeg?resize=350%2C200&ssl=1 1x, https:\/\/i0.wp.com\/www.grieta.org.mx\/wp-content\/uploads\/2020\/02\/Por-violencia-sexual-y-criminalizaci%C3%B3n-paro-de-actividades-en-siete-escuelas-de-la-UNAM-cdmx-ene.jpeg?resize=525%2C300&ssl=1 1.5x"},"classes":[]},{"id":43683,"url":"https:\/\/www.grieta.org.mx\/index.php\/2020\/01\/28\/profesores-de-ffyl-rechazan-evaluar-como-medida-de-presion-contra-paristas-ciudad-de-mexico\/","url_meta":{"origin":43673,"position":4},"title":"Profesores de FFyL rechazan evaluar como medida de presi\u00f3n contra paristas (Ciudad de M\u00e9xico)","author":"grieta","date":"28 enero, 2020","format":false,"excerpt":"Revista Consideraciones Distintas profesoras y profesores de la Facultad de Filosof\u00eda y Letras de la UNAM, se reunieron en asamblea para discutir el acuerdo aprobado por el Consejo T\u00e9cnico de la FFyL, en el sentido de llevar acabo la evaluaci\u00f3n del semestre 2020-1 entre el 27 de enero y el\u2026","rel":"","context":"En &quot;CINTILLO&quot;","block_context":{"text":"CINTILLO","link":"https:\/\/www.grieta.org.mx\/index.php\/category\/cintillo\/"},"img":{"alt_text":"","src":"https:\/\/i0.wp.com\/www.grieta.org.mx\/wp-content\/uploads\/2020\/01\/Profesores-de-FFyL-rechazan-evaluar-como-medida-de-presi%C3%B3n-contra-paristas-cdmx-ene.jpeg?resize=350%2C200&ssl=1","width":350,"height":200,"srcset":"https:\/\/i0.wp.com\/www.grieta.org.mx\/wp-content\/uploads\/2020\/01\/Profesores-de-FFyL-rechazan-evaluar-como-medida-de-presi%C3%B3n-contra-paristas-cdmx-ene.jpeg?resize=350%2C200&ssl=1 1x, https:\/\/i0.wp.com\/www.grieta.org.mx\/wp-content\/uploads\/2020\/01\/Profesores-de-FFyL-rechazan-evaluar-como-medida-de-presi%C3%B3n-contra-paristas-cdmx-ene.jpeg?resize=525%2C300&ssl=1 1.5x, https:\/\/i0.wp.com\/www.grieta.org.mx\/wp-content\/uploads\/2020\/01\/Profesores-de-FFyL-rechazan-evaluar-como-medida-de-presi%C3%B3n-contra-paristas-cdmx-ene.jpeg?resize=700%2C400&ssl=1 2x, https:\/\/i0.wp.com\/www.grieta.org.mx\/wp-content\/uploads\/2020\/01\/Profesores-de-FFyL-rechazan-evaluar-como-medida-de-presi%C3%B3n-contra-paristas-cdmx-ene.jpeg?resize=1050%2C600&ssl=1 3x, https:\/\/i0.wp.com\/www.grieta.org.mx\/wp-content\/uploads\/2020\/01\/Profesores-de-FFyL-rechazan-evaluar-como-medida-de-presi%C3%B3n-contra-paristas-cdmx-ene.jpeg?resize=1400%2C800&ssl=1 4x"},"classes":[]},{"id":43404,"url":"https:\/\/www.grieta.org.mx\/index.php\/2020\/01\/23\/estudiantes-de-filosofia-y-prepa-9-denuncian-agresiones-ciudad-de-mexico\/","url_meta":{"origin":43673,"position":5},"title":"Estudiantes de Filosof\u00eda y prepa 9 denuncian agresiones (Ciudad de M\u00e9xico)","author":"grieta","date":"23 enero, 2020","format":false,"excerpt":"Jordana Gonz\u00e1lez y Aseneth Hern\u00e1ndez \/ Contral\u00ednea La Colectiva Mujeres Organizadas de la Facultad de Filosof\u00eda y Letras denunci\u00f3 haber sufrido diversas agresiones en los 79 d\u00edas que lleva el paro de actividades. Durante el foro \u201cViolencia en la UNAM\u201d, celebrado en el estacionamiento del plantel 9 de la Escuela\u2026","rel":"","context":"En &quot;CINTILLO&quot;","block_context":{"text":"CINTILLO","link":"https:\/\/www.grieta.org.mx\/index.php\/category\/cintillo\/"},"img":{"alt_text":"","src":"https:\/\/i0.wp.com\/www.grieta.org.mx\/wp-content\/uploads\/2020\/01\/Estudiantes-de-Filosof%C3%ADa-y-prepa-9-denuncian-agresiones-cdmx-ene.jpg?resize=350%2C200&ssl=1","width":350,"height":200,"srcset":"https:\/\/i0.wp.com\/www.grieta.org.mx\/wp-content\/uploads\/2020\/01\/Estudiantes-de-Filosof%C3%ADa-y-prepa-9-denuncian-agresiones-cdmx-ene.jpg?resize=350%2C200&ssl=1 1x, https:\/\/i0.wp.com\/www.grieta.org.mx\/wp-content\/uploads\/2020\/01\/Estudiantes-de-Filosof%C3%ADa-y-prepa-9-denuncian-agresiones-cdmx-ene.jpg?resize=525%2C300&ssl=1 1.5x"},"classes":[]}],"_links":{"self":[{"href":"https:\/\/www.grieta.org.mx\/index.php\/wp-json\/wp\/v2\/posts\/43673","targetHints":{"allow":["GET"]}}],"collection":[{"href":"https:\/\/www.grieta.org.mx\/index.php\/wp-json\/wp\/v2\/posts"}],"about":[{"href":"https:\/\/www.grieta.org.mx\/index.php\/wp-json\/wp\/v2\/types\/post"}],"author":[{"embeddable":true,"href":"https:\/\/www.grieta.org.mx\/index.php\/wp-json\/wp\/v2\/users\/2"}],"replies":[{"embeddable":true,"href":"https:\/\/www.grieta.org.mx\/index.php\/wp-json\/wp\/v2\/comments?post=43673"}],"version-history":[{"count":1,"href":"https:\/\/www.grieta.org.mx\/index.php\/wp-json\/wp\/v2\/posts\/43673\/revisions"}],"predecessor-version":[{"id":43676,"href":"https:\/\/www.grieta.org.mx\/index.php\/wp-json\/wp\/v2\/posts\/43673\/revisions\/43676"}],"wp:featuredmedia":[{"embeddable":true,"href":"https:\/\/www.grieta.org.mx\/index.php\/wp-json\/wp\/v2\/media\/43674"}],"wp:attachment":[{"href":"https:\/\/www.grieta.org.mx\/index.php\/wp-json\/wp\/v2\/media?parent=43673"}],"wp:term":[{"taxonomy":"category","embeddable":true,"href":"https:\/\/www.grieta.org.mx\/index.php\/wp-json\/wp\/v2\/categories?post=43673"},{"taxonomy":"post_tag","embeddable":true,"href":"https:\/\/www.grieta.org.mx\/index.php\/wp-json\/wp\/v2\/tags?post=43673"}],"curies":[{"name":"wp","href":"https:\/\/api.w.org\/{rel}","templated":true}]}}