{"id":43637,"date":"2020-01-23T20:27:42","date_gmt":"2020-01-24T02:27:42","guid":{"rendered":"http:\/\/www.grieta.org.mx\/?p=43637"},"modified":"2020-01-28T20:33:08","modified_gmt":"2020-01-29T02:33:08","slug":"desplazados-desmienten-a-autoridades-persiste-violencia-en-sierra-del-sur-de-sinaloa","status":"publish","type":"post","link":"https:\/\/www.grieta.org.mx\/index.php\/2020\/01\/23\/desplazados-desmienten-a-autoridades-persiste-violencia-en-sierra-del-sur-de-sinaloa\/","title":{"rendered":"Desplazados desmienten a autoridades: \u2018Persiste violencia en sierra del sur de Sinaloa\u2019"},"content":{"rendered":"<p>Ricardo Rojas\/L\u00ednea Directa<br \/>\n<img loading=\"lazy\" decoding=\"async\" data-attachment-id=\"43638\" data-permalink=\"https:\/\/www.grieta.org.mx\/index.php\/2020\/01\/23\/desplazados-desmienten-a-autoridades-persiste-violencia-en-sierra-del-sur-de-sinaloa\/desplazados-11-1024x459\/\" data-orig-file=\"https:\/\/www.grieta.org.mx\/wp-content\/uploads\/2020\/01\/DESPLAZADOS-11-1024x459.jpg\" data-orig-size=\"1024,459\" data-comments-opened=\"0\" data-image-meta=\"{&quot;aperture&quot;:&quot;0&quot;,&quot;credit&quot;:&quot;&quot;,&quot;camera&quot;:&quot;&quot;,&quot;caption&quot;:&quot;&quot;,&quot;created_timestamp&quot;:&quot;0&quot;,&quot;copyright&quot;:&quot;&quot;,&quot;focal_length&quot;:&quot;0&quot;,&quot;iso&quot;:&quot;0&quot;,&quot;shutter_speed&quot;:&quot;0&quot;,&quot;title&quot;:&quot;&quot;,&quot;orientation&quot;:&quot;0&quot;}\" data-image-title=\"DESPLAZADOS-11-1024&amp;#215;459\" data-image-description=\"\" data-image-caption=\"\" data-medium-file=\"https:\/\/www.grieta.org.mx\/wp-content\/uploads\/2020\/01\/DESPLAZADOS-11-1024x459-300x134.jpg\" data-large-file=\"https:\/\/www.grieta.org.mx\/wp-content\/uploads\/2020\/01\/DESPLAZADOS-11-1024x459-1024x459.jpg\" class=\"aligncenter wp-image-43638\" src=\"http:\/\/www.grieta.org.mx\/wp-content\/uploads\/2020\/01\/DESPLAZADOS-11-1024x459-1024x459.jpg\" alt=\"\" width=\"807\" height=\"362\" srcset=\"https:\/\/www.grieta.org.mx\/wp-content\/uploads\/2020\/01\/DESPLAZADOS-11-1024x459.jpg 1024w, https:\/\/www.grieta.org.mx\/wp-content\/uploads\/2020\/01\/DESPLAZADOS-11-1024x459-300x134.jpg 300w, https:\/\/www.grieta.org.mx\/wp-content\/uploads\/2020\/01\/DESPLAZADOS-11-1024x459-768x344.jpg 768w\" sizes=\"auto, (max-width: 807px) 100vw, 807px\" \/><\/p>\n<p>&nbsp;<\/p>\n<p>Las familias desplazadas aseguran que es falso lo que han dicho algunas autoridades, como el alcalde de Concordia, respecto a que se ha tranquilizado la situaci\u00f3n en dicha regi\u00f3n<\/p>\n<p>El desplazamiento forzado por la violencia est\u00e1 fuerte a\u00fan y es mentira que las familias puedan volver a sus pueblos, como presumen las autoridades, particularmente en Concordia, refut\u00f3 este mi\u00e9rcoles Miguel \u00c1ngel Jardines.<\/p>\n<p>En los 21 d\u00edas que corren de este 2020, hay personas que siguen saliendo de las comunidades serranas, ya que no les permiten ni siquiera sepultar a sus muertos, o bien son amenazados que si no dejan sus pertenencias deber\u00e1n sujetarse a las consecuencias.<\/p>\n<p>\u201cEs mentira absolutamente, la realidad es que sigue habiendo violencia, la gente ya no puede acercarse, hay casos que la gente quiere regresar a enterrar a sus muertos, ni siquiera eso le permiten, entonces no hay condiciones para una estancia permanente en paz\u201d.<\/p>\n<p>Indic\u00f3 que Rosario y Concordia es donde m\u00e1s agudo est\u00e1 el problema, sin dejar de lado en San Ignacio, donde por ser m\u00e1s alejado cuesta tener con mayor prontitud la informaci\u00f3n referente a este problema social, en el cual las autoridades en los tres niveles de gobierno mantienen o\u00eddos sordos.<\/p>\n<p>\u201cEstoy hablando del sur, de la parte de Rosario, Escuinapa, gente de Durango que ha bajado, gente de ac\u00e1 de San Ignacio, el problema contin\u00faa a veces como que entra en crisis, viene mucha gente, a veces es uno por uno\u201d.<\/p>\n<p>Miguel \u00c1ngel Jardines afirm\u00f3 que la violencia, adem\u00e1s de los muertos, los desplazados, ha dejado personas con secuelas duras, y que requieren de atenci\u00f3n especializada o bien de psic\u00f3logos para orientar a los ni\u00f1os y mujeres.<\/p>\n<p>\u201cTe digo hay una se\u00f1ora que le mataron ocho familiares, y t\u00fa dices, ay y la se\u00f1ora siempre muy seria, que no llora \u00bfPor qu\u00e9 no llora? Necesita que les den tratamiento, entonces son graves los problemas\u201d.<\/p>\n<p>Lament\u00f3 que a pesar de que son muchos a\u00f1os de padecer este problema social en Sinaloa, ninguna autoridad, ni local ni federal ha sido capaz de hacerle frente a esta situaci\u00f3n.<\/p>\n<p><a href=\"https:\/\/lineadirectaportal.com\/sinaloa\/mienten-familias-de-la-sierra-del-sur-de-sinaloa-son-forzadas-aun-a-salir-de-sus-pueblos_20200121-924515\/\">https:\/\/lineadirectaportal.com\/sinaloa\/mienten-familias-de-la-sierra-del-sur-de-sinaloa-son-forzadas-aun-a-salir-de-sus-pueblos_20200121-924515\/<\/a><\/p>\n","protected":false},"excerpt":{"rendered":"<p>Ricardo Rojas\/L\u00ednea Directa &nbsp; Las familias desplazadas aseguran que es falso lo que han dicho algunas autoridades, como el alcalde de Concordia, respecto a que se ha tranquilizado la situaci\u00f3n &hellip; <a href=\"https:\/\/www.grieta.org.mx\/index.php\/2020\/01\/23\/desplazados-desmienten-a-autoridades-persiste-violencia-en-sierra-del-sur-de-sinaloa\/\" class=\"more-link\">Leer m\u00e1s<\/a><\/p>\n","protected":false},"author":2,"featured_media":43638,"comment_status":"closed","ping_status":"closed","sticky":false,"template":"","format":"standard","meta":{"ngg_post_thumbnail":0,"_jetpack_newsletter_access":"","_jetpack_dont_email_post_to_subs":false,"_jetpack_newsletter_tier_id":0,"_jetpack_memberships_contains_paywalled_content":false,"_jetpack_memberships_contains_paid_content":false,"footnotes":""},"categories":[80,2708,2421,30,83],"tags":[1092],"class_list":["post-43637","post","type-post","status-publish","format-standard","has-post-thumbnail","hentry","category-cintillo","category-desplazados","category-desplazados-por-violencia-en-sinaloa","category-sinaloa","category-temas-nacionales","tag-desplazados-por-la-violencia","entry"],"jetpack_featured_media_url":"https:\/\/www.grieta.org.mx\/wp-content\/uploads\/2020\/01\/DESPLAZADOS-11-1024x459.jpg","jetpack_sharing_enabled":true,"jetpack_shortlink":"https:\/\/wp.me\/p7ZJR4-blP","jetpack_likes_enabled":false,"jetpack-related-posts":[{"id":35840,"url":"https:\/\/www.grieta.org.mx\/index.php\/2019\/07\/02\/van-mas-de-mil-familias-desplazadas-por-la-violencia-en-sinaloa\/","url_meta":{"origin":43637,"position":0},"title":"Van m\u00e1s de mil familias desplazadas por la violencia en Sinaloa","author":"grieta","date":"2 julio, 2019","format":false,"excerpt":"Foto: Ilustrativa El Debate Redacci\u00f3n \/ El Debate Sinaloa. La Secretar\u00eda de Desarrollo Social de Sinaloa ha registrado a m\u00e1s de mil 100 familias desplazadas por la violencia, luego de un censo reciente. Explic\u00f3 que el censo contin\u00faa, pues los casos no han cesado. Hasta el momento se cont\u00f3 con\u2026","rel":"","context":"En &quot;CINTILLO&quot;","block_context":{"text":"CINTILLO","link":"https:\/\/www.grieta.org.mx\/index.php\/category\/cintillo\/"},"img":{"alt_text":"","src":"https:\/\/i0.wp.com\/www.grieta.org.mx\/wp-content\/uploads\/2019\/07\/van_mxs_de_mil_familias_desplazadas_por_la_violencia_en_sinaloa.jpg_219914347.jpg?resize=350%2C200&ssl=1","width":350,"height":200,"srcset":"https:\/\/i0.wp.com\/www.grieta.org.mx\/wp-content\/uploads\/2019\/07\/van_mxs_de_mil_familias_desplazadas_por_la_violencia_en_sinaloa.jpg_219914347.jpg?resize=350%2C200&ssl=1 1x, https:\/\/i0.wp.com\/www.grieta.org.mx\/wp-content\/uploads\/2019\/07\/van_mxs_de_mil_familias_desplazadas_por_la_violencia_en_sinaloa.jpg_219914347.jpg?resize=525%2C300&ssl=1 1.5x, https:\/\/i0.wp.com\/www.grieta.org.mx\/wp-content\/uploads\/2019\/07\/van_mxs_de_mil_familias_desplazadas_por_la_violencia_en_sinaloa.jpg_219914347.jpg?resize=700%2C400&ssl=1 2x"},"classes":[]},{"id":15505,"url":"https:\/\/www.grieta.org.mx\/index.php\/2016\/08\/14\/desplazados-por-violencia-en-sinaloa\/","url_meta":{"origin":43637,"position":1},"title":"Desplazados por violencia en Sinaloa","author":"grieta","date":"14 agosto, 2016","format":false,"excerpt":"14\/08\/16. Desplazados viven en la ciudad con incertidumbre (Sinaloa) El Debate 29\/07\/16. Violencia expulsa de sus estados a m\u00e1s de 281 mil El Financiero 29\/07\/16. Habitantes de la sierra claman por ayuda al Ej\u00e9rcito El Debate 13\/07\/16. Los desplazados de la zona serrana de Sinaloa claman por ayuda El Pa\u00eds\u2026","rel":"","context":"En &quot;NOTICIAS NACIONALES&quot;","block_context":{"text":"NOTICIAS NACIONALES","link":"https:\/\/www.grieta.org.mx\/index.php\/category\/noticias-nacionales\/"},"img":{"alt_text":"","src":"https:\/\/i0.wp.com\/www.grieta.org.mx\/wp-content\/uploads\/2018\/03\/14524434_1106112876131411_958039263622046936_o.jpg?resize=350%2C200&ssl=1","width":350,"height":200,"srcset":"https:\/\/i0.wp.com\/www.grieta.org.mx\/wp-content\/uploads\/2018\/03\/14524434_1106112876131411_958039263622046936_o.jpg?resize=350%2C200&ssl=1 1x, https:\/\/i0.wp.com\/www.grieta.org.mx\/wp-content\/uploads\/2018\/03\/14524434_1106112876131411_958039263622046936_o.jpg?resize=525%2C300&ssl=1 1.5x, https:\/\/i0.wp.com\/www.grieta.org.mx\/wp-content\/uploads\/2018\/03\/14524434_1106112876131411_958039263622046936_o.jpg?resize=700%2C400&ssl=1 2x"},"classes":[]},{"id":19650,"url":"https:\/\/www.grieta.org.mx\/index.php\/2016\/06\/22\/acusan-simulacion-en-atencion-a-desplazados-en-sinaloa\/","url_meta":{"origin":43637,"position":2},"title":"Acusan simulaci\u00f3n en atenci\u00f3n a desplazados en Sinaloa","author":"grieta","date":"22 junio, 2016","format":false,"excerpt":"Marcos Vizcarra En Sinaloa, ninguna de las personas despazadas tiene la certeza de que pueden volver a sus pueblos, asegur\u00f3 Esperanza Hern\u00e1ndez Lugo, al asegurar que el Gobierno del Estado s\u00f3lo ha simulado la atenci\u00f3n ante los m\u00e1s de los 33 mil 770 personas que dejaron sus hogares por la\u2026","rel":"","context":"En &quot;CINTILLO&quot;","block_context":{"text":"CINTILLO","link":"https:\/\/www.grieta.org.mx\/index.php\/category\/cintillo\/"},"img":{"alt_text":"","src":"https:\/\/i0.wp.com\/www.grieta.org.mx\/wp-content\/uploads\/2018\/03\/14524434_1106112876131411_958039263622046936_o.jpg?resize=350%2C200&ssl=1","width":350,"height":200,"srcset":"https:\/\/i0.wp.com\/www.grieta.org.mx\/wp-content\/uploads\/2018\/03\/14524434_1106112876131411_958039263622046936_o.jpg?resize=350%2C200&ssl=1 1x, https:\/\/i0.wp.com\/www.grieta.org.mx\/wp-content\/uploads\/2018\/03\/14524434_1106112876131411_958039263622046936_o.jpg?resize=525%2C300&ssl=1 1.5x, https:\/\/i0.wp.com\/www.grieta.org.mx\/wp-content\/uploads\/2018\/03\/14524434_1106112876131411_958039263622046936_o.jpg?resize=700%2C400&ssl=1 2x"},"classes":[]},{"id":19654,"url":"https:\/\/www.grieta.org.mx\/index.php\/2016\/08\/14\/desplazados-viven-en-la-ciudad-con-incertidumbre-sinaloa\/","url_meta":{"origin":43637,"position":3},"title":"Desplazados viven en la ciudad con incertidumbre (Sinaloa)","author":"grieta","date":"14 agosto, 2016","format":false,"excerpt":"Por: Cecilia Godinez Mazatl\u00e1n, Sinaloa.- Ya no poder vivir en su lugar de origen por temor a ser asesinados u obligados a realizar actividades il\u00edcitas, ha forzado a miles de personas a tener que desplazarse a otros municipios de Sinaloa. Esto ha generado que las administraciones municipales se vean obligadas\u2026","rel":"","context":"En &quot;CINTILLO&quot;","block_context":{"text":"CINTILLO","link":"https:\/\/www.grieta.org.mx\/index.php\/category\/cintillo\/"},"img":{"alt_text":"","src":"https:\/\/i0.wp.com\/www.grieta.org.mx\/wp-content\/uploads\/2018\/03\/14524434_1106112876131411_958039263622046936_o.jpg?resize=350%2C200&ssl=1","width":350,"height":200,"srcset":"https:\/\/i0.wp.com\/www.grieta.org.mx\/wp-content\/uploads\/2018\/03\/14524434_1106112876131411_958039263622046936_o.jpg?resize=350%2C200&ssl=1 1x, https:\/\/i0.wp.com\/www.grieta.org.mx\/wp-content\/uploads\/2018\/03\/14524434_1106112876131411_958039263622046936_o.jpg?resize=525%2C300&ssl=1 1.5x, https:\/\/i0.wp.com\/www.grieta.org.mx\/wp-content\/uploads\/2018\/03\/14524434_1106112876131411_958039263622046936_o.jpg?resize=700%2C400&ssl=1 2x"},"classes":[]},{"id":31640,"url":"https:\/\/www.grieta.org.mx\/index.php\/2019\/04\/02\/por-inseguridad-familias-de-la-sierra-de-rosario-abandonan-sus-hogares-sinaloa\/","url_meta":{"origin":43637,"position":4},"title":"Por inseguridad, familias de la sierra de Rosario abandonan sus hogares (Sinaloa)","author":"grieta","date":"2 abril, 2019","format":false,"excerpt":"Jes\u00fas L\u00f3pez \/ El Sol de Mazatl\u00e1n Rosario, Sin. -\u00a0Ha consecuencias de los\u00a0hechos violentos\u00a0que se han registrado en los \u00faltimos d\u00edas en los cuales han perdido cuatro personas, m\u00e1s de\u00a020 familias de las comunidades\u00a0de la zona serrana del\u00a0municipio\u00a0abandonaron sus hogares esto lo confirm\u00f3 Abd\u00f3n Caravantes Hern\u00e1ndez, director de\u00a0Seguridad P\u00fablica y\u2026","rel":"","context":"En &quot;CINTILLO&quot;","block_context":{"text":"CINTILLO","link":"https:\/\/www.grieta.org.mx\/index.php\/category\/cintillo\/"},"img":{"alt_text":"","src":"https:\/\/i0.wp.com\/www.grieta.org.mx\/wp-content\/uploads\/2018\/03\/14524434_1106112876131411_958039263622046936_o.jpg?resize=350%2C200&ssl=1","width":350,"height":200,"srcset":"https:\/\/i0.wp.com\/www.grieta.org.mx\/wp-content\/uploads\/2018\/03\/14524434_1106112876131411_958039263622046936_o.jpg?resize=350%2C200&ssl=1 1x, https:\/\/i0.wp.com\/www.grieta.org.mx\/wp-content\/uploads\/2018\/03\/14524434_1106112876131411_958039263622046936_o.jpg?resize=525%2C300&ssl=1 1.5x, https:\/\/i0.wp.com\/www.grieta.org.mx\/wp-content\/uploads\/2018\/03\/14524434_1106112876131411_958039263622046936_o.jpg?resize=700%2C400&ssl=1 2x"},"classes":[]},{"id":35705,"url":"https:\/\/www.grieta.org.mx\/index.php\/2019\/06\/10\/hubo-en-michoacan-240-desplazados-en-2018\/","url_meta":{"origin":43637,"position":5},"title":"Hubo en Michoac\u00e1n 240 desplazados en 2018","author":"Admin","date":"10 junio, 2019","format":false,"excerpt":"Los municipios afectados fueron Par\u00e1cuaro, Buenavista y Aguililla Gilbert Gil Y\u00e1\u00f1ez \/ El Sol de Zamora, 10 de junio de 2019 Entre enero de 2016 y diciembre de 2018, en el estado de Michoac\u00e1n han sido desplazadas 11 mil 590 personas en seis episodios de violencia y amenazas del crimen\u2026","rel":"","context":"En &quot;CINTILLO&quot;","block_context":{"text":"CINTILLO","link":"https:\/\/www.grieta.org.mx\/index.php\/category\/cintillo\/"},"img":{"alt_text":"","src":"https:\/\/i0.wp.com\/www.grieta.org.mx\/wp-content\/uploads\/2019\/07\/DESPLAZAMIENTOS.jpg?resize=350%2C200&ssl=1","width":350,"height":200,"srcset":"https:\/\/i0.wp.com\/www.grieta.org.mx\/wp-content\/uploads\/2019\/07\/DESPLAZAMIENTOS.jpg?resize=350%2C200&ssl=1 1x, https:\/\/i0.wp.com\/www.grieta.org.mx\/wp-content\/uploads\/2019\/07\/DESPLAZAMIENTOS.jpg?resize=525%2C300&ssl=1 1.5x, https:\/\/i0.wp.com\/www.grieta.org.mx\/wp-content\/uploads\/2019\/07\/DESPLAZAMIENTOS.jpg?resize=700%2C400&ssl=1 2x"},"classes":[]}],"_links":{"self":[{"href":"https:\/\/www.grieta.org.mx\/index.php\/wp-json\/wp\/v2\/posts\/43637","targetHints":{"allow":["GET"]}}],"collection":[{"href":"https:\/\/www.grieta.org.mx\/index.php\/wp-json\/wp\/v2\/posts"}],"about":[{"href":"https:\/\/www.grieta.org.mx\/index.php\/wp-json\/wp\/v2\/types\/post"}],"author":[{"embeddable":true,"href":"https:\/\/www.grieta.org.mx\/index.php\/wp-json\/wp\/v2\/users\/2"}],"replies":[{"embeddable":true,"href":"https:\/\/www.grieta.org.mx\/index.php\/wp-json\/wp\/v2\/comments?post=43637"}],"version-history":[{"count":1,"href":"https:\/\/www.grieta.org.mx\/index.php\/wp-json\/wp\/v2\/posts\/43637\/revisions"}],"predecessor-version":[{"id":43639,"href":"https:\/\/www.grieta.org.mx\/index.php\/wp-json\/wp\/v2\/posts\/43637\/revisions\/43639"}],"wp:featuredmedia":[{"embeddable":true,"href":"https:\/\/www.grieta.org.mx\/index.php\/wp-json\/wp\/v2\/media\/43638"}],"wp:attachment":[{"href":"https:\/\/www.grieta.org.mx\/index.php\/wp-json\/wp\/v2\/media?parent=43637"}],"wp:term":[{"taxonomy":"category","embeddable":true,"href":"https:\/\/www.grieta.org.mx\/index.php\/wp-json\/wp\/v2\/categories?post=43637"},{"taxonomy":"post_tag","embeddable":true,"href":"https:\/\/www.grieta.org.mx\/index.php\/wp-json\/wp\/v2\/tags?post=43637"}],"curies":[{"name":"wp","href":"https:\/\/api.w.org\/{rel}","templated":true}]}}