{"id":43627,"date":"2020-01-14T22:20:36","date_gmt":"2020-01-15T04:20:36","guid":{"rendered":"http:\/\/www.grieta.org.mx\/?p=43627"},"modified":"2020-01-27T22:29:28","modified_gmt":"2020-01-28T04:29:28","slug":"sirvio-desaparecer-el-programa-federal-de-apoyo-a-jornaleros","status":"publish","type":"post","link":"https:\/\/www.grieta.org.mx\/index.php\/2020\/01\/14\/sirvio-desaparecer-el-programa-federal-de-apoyo-a-jornaleros\/","title":{"rendered":"\u00bfSirvi\u00f3 desaparecer el programa federal de apoyo a jornaleros?"},"content":{"rendered":"<p>R\u00edodoce \/ Omar Garfias.<\/p>\n<p><img loading=\"lazy\" decoding=\"async\" data-attachment-id=\"43628\" data-permalink=\"https:\/\/www.grieta.org.mx\/index.php\/2020\/01\/14\/sirvio-desaparecer-el-programa-federal-de-apoyo-a-jornaleros\/pisca-de-chile-ojok1m5i5hpolwsbn7dsc3v74towfpownwwjpf92mg\/\" data-orig-file=\"https:\/\/www.grieta.org.mx\/wp-content\/uploads\/2020\/01\/pisca-de-chile-ojok1m5i5hpolwsbn7dsc3v74towfpownwwjpf92mg.jpg\" data-orig-size=\"1140,500\" data-comments-opened=\"0\" data-image-meta=\"{&quot;aperture&quot;:&quot;0&quot;,&quot;credit&quot;:&quot;&quot;,&quot;camera&quot;:&quot;&quot;,&quot;caption&quot;:&quot;&quot;,&quot;created_timestamp&quot;:&quot;0&quot;,&quot;copyright&quot;:&quot;&quot;,&quot;focal_length&quot;:&quot;0&quot;,&quot;iso&quot;:&quot;0&quot;,&quot;shutter_speed&quot;:&quot;0&quot;,&quot;title&quot;:&quot;&quot;,&quot;orientation&quot;:&quot;0&quot;}\" data-image-title=\"pisca-de-chile-ojok1m5i5hpolwsbn7dsc3v74towfpownwwjpf92mg\" data-image-description=\"\" data-image-caption=\"\" data-medium-file=\"https:\/\/www.grieta.org.mx\/wp-content\/uploads\/2020\/01\/pisca-de-chile-ojok1m5i5hpolwsbn7dsc3v74towfpownwwjpf92mg-300x132.jpg\" data-large-file=\"https:\/\/www.grieta.org.mx\/wp-content\/uploads\/2020\/01\/pisca-de-chile-ojok1m5i5hpolwsbn7dsc3v74towfpownwwjpf92mg-1024x449.jpg\" class=\"aligncenter wp-image-43628\" src=\"http:\/\/www.grieta.org.mx\/wp-content\/uploads\/2020\/01\/pisca-de-chile-ojok1m5i5hpolwsbn7dsc3v74towfpownwwjpf92mg-1024x449.jpg\" alt=\"\" width=\"800\" height=\"351\" srcset=\"https:\/\/www.grieta.org.mx\/wp-content\/uploads\/2020\/01\/pisca-de-chile-ojok1m5i5hpolwsbn7dsc3v74towfpownwwjpf92mg-1024x449.jpg 1024w, https:\/\/www.grieta.org.mx\/wp-content\/uploads\/2020\/01\/pisca-de-chile-ojok1m5i5hpolwsbn7dsc3v74towfpownwwjpf92mg-300x132.jpg 300w, https:\/\/www.grieta.org.mx\/wp-content\/uploads\/2020\/01\/pisca-de-chile-ojok1m5i5hpolwsbn7dsc3v74towfpownwwjpf92mg-768x337.jpg 768w, https:\/\/www.grieta.org.mx\/wp-content\/uploads\/2020\/01\/pisca-de-chile-ojok1m5i5hpolwsbn7dsc3v74towfpownwwjpf92mg.jpg 1140w\" sizes=\"auto, (max-width: 800px) 100vw, 800px\" \/><\/p>\n<p>Antes de este gobierno federal ya se les apoyaba poco, ahora nada. Se prometi\u00f3 una nueva estrategia pero no se cumpli\u00f3. Los mexicanos que emigran de su pueblo a trabajar en los campos agr\u00edcolas est\u00e1n solos en el mercado de la oferta y demanda laboral.<\/p>\n<p>Desaparecieron las pocas becas para sus hijos y no existen ni en el Plan Nacional de Desarrollo ni en los lineamientos y reglas de operaci\u00f3n de la Secretar\u00eda de Bienestar.<\/p>\n<p>Se estima que alrededor de 2 millones 800 mil personas trabajan como jornaleros agr\u00edcolas con base en una encuesta nacional levantada en 2009 por la Universidad Aut\u00f3noma de Chapingo y la SEDESOL.<\/p>\n<p>El 75.4 por ciento de la poblaci\u00f3n potencial jornalera se encontraba en condici\u00f3n de pobreza, y el 23.6 por ciento en pobreza extrema. Es decir, la incidencia de pobreza extrema entre la poblaci\u00f3n potencial es mayor al doble de la media nacional (9.5 por ciento). El 97.2 por ciento presenta al menos una carencia social, 55.6 por ciento presenta al menos tres.<\/p>\n<p>La carencia social con mayor incidencia es la relacionada con el acceso a la seguridad social (89.1 por ciento), seguida de la carencia por acceso a los servicios b\u00e1sicos en la vivienda (57.1 por ciento), por acceso a la alimentaci\u00f3n (40.0 por ciento), por rezago educativo (35.7 por ciento), calidad y espacios en la vivienda (29.5por ciento), y acceso a los servicios de salud (21.2 por ciento).<\/p>\n<p>Los ni\u00f1os, ni\u00f1as y adolescentes que llegan a los campos agr\u00edcolas no tienen garant\u00eda de acceso a la educaci\u00f3n, mientras el promedio nacional es de 8.1 a\u00f1os, entre los jornaleros es de 4.5 a\u00f1os.<\/p>\n<p>Los alimentos que se proveen en los campos no siempre son suficientes comparados con la intensidad de la jornada. Existen a\u00fan campos y cuarter\u00edas sistemas de endeudamiento a trav\u00e9s de tiendas de abarrotes y comedores. Por otro lado, en los casos donde migran las familias, ellas mismas se proveen sus propios alimentos, as\u00ed como los utensilios para la elaboraci\u00f3n de estos. La dieta jornalera es limitada en variedad y cantidad de alimentos. Es com\u00fan encontrar grandes cantidades de carbohidratos y muy poca o nula presencia de alimentos frescos y nutritivos.<\/p>\n<p>La CNDH propuso la elaboraci\u00f3n de un diagn\u00f3stico nacional sobre la situaci\u00f3n de los jornaleros agr\u00edcolas, la generaci\u00f3n de programas sociales que garanticen sus derechos, la conformaci\u00f3n de un registro \u00fanico de empresas agr\u00edcolas receptoras, el desarrollo de instrumentos para prevenir delitos y recibir denuncias, la aplicaci\u00f3n de esquemas de vigilancia en materia de condiciones laborales y vivienda dignos, y que se garantice la prohibici\u00f3n de que los menores de edad trabajen en el campo.<\/p>\n<p>Espec\u00edficamente, a la secretaria Albores le solicit\u00f3 aplicar la Encuesta Nacional de Jornaleros Agr\u00edcolas, \u201cdise\u00f1ar un programa que integre el enfoque de derechos humanos\u201d, delimite las responsabilidades de las autoridades de los tres niveles de gobierno y \u201cconsidere la instalaci\u00f3n y, en algunos casos, la mejora de los albergues para el alojamiento\u201d de los trabajadores y de las Unidades de Servicios Integrales a nivel nacional.<\/p>\n<p>Lo poco e insuficiente que hab\u00eda, desapareci\u00f3 y nada vino ni a mejorarlo ni a sustituirlo.<\/p>\n<p>En el Presupuesto de Egresos de la Federaci\u00f3n (PEF) no existe ninguna alusi\u00f3n a los jornaleros agr\u00edcolas.<\/p>\n<p>En la reforma laboral recientemente aprobada tampoco se incluy\u00f3 un esquema especial para poblaci\u00f3n jornalera agr\u00edcola, por lo que la mayor\u00eda sigue excluida de la seguridad social.<\/p>\n<p>La condici\u00f3n de pobreza debilita la capacidad de negociaci\u00f3n de la poblaci\u00f3n jornalera ante los empresarios que los contratan. La retribuci\u00f3n a su trabajo es definida bajo una situaci\u00f3n familiar de muchas premuras y necesidades insatisfechas. Las ofertas de la contraparte significan la \u00fanica opci\u00f3n.<\/p>\n<p>No reciben ning\u00fan apoyo federal pues no son adultos mayores, no son j\u00f3venes desempleados, no son estudiantes de bachillerato, no tienen tierra que sembrar. Son trabajadores del campo.<\/p>\n<p>Es imprescindible una pol\u00edtica p\u00fablica para estos millones de mexicanos que trabajan con enorme esfuerzo f\u00edsico, que buscan la vida recorriendo miles de kil\u00f3metros y que alimentan a M\u00e9xico y a otros pa\u00edses.<\/p>\n<p>Art\u00edculo publicado el 12 de enero de 2020 en la edici\u00f3n 885 del semanario R\u00edodoce.<\/p>\n<p><a href=\"https:\/\/riodoce.mx\/2020\/01\/14\/sirvio-desaparecer-el-programa-federal-de-apoyo-a-jornaleros\/\" target=\"_blank\" rel=\"noopener noreferrer\">https:\/\/riodoce.mx\/2020\/01\/14\/sirvio-desaparecer-el-programa-federal-de-apoyo-a-jornaleros\/<\/a><\/p>\n","protected":false},"excerpt":{"rendered":"<p>R\u00edodoce \/ Omar Garfias. Antes de este gobierno federal ya se les apoyaba poco, ahora nada. Se prometi\u00f3 una nueva estrategia pero no se cumpli\u00f3. Los mexicanos que emigran de &hellip; <a href=\"https:\/\/www.grieta.org.mx\/index.php\/2020\/01\/14\/sirvio-desaparecer-el-programa-federal-de-apoyo-a-jornaleros\/\" class=\"more-link\">Leer m\u00e1s<\/a><\/p>\n","protected":false},"author":2,"featured_media":43628,"comment_status":"closed","ping_status":"closed","sticky":false,"template":"","format":"standard","meta":{"ngg_post_thumbnail":0,"_jetpack_newsletter_access":"","_jetpack_dont_email_post_to_subs":false,"_jetpack_newsletter_tier_id":0,"_jetpack_memberships_contains_paywalled_content":false,"_jetpack_memberships_contains_paid_content":false,"footnotes":""},"categories":[80,369],"tags":[],"class_list":["post-43627","post","type-post","status-publish","format-standard","has-post-thumbnail","hentry","category-cintillo","category-jornaleros-analisis","entry"],"jetpack_featured_media_url":"https:\/\/www.grieta.org.mx\/wp-content\/uploads\/2020\/01\/pisca-de-chile-ojok1m5i5hpolwsbn7dsc3v74towfpownwwjpf92mg.jpg","jetpack_sharing_enabled":true,"jetpack_shortlink":"https:\/\/wp.me\/p7ZJR4-blF","jetpack_likes_enabled":false,"jetpack-related-posts":[{"id":41741,"url":"https:\/\/www.grieta.org.mx\/index.php\/2019\/11\/12\/exponen-recomendaciones-ante-violaciones-a-derechos-de-jornaleros-guanajuato\/","url_meta":{"origin":43627,"position":0},"title":"Exponen recomendaciones ante violaciones a derechos de jornaleros (Guanajuato)","author":"grieta","date":"12 noviembre, 2019","format":false,"excerpt":"En M\u00e9xico existen m\u00e1s de 3 millones de jornaleros(as), de los cuales se estim\u00f3 en 2009, el 40 por ciento son ind\u00edgenas. Renata Quintanar, Milenio Le\u00f3n \/ 12 de noviembre de 2019 A trav\u00e9s del panel Violaci\u00f3n de los Derechos Humanos de jornaleros y jornaleras agr\u00edcolas en M\u00e9xico, el Centro\u2026","rel":"","context":"En &quot;CINTILLO&quot;","block_context":{"text":"CINTILLO","link":"https:\/\/www.grieta.org.mx\/index.php\/category\/cintillo\/"},"img":{"alt_text":"","src":"https:\/\/i0.wp.com\/www.grieta.org.mx\/wp-content\/uploads\/2019\/12\/pdhegacudedistintasmunicipiosguanajuato.png?resize=350%2C200&ssl=1","width":350,"height":200,"srcset":"https:\/\/i0.wp.com\/www.grieta.org.mx\/wp-content\/uploads\/2019\/12\/pdhegacudedistintasmunicipiosguanajuato.png?resize=350%2C200&ssl=1 1x, https:\/\/i0.wp.com\/www.grieta.org.mx\/wp-content\/uploads\/2019\/12\/pdhegacudedistintasmunicipiosguanajuato.png?resize=525%2C300&ssl=1 1.5x, https:\/\/i0.wp.com\/www.grieta.org.mx\/wp-content\/uploads\/2019\/12\/pdhegacudedistintasmunicipiosguanajuato.png?resize=700%2C400&ssl=1 2x"},"classes":[]},{"id":22519,"url":"https:\/\/www.grieta.org.mx\/index.php\/2018\/04\/06\/evitan-vigilar-condiciones-de-jornaleros\/","url_meta":{"origin":43627,"position":1},"title":"Evitan vigilar condiciones de jornaleros","author":"grieta","date":"6 abril, 2018","format":false,"excerpt":"REFORMA | NTR ZACATECAS CIUDAD DE M\u00c9XICO.- Pese a la prevalencia de la explotaci\u00f3n laboral y trata de personas contra las familias dedicadas al trabajo agr\u00edcola, las inspecciones por parte de las autoridades siguen siendo m\u00ednimas. La Comisi\u00f3n Nacional de los Derechos Humanos (CNDH) revel\u00f3 que el 27 por ciento\u2026","rel":"","context":"En &quot;CINTILLO&quot;","block_context":{"text":"CINTILLO","link":"https:\/\/www.grieta.org.mx\/index.php\/category\/cintillo\/"},"img":{"alt_text":"","src":"https:\/\/i0.wp.com\/www.grieta.org.mx\/wp-content\/uploads\/2018\/04\/evitan-vigilar-condiciones-de-251526.jpg?resize=350%2C200&ssl=1","width":350,"height":200,"srcset":"https:\/\/i0.wp.com\/www.grieta.org.mx\/wp-content\/uploads\/2018\/04\/evitan-vigilar-condiciones-de-251526.jpg?resize=350%2C200&ssl=1 1x, https:\/\/i0.wp.com\/www.grieta.org.mx\/wp-content\/uploads\/2018\/04\/evitan-vigilar-condiciones-de-251526.jpg?resize=525%2C300&ssl=1 1.5x, https:\/\/i0.wp.com\/www.grieta.org.mx\/wp-content\/uploads\/2018\/04\/evitan-vigilar-condiciones-de-251526.jpg?resize=700%2C400&ssl=1 2x"},"classes":[]},{"id":2770,"url":"https:\/\/www.grieta.org.mx\/index.php\/2015\/03\/31\/colima-entre-los-18-estados-donde-se-explota-a-los-jornaleros-agricolas-fiob\/","url_meta":{"origin":43627,"position":2},"title":"Colima, entre los 18 estados donde se explota a los jornaleros agr\u00edcolas: FIOB","author":"grieta","date":"31 marzo, 2015","format":false,"excerpt":"\u201cColima, M\u00e9xico. Avanzada (31 de marzo de 2015).- El Frente Ind\u00edgena de Organizaciones Binacionales (FIOB) denunci\u00f3 que en 18 estados del pa\u00eds, entre ellos Colima, Sinaloa, Sonora, Baja California, Jalisco y Nayarit, los jornaleros agr\u00edcolas viven en condiciones de vulnerabilidad y constante violaci\u00f3n a sus derechos fundamentales. \u201cSin que hasta\u2026","rel":"","context":"En &quot;CINTILLO&quot;","block_context":{"text":"CINTILLO","link":"https:\/\/www.grieta.org.mx\/index.php\/category\/cintillo\/"},"img":{"alt_text":"","src":"https:\/\/i0.wp.com\/www.grieta.org.mx\/wp-content\/uploads\/2018\/03\/14524434_1106112876131411_958039263622046936_o.jpg?resize=350%2C200&ssl=1","width":350,"height":200,"srcset":"https:\/\/i0.wp.com\/www.grieta.org.mx\/wp-content\/uploads\/2018\/03\/14524434_1106112876131411_958039263622046936_o.jpg?resize=350%2C200&ssl=1 1x, https:\/\/i0.wp.com\/www.grieta.org.mx\/wp-content\/uploads\/2018\/03\/14524434_1106112876131411_958039263622046936_o.jpg?resize=525%2C300&ssl=1 1.5x, https:\/\/i0.wp.com\/www.grieta.org.mx\/wp-content\/uploads\/2018\/03\/14524434_1106112876131411_958039263622046936_o.jpg?resize=700%2C400&ssl=1 2x"},"classes":[]},{"id":37617,"url":"https:\/\/www.grieta.org.mx\/index.php\/2019\/07\/23\/slp-el-estado-con-mayor-cantidad-de-jornaleros-pero-sin-seguro-social\/","url_meta":{"origin":43627,"position":3},"title":"SLP, el estado con mayor cantidad de jornaleros\u2026 pero sin seguro social","author":"grieta","date":"23 julio, 2019","format":false,"excerpt":"Redacci\u00f3n \/ La Orquesta Incluso la CNDH duda de Sedesol, pues entre 2015 y 2016 la cifra de jornaleros locales se redujo casi un 70 por ciento; tampoco no hay registro de sus centros de trabajo San Luis Potos\u00ed es uno de los once estados que tienen un porcentaje de\u2026","rel":"","context":"En &quot;CINTILLO&quot;","block_context":{"text":"CINTILLO","link":"https:\/\/www.grieta.org.mx\/index.php\/category\/cintillo\/"},"img":{"alt_text":"","src":"https:\/\/i0.wp.com\/www.grieta.org.mx\/wp-content\/uploads\/2019\/08\/jornaleros-1.jpg?resize=350%2C200&ssl=1","width":350,"height":200,"srcset":"https:\/\/i0.wp.com\/www.grieta.org.mx\/wp-content\/uploads\/2019\/08\/jornaleros-1.jpg?resize=350%2C200&ssl=1 1x, https:\/\/i0.wp.com\/www.grieta.org.mx\/wp-content\/uploads\/2019\/08\/jornaleros-1.jpg?resize=525%2C300&ssl=1 1.5x, https:\/\/i0.wp.com\/www.grieta.org.mx\/wp-content\/uploads\/2019\/08\/jornaleros-1.jpg?resize=700%2C400&ssl=1 2x, https:\/\/i0.wp.com\/www.grieta.org.mx\/wp-content\/uploads\/2019\/08\/jornaleros-1.jpg?resize=1050%2C600&ssl=1 3x"},"classes":[]},{"id":35431,"url":"https:\/\/www.grieta.org.mx\/index.php\/2019\/06\/12\/dia-mundial-contra-el-trabajo-infantil-en-michoacan-trabajan-100-mil\/","url_meta":{"origin":43627,"position":4},"title":"D\u00eda Mundial Contra el Trabajo Infantil: en Michoac\u00e1n trabajan 100 mil","author":"grieta","date":"12 junio, 2019","format":false,"excerpt":"Dalia Villegas Moreno\/Quadrat\u00edn, 12 de junio de 2019 MORELIA, Mich., 12 de junio de 2019.- De acuerdo con el Consejo Estatal de Poblaci\u00f3n (Coespo), en Michoac\u00e1n trabajan alrededor de 100 mil ni\u00f1os, principalmente en los campos agr\u00edcolas donde se desempe\u00f1an como jornaleros. En el Marco del D\u00eda Mundial Contra el\u2026","rel":"","context":"En &quot;CINTILLO&quot;","block_context":{"text":"CINTILLO","link":"https:\/\/www.grieta.org.mx\/index.php\/category\/cintillo\/"},"img":{"alt_text":"","src":"https:\/\/i0.wp.com\/www.grieta.org.mx\/wp-content\/uploads\/2019\/06\/trabajo-infantil-1160x700.jpg?resize=350%2C200&ssl=1","width":350,"height":200,"srcset":"https:\/\/i0.wp.com\/www.grieta.org.mx\/wp-content\/uploads\/2019\/06\/trabajo-infantil-1160x700.jpg?resize=350%2C200&ssl=1 1x, https:\/\/i0.wp.com\/www.grieta.org.mx\/wp-content\/uploads\/2019\/06\/trabajo-infantil-1160x700.jpg?resize=525%2C300&ssl=1 1.5x, https:\/\/i0.wp.com\/www.grieta.org.mx\/wp-content\/uploads\/2019\/06\/trabajo-infantil-1160x700.jpg?resize=700%2C400&ssl=1 2x, https:\/\/i0.wp.com\/www.grieta.org.mx\/wp-content\/uploads\/2019\/06\/trabajo-infantil-1160x700.jpg?resize=1050%2C600&ssl=1 3x"},"classes":[]},{"id":33852,"url":"https:\/\/www.grieta.org.mx\/index.php\/2019\/05\/23\/oaxaca-principal-exportador-de-ninos-jornaleros-agricolas-analfabetas-laboran-en-condiciones-de-alto-riesgo-de-salud-y-prohibidas\/","url_meta":{"origin":43627,"position":5},"title":"Oaxaca, principal exportador de ni\u00f1os Jornaleros agr\u00edcolas analfabetas, laboran en condiciones de alto riesgo de salud y prohibidas","author":"grieta","date":"23 mayo, 2019","format":false,"excerpt":"P\u00e1gina 3. Jaime Guerrero, Oaxaca se ubica en el tercer lugar nacional por n\u00famero de ni\u00f1as, ni\u00f1os y adolescentes jornaleros agr\u00edcolas, quienes enfrentan severos riesgos tanto a su salud f\u00edsica y emocional como a la exclusi\u00f3n y explotaci\u00f3n de toda \u00edndole, report\u00f3 el oficial de pol\u00edtica p\u00fablica nacional y especialista\u2026","rel":"","context":"En &quot;CINTILLO&quot;","block_context":{"text":"CINTILLO","link":"https:\/\/www.grieta.org.mx\/index.php\/category\/cintillo\/"},"img":{"alt_text":"","src":"https:\/\/i0.wp.com\/www.grieta.org.mx\/wp-content\/uploads\/2019\/05\/ninosjornaleros.jpg?resize=350%2C200&ssl=1","width":350,"height":200,"srcset":"https:\/\/i0.wp.com\/www.grieta.org.mx\/wp-content\/uploads\/2019\/05\/ninosjornaleros.jpg?resize=350%2C200&ssl=1 1x, https:\/\/i0.wp.com\/www.grieta.org.mx\/wp-content\/uploads\/2019\/05\/ninosjornaleros.jpg?resize=525%2C300&ssl=1 1.5x"},"classes":[]}],"_links":{"self":[{"href":"https:\/\/www.grieta.org.mx\/index.php\/wp-json\/wp\/v2\/posts\/43627","targetHints":{"allow":["GET"]}}],"collection":[{"href":"https:\/\/www.grieta.org.mx\/index.php\/wp-json\/wp\/v2\/posts"}],"about":[{"href":"https:\/\/www.grieta.org.mx\/index.php\/wp-json\/wp\/v2\/types\/post"}],"author":[{"embeddable":true,"href":"https:\/\/www.grieta.org.mx\/index.php\/wp-json\/wp\/v2\/users\/2"}],"replies":[{"embeddable":true,"href":"https:\/\/www.grieta.org.mx\/index.php\/wp-json\/wp\/v2\/comments?post=43627"}],"version-history":[{"count":1,"href":"https:\/\/www.grieta.org.mx\/index.php\/wp-json\/wp\/v2\/posts\/43627\/revisions"}],"predecessor-version":[{"id":43629,"href":"https:\/\/www.grieta.org.mx\/index.php\/wp-json\/wp\/v2\/posts\/43627\/revisions\/43629"}],"wp:featuredmedia":[{"embeddable":true,"href":"https:\/\/www.grieta.org.mx\/index.php\/wp-json\/wp\/v2\/media\/43628"}],"wp:attachment":[{"href":"https:\/\/www.grieta.org.mx\/index.php\/wp-json\/wp\/v2\/media?parent=43627"}],"wp:term":[{"taxonomy":"category","embeddable":true,"href":"https:\/\/www.grieta.org.mx\/index.php\/wp-json\/wp\/v2\/categories?post=43627"},{"taxonomy":"post_tag","embeddable":true,"href":"https:\/\/www.grieta.org.mx\/index.php\/wp-json\/wp\/v2\/tags?post=43627"}],"curies":[{"name":"wp","href":"https:\/\/api.w.org\/{rel}","templated":true}]}}