{"id":43562,"date":"2020-01-22T15:45:11","date_gmt":"2020-01-22T21:45:11","guid":{"rendered":"http:\/\/www.grieta.org.mx\/?p=43562"},"modified":"2020-01-26T15:49:11","modified_gmt":"2020-01-26T21:49:11","slug":"se-manifiesta-juzgado-segundo-de-nayarit-por-jornadas-laborales-inhumanas","status":"publish","type":"post","link":"https:\/\/www.grieta.org.mx\/index.php\/2020\/01\/22\/se-manifiesta-juzgado-segundo-de-nayarit-por-jornadas-laborales-inhumanas\/","title":{"rendered":"Se manifiesta Juzgado Segundo de Nayarit por jornadas laborales inhumanas"},"content":{"rendered":"<p><img loading=\"lazy\" decoding=\"async\" data-attachment-id=\"43563\" data-permalink=\"https:\/\/www.grieta.org.mx\/index.php\/2020\/01\/22\/se-manifiesta-juzgado-segundo-de-nayarit-por-jornadas-laborales-inhumanas\/temp_nota_01_69517_17_20200122190110_117whatsapp_image_2020-01-22_at_12-04-01_pm\/\" data-orig-file=\"https:\/\/www.grieta.org.mx\/wp-content\/uploads\/2020\/01\/temp_nota_01_69517_17_20200122190110_117whatsapp_image_2020-01-22_at_12.04.01_pm.jpeg\" data-orig-size=\"600,300\" data-comments-opened=\"0\" data-image-meta=\"{&quot;aperture&quot;:&quot;0&quot;,&quot;credit&quot;:&quot;&quot;,&quot;camera&quot;:&quot;&quot;,&quot;caption&quot;:&quot;&quot;,&quot;created_timestamp&quot;:&quot;0&quot;,&quot;copyright&quot;:&quot;&quot;,&quot;focal_length&quot;:&quot;0&quot;,&quot;iso&quot;:&quot;0&quot;,&quot;shutter_speed&quot;:&quot;0&quot;,&quot;title&quot;:&quot;&quot;,&quot;orientation&quot;:&quot;0&quot;}\" data-image-title=\"temp_nota_01_69517_17_20200122190110_117whatsapp_image_2020-01-22_at_12.04.01_pm\" data-image-description=\"\" data-image-caption=\"\" data-medium-file=\"https:\/\/www.grieta.org.mx\/wp-content\/uploads\/2020\/01\/temp_nota_01_69517_17_20200122190110_117whatsapp_image_2020-01-22_at_12.04.01_pm-300x150.jpeg\" data-large-file=\"https:\/\/www.grieta.org.mx\/wp-content\/uploads\/2020\/01\/temp_nota_01_69517_17_20200122190110_117whatsapp_image_2020-01-22_at_12.04.01_pm.jpeg\" class=\"aligncenter wp-image-43563\" src=\"http:\/\/www.grieta.org.mx\/wp-content\/uploads\/2020\/01\/temp_nota_01_69517_17_20200122190110_117whatsapp_image_2020-01-22_at_12.04.01_pm.jpeg\" alt=\"\" width=\"802\" height=\"401\" srcset=\"https:\/\/www.grieta.org.mx\/wp-content\/uploads\/2020\/01\/temp_nota_01_69517_17_20200122190110_117whatsapp_image_2020-01-22_at_12.04.01_pm.jpeg 600w, https:\/\/www.grieta.org.mx\/wp-content\/uploads\/2020\/01\/temp_nota_01_69517_17_20200122190110_117whatsapp_image_2020-01-22_at_12.04.01_pm-300x150.jpeg 300w\" sizes=\"auto, (max-width: 802px) 100vw, 802px\" \/><\/p>\n<p>Redacci\u00f3n \/ El Sol de Nayarit<\/p>\n<p>Esta ma\u00f1ana, trabajadores del Juzgado Segundo de Distrito en Materia de Amparo Civil Administrativo de Trabajo y de Juicios Federales en el Estado de Nayarit se manifestaron en contra del Consejo de la Judicatura Federal por las condiciones laborales inhumanas y las excesivas cargas de trabajo.<\/p>\n<p>En entrevista, Oficial Administrativo adscrito al Juzgado Segundo Distrito, Rosalio L\u00f3pez Gonz\u00e1lez, declara que todo el personal tanto el Primero Distrito, como las 45 personas del Segundo Distrito presentes en la manifestaci\u00f3n, han reclamado las excesivas cargas de trabajo por m\u00e1s de cinco a\u00f1os, por lo que ahora exigen que se les escuche.<\/p>\n<p>Se\u00f1al\u00f3 que los trabajadores cumplen con una jornada laboral de nueve horas, sin embargo en algunas ocasiones han tenido que laborar hasta altas horas de la noche, o incluso asistir s\u00e1bados y domingos, sin que se les pague horas extras. Adem\u00e1s, tambi\u00e9n piden que se creen otros juzgados para que se aligere la excesiva carga laboral.<\/p>\n<p>&#8220;Estamos aqu\u00ed ocasionalmente desde las 7 hasta a las 3 de la tarde cuando salimos a comer, regresamos a las 5 de forma obligada para cumplir con las famosas 8 horas laborales, y continuamos, pero el horario de salida no lo sabemos; puede ser de las 9 de la noche, hasta a las 3 de la ma\u00f1ana, de acuerdo a las necesidades del servicio que requiere estar en este juzgado&#8221;, explic\u00f3.<\/p>\n<p>Algunos trabajadores han tenido que acudir al hospital por estr\u00e9s laboral, gastritis, colitis nerviosa, problemas emocionales, etc.<\/p>\n<p>&#8220;Esta es una manifestaci\u00f3n pac\u00edfica, lo que queremos es ser escuchados por el Consejo y que tomen cartas en este asunto, y que nos d\u00e9 una respuesta, \u00bfcu\u00e1l? la que sea pero que nos la de aqu\u00ed, que nos diga, no se puede, s\u00ed se puede, y por qu\u00e9&#8221;, se\u00f1al\u00f3.<\/p>\n<p><a href=\"http:\/\/www.elsoldenayarit.mx\/politica\/69517-se-manifiesta-juzgado-segundo-de-nayarit-por-jornadas-laborales-inhumanas\">http:\/\/www.elsoldenayarit.mx\/politica\/69517-se-manifiesta-juzgado-segundo-de-nayarit-por-jornadas-laborales-inhumanas<\/a><\/p>\n","protected":false},"excerpt":{"rendered":"<p>Redacci\u00f3n \/ El Sol de Nayarit Esta ma\u00f1ana, trabajadores del Juzgado Segundo de Distrito en Materia de Amparo Civil Administrativo de Trabajo y de Juicios Federales en el Estado de &hellip; <a href=\"https:\/\/www.grieta.org.mx\/index.php\/2020\/01\/22\/se-manifiesta-juzgado-segundo-de-nayarit-por-jornadas-laborales-inhumanas\/\" class=\"more-link\">Leer m\u00e1s<\/a><\/p>\n","protected":false},"author":2,"featured_media":43563,"comment_status":"closed","ping_status":"closed","sticky":false,"template":"","format":"standard","meta":{"ngg_post_thumbnail":0,"_jetpack_newsletter_access":"","_jetpack_dont_email_post_to_subs":false,"_jetpack_newsletter_tier_id":0,"_jetpack_memberships_contains_paywalled_content":false,"_jetpack_memberships_contains_paid_content":false,"footnotes":""},"categories":[80,1122,23,2],"tags":[2463,105],"class_list":["post-43562","post","type-post","status-publish","format-standard","has-post-thumbnail","hentry","category-cintillo","category-conflictos-laborales-en-nayarit","category-nayarit","category-noticias-nacionales","tag-demandas-laborales","tag-derechos-laborales","entry"],"jetpack_featured_media_url":"https:\/\/www.grieta.org.mx\/wp-content\/uploads\/2020\/01\/temp_nota_01_69517_17_20200122190110_117whatsapp_image_2020-01-22_at_12.04.01_pm.jpeg","jetpack_sharing_enabled":true,"jetpack_shortlink":"https:\/\/wp.me\/p7ZJR4-bkC","jetpack_likes_enabled":false,"jetpack-related-posts":[{"id":37730,"url":"https:\/\/www.grieta.org.mx\/index.php\/2019\/08\/06\/paro-estatal-del-sutsem-se-siente-en-bahia-de-banderas-nayarit\/","url_meta":{"origin":43562,"position":0},"title":"Paro estatal del SUTSEM se siente en Bah\u00eda de Banderas (Nayarit)","author":"grieta","date":"6 agosto, 2019","format":false,"excerpt":"Foto: Tribuna de la Bah\u00eda Israel Torres \/ Tribuna de la Bah\u00eda Bah\u00eda de Banderas, Nay.- Este lunes desde las ocho de la ma\u00f1ana, m\u00e1s 100 trabajadores del d\u00e9cimo ayuntamiento de Bah\u00eda de Banderas, afiliados al SUTSEM (Sindicato \u00danico de Trabajadores al Servicio del Estado y Municipios) se manifestaron a\u2026","rel":"","context":"En &quot;CINTILLO&quot;","block_context":{"text":"CINTILLO","link":"https:\/\/www.grieta.org.mx\/index.php\/category\/cintillo\/"},"img":{"alt_text":"","src":"https:\/\/i0.wp.com\/www.grieta.org.mx\/wp-content\/uploads\/2019\/08\/12y13Bah%C3%ADa-2-2-700x500.jpg?resize=350%2C200&ssl=1","width":350,"height":200,"srcset":"https:\/\/i0.wp.com\/www.grieta.org.mx\/wp-content\/uploads\/2019\/08\/12y13Bah%C3%ADa-2-2-700x500.jpg?resize=350%2C200&ssl=1 1x, https:\/\/i0.wp.com\/www.grieta.org.mx\/wp-content\/uploads\/2019\/08\/12y13Bah%C3%ADa-2-2-700x500.jpg?resize=525%2C300&ssl=1 1.5x, https:\/\/i0.wp.com\/www.grieta.org.mx\/wp-content\/uploads\/2019\/08\/12y13Bah%C3%ADa-2-2-700x500.jpg?resize=700%2C400&ssl=1 2x"},"classes":[]},{"id":56832,"url":"https:\/\/www.grieta.org.mx\/index.php\/2021\/02\/06\/gobierno-de-nayarit-no-paga-a-trabajadores-de-las-uts\/","url_meta":{"origin":43562,"position":1},"title":"Gobierno de Nayarit no paga a trabajadores de las UT\u2019s","author":"grieta","date":"6 febrero, 2021","format":false,"excerpt":"Foto: Realidades de Nayarit En plena contingencia los dej\u00f3 sin servicios m\u00e9dicos y sin el pago de prestaciones econ\u00f3micas Ver\u00f3nica Ram\u00edrez \/ Realidades de Nayarit Tepic, Nayarit.- Viernes 06 de febrero del 2021. Autoridades educativas sin coraz\u00f3n en plena contingencia del Covid-19 incumplen con el pago de prestaciones a personal\u2026","rel":"","context":"En &quot;CINTILLO&quot;","block_context":{"text":"CINTILLO","link":"https:\/\/www.grieta.org.mx\/index.php\/category\/cintillo\/"},"img":{"alt_text":"","src":"https:\/\/i0.wp.com\/www.grieta.org.mx\/wp-content\/uploads\/2021\/02\/Carmen-Soledad-Ibarra-Castillon-UTN.jpg?resize=350%2C200&ssl=1","width":350,"height":200,"srcset":"https:\/\/i0.wp.com\/www.grieta.org.mx\/wp-content\/uploads\/2021\/02\/Carmen-Soledad-Ibarra-Castillon-UTN.jpg?resize=350%2C200&ssl=1 1x, https:\/\/i0.wp.com\/www.grieta.org.mx\/wp-content\/uploads\/2021\/02\/Carmen-Soledad-Ibarra-Castillon-UTN.jpg?resize=525%2C300&ssl=1 1.5x, https:\/\/i0.wp.com\/www.grieta.org.mx\/wp-content\/uploads\/2021\/02\/Carmen-Soledad-Ibarra-Castillon-UTN.jpg?resize=700%2C400&ssl=1 2x"},"classes":[]},{"id":55912,"url":"https:\/\/www.grieta.org.mx\/index.php\/2020\/12\/18\/paro-en-la-uan-maestros-sin-pago-nayarit\/","url_meta":{"origin":43562,"position":2},"title":"Paro en la UAN: maestros sin pago (Nayarit)","author":"grieta","date":"18 diciembre, 2020","format":false,"excerpt":"Foto: Realidades de Nayarit Trabajadores acusan al Rector, Ignacio Pe\u00f1a Gonz\u00e1lez, de negligente, por no exigir al gobernador, Antonio Echevarr\u00eda Garc\u00eda, el pago de los 250 millones que adeuda a la Universidad, por lo que ni siquiera recibieron la quincena completa, mucho menos las prestaciones de fin de a\u00f1o Mildra\u2026","rel":"","context":"En &quot;CINTILLO&quot;","block_context":{"text":"CINTILLO","link":"https:\/\/www.grieta.org.mx\/index.php\/category\/cintillo\/"},"img":{"alt_text":"","src":"https:\/\/i0.wp.com\/www.grieta.org.mx\/wp-content\/uploads\/2018\/03\/14524434_1106112876131411_958039263622046936_o.jpg?resize=350%2C200&ssl=1","width":350,"height":200,"srcset":"https:\/\/i0.wp.com\/www.grieta.org.mx\/wp-content\/uploads\/2018\/03\/14524434_1106112876131411_958039263622046936_o.jpg?resize=350%2C200&ssl=1 1x, https:\/\/i0.wp.com\/www.grieta.org.mx\/wp-content\/uploads\/2018\/03\/14524434_1106112876131411_958039263622046936_o.jpg?resize=525%2C300&ssl=1 1.5x, https:\/\/i0.wp.com\/www.grieta.org.mx\/wp-content\/uploads\/2018\/03\/14524434_1106112876131411_958039263622046936_o.jpg?resize=700%2C400&ssl=1 2x"},"classes":[]},{"id":39075,"url":"https:\/\/www.grieta.org.mx\/index.php\/2019\/09\/09\/trabajadores-se-manifiestan-en-la-presidencia-municipal-de-tepic-nayarit\/","url_meta":{"origin":43562,"position":3},"title":"Trabajadores se manifiestan en la Presidencia Municipal de Tepic (Nayarit)","author":"grieta","date":"9 septiembre, 2019","format":false,"excerpt":"Foto: xl.Tepic.gob.mx \u00c1gueda Galicia Jim\u00e9nez aclar\u00f3 que Tepic no es el \u00fanico municipio que se pasa \u201cpor el arco del triunfo\u201d los convenios laborales, pues en la misma sinton\u00eda, est\u00e1n la mayor\u00eda de los Ayuntamientos Crys Ben\u00edtez \/ El Occidental TEPIC, Nayarit (OEM-INFORMEX).- Este lunes por la ma\u00f1ana trabajadores del\u2026","rel":"","context":"En &quot;CINTILLO&quot;","block_context":{"text":"CINTILLO","link":"https:\/\/www.grieta.org.mx\/index.php\/category\/cintillo\/"},"img":{"alt_text":"","src":"https:\/\/i0.wp.com\/www.grieta.org.mx\/wp-content\/uploads\/2019\/09\/timthumb.jpg?resize=350%2C200&ssl=1","width":350,"height":200,"srcset":"https:\/\/i0.wp.com\/www.grieta.org.mx\/wp-content\/uploads\/2019\/09\/timthumb.jpg?resize=350%2C200&ssl=1 1x, https:\/\/i0.wp.com\/www.grieta.org.mx\/wp-content\/uploads\/2019\/09\/timthumb.jpg?resize=525%2C300&ssl=1 1.5x, https:\/\/i0.wp.com\/www.grieta.org.mx\/wp-content\/uploads\/2019\/09\/timthumb.jpg?resize=700%2C400&ssl=1 2x"},"classes":[]},{"id":804,"url":"https:\/\/www.grieta.org.mx\/index.php\/2015\/12\/09\/conflictos-laborales-en-nayarit\/","url_meta":{"origin":43562,"position":4},"title":"Conflictos laborales en Nayarit","author":"grieta","date":"9 diciembre, 2015","format":false,"excerpt":"09\/12\/15. Reprime Secretar\u00eda de Salud a m\u00e9dicos suplentes del Hospital General de Tepic EL Sol de Nayarit 30\/11\/15. Personal m\u00e9dico suplente realiza manifestaci\u00f3n y plant\u00f3n frente al palacio de gobierno de Nayarit EL Sol de Nayarit","rel":"","context":"En &quot;Nayarit&quot;","block_context":{"text":"Nayarit","link":"https:\/\/www.grieta.org.mx\/index.php\/category\/noticias-nacionales\/nayarit\/"},"img":{"alt_text":"","src":"https:\/\/i0.wp.com\/www.grieta.org.mx\/wp-content\/uploads\/2018\/03\/14524434_1106112876131411_958039263622046936_o.jpg?resize=350%2C200&ssl=1","width":350,"height":200,"srcset":"https:\/\/i0.wp.com\/www.grieta.org.mx\/wp-content\/uploads\/2018\/03\/14524434_1106112876131411_958039263622046936_o.jpg?resize=350%2C200&ssl=1 1x, https:\/\/i0.wp.com\/www.grieta.org.mx\/wp-content\/uploads\/2018\/03\/14524434_1106112876131411_958039263622046936_o.jpg?resize=525%2C300&ssl=1 1.5x, https:\/\/i0.wp.com\/www.grieta.org.mx\/wp-content\/uploads\/2018\/03\/14524434_1106112876131411_958039263622046936_o.jpg?resize=700%2C400&ssl=1 2x"},"classes":[]},{"id":56341,"url":"https:\/\/www.grieta.org.mx\/index.php\/2021\/01\/15\/en-santiago-ixcuintla-trabajadores-del-reten-fitosanitario-sin-recibir-varias-quincenas-nayarit\/","url_meta":{"origin":43562,"position":5},"title":"En Santiago Ixcuintla; trabajadores del ret\u00e9n fitosanitario sin recibir varias quincenas (Nayarit)","author":"grieta","date":"15 enero, 2021","format":false,"excerpt":"Foto: Realidades de Nayarit Misael Santana Huerta \/ Realidades de Nayarit Estaci\u00f3n Hago del municipio de Santiago Ixcuintla, Nayarit. A 15 de Enero de 2021. Los habitantes del municipio de la otrora costa de oro, siguen molestos con el gobierno del estado y con los mandos de Segader, debido a\u2026","rel":"","context":"En &quot;CINTILLO&quot;","block_context":{"text":"CINTILLO","link":"https:\/\/www.grieta.org.mx\/index.php\/category\/cintillo\/"},"img":{"alt_text":"","src":"https:\/\/i0.wp.com\/www.grieta.org.mx\/wp-content\/uploads\/2021\/01\/cropped-RETEN-01-1.jpg?resize=350%2C200&ssl=1","width":350,"height":200,"srcset":"https:\/\/i0.wp.com\/www.grieta.org.mx\/wp-content\/uploads\/2021\/01\/cropped-RETEN-01-1.jpg?resize=350%2C200&ssl=1 1x, https:\/\/i0.wp.com\/www.grieta.org.mx\/wp-content\/uploads\/2021\/01\/cropped-RETEN-01-1.jpg?resize=525%2C300&ssl=1 1.5x, https:\/\/i0.wp.com\/www.grieta.org.mx\/wp-content\/uploads\/2021\/01\/cropped-RETEN-01-1.jpg?resize=700%2C400&ssl=1 2x"},"classes":[]}],"_links":{"self":[{"href":"https:\/\/www.grieta.org.mx\/index.php\/wp-json\/wp\/v2\/posts\/43562","targetHints":{"allow":["GET"]}}],"collection":[{"href":"https:\/\/www.grieta.org.mx\/index.php\/wp-json\/wp\/v2\/posts"}],"about":[{"href":"https:\/\/www.grieta.org.mx\/index.php\/wp-json\/wp\/v2\/types\/post"}],"author":[{"embeddable":true,"href":"https:\/\/www.grieta.org.mx\/index.php\/wp-json\/wp\/v2\/users\/2"}],"replies":[{"embeddable":true,"href":"https:\/\/www.grieta.org.mx\/index.php\/wp-json\/wp\/v2\/comments?post=43562"}],"version-history":[{"count":1,"href":"https:\/\/www.grieta.org.mx\/index.php\/wp-json\/wp\/v2\/posts\/43562\/revisions"}],"predecessor-version":[{"id":43564,"href":"https:\/\/www.grieta.org.mx\/index.php\/wp-json\/wp\/v2\/posts\/43562\/revisions\/43564"}],"wp:featuredmedia":[{"embeddable":true,"href":"https:\/\/www.grieta.org.mx\/index.php\/wp-json\/wp\/v2\/media\/43563"}],"wp:attachment":[{"href":"https:\/\/www.grieta.org.mx\/index.php\/wp-json\/wp\/v2\/media?parent=43562"}],"wp:term":[{"taxonomy":"category","embeddable":true,"href":"https:\/\/www.grieta.org.mx\/index.php\/wp-json\/wp\/v2\/categories?post=43562"},{"taxonomy":"post_tag","embeddable":true,"href":"https:\/\/www.grieta.org.mx\/index.php\/wp-json\/wp\/v2\/tags?post=43562"}],"curies":[{"name":"wp","href":"https:\/\/api.w.org\/{rel}","templated":true}]}}