{"id":43556,"date":"2020-01-22T15:28:20","date_gmt":"2020-01-22T21:28:20","guid":{"rendered":"http:\/\/www.grieta.org.mx\/?p=43556"},"modified":"2020-01-26T15:36:18","modified_gmt":"2020-01-26T21:36:18","slug":"recortan-dinero-de-seguridad-a-tres-municipios-del-estado-colima","status":"publish","type":"post","link":"https:\/\/www.grieta.org.mx\/index.php\/2020\/01\/22\/recortan-dinero-de-seguridad-a-tres-municipios-del-estado-colima\/","title":{"rendered":"Recortan dinero de seguridad a tres municipios del estado (Colima)"},"content":{"rendered":"<p><img loading=\"lazy\" decoding=\"async\" data-attachment-id=\"43557\" data-permalink=\"https:\/\/www.grieta.org.mx\/index.php\/2020\/01\/22\/recortan-dinero-de-seguridad-a-tres-municipios-del-estado-colima\/crimen-3\/\" data-orig-file=\"https:\/\/www.grieta.org.mx\/wp-content\/uploads\/2020\/01\/CRIMEN.jpg\" data-orig-size=\"721,399\" data-comments-opened=\"0\" data-image-meta=\"{&quot;aperture&quot;:&quot;0&quot;,&quot;credit&quot;:&quot;&quot;,&quot;camera&quot;:&quot;&quot;,&quot;caption&quot;:&quot;&quot;,&quot;created_timestamp&quot;:&quot;0&quot;,&quot;copyright&quot;:&quot;&quot;,&quot;focal_length&quot;:&quot;0&quot;,&quot;iso&quot;:&quot;0&quot;,&quot;shutter_speed&quot;:&quot;0&quot;,&quot;title&quot;:&quot;&quot;,&quot;orientation&quot;:&quot;0&quot;}\" data-image-title=\"CRIMEN\" data-image-description=\"\" data-image-caption=\"\" data-medium-file=\"https:\/\/www.grieta.org.mx\/wp-content\/uploads\/2020\/01\/CRIMEN-300x166.jpg\" data-large-file=\"https:\/\/www.grieta.org.mx\/wp-content\/uploads\/2020\/01\/CRIMEN.jpg\" class=\"aligncenter wp-image-43557\" src=\"http:\/\/www.grieta.org.mx\/wp-content\/uploads\/2020\/01\/CRIMEN.jpg\" alt=\"\" width=\"801\" height=\"443\" srcset=\"https:\/\/www.grieta.org.mx\/wp-content\/uploads\/2020\/01\/CRIMEN.jpg 721w, https:\/\/www.grieta.org.mx\/wp-content\/uploads\/2020\/01\/CRIMEN-300x166.jpg 300w\" sizes=\"auto, (max-width: 801px) 100vw, 801px\" \/><\/p>\n<p><em>Manzanillo, Tecom\u00e1n y Colima tendr\u00e1n menos dinero del Fortaseg, a pesar de sus niveles de inseguridad; se apoya tambi\u00e9n a Villa de \u00c1lvarez<\/em><\/p>\n<p>Foto: Ilustrativa<\/p>\n<p>Mario Alberto Solis Espinoza \/ El Diario de Colima<\/p>\n<p>A pesar de sus niveles de inseguridad, los municipios de Colima, Manzanillo y Tecom\u00e1n recibir\u00e1n menos recursos del subsidio destinado al Fortalecimiento de la Seguridad P\u00fablica (Fortaseg) este a\u00f1o.<\/p>\n<p>Un documento elaborado por el Secretariado Ejecutivo del Sistema Nacional de Seguridad P\u00fablica, en el que da a conocer las f\u00f3rmulas de asignaci\u00f3n del Fortaseg, adelanta que este a\u00f1o, los municipios recibir\u00e1n casi 6 millones de pesos menos que en 2019.<\/p>\n<p>Los m\u00e1s afectados son los municipios de Tecom\u00e1n y Manzanillo, precisamente los m\u00e1s violentos de la entidad, pues dejar\u00e1n de recibir poco m\u00e1s de 3 millones de pesos cada uno.<\/p>\n<p><a href=\"https:\/\/diariodecolima.com\/noticias\/detalle\/2020-01-22-recortan-dinero-de-seguridad-a-tres-municipios-del-estado\">https:\/\/diariodecolima.com\/noticias\/detalle\/2020-01-22-recortan-dinero-de-seguridad-a-tres-municipios-del-estado<\/a><\/p>\n","protected":false},"excerpt":{"rendered":"<p>Manzanillo, Tecom\u00e1n y Colima tendr\u00e1n menos dinero del Fortaseg, a pesar de sus niveles de inseguridad; se apoya tambi\u00e9n a Villa de \u00c1lvarez Foto: Ilustrativa Mario Alberto Solis Espinoza \/ &hellip; <a href=\"https:\/\/www.grieta.org.mx\/index.php\/2020\/01\/22\/recortan-dinero-de-seguridad-a-tres-municipios-del-estado-colima\/\" class=\"more-link\">Leer m\u00e1s<\/a><\/p>\n","protected":false},"author":2,"featured_media":43557,"comment_status":"closed","ping_status":"closed","sticky":false,"template":"","format":"standard","meta":{"ngg_post_thumbnail":0,"_jetpack_newsletter_access":"","_jetpack_dont_email_post_to_subs":false,"_jetpack_newsletter_tier_id":0,"_jetpack_memberships_contains_paywalled_content":false,"_jetpack_memberships_contains_paid_content":false,"footnotes":""},"categories":[80,13,1126,2],"tags":[2639,1133],"class_list":["post-43556","post","type-post","status-publish","format-standard","has-post-thumbnail","hentry","category-cintillo","category-colima","category-incremento-en-la-violencia-en-colima","category-noticias-nacionales","tag-falta-de-presupuesto","tag-incremento-en-la-violencia","entry"],"jetpack_featured_media_url":"https:\/\/www.grieta.org.mx\/wp-content\/uploads\/2020\/01\/CRIMEN.jpg","jetpack_sharing_enabled":true,"jetpack_shortlink":"https:\/\/wp.me\/p7ZJR4-bkw","jetpack_likes_enabled":false,"jetpack-related-posts":[{"id":66753,"url":"https:\/\/www.grieta.org.mx\/index.php\/2023\/04\/09\/colima-es-la-ciudad-mas-violenta-del-mundo-y-el-municipio-con-mas-personas-desaparecidas\/","url_meta":{"origin":43556,"position":0},"title":"Colima es la ciudad m\u00e1s violenta del mundo y el municipio con m\u00e1s personas desaparecidas","author":"grieta","date":"9 abril, 2023","format":false,"excerpt":"Imagen: Ilustrativa tomada de la red, (archivo, Daniela Rea) Heidi de Le\u00f3n Guti\u00e9rrez \/ Diario Avanzada Colima, M\u00e9xico, Avanzada (09\/04\/2023).- Colima es la ciudad m\u00e1s violenta del mundo y donde m\u00e1s personas desaparecieron, por lo menos durante los tres primeros meses de este a\u00f1o. El recuento de la Fiscal\u00eda General\u2026","rel":"","context":"En &quot;CINTILLO&quot;","block_context":{"text":"CINTILLO","link":"https:\/\/www.grieta.org.mx\/index.php\/category\/cintillo\/"},"img":{"alt_text":"","src":"https:\/\/i0.wp.com\/www.grieta.org.mx\/wp-content\/uploads\/2023\/04\/Huellasdelamemoria_expo_danielarea00-1.jpg?resize=350%2C200&ssl=1","width":350,"height":200,"srcset":"https:\/\/i0.wp.com\/www.grieta.org.mx\/wp-content\/uploads\/2023\/04\/Huellasdelamemoria_expo_danielarea00-1.jpg?resize=350%2C200&ssl=1 1x, https:\/\/i0.wp.com\/www.grieta.org.mx\/wp-content\/uploads\/2023\/04\/Huellasdelamemoria_expo_danielarea00-1.jpg?resize=525%2C300&ssl=1 1.5x, https:\/\/i0.wp.com\/www.grieta.org.mx\/wp-content\/uploads\/2023\/04\/Huellasdelamemoria_expo_danielarea00-1.jpg?resize=700%2C400&ssl=1 2x, https:\/\/i0.wp.com\/www.grieta.org.mx\/wp-content\/uploads\/2023\/04\/Huellasdelamemoria_expo_danielarea00-1.jpg?resize=1050%2C600&ssl=1 3x"},"classes":[]},{"id":55722,"url":"https:\/\/www.grieta.org.mx\/index.php\/2020\/12\/11\/pese-a-discurso-oficial-homicidios-aumentaron-35-en-colima\/","url_meta":{"origin":43556,"position":1},"title":"Pese a discurso oficial homicidios aumentaron 35% en Colima","author":"grieta","date":"11 diciembre, 2020","format":false,"excerpt":"Imagen: Diario Avanzada Heidi de Le\u00f3n Guti\u00e9rrez \/ Diario Avanzada Colima, M\u00e9xico, Avanzada (11\/12\/2020).- Por una parte, el discurso desde el Gobierno del estado expone que se trabaja por la seguridad de los colimenses, por otra, las cifras muestran que la violencia homicida va en aumento en el territorio estatal.\u2026","rel":"","context":"En &quot;CINTILLO&quot;","block_context":{"text":"CINTILLO","link":"https:\/\/www.grieta.org.mx\/index.php\/category\/cintillo\/"},"img":{"alt_text":"","src":"https:\/\/i0.wp.com\/www.grieta.org.mx\/wp-content\/uploads\/2020\/12\/Homicidios-julio-faltan.png?resize=350%2C200&ssl=1","width":350,"height":200,"srcset":"https:\/\/i0.wp.com\/www.grieta.org.mx\/wp-content\/uploads\/2020\/12\/Homicidios-julio-faltan.png?resize=350%2C200&ssl=1 1x, https:\/\/i0.wp.com\/www.grieta.org.mx\/wp-content\/uploads\/2020\/12\/Homicidios-julio-faltan.png?resize=525%2C300&ssl=1 1.5x"},"classes":[]},{"id":35285,"url":"https:\/\/www.grieta.org.mx\/index.php\/2019\/06\/18\/colima-ha-hallado-90-fosas-clandestinas-en-lo-que-va-del-ano\/","url_meta":{"origin":43556,"position":2},"title":"Colima ha hallado 90 fosas clandestinas en lo que va del a\u00f1o","author":"grieta","date":"18 junio, 2019","format":false,"excerpt":"Se contabilizan 593 personas no localizadas en el estado, n\u00famero que podr\u00eda aumentar debido a que, en muchos de los casos, los familiares decidieron no interponer una denuncia por desaparici\u00f3n ante la Fiscal\u00eda del Estado Noticieros Televisa| COLIMA, M\u00e9xico | 18 de junio de 2019 En lo que va del\u2026","rel":"","context":"En &quot;CINTILLO&quot;","block_context":{"text":"CINTILLO","link":"https:\/\/www.grieta.org.mx\/index.php\/category\/cintillo\/"},"img":{"alt_text":"","src":"https:\/\/i0.wp.com\/www.grieta.org.mx\/wp-content\/uploads\/2019\/06\/colima-ha-hallado-90-fosas-clandestinas-en-lo-que-va-del-anofiscalia-colima.jpg?resize=350%2C200&ssl=1","width":350,"height":200,"srcset":"https:\/\/i0.wp.com\/www.grieta.org.mx\/wp-content\/uploads\/2019\/06\/colima-ha-hallado-90-fosas-clandestinas-en-lo-que-va-del-anofiscalia-colima.jpg?resize=350%2C200&ssl=1 1x, https:\/\/i0.wp.com\/www.grieta.org.mx\/wp-content\/uploads\/2019\/06\/colima-ha-hallado-90-fosas-clandestinas-en-lo-que-va-del-anofiscalia-colima.jpg?resize=525%2C300&ssl=1 1.5x, https:\/\/i0.wp.com\/www.grieta.org.mx\/wp-content\/uploads\/2019\/06\/colima-ha-hallado-90-fosas-clandestinas-en-lo-que-va-del-anofiscalia-colima.jpg?resize=700%2C400&ssl=1 2x"},"classes":[]},{"id":53905,"url":"https:\/\/www.grieta.org.mx\/index.php\/2020\/09\/30\/concluiran-este-ano-edificio-de-la-guardia-nacional-en-tecoman-colima\/","url_meta":{"origin":43556,"position":3},"title":"Concluir\u00e1n este a\u00f1o edificio de la Guardia Nacional en Tecom\u00e1n (Colima)","author":"grieta","date":"30 septiembre, 2020","format":false,"excerpt":"Foto: El Comentario Yensuni L\u00f3pez Andrade \/ El Comentario El contralmirante\u00a0Domingo Bahena Salgado, coordinador estatal de la\u00a0Guardia Nacional, confirm\u00f3 que ser\u00e1n\u00a0130 elementos\u00a0mixtos los que albergue el\u00a0nuevo edificio\u00a0de esa corporaci\u00f3n con sede en el municipio de\u00a0Tecom\u00e1n\u00a0y que se estima est\u00e9 concluido antes del\u00a031 de diciembre\u00a0de este a\u00f1o. Se\u00f1al\u00f3 que la obra\u2026","rel":"","context":"En &quot;CINTILLO&quot;","block_context":{"text":"CINTILLO","link":"https:\/\/www.grieta.org.mx\/index.php\/category\/cintillo\/"},"img":{"alt_text":"","src":"https:\/\/i0.wp.com\/www.grieta.org.mx\/wp-content\/uploads\/2018\/03\/14524434_1106112876131411_958039263622046936_o.jpg?resize=350%2C200&ssl=1","width":350,"height":200,"srcset":"https:\/\/i0.wp.com\/www.grieta.org.mx\/wp-content\/uploads\/2018\/03\/14524434_1106112876131411_958039263622046936_o.jpg?resize=350%2C200&ssl=1 1x, https:\/\/i0.wp.com\/www.grieta.org.mx\/wp-content\/uploads\/2018\/03\/14524434_1106112876131411_958039263622046936_o.jpg?resize=525%2C300&ssl=1 1.5x, https:\/\/i0.wp.com\/www.grieta.org.mx\/wp-content\/uploads\/2018\/03\/14524434_1106112876131411_958039263622046936_o.jpg?resize=700%2C400&ssl=1 2x"},"classes":[]},{"id":65142,"url":"https:\/\/www.grieta.org.mx\/index.php\/2022\/09\/05\/tecoman-el-municipio-con-mas-fosas-clandestinas-en-el-pais-colima\/","url_meta":{"origin":43556,"position":4},"title":"Tecom\u00e1n, el municipio con m\u00e1s fosas clandestinas en el pa\u00eds (Colima)","author":"grieta","date":"5 septiembre, 2022","format":false,"excerpt":"Imagen: Diario Avanzada Redacci\u00f3n \/ Diario Avanzada Colima, M\u00e9xico, Avanzada (05\/09\/2022).- Este fin de semana, la Fiscal\u00eda General del Estado reconoci\u00f3 la localizaci\u00f3n de seis cuerpos sin vida y restos humanos en fosas clandestinas en la comunidad de Caleras,\u00a0en el municipio de Tecom\u00e1n. Unos meses antes,\u00a0en Tecolapa, en el mismo\u2026","rel":"","context":"En &quot;CINTILLO&quot;","block_context":{"text":"CINTILLO","link":"https:\/\/www.grieta.org.mx\/index.php\/category\/cintillo\/"},"img":{"alt_text":"","src":"https:\/\/i0.wp.com\/www.grieta.org.mx\/wp-content\/uploads\/2022\/09\/Fosas-Clandestinas.jpg?resize=350%2C200&ssl=1","width":350,"height":200,"srcset":"https:\/\/i0.wp.com\/www.grieta.org.mx\/wp-content\/uploads\/2022\/09\/Fosas-Clandestinas.jpg?resize=350%2C200&ssl=1 1x, https:\/\/i0.wp.com\/www.grieta.org.mx\/wp-content\/uploads\/2022\/09\/Fosas-Clandestinas.jpg?resize=525%2C300&ssl=1 1.5x, https:\/\/i0.wp.com\/www.grieta.org.mx\/wp-content\/uploads\/2022\/09\/Fosas-Clandestinas.jpg?resize=700%2C400&ssl=1 2x"},"classes":[]},{"id":41039,"url":"https:\/\/www.grieta.org.mx\/index.php\/2019\/11\/08\/hay-13-ninos-de-menores-de-12-anos-desaparecidos-en-colima\/","url_meta":{"origin":43556,"position":5},"title":"Hay 13 ni\u00f1os de menores de 12 a\u00f1os desaparecidos en Colima","author":"grieta","date":"8 noviembre, 2019","format":false,"excerpt":"Foto: Avanzada Heidi de L\u00e9on Guti\u00e9rrez \/ Avanzada Colima, M\u00e9xico, Avanzada (08\/11\/2019).- Tras la informaci\u00f3n de la CNDH donde se\u00f1ala que Colima tiene la tasa m\u00e1s alta de menores desaparecidos en el pa\u00eds,\u00a0el Registro Nacional de Datos de Personas Extraviadas o Desaparecidas (RNPED) reporta que en Colima existen 13 ni\u00f1os\u2026","rel":"","context":"En &quot;CINTILLO&quot;","block_context":{"text":"CINTILLO","link":"https:\/\/www.grieta.org.mx\/index.php\/category\/cintillo\/"},"img":{"alt_text":"","src":"https:\/\/i0.wp.com\/www.grieta.org.mx\/wp-content\/uploads\/2019\/10\/25594252_724029911140260_1773902415716327852_n.jpg?resize=350%2C200&ssl=1","width":350,"height":200,"srcset":"https:\/\/i0.wp.com\/www.grieta.org.mx\/wp-content\/uploads\/2019\/10\/25594252_724029911140260_1773902415716327852_n.jpg?resize=350%2C200&ssl=1 1x, https:\/\/i0.wp.com\/www.grieta.org.mx\/wp-content\/uploads\/2019\/10\/25594252_724029911140260_1773902415716327852_n.jpg?resize=525%2C300&ssl=1 1.5x"},"classes":[]}],"_links":{"self":[{"href":"https:\/\/www.grieta.org.mx\/index.php\/wp-json\/wp\/v2\/posts\/43556","targetHints":{"allow":["GET"]}}],"collection":[{"href":"https:\/\/www.grieta.org.mx\/index.php\/wp-json\/wp\/v2\/posts"}],"about":[{"href":"https:\/\/www.grieta.org.mx\/index.php\/wp-json\/wp\/v2\/types\/post"}],"author":[{"embeddable":true,"href":"https:\/\/www.grieta.org.mx\/index.php\/wp-json\/wp\/v2\/users\/2"}],"replies":[{"embeddable":true,"href":"https:\/\/www.grieta.org.mx\/index.php\/wp-json\/wp\/v2\/comments?post=43556"}],"version-history":[{"count":1,"href":"https:\/\/www.grieta.org.mx\/index.php\/wp-json\/wp\/v2\/posts\/43556\/revisions"}],"predecessor-version":[{"id":43558,"href":"https:\/\/www.grieta.org.mx\/index.php\/wp-json\/wp\/v2\/posts\/43556\/revisions\/43558"}],"wp:featuredmedia":[{"embeddable":true,"href":"https:\/\/www.grieta.org.mx\/index.php\/wp-json\/wp\/v2\/media\/43557"}],"wp:attachment":[{"href":"https:\/\/www.grieta.org.mx\/index.php\/wp-json\/wp\/v2\/media?parent=43556"}],"wp:term":[{"taxonomy":"category","embeddable":true,"href":"https:\/\/www.grieta.org.mx\/index.php\/wp-json\/wp\/v2\/categories?post=43556"},{"taxonomy":"post_tag","embeddable":true,"href":"https:\/\/www.grieta.org.mx\/index.php\/wp-json\/wp\/v2\/tags?post=43556"}],"curies":[{"name":"wp","href":"https:\/\/api.w.org\/{rel}","templated":true}]}}