{"id":43527,"date":"2020-01-22T13:46:47","date_gmt":"2020-01-22T19:46:47","guid":{"rendered":"http:\/\/www.grieta.org.mx\/?p=43527"},"modified":"2020-01-26T14:09:45","modified_gmt":"2020-01-26T20:09:45","slug":"exigen-vecinos-de-san-rafael-que-ismael-del-toro-acate-la-suspension","status":"publish","type":"post","link":"https:\/\/www.grieta.org.mx\/index.php\/2020\/01\/22\/exigen-vecinos-de-san-rafael-que-ismael-del-toro-acate-la-suspension\/","title":{"rendered":"Exigen Vecinos de San rafael: \u201c\u00a1Que Ismael del Toro acate la suspensi\u00f3n!\u201d (Jalisco)"},"content":{"rendered":"<p><img loading=\"lazy\" decoding=\"async\" data-attachment-id=\"43529\" data-permalink=\"https:\/\/www.grieta.org.mx\/index.php\/2020\/01\/22\/exigen-vecinos-de-san-rafael-que-ismael-del-toro-acate-la-suspension\/01-4\/\" data-orig-file=\"https:\/\/www.grieta.org.mx\/wp-content\/uploads\/2020\/01\/01.jpg\" data-orig-size=\"850,500\" data-comments-opened=\"0\" data-image-meta=\"{&quot;aperture&quot;:&quot;0&quot;,&quot;credit&quot;:&quot;&quot;,&quot;camera&quot;:&quot;&quot;,&quot;caption&quot;:&quot;&quot;,&quot;created_timestamp&quot;:&quot;0&quot;,&quot;copyright&quot;:&quot;&quot;,&quot;focal_length&quot;:&quot;0&quot;,&quot;iso&quot;:&quot;0&quot;,&quot;shutter_speed&quot;:&quot;0&quot;,&quot;title&quot;:&quot;&quot;,&quot;orientation&quot;:&quot;0&quot;}\" data-image-title=\"01\" data-image-description=\"\" data-image-caption=\"\" data-medium-file=\"https:\/\/www.grieta.org.mx\/wp-content\/uploads\/2020\/01\/01-300x176.jpg\" data-large-file=\"https:\/\/www.grieta.org.mx\/wp-content\/uploads\/2020\/01\/01.jpg\" class=\"aligncenter wp-image-43529\" src=\"http:\/\/www.grieta.org.mx\/wp-content\/uploads\/2020\/01\/01.jpg\" alt=\"\" width=\"801\" height=\"471\" srcset=\"https:\/\/www.grieta.org.mx\/wp-content\/uploads\/2020\/01\/01.jpg 850w, https:\/\/www.grieta.org.mx\/wp-content\/uploads\/2020\/01\/01-300x176.jpg 300w, https:\/\/www.grieta.org.mx\/wp-content\/uploads\/2020\/01\/01-768x452.jpg 768w\" sizes=\"auto, (max-width: 801px) 100vw, 801px\" \/><\/p>\n<p><em>En el ayuntamiento tapat\u00edo \u201ccon premeditaci\u00f3n han negado nuestro dicho y han justificado su mala actuaci\u00f3n queriendo manipular la informaci\u00f3n\u201d, tronaron los ciudadanos inconformes<\/em><\/p>\n<p>Foto: Rafael Hern\u00e1ndez Gu\u00edzar<\/p>\n<p>Rafael Hern\u00e1ndez Gu\u00edzar \/ P\u00e1gina 24<\/p>\n<p>Vecinos del Parque San Rafael indicaron que en el ayuntamiento de Guadalajara ignoraron de nueva cuenta una suspensi\u00f3n que les otorg\u00f3 un juez de distrito para que se detenga la construcci\u00f3n del conjunto habitacional \u201cEl Gran San Rafael\u201d.<\/p>\n<p>A trav\u00e9s de un comunicado, integrantes del colecto Vecinos Unidos Por Jardines de La Paz y Colonias Aleda\u00f1as lamentaron que de nueva cuenta, la administraci\u00f3n a cargo de Ismael del Toro ignor\u00f3 el mandato judicial.<\/p>\n<p>\u201cLos vecinos e integrantes del colectivo Unidos por Jardines de La Paz y colonias aleda\u00f1as A.C. recurrimos de nueva cuenta a hacer un llamado y exigir a Ismael del Toro, presidente municipal de Guadalajara, el cumplimiento y clausura de las torres del gran San Rafael, ya que en d\u00edas atr\u00e1s\u00a0 se ha osado desestimar la suspensi\u00f3n provisional que nos fue otorgada a los vecinos bajo el n\u00famero de expediente 2610\/17, por el cuarto juzgado federal en materia administrativa y del trabajo, la cual es una nueva suspensi\u00f3n que no est\u00e1 expuesta al pago de ninguna garant\u00eda econ\u00f3mica y la cual nos fue concedida el d\u00eda 8 de enero del a\u00f1o en curso\u201d, dice el comunicado enviado a medios de comunicaci\u00f3n.<\/p>\n<p>\u201cLa suspensi\u00f3n provisional concedida especifica que se debe paralizar la obra y dejar en la forma que guarda actualmente hasta que se resuelvan los procesos de pruebas y de fondo del asunto.<\/p>\n<p>Por tal motivo el juzgado cuarto en materia administrativa y del trabajo ordena a las autoridades correspondientes (Ayuntamiento de Guadalajara y Obras P\u00fablicas) para que se den a la tarea de suspender las obras del gran San Rafael que se localizan en los predios 3180 y 3280 de la calle historiadores\u201d.<\/p>\n<p>En este comunicado, la asociaci\u00f3n se\u00f1al\u00f3 que del ayuntamiento no se ha obtenido respuesta alguna, sino por el contrario se ha permitido que impunemente sigan trabajando: \u201cMisma que hasta el d\u00eda de hoy sigue sin ser acatada por las autoridades que con premeditaci\u00f3n han negado nuestro dicho y han justificado su mala actuaci\u00f3n queriendo manipular la informaci\u00f3n con referencia a la suspensi\u00f3n definitiva que obtuvimos en julio del a\u00f1o pasado\u201d.<\/p>\n<p>Y sigue: \u201cCabe mencionar que hemos sido nosotros los vecinos quienes en diversas ocasiones hemos tenido que clausurar las obras simb\u00f3licamente y manifestarnos en repetidas ocasiones en el ayuntamiento de Guadalajara con el objeto de que las autoridades cumplan la ley, y que en caso de que sigan desacatando la norma judicial , procederemos a organizar nuestras propias acciones; ya que a pesar de que el ayuntamiento ha negado en diversas ocasiones que somos vecinos de nuestras colonias, le recordamos que para cobrarnos el predial, el agua y dem\u00e1s impuestos si hemos sido reconocidos como usuario y vecinos que habitamos en estas colonias\u201d.<\/p>\n<p>En este sentido, al no haber respuestas del ayuntamiento, los vecinos acudir\u00e1n hoy mi\u00e9rcoles a manifestarse ante las torres para exigir que se cumpla con el mandato del juez.<\/p>\n<p><a href=\"https:\/\/pagina24jalisco.com.mx\/2020\/01\/22\/local\/que-ismael-del-toro-acate-la-suspension\/\">https:\/\/pagina24jalisco.com.mx\/2020\/01\/22\/local\/que-ismael-del-toro-acate-la-suspension\/<\/a><\/p>\n","protected":false},"excerpt":{"rendered":"<p>En el ayuntamiento tapat\u00edo \u201ccon premeditaci\u00f3n han negado nuestro dicho y han justificado su mala actuaci\u00f3n queriendo manipular la informaci\u00f3n\u201d, tronaron los ciudadanos inconformes Foto: Rafael Hern\u00e1ndez Gu\u00edzar Rafael Hern\u00e1ndez &hellip; <a href=\"https:\/\/www.grieta.org.mx\/index.php\/2020\/01\/22\/exigen-vecinos-de-san-rafael-que-ismael-del-toro-acate-la-suspension\/\" class=\"more-link\">Leer m\u00e1s<\/a><\/p>\n","protected":false},"author":2,"featured_media":43529,"comment_status":"closed","ping_status":"closed","sticky":false,"template":"","format":"standard","meta":{"ngg_post_thumbnail":0,"_jetpack_newsletter_access":"","_jetpack_dont_email_post_to_subs":false,"_jetpack_newsletter_tier_id":0,"_jetpack_memberships_contains_paywalled_content":false,"_jetpack_memberships_contains_paid_content":false,"footnotes":""},"categories":[80,2374,20,2],"tags":[1210,2271],"class_list":["post-43527","post","type-post","status-publish","format-standard","has-post-thumbnail","hentry","category-cintillo","category-conflictos-por-desarrollos-inmobiliarios-en-jalisco","category-jalisco","category-noticias-nacionales","tag-conflictos-por-desarrollos-inmobiliarios","tag-especulacion-inmobiliaria","entry"],"jetpack_featured_media_url":"https:\/\/www.grieta.org.mx\/wp-content\/uploads\/2020\/01\/01.jpg","jetpack_sharing_enabled":true,"jetpack_shortlink":"https:\/\/wp.me\/p7ZJR4-bk3","jetpack_likes_enabled":false,"jetpack-related-posts":[{"id":43170,"url":"https:\/\/www.grieta.org.mx\/index.php\/2020\/01\/16\/vecinos-de-san-rafael-piden-se-cumpla-la-suspension-de-la-construccion-del-complejo-habitacional-gran-san-rafael-jalisco\/","url_meta":{"origin":43527,"position":0},"title":"Vecinos de San Rafael piden se cumpla la suspensi\u00f3n de la construcci\u00f3n del complejo habitacional, Gran San Rafael (Jalisco)","author":"grieta","date":"16 enero, 2020","format":false,"excerpt":"Fotograf\u00eda: Sara Leos Los vecinos han obtenido con esta, cuatro suspensiones para frenar la construcci\u00f3n de las torres de departamentos que representar\u00eda la llegada de alrededor de seis mil 500 nuevos habitantes a la comunidad Rafael Hern\u00e1ndez \/ UDGTV Guadalajara, Jalisco. Habitantes de los alrededores del parque San Rafael, en\u2026","rel":"","context":"En &quot;CINTILLO&quot;","block_context":{"text":"CINTILLO","link":"https:\/\/www.grieta.org.mx\/index.php\/category\/cintillo\/"},"img":{"alt_text":"","src":"https:\/\/i0.wp.com\/www.grieta.org.mx\/wp-content\/uploads\/2020\/01\/Gran-San-Rafael-Sara-Leos-696x522.jpg?resize=350%2C200&ssl=1","width":350,"height":200,"srcset":"https:\/\/i0.wp.com\/www.grieta.org.mx\/wp-content\/uploads\/2020\/01\/Gran-San-Rafael-Sara-Leos-696x522.jpg?resize=350%2C200&ssl=1 1x, https:\/\/i0.wp.com\/www.grieta.org.mx\/wp-content\/uploads\/2020\/01\/Gran-San-Rafael-Sara-Leos-696x522.jpg?resize=525%2C300&ssl=1 1.5x"},"classes":[]},{"id":34442,"url":"https:\/\/www.grieta.org.mx\/index.php\/2019\/05\/03\/5-suspensiones-no-paran-las-obras-en-san-rafael-jalisco\/","url_meta":{"origin":43527,"position":1},"title":"\u00a15 suspensiones no paran las obras en San Rafael! (Jalisco)","author":"grieta","date":"3 mayo, 2019","format":false,"excerpt":"Ismael del Toro solapa a Grupo San Carlos, acusan vecinos Les entregaron un nuevo recurso de protecci\u00f3n apenas el pasado viernes, pero ni eso par\u00f3 a la constructora, que mantiene gente realizando labores en el lugar: urge que el alcalde tapat\u00edo se ponga las pilas y trabaje a favor de\u2026","rel":"","context":"En &quot;CINTILLO&quot;","block_context":{"text":"CINTILLO","link":"https:\/\/www.grieta.org.mx\/index.php\/category\/cintillo\/"},"img":{"alt_text":"","src":"https:\/\/i0.wp.com\/www.grieta.org.mx\/wp-content\/uploads\/2019\/06\/01.jpg?resize=350%2C200&ssl=1","width":350,"height":200,"srcset":"https:\/\/i0.wp.com\/www.grieta.org.mx\/wp-content\/uploads\/2019\/06\/01.jpg?resize=350%2C200&ssl=1 1x, https:\/\/i0.wp.com\/www.grieta.org.mx\/wp-content\/uploads\/2019\/06\/01.jpg?resize=525%2C300&ssl=1 1.5x, https:\/\/i0.wp.com\/www.grieta.org.mx\/wp-content\/uploads\/2019\/06\/01.jpg?resize=700%2C400&ssl=1 2x"},"classes":[]},{"id":45606,"url":"https:\/\/www.grieta.org.mx\/index.php\/2020\/03\/03\/denuncian-construcciones-irregulares-en-huentitan-jalisco\/","url_meta":{"origin":43527,"position":2},"title":"Denuncian construcciones irregulares en Huentit\u00e1n (Jalisco)","author":"grieta","date":"3 marzo, 2020","format":false,"excerpt":"Foto: Semarnat Jalisco El Colectivo \u00danete Huentit\u00e1n sostuvo que muchas constructoras han iniciado proyectos de casas y departamentos que violan los planes parciales del municipio Rafael Hern\u00e1ndez \/ UDGTV Integrantes del colectivo \u00danete Huentit\u00e1n, advirtieron de lo que ellos consideran el colapso de los servicios p\u00fablicos municipales\u00a0en esta zona de\u2026","rel":"","context":"En &quot;CINTILLO&quot;","block_context":{"text":"CINTILLO","link":"https:\/\/www.grieta.org.mx\/index.php\/category\/cintillo\/"},"img":{"alt_text":"","src":"https:\/\/i0.wp.com\/www.grieta.org.mx\/wp-content\/uploads\/2020\/03\/Barranca-de-Huentit%C3%A1n-Semadet-Jalisco-696x464.jpg?resize=350%2C200&ssl=1","width":350,"height":200,"srcset":"https:\/\/i0.wp.com\/www.grieta.org.mx\/wp-content\/uploads\/2020\/03\/Barranca-de-Huentit%C3%A1n-Semadet-Jalisco-696x464.jpg?resize=350%2C200&ssl=1 1x, https:\/\/i0.wp.com\/www.grieta.org.mx\/wp-content\/uploads\/2020\/03\/Barranca-de-Huentit%C3%A1n-Semadet-Jalisco-696x464.jpg?resize=525%2C300&ssl=1 1.5x"},"classes":[]},{"id":31286,"url":"https:\/\/www.grieta.org.mx\/index.php\/2019\/03\/13\/denuncian-calumnias-de-desarrolladores-inmobiliarios-jalisco\/","url_meta":{"origin":43527,"position":3},"title":"Denuncian calumnias de desarrolladores inmobiliarios (Jalisco)","author":"grieta","date":"13 marzo, 2019","format":false,"excerpt":"Agust\u00edn del Castillo \/ El Diario NTR El enfrentamiento entre vecinos de diversas zonas de Guadalajara y grupos empresariales que han pretendido establecer desarrollos inmobiliarios, sea directamente a costa de bienes p\u00fablicos (casos Iconia-Huentit\u00e1n, El De\u00e1n, Arboledas del Sur), en espacios contiguos a \u00e1reas naturales protegidas (casos La Primavera, El\u2026","rel":"","context":"En &quot;CINTILLO&quot;","block_context":{"text":"CINTILLO","link":"https:\/\/www.grieta.org.mx\/index.php\/category\/cintillo\/"},"img":{"alt_text":"","src":"https:\/\/i0.wp.com\/www.grieta.org.mx\/wp-content\/uploads\/2018\/03\/14524434_1106112876131411_958039263622046936_o.jpg?resize=350%2C200&ssl=1","width":350,"height":200,"srcset":"https:\/\/i0.wp.com\/www.grieta.org.mx\/wp-content\/uploads\/2018\/03\/14524434_1106112876131411_958039263622046936_o.jpg?resize=350%2C200&ssl=1 1x, https:\/\/i0.wp.com\/www.grieta.org.mx\/wp-content\/uploads\/2018\/03\/14524434_1106112876131411_958039263622046936_o.jpg?resize=525%2C300&ssl=1 1.5x, https:\/\/i0.wp.com\/www.grieta.org.mx\/wp-content\/uploads\/2018\/03\/14524434_1106112876131411_958039263622046936_o.jpg?resize=700%2C400&ssl=1 2x"},"classes":[]},{"id":65132,"url":"https:\/\/www.grieta.org.mx\/index.php\/2022\/09\/05\/vecinos-de-el-refugio-se-oponen-a-desarrollos-inmobiliarios-en-ciudad-creativa-jalisco\/","url_meta":{"origin":43527,"position":4},"title":"Vecinos de El Refugio se oponen a desarrollos inmobiliarios en Ciudad Creativa (Jalisco)","author":"grieta","date":"5 septiembre, 2022","format":false,"excerpt":"Imagen: Lauro Rodr\u00edguez Lauro Rodr\u00edguez \/ EL Diario NTR Un grupo de vecinos representantes de la colonia El Refugio, de la zona Centro de Guadalajara, se manifestaron durante el inicio de los proyectos de vivienda en Distrito Creativo. Los vecinos precisaron que no quieren el desarrollo inmobiliario porque llegar\u00e1 a\u2026","rel":"","context":"En &quot;CINTILLO&quot;","block_context":{"text":"CINTILLO","link":"https:\/\/www.grieta.org.mx\/index.php\/category\/cintillo\/"},"img":{"alt_text":"","src":"https:\/\/i0.wp.com\/www.grieta.org.mx\/wp-content\/uploads\/2022\/09\/2022-09-05_11-09-08___5232.jpg?resize=350%2C200&ssl=1","width":350,"height":200,"srcset":"https:\/\/i0.wp.com\/www.grieta.org.mx\/wp-content\/uploads\/2022\/09\/2022-09-05_11-09-08___5232.jpg?resize=350%2C200&ssl=1 1x, https:\/\/i0.wp.com\/www.grieta.org.mx\/wp-content\/uploads\/2022\/09\/2022-09-05_11-09-08___5232.jpg?resize=525%2C300&ssl=1 1.5x, https:\/\/i0.wp.com\/www.grieta.org.mx\/wp-content\/uploads\/2022\/09\/2022-09-05_11-09-08___5232.jpg?resize=700%2C400&ssl=1 2x"},"classes":[]},{"id":58984,"url":"https:\/\/www.grieta.org.mx\/index.php\/2021\/04\/23\/vecinos-del-nixticuil-reclaman-reanudacion-de-obras-en-fraccionamiento-irregular-jalisco\/","url_meta":{"origin":43527,"position":5},"title":"Vecinos del Nixticuil reclaman reanudaci\u00f3n de obras en fraccionamiento irregular (Jalisco)","author":"grieta","date":"23 abril, 2021","format":false,"excerpt":"Foto: F\u00e1tima Aguilar F\u00e1tima Aguilar \/ UDGTV Luego de la resoluci\u00f3n del Tribunal de Justicia Administrativa, que permiti\u00f3 la reanudaci\u00f3n de obras en un fraccionamiento irregular aleda\u00f1o al \u00c1rea Natural Protegida del Bosque del Nixticuil, vecinos de la zona acudieron esta ma\u00f1ana al punto de la construcci\u00f3n para inconformarse ante\u2026","rel":"","context":"En &quot;CINTILLO&quot;","block_context":{"text":"CINTILLO","link":"https:\/\/www.grieta.org.mx\/index.php\/category\/cintillo\/"},"img":{"alt_text":"","src":"https:\/\/i0.wp.com\/www.grieta.org.mx\/wp-content\/uploads\/2021\/04\/El-Nixticuil-Fatima-Aguilar-e1619210419446-696x385-1.jpeg?resize=350%2C200&ssl=1","width":350,"height":200,"srcset":"https:\/\/i0.wp.com\/www.grieta.org.mx\/wp-content\/uploads\/2021\/04\/El-Nixticuil-Fatima-Aguilar-e1619210419446-696x385-1.jpeg?resize=350%2C200&ssl=1 1x, https:\/\/i0.wp.com\/www.grieta.org.mx\/wp-content\/uploads\/2021\/04\/El-Nixticuil-Fatima-Aguilar-e1619210419446-696x385-1.jpeg?resize=525%2C300&ssl=1 1.5x"},"classes":[]}],"_links":{"self":[{"href":"https:\/\/www.grieta.org.mx\/index.php\/wp-json\/wp\/v2\/posts\/43527","targetHints":{"allow":["GET"]}}],"collection":[{"href":"https:\/\/www.grieta.org.mx\/index.php\/wp-json\/wp\/v2\/posts"}],"about":[{"href":"https:\/\/www.grieta.org.mx\/index.php\/wp-json\/wp\/v2\/types\/post"}],"author":[{"embeddable":true,"href":"https:\/\/www.grieta.org.mx\/index.php\/wp-json\/wp\/v2\/users\/2"}],"replies":[{"embeddable":true,"href":"https:\/\/www.grieta.org.mx\/index.php\/wp-json\/wp\/v2\/comments?post=43527"}],"version-history":[{"count":1,"href":"https:\/\/www.grieta.org.mx\/index.php\/wp-json\/wp\/v2\/posts\/43527\/revisions"}],"predecessor-version":[{"id":43530,"href":"https:\/\/www.grieta.org.mx\/index.php\/wp-json\/wp\/v2\/posts\/43527\/revisions\/43530"}],"wp:featuredmedia":[{"embeddable":true,"href":"https:\/\/www.grieta.org.mx\/index.php\/wp-json\/wp\/v2\/media\/43529"}],"wp:attachment":[{"href":"https:\/\/www.grieta.org.mx\/index.php\/wp-json\/wp\/v2\/media?parent=43527"}],"wp:term":[{"taxonomy":"category","embeddable":true,"href":"https:\/\/www.grieta.org.mx\/index.php\/wp-json\/wp\/v2\/categories?post=43527"},{"taxonomy":"post_tag","embeddable":true,"href":"https:\/\/www.grieta.org.mx\/index.php\/wp-json\/wp\/v2\/tags?post=43527"}],"curies":[{"name":"wp","href":"https:\/\/api.w.org\/{rel}","templated":true}]}}