{"id":43474,"date":"2020-01-25T19:49:34","date_gmt":"2020-01-26T01:49:34","guid":{"rendered":"http:\/\/www.grieta.org.mx\/?p=43474"},"modified":"2020-01-25T19:49:51","modified_gmt":"2020-01-26T01:49:51","slug":"comunicado-del-fpdta-por-la-libertad-de-miguel-lopez-vega-puebla","status":"publish","type":"post","link":"https:\/\/www.grieta.org.mx\/index.php\/2020\/01\/25\/comunicado-del-fpdta-por-la-libertad-de-miguel-lopez-vega-puebla\/","title":{"rendered":"Comunicado del FPDTA por la libertad de Miguel L\u00f3pez Vega (Puebla)"},"content":{"rendered":"<p><a href=\"http:\/\/www.grieta.org.mx\/wp-content\/uploads\/2020\/01\/20200125_104902_0000-1024x1024.png\"><img loading=\"lazy\" decoding=\"async\" data-attachment-id=\"43475\" data-permalink=\"https:\/\/www.grieta.org.mx\/index.php\/2020\/01\/25\/comunicado-del-fpdta-por-la-libertad-de-miguel-lopez-vega-puebla\/20200125_104902_0000-1024x1024\/\" data-orig-file=\"https:\/\/www.grieta.org.mx\/wp-content\/uploads\/2020\/01\/20200125_104902_0000-1024x1024.png\" data-orig-size=\"1024,1024\" data-comments-opened=\"0\" data-image-meta=\"{&quot;aperture&quot;:&quot;0&quot;,&quot;credit&quot;:&quot;&quot;,&quot;camera&quot;:&quot;&quot;,&quot;caption&quot;:&quot;&quot;,&quot;created_timestamp&quot;:&quot;0&quot;,&quot;copyright&quot;:&quot;&quot;,&quot;focal_length&quot;:&quot;0&quot;,&quot;iso&quot;:&quot;0&quot;,&quot;shutter_speed&quot;:&quot;0&quot;,&quot;title&quot;:&quot;&quot;,&quot;orientation&quot;:&quot;0&quot;}\" data-image-title=\"20200125_104902_0000-1024&amp;#215;1024\" data-image-description=\"\" data-image-caption=\"\" data-medium-file=\"https:\/\/www.grieta.org.mx\/wp-content\/uploads\/2020\/01\/20200125_104902_0000-1024x1024-300x300.png\" data-large-file=\"https:\/\/www.grieta.org.mx\/wp-content\/uploads\/2020\/01\/20200125_104902_0000-1024x1024.png\" class=\"aligncenter wp-image-43475\" src=\"http:\/\/www.grieta.org.mx\/wp-content\/uploads\/2020\/01\/20200125_104902_0000-1024x1024-300x300.png\" alt=\"\" width=\"700\" height=\"700\" srcset=\"https:\/\/www.grieta.org.mx\/wp-content\/uploads\/2020\/01\/20200125_104902_0000-1024x1024-300x300.png 300w, https:\/\/www.grieta.org.mx\/wp-content\/uploads\/2020\/01\/20200125_104902_0000-1024x1024-150x150.png 150w, https:\/\/www.grieta.org.mx\/wp-content\/uploads\/2020\/01\/20200125_104902_0000-1024x1024-768x768.png 768w, https:\/\/www.grieta.org.mx\/wp-content\/uploads\/2020\/01\/20200125_104902_0000-1024x1024-130x130.png 130w, https:\/\/www.grieta.org.mx\/wp-content\/uploads\/2020\/01\/20200125_104902_0000-1024x1024-500x500.png 500w, https:\/\/www.grieta.org.mx\/wp-content\/uploads\/2020\/01\/20200125_104902_0000-1024x1024.png 1024w\" sizes=\"auto, (max-width: 700px) 100vw, 700px\" \/><\/a><\/p>\n<p>Comunicado FPDTA 24 de enero de 2020<br \/>\nLIBERTAD PARA MIGUEL L\u00d3PEZ VEGA<\/p>\n<p>A los medios de comunicaci\u00f3n<br \/>\nA la sociedad civil organizada<br \/>\nAl Congreso Nacional Ind\u00edgena<br \/>\nAl Ej\u00e9rcito Zapatista de Liberaci\u00f3n Nacional<br \/>\nLos pueblos nahuas de las faldas del volc\u00e1n Popocat\u00e9petl manifestamos nuestra indignaci\u00f3n por el reciente<br \/>\nencarcelamiento de nuestro compa\u00f1ero, Miguel L\u00f3pez Vega, concejal del Concejo Ind\u00edgena de Gobierno del Congreso<br \/>\nNacional Ind\u00edgena, Representante Comunitario del Pueblo de Santa Mar\u00eda Zacatepec, Puebla, integrante del Frente de Pueblos en Defensa de la Tierra y el Agua, Morelos-Puebla-Tlaxcala.<br \/>\nNuestro compa\u00f1ero se ha mantenido firme en la lucha contra el Proyecto Integral Morelos y por la defensa de la vida desde hace 10 a\u00f1os. Desde 2017, siendo representante Comunitario, ha exigido la cancelaci\u00f3n del Proyecto de descarga de aguas residuales de Ciudad Textil, Huejotzingo en el r\u00edo Metlapanapa. Recientemente, trabaj\u00f3 junto con su pueblo para recuperar el sistema normativo interno y llegar a las elecciones por usos y costumbres en su<br \/>\ncomunidad.<br \/>\nEl d\u00eda viernes 24 de enero, a las 2:30 de la tarde, saliendo de Direcci\u00f3n de Gobierno, en las oficinas de la Secretar\u00eda de Gobierno en el Centro de la ciudad de Puebla lo detuvo un veh\u00edculo oficial de la fiscal\u00eda, que se hizo acompa\u00f1ar de un grupo de personas armadas dentro de un veh\u00edculo negro de vidrios polarizados. Rodearon a Miguel y al resto de sus compa\u00f1eros, preguntaron por las identificaciones, ellos negaron portar alguna, entonces preguntaron \u201c\u00bfqui\u00e9n es Miguel L\u00f3pez Vega?\u201d, y Miguel dijo: Soy yo. Mostraron un papel, diciendo que se trataba de una orden de aprehensi\u00f3n y que ser\u00eda trasladado al C5 que cruza con Cuautlancingo.<br \/>\nMiguel y sus compa\u00f1eros ven\u00edan saliendo de las oficinas despu\u00e9s de una reuni\u00f3n con V\u00edctor Flores B\u00e1ez, Director General de Gobierno, a qui\u00e9n fueron a ver para informarle que el pasado 19 de enero se realiz\u00f3 una asamblea en la que se decidi\u00f3 destituir al Presidente Auxiliar y elegir uno nuevo, recuperando sus sistemas de usos y costumbres.<br \/>\nEntregaron a V\u00edctor Flores la notificaci\u00f3n de la asamblea por escrito y pidieron que firmara un acuse de recibido. La comisi\u00f3n de integrantes de la comunidad de Zacatepec se detuvo a comer algo, y al caminar frente a las oficinas de gobierno, Miguel fue detenido, luego nuestro compa\u00f1ero fue llevado a la Fiscal\u00eda General del Estado trasladado a la Casa de Justicia de San Bernardino Tlaxcalancingo donde se encuentra detenido hasta el momento.<br \/>\nEn los \u00faltimos meses, Miguel ha sufrido persecuci\u00f3n y hostigamiento por parte de los empresarios de Ciudad Textil y por parte del Gobierno Municipal y Gobierno del Estado de Puebla, as\u00ed como tambi\u00e9n ha tenido amenazas de muerte por su defensa del r\u00edo Metlapanapa.<br \/>\nExigimos la libertad inmediata de nuestro compa\u00f1ero, amigo y hermano Miguel L\u00f3pez Vega. Exigimos un alto a la criminalizaci\u00f3n de los defensores del territorio. Se hace evidente el recrudecimiento de la violencia en el marco de la mal llamada Cuarta Transformaci\u00f3n. Exigimos a los gobiernos Municipal, Estatal y Federal el cese al hostigamiento<br \/>\nhacia los defensores de la vida y el territorio.<br \/>\nEl proyecto de descargas de residuos al r\u00edo Metlapanapa es la continuaci\u00f3n y ampliaci\u00f3n del despojo que estamos viviendo en las faldas del volc\u00e1n Popocat\u00e9petl a ra\u00edz de la continua imposici\u00f3n del Proyecto Integral Morelos (PIM). En este caso, el Gasoducto Morelos, que atraviesa las faldas del volc\u00e1n, bloquea una posible evacuaci\u00f3n en caso de contingencia volc\u00e1nica. Las descargas t\u00f3xicas que se pretenden verter en el r\u00edo Metlapanapa provienen de empresas ya instaladas en Huejotzingo y se incorporar\u00edan los desag\u00fces de nuevas empresas instaladas en los ramales del<br \/>\nGasoducto Morelos. La continuaci\u00f3n del PIM ha estado respaldada por el gobierno federal Morenista de Andr\u00e9s<br \/>\nManuel L\u00f3pez Obrador (AMLO) y ahora respaldados en Puebla por el gobierno de Miguel Barbosa. Como todos sabemos, la lucha contra el PIM ha tra\u00eddo no s\u00f3lo la p\u00e9rdida del territorio y la forma de vida de nuestras comunidades, sino adem\u00e1s ha significado para nosotros amenazas, persecuci\u00f3n, tortura y encarcelamiento de varios de nuestros integrantes. Y ha cobrado la vida de nuestro compa\u00f1ero Samir Flores Soberanes.<br \/>\nHasta el momento, AMLO ha continuado la imposici\u00f3n del PIM, impulsando consultas ilegales ama\u00f1adas y consultas<br \/>\nind\u00edgenas ama\u00f1adas, respaldando a las autoridades que llevan a cabo estas consultas. Ha impuesto el PIM, incluyendo en esas \u2018consultas\u2019 al Instituto Nacional de los Pueblos Ind\u00edgenas y a la Guardia Nacional como m\u00e9todo coercitivo para<br \/>\nprovocar miedo. Es importante mencionar que la Guardia Nacional tambi\u00e9n ha estado presente en la construcci\u00f3n del<br \/>\ncorredor aguas residuales de Ciudad Textil que atraviesa Zacatepec, evidenciando la militarizaci\u00f3n que vive el pa\u00eds.<br \/>\nSiempre hemos mantenido una postura de di\u00e1logo pero por su parte el gobierno federal y estatal han respondido con violencia, con gases lacrim\u00f3genos, con balas de goma, con la guardia nacional, y ahora con el secuestro de nuestro compa\u00f1ero Miguel. El gobierno de Barbosa ha lanzado un comunicado diciendo que est\u00e1n abiertos al di\u00e1logo, pero con los hechos demuestran lo contrario, solo nos traicionan una y otra vez, nos enga\u00f1an y abusan de nuestra dignidad, pero no estamos dispuestos a permitir esto, no estamos dispuestos a mas enga\u00f1os de los gobiernos de las empresas, no estamos dispuestos a entregar nuestro territorio, nuestra vida, nuestra dignidad.<br \/>\nEl cambio verdadero no llego ni a Puebla, ni al pa\u00eds, es solo un enga\u00f1o m\u00e1s para nosotros Miguel Barbosa representa los mismos intereses que los que represent\u00f3 Rafael Moreno Valle, pues hoy su postura y respuestas ante las problem\u00e1ticas en nuestros pueblos son las mismas, aunque prometieron no m\u00e1s presos pol\u00edticos, el estado no ha sido garante de nuestros derechos, por lo que estamos dispuestos a conquistarlos a tomarlos a ejercerlos y caminar hacia la autonom\u00eda y organizaci\u00f3n comunitaria que son la \u00fanica respuesta ante la situaci\u00f3n que vivimos como pueblos originarios y como sociedad.<br \/>\nLos pueblos hemos buscado todas las v\u00edas pac\u00edficas de di\u00e1logo para proponer y dar a conocer la visi\u00f3n de desarrollo que nace de nuestros pueblos. Hemos planteado en varias ocasiones nuestra postura de mantenernos como pueblos originarios con usos y costumbres, con nuestras tierras para sembrar, con nuestros sistemas normativos. \u00c9sta es la lucha que nuestro compa\u00f1ero Miguel L\u00f3pez Vega ha mantenido durante diez a\u00f1os contra el Proyecto Integral Morelos. \u00c9sta es la raz\u00f3n por la que el poder lo persigue y por la que est\u00e1 preso en este momento.<br \/>\nExigimos libertad inmediata para Miguel L\u00f3pez Vega. Exigimos el respeto a nuestra forma de vida como pueblos nahuas del volc\u00e1n. Exigimos nuestro derecho a decidir c\u00f3mo queremos vivir en nuestro territorio. Exigimos el<br \/>\nderecho a nuestra madre tierra para seguirnos sosteniendo, alimentando, cobijando. Exigimos que nos dejen vivir en paz.<br \/>\n\u00a1Libertad para MIguel L\u00f3pez Vega!<br \/>\n\u00a1Cancelaci\u00f3n del Proyecto Integral Morelos!<br \/>\n\u00a1NO a la contaminaci\u00f3n del r\u00edo Metlapanapa!<br \/>\n\u00a1NO a la termo, NO al gasoducto, NO al acueducto!<br \/>\n\u00a1Justicia para Samir Flores Soberanes!<br \/>\nT\u00b4neki tlalle uan atl para tenochti, amo timiiske por tumi<br \/>\nQueremos tierra y agua para todos, no morir por dinero<br \/>\nFrente de Pueblos en Defensa de la Tierra y Agua, Morelos, Puebla, Tlaxcala<\/p>\n<p><a href=\"https:\/\/www.congresonacionalindigena.org\/2020\/01\/25\/comunicado-fpdta-por-la-libertad-para-miguel-lopez-vega\/\">https:\/\/www.congresonacionalindigena.org\/2020\/01\/25\/comunicado-fpdta-por-la-libertad-para-miguel-lopez-vega\/<\/a><\/p>\n","protected":false},"excerpt":{"rendered":"<p>Comunicado FPDTA 24 de enero de 2020 LIBERTAD PARA MIGUEL L\u00d3PEZ VEGA A los medios de comunicaci\u00f3n A la sociedad civil organizada Al Congreso Nacional Ind\u00edgena Al Ej\u00e9rcito Zapatista de &hellip; <a href=\"https:\/\/www.grieta.org.mx\/index.php\/2020\/01\/25\/comunicado-del-fpdta-por-la-libertad-de-miguel-lopez-vega-puebla\/\" class=\"more-link\">Leer m\u00e1s<\/a><\/p>\n","protected":false},"author":1,"featured_media":43475,"comment_status":"closed","ping_status":"closed","sticky":false,"template":"","format":"standard","meta":{"ngg_post_thumbnail":0,"_jetpack_newsletter_access":"","_jetpack_dont_email_post_to_subs":false,"_jetpack_newsletter_tier_id":0,"_jetpack_memberships_contains_paywalled_content":false,"_jetpack_memberships_contains_paid_content":false,"footnotes":""},"categories":[80,1255,2703,2,1253,44,26,1249,2661,1256],"tags":[95,425,2778,510,2947],"class_list":["post-43474","post","type-post","status-publish","format-standard","has-post-thumbnail","hentry","category-cintillo","category-contaminacion-del-agua-por-industria-en-puebla","category-defensa-de-los-recursos-naturales-en-puebla","category-noticias-nacionales","category-privatizacion-del-agua-y-el-drenaje-en-puebla","category-proyecto-integral-morelos","category-puebla","category-rechazo-al-proyecto-interal-morelos-en-puebla","category-redes-de-resistencia-y-rebeldia","category-violencia-de-las-fuerzas-represivas-en-puebla","tag-cni","tag-contaminacion-agua","tag-criminalizacion-de-la-protesta","tag-proyecto-integral-morelos","tag-rio-metlapanapa","entry"],"jetpack_featured_media_url":"https:\/\/www.grieta.org.mx\/wp-content\/uploads\/2020\/01\/20200125_104902_0000-1024x1024.png","jetpack_sharing_enabled":true,"jetpack_shortlink":"https:\/\/wp.me\/p7ZJR4-bjc","jetpack_likes_enabled":false,"jetpack-related-posts":[{"id":43467,"url":"https:\/\/www.grieta.org.mx\/index.php\/2020\/01\/24\/comunicado-del-cni-cig-por-la-detencion-del-companero-miguel-lopez-vega\/","url_meta":{"origin":43474,"position":0},"title":"Comunicado del CNI \u2013 CIG por la detenci\u00f3n del compa\u00f1ero Miguel L\u00f3pez Vega.","author":"Admin","date":"24 enero, 2020","format":false,"excerpt":"Al pueblo de M\u00e9xico A las Redes de Resistencia y Rebeld\u00eda A la Sexta Nacional e Internacional A los medios de comunicaci\u00f3n El Congreso Nacional Ind\u00edgena, el Concejo Ind\u00edgena de Gobierno y el Ej\u00e9rcito Zapatista de Liberaci\u00f3n Nacional, denunciamos la cobarde detenci\u00f3n de nuestro compa\u00f1ero Miguel L\u00f3pez Vega, delegado del\u2026","rel":"","context":"En &quot;CIG&quot;","block_context":{"text":"CIG","link":"https:\/\/www.grieta.org.mx\/index.php\/category\/cig\/"},"img":{"alt_text":"","src":"https:\/\/i0.wp.com\/www.grieta.org.mx\/wp-content\/uploads\/2019\/08\/cni.png?resize=350%2C200&ssl=1","width":350,"height":200},"classes":[]},{"id":43463,"url":"https:\/\/www.grieta.org.mx\/index.php\/2020\/01\/24\/miguel-lopez-vega-ambientalista-y-defensor-del-rio-metlapanapa-fue-detenido-e-ingresado-al-c5-puebla\/","url_meta":{"origin":43474,"position":1},"title":"Miguel L\u00f3pez Vega, ambientalista y defensor del R\u00edo Metlapanapa fue detenido e ingresado al C5 (Puebla)","author":"Admin","date":"24 enero, 2020","format":false,"excerpt":"Kara Castillo \/ Puntual El ambientalista, Miguel L\u00f3pez Vega, representante comunitario y miembro del Frente de Pueblos en Defensa de la Tierra y el Agua-Puebla, Morelos, Tlaxcala, Concejal del Consejo Nacional Ind\u00edgena (CNI) y Defensor del R\u00edo Metlapanapa fue detenido por elementos de seguridad cuando sal\u00eda de las oficinas de\u2026","rel":"","context":"En &quot;CINTILLO&quot;","block_context":{"text":"CINTILLO","link":"https:\/\/www.grieta.org.mx\/index.php\/category\/cintillo\/"},"img":{"alt_text":"","src":"https:\/\/i0.wp.com\/www.grieta.org.mx\/wp-content\/uploads\/2020\/01\/ambientalista.jpg?resize=350%2C200&ssl=1","width":350,"height":200,"srcset":"https:\/\/i0.wp.com\/www.grieta.org.mx\/wp-content\/uploads\/2020\/01\/ambientalista.jpg?resize=350%2C200&ssl=1 1x, https:\/\/i0.wp.com\/www.grieta.org.mx\/wp-content\/uploads\/2020\/01\/ambientalista.jpg?resize=525%2C300&ssl=1 1.5x, https:\/\/i0.wp.com\/www.grieta.org.mx\/wp-content\/uploads\/2020\/01\/ambientalista.jpg?resize=700%2C400&ssl=1 2x, https:\/\/i0.wp.com\/www.grieta.org.mx\/wp-content\/uploads\/2020\/01\/ambientalista.jpg?resize=1050%2C600&ssl=1 3x"},"classes":[]},{"id":43631,"url":"https:\/\/www.grieta.org.mx\/index.php\/2020\/01\/26\/ingresa-el-ambientalista-miguel-lopez-al-penal-de-san-miguel-por-considerarse-peligroso-puebla\/","url_meta":{"origin":43474,"position":2},"title":"Ingresa el ambientalista Miguel L\u00f3pez al penal de San Miguel por considerarse \u201cpeligroso\u201d (Puebla)","author":"Admin","date":"26 enero, 2020","format":false,"excerpt":"Yadira Llaven Anzure \/ La Jornada de Oriente El defensor del r\u00edo Metlapanapa y comunicador comunitario Miguel L\u00f3pez Vega ingres\u00f3 la noche de este s\u00e1bado al penal de San Miguel, acusado de los delitos de obstrucci\u00f3n a obra p\u00fablica, da\u00f1os a las v\u00edas de comunicaci\u00f3n y uso de explosivos, sin\u2026","rel":"","context":"En &quot;CINTILLO&quot;","block_context":{"text":"CINTILLO","link":"https:\/\/www.grieta.org.mx\/index.php\/category\/cintillo\/"},"img":{"alt_text":"","src":"https:\/\/i0.wp.com\/www.grieta.org.mx\/wp-content\/uploads\/2020\/01\/191105DCjuan03.jpg?resize=350%2C200&ssl=1","width":350,"height":200,"srcset":"https:\/\/i0.wp.com\/www.grieta.org.mx\/wp-content\/uploads\/2020\/01\/191105DCjuan03.jpg?resize=350%2C200&ssl=1 1x, https:\/\/i0.wp.com\/www.grieta.org.mx\/wp-content\/uploads\/2020\/01\/191105DCjuan03.jpg?resize=525%2C300&ssl=1 1.5x, https:\/\/i0.wp.com\/www.grieta.org.mx\/wp-content\/uploads\/2020\/01\/191105DCjuan03.jpg?resize=700%2C400&ssl=1 2x, https:\/\/i0.wp.com\/www.grieta.org.mx\/wp-content\/uploads\/2020\/01\/191105DCjuan03.jpg?resize=1050%2C600&ssl=1 3x"},"classes":[]},{"id":43477,"url":"https:\/\/www.grieta.org.mx\/index.php\/2020\/01\/24\/detienen-a-miguel-lopez-vega-defensor-del-rio-metlapanapa-puebla\/","url_meta":{"origin":43474,"position":3},"title":"Detienen a Miguel L\u00f3pez Vega defensor del r\u00edo Metlapanapa (Puebla)","author":"Admin","date":"24 enero, 2020","format":false,"excerpt":"El defensor del R\u00edo Metlapanapa Miguel L\u00f3pez Vega fue detenido por la polic\u00eda estatal despu\u00e9s de salir de la Secretar\u00eda de Gobernaci\u00f3n de Puebla, donde entreg\u00f3 un acta en la que su comunidad se declaraba en autogobierno y libre de partidos politicos Texto y foto: Daliri Oropeza \/ Pie de\u2026","rel":"","context":"En &quot;CINTILLO&quot;","block_context":{"text":"CINTILLO","link":"https:\/\/www.grieta.org.mx\/index.php\/category\/cintillo\/"},"img":{"alt_text":"","src":"https:\/\/i0.wp.com\/www.grieta.org.mx\/wp-content\/uploads\/2020\/01\/radio-zacatepec_daliri-oropeza-3.jpg?resize=350%2C200&ssl=1","width":350,"height":200,"srcset":"https:\/\/i0.wp.com\/www.grieta.org.mx\/wp-content\/uploads\/2020\/01\/radio-zacatepec_daliri-oropeza-3.jpg?resize=350%2C200&ssl=1 1x, https:\/\/i0.wp.com\/www.grieta.org.mx\/wp-content\/uploads\/2020\/01\/radio-zacatepec_daliri-oropeza-3.jpg?resize=525%2C300&ssl=1 1.5x, https:\/\/i0.wp.com\/www.grieta.org.mx\/wp-content\/uploads\/2020\/01\/radio-zacatepec_daliri-oropeza-3.jpg?resize=700%2C400&ssl=1 2x, https:\/\/i0.wp.com\/www.grieta.org.mx\/wp-content\/uploads\/2020\/01\/radio-zacatepec_daliri-oropeza-3.jpg?resize=1050%2C600&ssl=1 3x"},"classes":[]},{"id":43926,"url":"https:\/\/www.grieta.org.mx\/index.php\/2020\/01\/31\/mientras-hayan-megaproyectos-en-pueblos-indigenas-seguiremos-en-resistencia-advierte-marichuy-en-puebla\/","url_meta":{"origin":43474,"position":4},"title":"Mientras hayan megaproyectos en pueblos ind\u00edgenas, seguiremos en resistencia, advierte Marichuy en Puebla","author":"Admin","date":"31 enero, 2020","format":false,"excerpt":"Yadira Llaven Anzures \/ La Jornada de Oriente Mientras hayan megaproyectos en pueblos ind\u00edgenas, seguiremos en resistencia, advierte Marichuy en Puebla La excandidata presidencial impulsada por el Ej\u00e9rcito Zapatista de Liberaci\u00f3n Nacional (EZLN) y defensora de los derechos humanos Mar\u00eda de Jes\u00fas Patricio Mart\u00ednez, Marichuy, estuvo este jueves en la\u2026","rel":"","context":"En &quot;CIG&quot;","block_context":{"text":"CIG","link":"https:\/\/www.grieta.org.mx\/index.php\/category\/cig\/"},"img":{"alt_text":"","src":"https:\/\/i0.wp.com\/www.grieta.org.mx\/wp-content\/uploads\/2019\/10\/maria-jesus-patricio-martinez-marichuy_ediima20191008_0560_4.jpg?resize=350%2C200&ssl=1","width":350,"height":200,"srcset":"https:\/\/i0.wp.com\/www.grieta.org.mx\/wp-content\/uploads\/2019\/10\/maria-jesus-patricio-martinez-marichuy_ediima20191008_0560_4.jpg?resize=350%2C200&ssl=1 1x, https:\/\/i0.wp.com\/www.grieta.org.mx\/wp-content\/uploads\/2019\/10\/maria-jesus-patricio-martinez-marichuy_ediima20191008_0560_4.jpg?resize=525%2C300&ssl=1 1.5x, https:\/\/i0.wp.com\/www.grieta.org.mx\/wp-content\/uploads\/2019\/10\/maria-jesus-patricio-martinez-marichuy_ediima20191008_0560_4.jpg?resize=700%2C400&ssl=1 2x"},"classes":[]},{"id":40933,"url":"https:\/\/www.grieta.org.mx\/index.php\/2019\/10\/10\/amenazan-de-muerte-a-tres-opositores-al-proyecto-integral-morelos-puebla\/","url_meta":{"origin":43474,"position":5},"title":"Amenazan de muerte a tres opositores al Proyecto Integral Morelos (Puebla)","author":"grieta","date":"10 octubre, 2019","format":false,"excerpt":"Indra Cirigo \/ Contral\u00ednea El Colectivo Nacional Alerta Temprana de Periodistas y Activistas (Conapa) denunci\u00f3 que el gobierno \u2013en sus tres niveles\u2013 est\u00e1 violando los derechos humanos de los defensores de la tierra que se oponen a la construcci\u00f3n del corredor industrial en los estados de Tlaxcala, Puebla y Morelos\u2026","rel":"","context":"En &quot;CINTILLO&quot;","block_context":{"text":"CINTILLO","link":"https:\/\/www.grieta.org.mx\/index.php\/category\/cintillo\/"},"img":{"alt_text":"","src":"https:\/\/i0.wp.com\/www.grieta.org.mx\/wp-content\/uploads\/2019\/11\/co.jpg?resize=350%2C200&ssl=1","width":350,"height":200,"srcset":"https:\/\/i0.wp.com\/www.grieta.org.mx\/wp-content\/uploads\/2019\/11\/co.jpg?resize=350%2C200&ssl=1 1x, https:\/\/i0.wp.com\/www.grieta.org.mx\/wp-content\/uploads\/2019\/11\/co.jpg?resize=525%2C300&ssl=1 1.5x"},"classes":[]}],"_links":{"self":[{"href":"https:\/\/www.grieta.org.mx\/index.php\/wp-json\/wp\/v2\/posts\/43474","targetHints":{"allow":["GET"]}}],"collection":[{"href":"https:\/\/www.grieta.org.mx\/index.php\/wp-json\/wp\/v2\/posts"}],"about":[{"href":"https:\/\/www.grieta.org.mx\/index.php\/wp-json\/wp\/v2\/types\/post"}],"author":[{"embeddable":true,"href":"https:\/\/www.grieta.org.mx\/index.php\/wp-json\/wp\/v2\/users\/1"}],"replies":[{"embeddable":true,"href":"https:\/\/www.grieta.org.mx\/index.php\/wp-json\/wp\/v2\/comments?post=43474"}],"version-history":[{"count":1,"href":"https:\/\/www.grieta.org.mx\/index.php\/wp-json\/wp\/v2\/posts\/43474\/revisions"}],"predecessor-version":[{"id":43476,"href":"https:\/\/www.grieta.org.mx\/index.php\/wp-json\/wp\/v2\/posts\/43474\/revisions\/43476"}],"wp:featuredmedia":[{"embeddable":true,"href":"https:\/\/www.grieta.org.mx\/index.php\/wp-json\/wp\/v2\/media\/43475"}],"wp:attachment":[{"href":"https:\/\/www.grieta.org.mx\/index.php\/wp-json\/wp\/v2\/media?parent=43474"}],"wp:term":[{"taxonomy":"category","embeddable":true,"href":"https:\/\/www.grieta.org.mx\/index.php\/wp-json\/wp\/v2\/categories?post=43474"},{"taxonomy":"post_tag","embeddable":true,"href":"https:\/\/www.grieta.org.mx\/index.php\/wp-json\/wp\/v2\/tags?post=43474"}],"curies":[{"name":"wp","href":"https:\/\/api.w.org\/{rel}","templated":true}]}}