{"id":43463,"date":"2020-01-24T20:28:43","date_gmt":"2020-01-25T02:28:43","guid":{"rendered":"http:\/\/www.grieta.org.mx\/?p=43463"},"modified":"2020-01-24T20:28:43","modified_gmt":"2020-01-25T02:28:43","slug":"miguel-lopez-vega-ambientalista-y-defensor-del-rio-metlapanapa-fue-detenido-e-ingresado-al-c5-puebla","status":"publish","type":"post","link":"https:\/\/www.grieta.org.mx\/index.php\/2020\/01\/24\/miguel-lopez-vega-ambientalista-y-defensor-del-rio-metlapanapa-fue-detenido-e-ingresado-al-c5-puebla\/","title":{"rendered":"Miguel L\u00f3pez Vega, ambientalista y defensor del R\u00edo Metlapanapa fue detenido e ingresado al C5 (Puebla)"},"content":{"rendered":"<p><a href=\"http:\/\/www.grieta.org.mx\/wp-content\/uploads\/2020\/01\/Ambientalista2.jpg\"><img loading=\"lazy\" decoding=\"async\" data-attachment-id=\"43465\" data-permalink=\"https:\/\/www.grieta.org.mx\/index.php\/2020\/01\/24\/miguel-lopez-vega-ambientalista-y-defensor-del-rio-metlapanapa-fue-detenido-e-ingresado-al-c5-puebla\/ambientalista2\/\" data-orig-file=\"https:\/\/www.grieta.org.mx\/wp-content\/uploads\/2020\/01\/Ambientalista2.jpg\" data-orig-size=\"1208,600\" data-comments-opened=\"0\" data-image-meta=\"{&quot;aperture&quot;:&quot;0&quot;,&quot;credit&quot;:&quot;&quot;,&quot;camera&quot;:&quot;&quot;,&quot;caption&quot;:&quot;&quot;,&quot;created_timestamp&quot;:&quot;0&quot;,&quot;copyright&quot;:&quot;&quot;,&quot;focal_length&quot;:&quot;0&quot;,&quot;iso&quot;:&quot;0&quot;,&quot;shutter_speed&quot;:&quot;0&quot;,&quot;title&quot;:&quot;&quot;,&quot;orientation&quot;:&quot;0&quot;}\" data-image-title=\"Ambientalista2\" data-image-description=\"\" data-image-caption=\"\" data-medium-file=\"https:\/\/www.grieta.org.mx\/wp-content\/uploads\/2020\/01\/Ambientalista2-300x149.jpg\" data-large-file=\"https:\/\/www.grieta.org.mx\/wp-content\/uploads\/2020\/01\/Ambientalista2-1024x509.jpg\" class=\"aligncenter wp-image-43465\" src=\"http:\/\/www.grieta.org.mx\/wp-content\/uploads\/2020\/01\/Ambientalista2-300x149.jpg\" alt=\"\" width=\"701\" height=\"348\" srcset=\"https:\/\/www.grieta.org.mx\/wp-content\/uploads\/2020\/01\/Ambientalista2-300x149.jpg 300w, https:\/\/www.grieta.org.mx\/wp-content\/uploads\/2020\/01\/Ambientalista2-768x381.jpg 768w, https:\/\/www.grieta.org.mx\/wp-content\/uploads\/2020\/01\/Ambientalista2-1024x509.jpg 1024w, https:\/\/www.grieta.org.mx\/wp-content\/uploads\/2020\/01\/Ambientalista2-1007x500.jpg 1007w, https:\/\/www.grieta.org.mx\/wp-content\/uploads\/2020\/01\/Ambientalista2.jpg 1208w\" sizes=\"auto, (max-width: 701px) 100vw, 701px\" \/><\/a><\/p>\n<p>Kara Castillo \/ Puntual<\/p>\n<p>El ambientalista, Miguel L\u00f3pez Vega, representante comunitario y miembro del Frente de Pueblos en Defensa de la Tierra y el Agua-Puebla, Morelos, Tlaxcala, Concejal del Consejo Nacional Ind\u00edgena (CNI) y Defensor del R\u00edo Metlapanapa fue detenido por elementos de seguridad cuando sal\u00eda de las oficinas de la Secretar\u00eda de Gobierno.<\/p>\n<p>En un comunicado, la organizaci\u00f3n Cholula Viva y Digna denunci\u00f3 que al defensor del territorio lo detuvo un veh\u00edculo oficial de la Fiscal\u00eda General del Estado (FGE) que se hizo acompa\u00f1ar de un grupo de personas armadas dentro de un veh\u00edculo negro de vidrios polarizados.<\/p>\n<p>\u201cRodearon a Miguel y al resto de sus compa\u00f1eros, preguntaron por las identificaciones, ellos negaron portar alguna, entonces preguntaron \u201c\u00bfqui\u00e9n es Miguel L\u00f3pez Vega?\u201d, y Miguel dijo: Soy yo. Mostraron un papel, diciendo que se trataba de una \u00f3rden de aprehensi\u00f3n y que ser\u00eda trasladado al C5 que cruza con Cuatlanzingo\u201d, aduce el comunicado.<\/p>\n<p>La organizaci\u00f3n detalla que Miguel y sus compa\u00f1eros sal\u00edan de las oficinas despu\u00e9s de una reuni\u00f3n con V\u00edctor Flores Baez, Director General de Gobierno, a quien acudieron para informarle que el pasado 19 de enero se realiz\u00f3 una asamblea en la que se decidi\u00f3 destituir al Presidente Auxiliar y elegir uno nuevo, recuperando sus sistemas de usos y costumbres. Entregaron a V\u00edctor Flores la notificaci\u00f3n de la asamblea por escrito y pidieron que firmara un acuse de recibido.<\/p>\n<p>La comisi\u00f3n de integrantes de la comunidad de Zacatepec se detuvo a comer algo, y al caminar frente a las oficinas de gobierno, cuando el ambientalista fue detenido.<\/p>\n<p>La organizaci\u00f3n Cholula Viva y Digna se pronunci\u00f3 y exigi\u00f3 al Gobierno del Estado de Puebla su presentaci\u00f3n y su liberaci\u00f3n inmediata.<\/p>\n<p>Con cierre de carretera exigen liberaci\u00f3n de l\u00edder<\/p>\n<p>Con cierre de la carretera federal M\u00e9xico-Puebla, habitantes de Santa Mar\u00eda Zacatepec, exigen la libertad de uno de sus l\u00edderes detenidos este viernes, el ambientalista, Miguel L\u00f3pez Vega.<\/p>\n<p>A trav\u00e9s de un sonido local, los pobladores que est\u00e1n en contra la obra, llamaron a que se sumaran para bloquear la carretera y exigir la liberaci\u00f3n de su compa\u00f1ero.<\/p>\n<p>La detenci\u00f3n de Miguel L\u00f3pez Vega, se da a una semana de que los habitantes de esta comunidad perteneciente al municipio de Juan C. Bonilla, obligar\u00e1n al retiro de la maquinaria que construye el Colector Industrial ciudad textil que se prev\u00e9 desemboque al r\u00edo Metlapanapa.<\/p>\n<p><a href=\"http:\/\/www.grieta.org.mx\/wp-content\/uploads\/2020\/01\/ambientalista.jpg\"><img loading=\"lazy\" decoding=\"async\" data-attachment-id=\"43464\" data-permalink=\"https:\/\/www.grieta.org.mx\/index.php\/2020\/01\/24\/miguel-lopez-vega-ambientalista-y-defensor-del-rio-metlapanapa-fue-detenido-e-ingresado-al-c5-puebla\/ambientalista\/\" data-orig-file=\"https:\/\/www.grieta.org.mx\/wp-content\/uploads\/2020\/01\/ambientalista.jpg\" data-orig-size=\"1208,600\" data-comments-opened=\"0\" data-image-meta=\"{&quot;aperture&quot;:&quot;0&quot;,&quot;credit&quot;:&quot;&quot;,&quot;camera&quot;:&quot;&quot;,&quot;caption&quot;:&quot;&quot;,&quot;created_timestamp&quot;:&quot;0&quot;,&quot;copyright&quot;:&quot;&quot;,&quot;focal_length&quot;:&quot;0&quot;,&quot;iso&quot;:&quot;0&quot;,&quot;shutter_speed&quot;:&quot;0&quot;,&quot;title&quot;:&quot;&quot;,&quot;orientation&quot;:&quot;0&quot;}\" data-image-title=\"ambientalista\" data-image-description=\"\" data-image-caption=\"\" data-medium-file=\"https:\/\/www.grieta.org.mx\/wp-content\/uploads\/2020\/01\/ambientalista-300x149.jpg\" data-large-file=\"https:\/\/www.grieta.org.mx\/wp-content\/uploads\/2020\/01\/ambientalista-1024x509.jpg\" class=\"aligncenter wp-image-43464\" src=\"http:\/\/www.grieta.org.mx\/wp-content\/uploads\/2020\/01\/ambientalista-300x149.jpg\" alt=\"\" width=\"800\" height=\"397\" srcset=\"https:\/\/www.grieta.org.mx\/wp-content\/uploads\/2020\/01\/ambientalista-300x149.jpg 300w, https:\/\/www.grieta.org.mx\/wp-content\/uploads\/2020\/01\/ambientalista-768x381.jpg 768w, https:\/\/www.grieta.org.mx\/wp-content\/uploads\/2020\/01\/ambientalista-1024x509.jpg 1024w, https:\/\/www.grieta.org.mx\/wp-content\/uploads\/2020\/01\/ambientalista-1007x500.jpg 1007w, https:\/\/www.grieta.org.mx\/wp-content\/uploads\/2020\/01\/ambientalista.jpg 1208w\" sizes=\"auto, (max-width: 800px) 100vw, 800px\" \/><\/a><\/p>\n<p>Con informaci\u00f3n de Kara Castillo y Carolina Galindo<\/p>\n<p><a href=\"https:\/\/www.diariopuntual.com\/ciudad\/2020\/01\/24\/35024\/miguel-l%C3%B3pez-vega-ambientalista-y-defensor-comunitario-fue-detenido-e\">https:\/\/www.diariopuntual.com\/ciudad\/2020\/01\/24\/35024\/miguel-l%C3%B3pez-vega-ambientalista-y-defensor-comunitario-fue-detenido-e<\/a><\/p>\n","protected":false},"excerpt":{"rendered":"<p>Kara Castillo \/ Puntual El ambientalista, Miguel L\u00f3pez Vega, representante comunitario y miembro del Frente de Pueblos en Defensa de la Tierra y el Agua-Puebla, Morelos, Tlaxcala, Concejal del Consejo &hellip; <a href=\"https:\/\/www.grieta.org.mx\/index.php\/2020\/01\/24\/miguel-lopez-vega-ambientalista-y-defensor-del-rio-metlapanapa-fue-detenido-e-ingresado-al-c5-puebla\/\" class=\"more-link\">Leer m\u00e1s<\/a><\/p>\n","protected":false},"author":1,"featured_media":43464,"comment_status":"closed","ping_status":"closed","sticky":false,"template":"","format":"standard","meta":{"ngg_post_thumbnail":0,"_jetpack_newsletter_access":"","_jetpack_dont_email_post_to_subs":false,"_jetpack_newsletter_tier_id":0,"_jetpack_memberships_contains_paywalled_content":false,"_jetpack_memberships_contains_paid_content":false,"footnotes":""},"categories":[80,1255,2703,3037,2,1253,26,1249,1256],"tags":[474,95,425,2947],"class_list":["post-43463","post","type-post","status-publish","format-standard","has-post-thumbnail","hentry","category-cintillo","category-contaminacion-del-agua-por-industria-en-puebla","category-defensa-de-los-recursos-naturales-en-puebla","category-lucha-por-la-autonomia-en-puebla","category-noticias-nacionales","category-privatizacion-del-agua-y-el-drenaje-en-puebla","category-puebla","category-rechazo-al-proyecto-interal-morelos-en-puebla","category-violencia-de-las-fuerzas-represivas-en-puebla","tag-autonomia","tag-cni","tag-contaminacion-agua","tag-rio-metlapanapa","entry"],"jetpack_featured_media_url":"https:\/\/www.grieta.org.mx\/wp-content\/uploads\/2020\/01\/ambientalista.jpg","jetpack_sharing_enabled":true,"jetpack_shortlink":"https:\/\/wp.me\/p7ZJR4-bj1","jetpack_likes_enabled":false,"jetpack-related-posts":[{"id":43477,"url":"https:\/\/www.grieta.org.mx\/index.php\/2020\/01\/24\/detienen-a-miguel-lopez-vega-defensor-del-rio-metlapanapa-puebla\/","url_meta":{"origin":43463,"position":0},"title":"Detienen a Miguel L\u00f3pez Vega defensor del r\u00edo Metlapanapa (Puebla)","author":"Admin","date":"24 enero, 2020","format":false,"excerpt":"El defensor del R\u00edo Metlapanapa Miguel L\u00f3pez Vega fue detenido por la polic\u00eda estatal despu\u00e9s de salir de la Secretar\u00eda de Gobernaci\u00f3n de Puebla, donde entreg\u00f3 un acta en la que su comunidad se declaraba en autogobierno y libre de partidos politicos Texto y foto: Daliri Oropeza \/ Pie de\u2026","rel":"","context":"En &quot;CINTILLO&quot;","block_context":{"text":"CINTILLO","link":"https:\/\/www.grieta.org.mx\/index.php\/category\/cintillo\/"},"img":{"alt_text":"","src":"https:\/\/i0.wp.com\/www.grieta.org.mx\/wp-content\/uploads\/2020\/01\/radio-zacatepec_daliri-oropeza-3.jpg?resize=350%2C200&ssl=1","width":350,"height":200,"srcset":"https:\/\/i0.wp.com\/www.grieta.org.mx\/wp-content\/uploads\/2020\/01\/radio-zacatepec_daliri-oropeza-3.jpg?resize=350%2C200&ssl=1 1x, https:\/\/i0.wp.com\/www.grieta.org.mx\/wp-content\/uploads\/2020\/01\/radio-zacatepec_daliri-oropeza-3.jpg?resize=525%2C300&ssl=1 1.5x, https:\/\/i0.wp.com\/www.grieta.org.mx\/wp-content\/uploads\/2020\/01\/radio-zacatepec_daliri-oropeza-3.jpg?resize=700%2C400&ssl=1 2x, https:\/\/i0.wp.com\/www.grieta.org.mx\/wp-content\/uploads\/2020\/01\/radio-zacatepec_daliri-oropeza-3.jpg?resize=1050%2C600&ssl=1 3x"},"classes":[]},{"id":43631,"url":"https:\/\/www.grieta.org.mx\/index.php\/2020\/01\/26\/ingresa-el-ambientalista-miguel-lopez-al-penal-de-san-miguel-por-considerarse-peligroso-puebla\/","url_meta":{"origin":43463,"position":1},"title":"Ingresa el ambientalista Miguel L\u00f3pez al penal de San Miguel por considerarse \u201cpeligroso\u201d (Puebla)","author":"Admin","date":"26 enero, 2020","format":false,"excerpt":"Yadira Llaven Anzure \/ La Jornada de Oriente El defensor del r\u00edo Metlapanapa y comunicador comunitario Miguel L\u00f3pez Vega ingres\u00f3 la noche de este s\u00e1bado al penal de San Miguel, acusado de los delitos de obstrucci\u00f3n a obra p\u00fablica, da\u00f1os a las v\u00edas de comunicaci\u00f3n y uso de explosivos, sin\u2026","rel":"","context":"En &quot;CINTILLO&quot;","block_context":{"text":"CINTILLO","link":"https:\/\/www.grieta.org.mx\/index.php\/category\/cintillo\/"},"img":{"alt_text":"","src":"https:\/\/i0.wp.com\/www.grieta.org.mx\/wp-content\/uploads\/2020\/01\/191105DCjuan03.jpg?resize=350%2C200&ssl=1","width":350,"height":200,"srcset":"https:\/\/i0.wp.com\/www.grieta.org.mx\/wp-content\/uploads\/2020\/01\/191105DCjuan03.jpg?resize=350%2C200&ssl=1 1x, https:\/\/i0.wp.com\/www.grieta.org.mx\/wp-content\/uploads\/2020\/01\/191105DCjuan03.jpg?resize=525%2C300&ssl=1 1.5x, https:\/\/i0.wp.com\/www.grieta.org.mx\/wp-content\/uploads\/2020\/01\/191105DCjuan03.jpg?resize=700%2C400&ssl=1 2x, https:\/\/i0.wp.com\/www.grieta.org.mx\/wp-content\/uploads\/2020\/01\/191105DCjuan03.jpg?resize=1050%2C600&ssl=1 3x"},"classes":[]},{"id":43467,"url":"https:\/\/www.grieta.org.mx\/index.php\/2020\/01\/24\/comunicado-del-cni-cig-por-la-detencion-del-companero-miguel-lopez-vega\/","url_meta":{"origin":43463,"position":2},"title":"Comunicado del CNI \u2013 CIG por la detenci\u00f3n del compa\u00f1ero Miguel L\u00f3pez Vega.","author":"Admin","date":"24 enero, 2020","format":false,"excerpt":"Al pueblo de M\u00e9xico A las Redes de Resistencia y Rebeld\u00eda A la Sexta Nacional e Internacional A los medios de comunicaci\u00f3n El Congreso Nacional Ind\u00edgena, el Concejo Ind\u00edgena de Gobierno y el Ej\u00e9rcito Zapatista de Liberaci\u00f3n Nacional, denunciamos la cobarde detenci\u00f3n de nuestro compa\u00f1ero Miguel L\u00f3pez Vega, delegado del\u2026","rel":"","context":"En &quot;CIG&quot;","block_context":{"text":"CIG","link":"https:\/\/www.grieta.org.mx\/index.php\/category\/cig\/"},"img":{"alt_text":"","src":"https:\/\/i0.wp.com\/www.grieta.org.mx\/wp-content\/uploads\/2019\/08\/cni.png?resize=350%2C200&ssl=1","width":350,"height":200},"classes":[]},{"id":43474,"url":"https:\/\/www.grieta.org.mx\/index.php\/2020\/01\/25\/comunicado-del-fpdta-por-la-libertad-de-miguel-lopez-vega-puebla\/","url_meta":{"origin":43463,"position":3},"title":"Comunicado del FPDTA por la libertad de Miguel L\u00f3pez Vega (Puebla)","author":"Admin","date":"25 enero, 2020","format":false,"excerpt":"Comunicado FPDTA 24 de enero de 2020 LIBERTAD PARA MIGUEL L\u00d3PEZ VEGA A los medios de comunicaci\u00f3n A la sociedad civil organizada Al Congreso Nacional Ind\u00edgena Al Ej\u00e9rcito Zapatista de Liberaci\u00f3n Nacional Los pueblos nahuas de las faldas del volc\u00e1n Popocat\u00e9petl manifestamos nuestra indignaci\u00f3n por el reciente encarcelamiento de nuestro\u2026","rel":"","context":"En &quot;CINTILLO&quot;","block_context":{"text":"CINTILLO","link":"https:\/\/www.grieta.org.mx\/index.php\/category\/cintillo\/"},"img":{"alt_text":"","src":"https:\/\/i0.wp.com\/www.grieta.org.mx\/wp-content\/uploads\/2020\/01\/20200125_104902_0000-1024x1024.png?resize=350%2C200&ssl=1","width":350,"height":200,"srcset":"https:\/\/i0.wp.com\/www.grieta.org.mx\/wp-content\/uploads\/2020\/01\/20200125_104902_0000-1024x1024.png?resize=350%2C200&ssl=1 1x, https:\/\/i0.wp.com\/www.grieta.org.mx\/wp-content\/uploads\/2020\/01\/20200125_104902_0000-1024x1024.png?resize=525%2C300&ssl=1 1.5x, https:\/\/i0.wp.com\/www.grieta.org.mx\/wp-content\/uploads\/2020\/01\/20200125_104902_0000-1024x1024.png?resize=700%2C400&ssl=1 2x"},"classes":[]},{"id":43923,"url":"https:\/\/www.grieta.org.mx\/index.php\/2020\/02\/04\/nos-dio-de-comer-y-bebiamos-el-agua-del-rio-metlapanapa-manuel-lopez-vega-puebla\/","url_meta":{"origin":43463,"position":4},"title":"Nos dio de comer y beb\u00edamos el agua del r\u00edo Metlapanapa: Manuel L\u00f3pez Vega (Puebla)","author":"Admin","date":"4 febrero, 2020","format":false,"excerpt":"Ya liberado, L\u00f3pez Vega insiste en la causa; los empresarios reiteran la demanda del drenaje. Norma Marcial | El Sol de Puebla Juan Cris\u00f3stomo Bonilla.- El r\u00edo Metlapanapa, no s\u00f3lo representa el coraz\u00f3n ecol\u00f3gico de Santa Mar\u00eda Zacatepec, es tambi\u00e9n un lugar de buenos recuerdos para la mayor\u00eda de los\u2026","rel":"","context":"En &quot;CINTILLO&quot;","block_context":{"text":"CINTILLO","link":"https:\/\/www.grieta.org.mx\/index.php\/category\/cintillo\/"},"img":{"alt_text":"","src":"https:\/\/i0.wp.com\/www.grieta.org.mx\/wp-content\/uploads\/2020\/02\/miguel-erik.jpg?resize=350%2C200&ssl=1","width":350,"height":200,"srcset":"https:\/\/i0.wp.com\/www.grieta.org.mx\/wp-content\/uploads\/2020\/02\/miguel-erik.jpg?resize=350%2C200&ssl=1 1x, https:\/\/i0.wp.com\/www.grieta.org.mx\/wp-content\/uploads\/2020\/02\/miguel-erik.jpg?resize=525%2C300&ssl=1 1.5x, https:\/\/i0.wp.com\/www.grieta.org.mx\/wp-content\/uploads\/2020\/02\/miguel-erik.jpg?resize=700%2C400&ssl=1 2x"},"classes":[]},{"id":40748,"url":"https:\/\/www.grieta.org.mx\/index.php\/2019\/10\/21\/huejotzingo-se-levanta-para-salvar-rio-puebla\/","url_meta":{"origin":43463,"position":5},"title":"Huejotzingo se levanta para salvar r\u00edo (Puebla)","author":"Admin","date":"21 octubre, 2019","format":false,"excerpt":"Los habitantes de los municipios del corredor industrial de Huejotzingo, Puebla pusieron un alto a las descargas industriales en el R\u00edo Metlapanapa. Acciones de resistencia que los llevaron a mantener bloqueos permanentes y la toma de uno de los ayuntamientos de las faldas del volc\u00e1n Las aguas del r\u00edo Metlapanapa,\u2026","rel":"","context":"En &quot;CINTILLO&quot;","block_context":{"text":"CINTILLO","link":"https:\/\/www.grieta.org.mx\/index.php\/category\/cintillo\/"},"img":{"alt_text":"","src":"https:\/\/i0.wp.com\/www.grieta.org.mx\/wp-content\/uploads\/2019\/11\/Captura-de-pantalla-2019-11-01-12.48.20.png?resize=350%2C200&ssl=1","width":350,"height":200,"srcset":"https:\/\/i0.wp.com\/www.grieta.org.mx\/wp-content\/uploads\/2019\/11\/Captura-de-pantalla-2019-11-01-12.48.20.png?resize=350%2C200&ssl=1 1x, https:\/\/i0.wp.com\/www.grieta.org.mx\/wp-content\/uploads\/2019\/11\/Captura-de-pantalla-2019-11-01-12.48.20.png?resize=525%2C300&ssl=1 1.5x, https:\/\/i0.wp.com\/www.grieta.org.mx\/wp-content\/uploads\/2019\/11\/Captura-de-pantalla-2019-11-01-12.48.20.png?resize=700%2C400&ssl=1 2x"},"classes":[]}],"_links":{"self":[{"href":"https:\/\/www.grieta.org.mx\/index.php\/wp-json\/wp\/v2\/posts\/43463","targetHints":{"allow":["GET"]}}],"collection":[{"href":"https:\/\/www.grieta.org.mx\/index.php\/wp-json\/wp\/v2\/posts"}],"about":[{"href":"https:\/\/www.grieta.org.mx\/index.php\/wp-json\/wp\/v2\/types\/post"}],"author":[{"embeddable":true,"href":"https:\/\/www.grieta.org.mx\/index.php\/wp-json\/wp\/v2\/users\/1"}],"replies":[{"embeddable":true,"href":"https:\/\/www.grieta.org.mx\/index.php\/wp-json\/wp\/v2\/comments?post=43463"}],"version-history":[{"count":1,"href":"https:\/\/www.grieta.org.mx\/index.php\/wp-json\/wp\/v2\/posts\/43463\/revisions"}],"predecessor-version":[{"id":43466,"href":"https:\/\/www.grieta.org.mx\/index.php\/wp-json\/wp\/v2\/posts\/43463\/revisions\/43466"}],"wp:featuredmedia":[{"embeddable":true,"href":"https:\/\/www.grieta.org.mx\/index.php\/wp-json\/wp\/v2\/media\/43464"}],"wp:attachment":[{"href":"https:\/\/www.grieta.org.mx\/index.php\/wp-json\/wp\/v2\/media?parent=43463"}],"wp:term":[{"taxonomy":"category","embeddable":true,"href":"https:\/\/www.grieta.org.mx\/index.php\/wp-json\/wp\/v2\/categories?post=43463"},{"taxonomy":"post_tag","embeddable":true,"href":"https:\/\/www.grieta.org.mx\/index.php\/wp-json\/wp\/v2\/tags?post=43463"}],"curies":[{"name":"wp","href":"https:\/\/api.w.org\/{rel}","templated":true}]}}