{"id":43394,"date":"2020-01-23T22:55:42","date_gmt":"2020-01-24T04:55:42","guid":{"rendered":"http:\/\/www.grieta.org.mx\/?p=43394"},"modified":"2020-01-23T23:03:40","modified_gmt":"2020-01-24T05:03:40","slug":"control-por-el-agua-desata-tension-en-poblado-de-ixtapaluca-estado-de-mexico","status":"publish","type":"post","link":"https:\/\/www.grieta.org.mx\/index.php\/2020\/01\/23\/control-por-el-agua-desata-tension-en-poblado-de-ixtapaluca-estado-de-mexico\/","title":{"rendered":"Control por el agua desata tensi\u00f3n en poblado de Ixtapaluca (Estado de M\u00e9xico)"},"content":{"rendered":"<p><img loading=\"lazy\" decoding=\"async\" data-attachment-id=\"43396\" data-permalink=\"https:\/\/www.grieta.org.mx\/index.php\/2020\/01\/23\/control-por-el-agua-desata-tension-en-poblado-de-ixtapaluca-estado-de-mexico\/control-por-el-agua-desata-tension-en-poblado-de-ixtapaluca-edomex-ene\/\" data-orig-file=\"https:\/\/www.grieta.org.mx\/wp-content\/uploads\/2020\/01\/Control-por-el-agua-desata-tensi\u00f3n-en-poblado-de-Ixtapaluca-edomex-ene.jpg\" data-orig-size=\"259,194\" data-comments-opened=\"0\" data-image-meta=\"{&quot;aperture&quot;:&quot;0&quot;,&quot;credit&quot;:&quot;&quot;,&quot;camera&quot;:&quot;&quot;,&quot;caption&quot;:&quot;&quot;,&quot;created_timestamp&quot;:&quot;0&quot;,&quot;copyright&quot;:&quot;&quot;,&quot;focal_length&quot;:&quot;0&quot;,&quot;iso&quot;:&quot;0&quot;,&quot;shutter_speed&quot;:&quot;0&quot;,&quot;title&quot;:&quot;&quot;,&quot;orientation&quot;:&quot;0&quot;}\" data-image-title=\"Control por el agua desata tensi\u00f3n en poblado de Ixtapaluca edomex ene\" data-image-description=\"\" data-image-caption=\"\" data-medium-file=\"https:\/\/www.grieta.org.mx\/wp-content\/uploads\/2020\/01\/Control-por-el-agua-desata-tensi\u00f3n-en-poblado-de-Ixtapaluca-edomex-ene.jpg\" data-large-file=\"https:\/\/www.grieta.org.mx\/wp-content\/uploads\/2020\/01\/Control-por-el-agua-desata-tensi\u00f3n-en-poblado-de-Ixtapaluca-edomex-ene.jpg\" class=\"aligncenter size-full wp-image-43396\" src=\"http:\/\/www.grieta.org.mx\/wp-content\/uploads\/2020\/01\/Control-por-el-agua-desata-tensi\u00f3n-en-poblado-de-Ixtapaluca-edomex-ene.jpg\" alt=\"\" width=\"259\" height=\"194\" \/><br \/>\nManuel L\u00f3pez \/ Hoy Estado<\/p>\n<blockquote><p>Habitantes del pueblo de Ayotla, en el municipio de Ixtapaluca, se congregaron en el centro de la comunidad para exigir la destituci\u00f3n del actual Comit\u00e9 de Agua Potable dirigido por Guillermo D\u00edaz Mena, quien desde hace 30 a\u00f1os ha permanecido en el poder.<\/p><\/blockquote>\n<p>De acuerdo con los inconformes desde el pasado 22 de diciembre tienen suspendido el suministro de agua, a pesar de que el cobro anual inici\u00f3 en octubre 2019, dinero que al parecer no ha sido utilizado para el mantenimiento de los pozos 1 y 2.<\/p>\n<blockquote><p>\u00abQueremos que se vaya Guillermo ya fueron muchos a\u00f1os de que nos estuvo robando, el pueblo estaba dormido pero ahora ya los vamos a sacar&#8221;<\/p><\/blockquote>\n<blockquote><p>\u00abQueremos que sea alguien del pueblo quien maneje el Comit\u00e9, porque tampoco queremos a gente externa infiltrada que nos venga a robar nuestra agua, proeque esos pozos son de nosotros, nuestros abuelos y nuestros padres rascaron y les cost\u00f3 para que tuvi\u00e9ramos el servicio\u00bb, detallaron algunos de los inconformes.<\/p><\/blockquote>\n<p>Adem\u00e1s denunciaron que a trav\u00e9s de pipas el agua de los pozos se extrae para la venta en los municipios de Chalco y Valle de Chalco, un negocio que ha beneficiado a la familia D\u00edaz durante d\u00e9cadas.<\/p>\n<p>Durante la primer asamblea de vecinos se acord\u00f3 que el pr\u00f3ximo domingo se congregar\u00e1n en la escuela Benito Ju\u00e1rez para formar una nueva planilla que destituya al comit\u00e9 actual.<\/p>\n<p><a href=\"https:\/\/www.hoyestado.com\/2020\/01\/control-por-el-agua-desata-tension-en-poblado-de-ixtapaluca\/\" target=\"_blank\" rel=\"noopener noreferrer\">https:\/\/www.hoyestado.com\/2020\/01\/control-por-el-agua-desata-tension-en-poblado-de-ixtapaluca\/<\/a><\/p>\n","protected":false},"excerpt":{"rendered":"<p>Manuel L\u00f3pez \/ Hoy Estado Habitantes del pueblo de Ayotla, en el municipio de Ixtapaluca, se congregaron en el centro de la comunidad para exigir la destituci\u00f3n del actual Comit\u00e9 &hellip; <a href=\"https:\/\/www.grieta.org.mx\/index.php\/2020\/01\/23\/control-por-el-agua-desata-tension-en-poblado-de-ixtapaluca-estado-de-mexico\/\" class=\"more-link\">Leer m\u00e1s<\/a><\/p>\n","protected":false},"author":2,"featured_media":43396,"comment_status":"closed","ping_status":"closed","sticky":false,"template":"","format":"standard","meta":{"ngg_post_thumbnail":0,"_jetpack_newsletter_access":"","_jetpack_dont_email_post_to_subs":false,"_jetpack_newsletter_tier_id":0,"_jetpack_memberships_contains_paywalled_content":false,"_jetpack_memberships_contains_paid_content":false,"footnotes":""},"categories":[80,914,3034,16,3035,2,83],"tags":[2403],"class_list":["post-43394","post","type-post","status-publish","format-standard","has-post-thumbnail","hentry","category-cintillo","category-privatizacion-del-agua","category-crisis-del-agua-en-el-estado-de-mexico","category-estado-de-mexico","category-movilizaciones-y-protestas-de-habitantes-en-el-estado-de-mexico","category-noticias-nacionales","category-temas-nacionales","tag-crisis-del-agua","entry"],"jetpack_featured_media_url":"https:\/\/www.grieta.org.mx\/wp-content\/uploads\/2020\/01\/Control-por-el-agua-desata-tensi\u00f3n-en-poblado-de-Ixtapaluca-edomex-ene.jpg","jetpack_sharing_enabled":true,"jetpack_shortlink":"https:\/\/wp.me\/p7ZJR4-bhU","jetpack_likes_enabled":false,"jetpack-related-posts":[{"id":49012,"url":"https:\/\/www.grieta.org.mx\/index.php\/2020\/05\/12\/vecinos-de-ecatepec-piden-agua-afuera-de-palacio-nacional-estado-de-mexico\/","url_meta":{"origin":43394,"position":0},"title":"Vecinos de Ecatepec piden agua afuera de Palacio Nacional (Estado de M\u00e9xico)","author":"grieta","date":"12 mayo, 2020","format":false,"excerpt":"Foto: Jos\u00e9 Antonio Garc\u00eda Jos\u00e9 Antonio Garc\u00eda \/ Excelsior Piden les sea reinstalado el suministro de agua potable a trav\u00e9s de la red hidr\u00e1ulica ya que desde hace 30 d\u00edas no hay servicio Vecinos de las colonias Florida, Alborada de Arag\u00f3n, Parques de Arag\u00f3n, Villas Cosmos y Fuentes, todas del\u2026","rel":"","context":"En &quot;CINTILLO&quot;","block_context":{"text":"CINTILLO","link":"https:\/\/www.grieta.org.mx\/index.php\/category\/cintillo\/"},"img":{"alt_text":"","src":"https:\/\/i0.wp.com\/www.grieta.org.mx\/wp-content\/uploads\/2020\/05\/Vecinos-de-Ecatepec-piden-agua-afuera-de-Palacio-Nacional-edomex-may.jpg?resize=350%2C200&ssl=1","width":350,"height":200,"srcset":"https:\/\/i0.wp.com\/www.grieta.org.mx\/wp-content\/uploads\/2020\/05\/Vecinos-de-Ecatepec-piden-agua-afuera-de-Palacio-Nacional-edomex-may.jpg?resize=350%2C200&ssl=1 1x, https:\/\/i0.wp.com\/www.grieta.org.mx\/wp-content\/uploads\/2020\/05\/Vecinos-de-Ecatepec-piden-agua-afuera-de-Palacio-Nacional-edomex-may.jpg?resize=525%2C300&ssl=1 1.5x"},"classes":[]},{"id":59695,"url":"https:\/\/www.grieta.org.mx\/index.php\/2021\/06\/03\/protestan-contra-empresa-por-extraccion-de-agua-en-soyaniquilpan-estado-de-mexico\/","url_meta":{"origin":43394,"position":1},"title":"Protestan contra empresa por extracci\u00f3n de agua en Soyaniquilpan (Estado de M\u00e9xico)","author":"grieta","date":"3 junio, 2021","format":false,"excerpt":"Foto: Cortes\u00eda \/ Vecinos Silvano Jaramillo \/ El Sol de Toluca Habitantes de este municipio aseguran que se secan los manantiales Ante la carencia de agua, habitantes del municipio de Soyaniquilpan se manifestaronfrente a la embotelladora Ni\u00e1gara Bottling, a la cual acusan de sobreexplotar los mantos acu\u00edferos al extraer m\u00e1s\u2026","rel":"","context":"En &quot;CINTILLO&quot;","block_context":{"text":"CINTILLO","link":"https:\/\/www.grieta.org.mx\/index.php\/category\/cintillo\/"},"img":{"alt_text":"","src":"https:\/\/i0.wp.com\/www.grieta.org.mx\/wp-content\/uploads\/2021\/06\/Protestan-contra-empresa-por-extraccion-de-agua-en-Soyaniquilpan-edomex-jun.jpg?resize=350%2C200&ssl=1","width":350,"height":200,"srcset":"https:\/\/i0.wp.com\/www.grieta.org.mx\/wp-content\/uploads\/2021\/06\/Protestan-contra-empresa-por-extraccion-de-agua-en-Soyaniquilpan-edomex-jun.jpg?resize=350%2C200&ssl=1 1x, https:\/\/i0.wp.com\/www.grieta.org.mx\/wp-content\/uploads\/2021\/06\/Protestan-contra-empresa-por-extraccion-de-agua-en-Soyaniquilpan-edomex-jun.jpg?resize=525%2C300&ssl=1 1.5x, https:\/\/i0.wp.com\/www.grieta.org.mx\/wp-content\/uploads\/2021\/06\/Protestan-contra-empresa-por-extraccion-de-agua-en-Soyaniquilpan-edomex-jun.jpg?resize=700%2C400&ssl=1 2x"},"classes":[]},{"id":48315,"url":"https:\/\/www.grieta.org.mx\/index.php\/2020\/04\/26\/habitantes-de-fraccionamientos-piden-agua-de-calidad-estado-de-mexico\/","url_meta":{"origin":43394,"position":2},"title":"Habitantes de fraccionamientos piden &#8220;agua de calidad&#8221; (Estado de M\u00e9xico)","author":"grieta","date":"26 abril, 2020","format":false,"excerpt":"Foto: Luis rodr\u00edguez \/ El Sol de Toluca Rodrigo Miranda \/ El Sol de Toluca Vecinos de Misiones y Villa Toscana aseguran que el l\u00edquido que actualmente reciben est\u00e1 contaminado seg\u00fan un estudio Miles de familias que habitan los fraccionamientos Misiones y Villa Toscana, ubicados frente al Parque Industrial Toluca\u2026","rel":"","context":"En &quot;CINTILLO&quot;","block_context":{"text":"CINTILLO","link":"https:\/\/www.grieta.org.mx\/index.php\/category\/cintillo\/"},"img":{"alt_text":"","src":"https:\/\/www.grieta.org.mx\/wp-content\/uploads\/2020\/04\/Habitantes-de-fraccionamientos-piden-agua-de-calidad-edomex-abr.jpe","width":350,"height":200,"srcset":"https:\/\/www.grieta.org.mx\/wp-content\/uploads\/2020\/04\/Habitantes-de-fraccionamientos-piden-agua-de-calidad-edomex-abr.jpe 1x, https:\/\/www.grieta.org.mx\/wp-content\/uploads\/2020\/04\/Habitantes-de-fraccionamientos-piden-agua-de-calidad-edomex-abr.jpe 1.5x, https:\/\/www.grieta.org.mx\/wp-content\/uploads\/2020\/04\/Habitantes-de-fraccionamientos-piden-agua-de-calidad-edomex-abr.jpe 2x"},"classes":[]},{"id":71884,"url":"https:\/\/www.grieta.org.mx\/index.php\/2025\/07\/02\/bloquean-avenida-penon-crecen-protesta-de-pacientes-en-ixtapaluca-y-chimalhuacan-estado-de-mexico\/","url_meta":{"origin":43394,"position":3},"title":"Bloquean avenida Pe\u00f1\u00f3n; crecen protesta de pacientes en Ixtapaluca y Chimalhuac\u00e1n (Estado de M\u00e9xico)","author":"grieta","date":"2 julio, 2025","format":false,"excerpt":"Daniel Casta\u00f1os \/ Quadrat\u00edn EMX CHIMALHUAC\u00c1N, Edomex., 1 de julio. \u2013 Pasado el mediod\u00eda de este martes, pacientes y familiares del\u00a0Hospital General de Chimalhuac\u00e1n\u00a0se manifestaron en la avenida Pe\u00f1\u00f3n, esto debido a la suspensi\u00f3n de los tratamientos de enfermos con problemas renales. Este hecho se suma a la manifestaci\u00f3n en\u2026","rel":"","context":"En &quot;CINTILLO&quot;","block_context":{"text":"CINTILLO","link":"https:\/\/www.grieta.org.mx\/index.php\/category\/cintillo\/"},"img":{"alt_text":"","src":"https:\/\/i0.wp.com\/www.grieta.org.mx\/wp-content\/uploads\/2025\/07\/Bloquean-avenida-Penon-crecen-protesta-de-pacientes-en-Ixtapaluca.jpg?resize=350%2C200&ssl=1","width":350,"height":200,"srcset":"https:\/\/i0.wp.com\/www.grieta.org.mx\/wp-content\/uploads\/2025\/07\/Bloquean-avenida-Penon-crecen-protesta-de-pacientes-en-Ixtapaluca.jpg?resize=350%2C200&ssl=1 1x, https:\/\/i0.wp.com\/www.grieta.org.mx\/wp-content\/uploads\/2025\/07\/Bloquean-avenida-Penon-crecen-protesta-de-pacientes-en-Ixtapaluca.jpg?resize=525%2C300&ssl=1 1.5x, https:\/\/i0.wp.com\/www.grieta.org.mx\/wp-content\/uploads\/2025\/07\/Bloquean-avenida-Penon-crecen-protesta-de-pacientes-en-Ixtapaluca.jpg?resize=700%2C400&ssl=1 2x, https:\/\/i0.wp.com\/www.grieta.org.mx\/wp-content\/uploads\/2025\/07\/Bloquean-avenida-Penon-crecen-protesta-de-pacientes-en-Ixtapaluca.jpg?resize=1050%2C600&ssl=1 3x"},"classes":[]},{"id":56525,"url":"https:\/\/www.grieta.org.mx\/index.php\/2021\/01\/23\/san-jose-chalmita-la-comunidad-marginada-a-la-que-la-cfe-le-quito-el-agua-estado-de-mexico\/","url_meta":{"origin":43394,"position":4},"title":"San Jos\u00e9 Chalmita, la comunidad marginada a la que la CFE le quit\u00f3 el agua (Estado de M\u00e9xico)","author":"grieta","date":"23 enero, 2021","format":false,"excerpt":"V\u00edctor Castillo \/ ADNoticias Dos tambos de 220 litros guardan el agua que deber\u00e1n administrar por una semana una de las familias afectadas Frente a la iglesia de San Jos\u00e9 Chalmita vive \u00c1ngela Arias de 87 a\u00f1os junto a media docena de ni\u00f1os, nietos y bisnietos todos, ellos al igual\u2026","rel":"","context":"En &quot;CINTILLO&quot;","block_context":{"text":"CINTILLO","link":"https:\/\/www.grieta.org.mx\/index.php\/category\/cintillo\/"},"img":{"alt_text":"","src":"https:\/\/i0.wp.com\/www.grieta.org.mx\/wp-content\/uploads\/2021\/01\/San-Jose-Chalmita-la-comunidad-marginada-a-la-que-la-CFE-le-quito-el-agua-edomex-ene.jpg?resize=350%2C200&ssl=1","width":350,"height":200,"srcset":"https:\/\/i0.wp.com\/www.grieta.org.mx\/wp-content\/uploads\/2021\/01\/San-Jose-Chalmita-la-comunidad-marginada-a-la-que-la-CFE-le-quito-el-agua-edomex-ene.jpg?resize=350%2C200&ssl=1 1x, https:\/\/i0.wp.com\/www.grieta.org.mx\/wp-content\/uploads\/2021\/01\/San-Jose-Chalmita-la-comunidad-marginada-a-la-que-la-CFE-le-quito-el-agua-edomex-ene.jpg?resize=525%2C300&ssl=1 1.5x, https:\/\/i0.wp.com\/www.grieta.org.mx\/wp-content\/uploads\/2021\/01\/San-Jose-Chalmita-la-comunidad-marginada-a-la-que-la-CFE-le-quito-el-agua-edomex-ene.jpg?resize=700%2C400&ssl=1 2x, https:\/\/i0.wp.com\/www.grieta.org.mx\/wp-content\/uploads\/2021\/01\/San-Jose-Chalmita-la-comunidad-marginada-a-la-que-la-CFE-le-quito-el-agua-edomex-ene.jpg?resize=1050%2C600&ssl=1 3x"},"classes":[]},{"id":56529,"url":"https:\/\/www.grieta.org.mx\/index.php\/2021\/01\/22\/san-jose-chalmita-la-comunidad-marginada-a-la-que-la-cfe-le-quito-el-agua-parte-dos-estado-de-mexico\/","url_meta":{"origin":43394,"position":5},"title":"San Jos\u00e9 Chalmita, la comunidad marginada a la que la CFE le quit\u00f3 el agua. Parte dos (Estado de M\u00e9xico)","author":"grieta","date":"22 enero, 2021","format":false,"excerpt":"Imagen tomada de: ADNoticias V\u00edctor Castillo \/ ADNoticias La octava regidora de Tenancingo facilit\u00f3 a algunos pobladores de San Jos\u00e9 Chalmita tinacos con subsidio, sin embargo, esta comunidad carece de agua desde hace m\u00e1s de 6 meses San Jos\u00e9 Chalmita es una comunidad perteneciente al municipio de Tenancingo que se\u2026","rel":"","context":"En &quot;CINTILLO&quot;","block_context":{"text":"CINTILLO","link":"https:\/\/www.grieta.org.mx\/index.php\/category\/cintillo\/"},"img":{"alt_text":"","src":"https:\/\/i0.wp.com\/www.grieta.org.mx\/wp-content\/uploads\/2021\/01\/San-Jose-Chalmita-la-comunidad-marginada-a-la-que-la-CFE-le-quito-el-agua-2-edomex-ene.jpeg?resize=350%2C200&ssl=1","width":350,"height":200,"srcset":"https:\/\/i0.wp.com\/www.grieta.org.mx\/wp-content\/uploads\/2021\/01\/San-Jose-Chalmita-la-comunidad-marginada-a-la-que-la-CFE-le-quito-el-agua-2-edomex-ene.jpeg?resize=350%2C200&ssl=1 1x, https:\/\/i0.wp.com\/www.grieta.org.mx\/wp-content\/uploads\/2021\/01\/San-Jose-Chalmita-la-comunidad-marginada-a-la-que-la-CFE-le-quito-el-agua-2-edomex-ene.jpeg?resize=525%2C300&ssl=1 1.5x, https:\/\/i0.wp.com\/www.grieta.org.mx\/wp-content\/uploads\/2021\/01\/San-Jose-Chalmita-la-comunidad-marginada-a-la-que-la-CFE-le-quito-el-agua-2-edomex-ene.jpeg?resize=700%2C400&ssl=1 2x, https:\/\/i0.wp.com\/www.grieta.org.mx\/wp-content\/uploads\/2021\/01\/San-Jose-Chalmita-la-comunidad-marginada-a-la-que-la-CFE-le-quito-el-agua-2-edomex-ene.jpeg?resize=1050%2C600&ssl=1 3x"},"classes":[]}],"_links":{"self":[{"href":"https:\/\/www.grieta.org.mx\/index.php\/wp-json\/wp\/v2\/posts\/43394","targetHints":{"allow":["GET"]}}],"collection":[{"href":"https:\/\/www.grieta.org.mx\/index.php\/wp-json\/wp\/v2\/posts"}],"about":[{"href":"https:\/\/www.grieta.org.mx\/index.php\/wp-json\/wp\/v2\/types\/post"}],"author":[{"embeddable":true,"href":"https:\/\/www.grieta.org.mx\/index.php\/wp-json\/wp\/v2\/users\/2"}],"replies":[{"embeddable":true,"href":"https:\/\/www.grieta.org.mx\/index.php\/wp-json\/wp\/v2\/comments?post=43394"}],"version-history":[{"count":1,"href":"https:\/\/www.grieta.org.mx\/index.php\/wp-json\/wp\/v2\/posts\/43394\/revisions"}],"predecessor-version":[{"id":43397,"href":"https:\/\/www.grieta.org.mx\/index.php\/wp-json\/wp\/v2\/posts\/43394\/revisions\/43397"}],"wp:featuredmedia":[{"embeddable":true,"href":"https:\/\/www.grieta.org.mx\/index.php\/wp-json\/wp\/v2\/media\/43396"}],"wp:attachment":[{"href":"https:\/\/www.grieta.org.mx\/index.php\/wp-json\/wp\/v2\/media?parent=43394"}],"wp:term":[{"taxonomy":"category","embeddable":true,"href":"https:\/\/www.grieta.org.mx\/index.php\/wp-json\/wp\/v2\/categories?post=43394"},{"taxonomy":"post_tag","embeddable":true,"href":"https:\/\/www.grieta.org.mx\/index.php\/wp-json\/wp\/v2\/tags?post=43394"}],"curies":[{"name":"wp","href":"https:\/\/api.w.org\/{rel}","templated":true}]}}